{"id":151329,"date":"2020-07-25T13:30:24","date_gmt":"2020-07-25T11:30:24","guid":{"rendered":"https:\/\/www.radiopiu.net\/wordpress\/?p=151329"},"modified":"2020-07-25T13:30:24","modified_gmt":"2020-07-25T11:30:24","slug":"stati-generali-montagna-de-menech-rendere-strutturali-le-risorse","status":"publish","type":"post","link":"https:\/\/www.radiopiu.net\/wordpress\/stati-generali-montagna-de-menech-rendere-strutturali-le-risorse\/","title":{"rendered":"STATI GENERALI MONTAGNA, DE MENECH &#8220;RENDERE STRUTTURALI LE RISORSE&#8221;"},"content":{"rendered":"<blockquote><p><em><span>A Roccaraso il deputato bellunese propone di coordinare tutte le misure ordinarie e straordinarie per la riduzione del differenziale montagna<\/span><\/em><\/p><\/blockquote>\n<p><span>\u00a0<\/span><\/p>\n<p><span><strong> <a class=\"dt-pswp-item\" href=\"https:\/\/www.radiopiu.net\/wordpress\/wp-content\/uploads\/2020\/07\/Angelo-Borrelli-Protezione-civile-Roger-De-Menech.jpeg\" data-dt-img-description=\"\" data-large_image_width=\"1599\" data-large_image_height=\"899\"><img loading=\"lazy\" decoding=\"async\" class=\"size-medium wp-image-151330 alignleft\" src=\"https:\/\/www.radiopiu.net\/wordpress\/wp-content\/uploads\/2020\/07\/Angelo-Borrelli-Protezione-civile-Roger-De-Menech-300x169.jpeg\" alt=\"\" width=\"300\" height=\"169\" srcset=\"https:\/\/www.radiopiu.net\/wordpress\/wp-content\/uploads\/2020\/07\/Angelo-Borrelli-Protezione-civile-Roger-De-Menech-300x169.jpeg 300w, https:\/\/www.radiopiu.net\/wordpress\/wp-content\/uploads\/2020\/07\/Angelo-Borrelli-Protezione-civile-Roger-De-Menech-1024x576.jpeg 1024w, https:\/\/www.radiopiu.net\/wordpress\/wp-content\/uploads\/2020\/07\/Angelo-Borrelli-Protezione-civile-Roger-De-Menech-768x432.jpeg 768w, https:\/\/www.radiopiu.net\/wordpress\/wp-content\/uploads\/2020\/07\/Angelo-Borrelli-Protezione-civile-Roger-De-Menech-1536x864.jpeg 1536w, https:\/\/www.radiopiu.net\/wordpress\/wp-content\/uploads\/2020\/07\/Angelo-Borrelli-Protezione-civile-Roger-De-Menech.jpeg 1599w\" sizes=\"auto, (max-width: 300px) 100vw, 300px\" \/><\/a>ROCCARASO<\/strong> <\/span><em>\u00abStabilizzare nel tempo le risorse per la montagna e pensare a una normativa comune che permetta di pensare all\u2019utilizzo coordinato delle azioni\u00bb.<\/em> La proposta del deputato bellunese Roger De Menech sul palco degli Stati Generali della Montagna <em>\u00abAbbiamo ormai un\u2019esperienza consolidata e un\u2019abbondante quantit\u00e0 di dati che indicano tendenze e misurano l\u2019efficacia degli strumenti\u00bb, afferma De Menech. \u00abRestano sul tappeto numerosi problemi, primo tra tutti lo spopolamento da cui originano tutti gli altri. Le azioni hanno frenato l\u2019abbandono della montagna, ma non lo hanno arrestato. Con le persone se ne vanno le scuole, i piccoli commercianti chiudono, faticano a nascere nuove imprese, si creano nuove fratture tra zone alte e fondovalle\u00bb. <\/em>Nel Bellunese \u00e8 evidente, ad esempio, la dinamicit\u00e0 della Valbelluna mentre le altre aree della Provincia faticano.<em> \u00abPossiamo affrontare questi fenomeni presenti un po\u2019 ovunque in Italia sulle Alpi, sugli Appennini e nelle isole in due modi complementari. Il principio ribadito dal ministro Francesco Boccia che i diritti universali non sono negoziabili e quindi salute e istruzione devono essere garantiti sempre e ovunque, \u00e8 un cardine importante. Perch\u00e9 per offrire quei servizi nelle aree interne e lontane dai centri urbani servono investimenti pubblici per la connettivit\u00e0, vie di comunicazione veloci e sicure e, aggiungo, molta creativit\u00e0 per riconfigurare i servizi. In parte si sta facendo, dalla fin del prossimo anno, tutti i comuni bellunesi saranno connessi con la banda larga. In altri settori c\u2019\u00e8 ancora molto da fare\u00bb. \u00abL\u2019altro pezzo importante \u00e8 l\u2019insieme di risorse messe a disposizione dei territori con misure straordinarie, come i Fondi di Confine, i Fondi Letta, quelli per le aree interne. La nostra priorit\u00e0 al momento \u00e8 capire come stabilizzare nel tempo questi provvedimenti, come renderli strutturali e non pi\u00f9 straordinari, dipendenti da questa o quella maggioranza parlamentare, dagli algoritmi del bilancio annuale. La seconda cosa da fare \u00e8 mettere insieme i fondi perequativi con gli strumenti strutturali, i proventi dei Canoni idrici, i fondi europei distribuiti attraverso i GAL, le risorse della Fondazione Cariverona e quelle del Consorzio Bim. Solo cos\u00ec potremo dare maggiore forza agli interventi, avere delle masse critiche di risorse che ci consentiranno di lavorare su obiettivi di lungo periodo e soprattutto capaci di rendere attrattiva la montagna. \u00c8 un lavoro a cui vanno chiamati a partecipare oltre agli amministratori locali, tutti gli attori del territorio, rappresentanti di categoria, parti sociali, enti ed istituzioni. \u00c8 la prova di maturit\u00e0 della nostra classe dirigente\u00bb.<\/em><\/p>\n","protected":false},"excerpt":{"rendered":"<p>A Roccaraso il deputato bellunese propone di coordinare tutte le misure ordinarie e straordinarie per la riduzione del differenziale montagna \u00a0 ROCCARASO \u00abStabilizzare nel tempo le risorse per la montagna e pensare a una normativa comune che permetta di pensare all\u2019utilizzo coordinato delle azioni\u00bb. La proposta del deputato bellunese Roger De Menech sul palco degli&hellip;<\/p>\n","protected":false},"author":1,"featured_media":151330,"comment_status":"closed","ping_status":"closed","sticky":false,"template":"","format":"standard","meta":{"_monsterinsights_skip_tracking":false,"_monsterinsights_sitenote_active":false,"_monsterinsights_sitenote_note":"","_monsterinsights_sitenote_category":0,"footnotes":""},"categories":[49],"tags":[],"class_list":["post-151329","post","type-post","status-publish","format-standard","has-post-thumbnail","hentry","category-news-18","category-49","description-off"],"img_url":"https:\/\/www.radiopiu.net\/wordpress\/wp-content\/uploads\/2020\/07\/Angelo-Borrelli-Protezione-civile-Roger-De-Menech.jpeg","_links":{"self":[{"href":"https:\/\/www.radiopiu.net\/wordpress\/wp-json\/wp\/v2\/posts\/151329","targetHints":{"allow":["GET"]}}],"collection":[{"href":"https:\/\/www.radiopiu.net\/wordpress\/wp-json\/wp\/v2\/posts"}],"about":[{"href":"https:\/\/www.radiopiu.net\/wordpress\/wp-json\/wp\/v2\/types\/post"}],"author":[{"embeddable":true,"href":"https:\/\/www.radiopiu.net\/wordpress\/wp-json\/wp\/v2\/users\/1"}],"replies":[{"embeddable":true,"href":"https:\/\/www.radiopiu.net\/wordpress\/wp-json\/wp\/v2\/comments?post=151329"}],"version-history":[{"count":0,"href":"https:\/\/www.radiopiu.net\/wordpress\/wp-json\/wp\/v2\/posts\/151329\/revisions"}],"wp:featuredmedia":[{"embeddable":true,"href":"https:\/\/www.radiopiu.net\/wordpress\/wp-json\/wp\/v2\/media\/151330"}],"wp:attachment":[{"href":"https:\/\/www.radiopiu.net\/wordpress\/wp-json\/wp\/v2\/media?parent=151329"}],"wp:term":[{"taxonomy":"category","embeddable":true,"href":"https:\/\/www.radiopiu.net\/wordpress\/wp-json\/wp\/v2\/categories?post=151329"},{"taxonomy":"post_tag","embeddable":true,"href":"https:\/\/www.radiopiu.net\/wordpress\/wp-json\/wp\/v2\/tags?post=151329"}],"curies":[{"name":"wp","href":"https:\/\/api.w.org\/{rel}","templated":true}]}}