{"id":151343,"date":"2020-07-26T06:52:14","date_gmt":"2020-07-26T04:52:14","guid":{"rendered":"https:\/\/www.radiopiu.net\/wordpress\/?p=151343"},"modified":"2020-07-26T07:07:58","modified_gmt":"2020-07-26T05:07:58","slug":"giornale-radiopiu-26-luglio-2020-direttore-mirko-mezzacasa","status":"publish","type":"post","link":"https:\/\/www.radiopiu.net\/wordpress\/giornale-radiopiu-26-luglio-2020-direttore-mirko-mezzacasa\/","title":{"rendered":"GIORNALE RADIOPIU 26 LUGLIO 2020 DIRETTORE MIRKO MEZZACASA"},"content":{"rendered":"<h3><strong><a class=\"dt-pswp-item\" href=\"https:\/\/www.radiopiu.net\/wordpress\/wp-content\/uploads\/2020\/07\/d3e30e4d-4791-4084-a25a-e9e238e9233b.jpg\" data-dt-img-description=\"\" data-large_image_width=\"720\" data-large_image_height=\"960\"><img loading=\"lazy\" decoding=\"async\" class=\"size-medium wp-image-151324 alignleft\" src=\"https:\/\/www.radiopiu.net\/wordpress\/wp-content\/uploads\/2020\/07\/d3e30e4d-4791-4084-a25a-e9e238e9233b-225x300.jpg\" alt=\"\" width=\"225\" height=\"300\" srcset=\"https:\/\/www.radiopiu.net\/wordpress\/wp-content\/uploads\/2020\/07\/d3e30e4d-4791-4084-a25a-e9e238e9233b-225x300.jpg 225w, https:\/\/www.radiopiu.net\/wordpress\/wp-content\/uploads\/2020\/07\/d3e30e4d-4791-4084-a25a-e9e238e9233b.jpg 720w\" sizes=\"auto, (max-width: 225px) 100vw, 225px\" \/><\/a>PER RICEVERE QUESTO NOTIZIARIO DIRETTAMENTE SUL TUO CELLULARE ISCRIVITI AL CANALE TELEGRAM\u00a0<\/strong><strong>\u201cRADIO PIU\u00a0 INFORMAZIONE<\/strong><\/h3>\n<p><em>ATTENZIONE: LA NUOVA APP PER IOS-IPHONE<\/em><\/p>\n<div>\n<div><a href=\"https:\/\/apps.apple.com\/it\/app\/radio-pi%C3%B9-emittente-agordina\/id1515939845\">https:\/\/apps.apple.com\/it\/app\/radio-pi%C3%B9-emittente-agordina\/id1515939845<\/a><\/div>\n<\/div>\n<div><\/div>\n<div>\n<div dir=\"auto\"><em>ATTENZIONE: LA NUOVA APP RADIO\u00a0 PER ANDROID<\/em><\/div>\n<\/div>\n<p><a href=\"https:\/\/play.google.com\/store\/apps\/details?id=net.radiopiu.iniko\" target=\"_blank\" rel=\"noopener noreferrer\">https:\/\/play.google.com\/store\/apps\/details?id=net.radiopiu.iniko\u00a0\u00a0<\/a><\/p>\n<p>&nbsp;<\/p>\n<h3>IL VIDEO DEL GIORNO, DI DIEGO RIVA<br \/>\n<strong>Ieri il lupo sul Migognon alle 7.45 del mattino<\/strong><\/h3>\n<div style=\"width: 816px;\" class=\"wp-video\"><video class=\"wp-video-shortcode\" id=\"video-151343-1\" width=\"816\" height=\"480\" preload=\"metadata\" controls=\"controls\"><source type=\"video\/mp4\" src=\"https:\/\/www.radiopiu.net\/wordpress\/wp-content\/uploads\/2020\/07\/WhatsApp-Video-2020-07-25-at-10.47.20.mp4?_=1\" \/><a href=\"https:\/\/www.radiopiu.net\/wordpress\/wp-content\/uploads\/2020\/07\/WhatsApp-Video-2020-07-25-at-10.47.20.mp4\">https:\/\/www.radiopiu.net\/wordpress\/wp-content\/uploads\/2020\/07\/WhatsApp-Video-2020-07-25-at-10.47.20.mp4<\/a><\/video><\/div>\n<p>&nbsp;<\/p>\n<hr \/>\n<p>&nbsp;<\/p>\n<div class=\"page-title-head hgroup\">\n<blockquote>\n<h3 class=\"entry-title\">STRADA DEL MIS: CHIUSA ANCHE DOMANI MARTEDI E MERCOLEDI<\/h3>\n<\/blockquote>\n<\/div>\n<p class=\"page-title-breadcrumbs\"><strong><img loading=\"lazy\" decoding=\"async\" class=\"alignleft jetpack-lazy-image jetpack-lazy-image--handled\" src=\"https:\/\/i0.wp.com\/www.radiopiu.net\/wordpress\/wp-content\/uploads\/2020\/07\/Chiesa_Tiser.jpg?resize=228%2C171&amp;ssl=1\" width=\"108\" height=\"81\" data-recalc-dims=\"1\" data-lazy-loaded=\"1\" \/>GOSALDO<\/strong> Dalle 8 di\u00a0 domani\u00a0 e fino a mercoledi chiusura della provinciale 2 della Valle del Mis in localit\u00e0 Tiser per lavori alla rete idrica, la strada chiuder\u00e0 quattro ore al mattino dalle 8 alle 12 a altrettanto il pomeriggio dopo la pausa pranzo dalle 13 alle 17. Nei rimanenti periodi prestare attenzione al senso unico alternato regolato da semaforo<\/p>\n<div class=\"page-title-head hgroup\">\n<blockquote>\n<h3 class=\"entry-title\">203 AGORDINA LOCALIT\u00c0 LE CAMPE DA MARTEDI 4 GIORNI DI DISAGI<\/h3>\n<\/blockquote>\n<\/div>\n<div class=\"page-title-breadcrumbs\"><strong class=\"photoswipe-wrapper\"><img loading=\"lazy\" decoding=\"async\" class=\" wp-image-151069 alignleft jetpack-lazy-image jetpack-lazy-image--handled\" src=\"https:\/\/i0.wp.com\/www.radiopiu.net\/wordpress\/wp-content\/uploads\/2020\/07\/24e773cb-9801-4018-b0ce-06d537c877e8.jpg?resize=300%2C225&amp;ssl=1\" sizes=\"auto, (max-width: 300px) 100vw, 300px\" srcset=\"https:\/\/i0.wp.com\/www.radiopiu.net\/wordpress\/wp-content\/uploads\/2020\/07\/24e773cb-9801-4018-b0ce-06d537c877e8.jpg?resize=300%2C225&amp;ssl=1 300w, https:\/\/i0.wp.com\/www.radiopiu.net\/wordpress\/wp-content\/uploads\/2020\/07\/24e773cb-9801-4018-b0ce-06d537c877e8.jpg?resize=1024%2C767&amp;ssl=1 1024w, https:\/\/i0.wp.com\/www.radiopiu.net\/wordpress\/wp-content\/uploads\/2020\/07\/24e773cb-9801-4018-b0ce-06d537c877e8.jpg?resize=768%2C575&amp;ssl=1 768w, https:\/\/i0.wp.com\/www.radiopiu.net\/wordpress\/wp-content\/uploads\/2020\/07\/24e773cb-9801-4018-b0ce-06d537c877e8.jpg?resize=1536%2C1150&amp;ssl=1 1536w, https:\/\/i0.wp.com\/www.radiopiu.net\/wordpress\/wp-content\/uploads\/2020\/07\/24e773cb-9801-4018-b0ce-06d537c877e8.jpg?w=1600&amp;ssl=1 1600w\" alt=\"\" width=\"102\" height=\"77\" data-recalc-dims=\"1\" data-lazy-loaded=\"1\" \/>LA VALLE<\/strong> Da martedi a venerdi per collegamento della cabina elettrica E Distribuzione lungo la regionale 203 agordina lo localit\u00e0 Le Campe: dalle 8 alle 9 e dalle 16.30 alle 17.30 senso unico alternato regolato ESCLUSIVAMENTE\u00a0 da movieri. Dalle 9 alle 16.30 senso unico alternato regolato da semaforo o movieri in funzione ad esigenze di cantiere<\/div>\n<blockquote>\n<h3 class=\"page-title-breadcrumbs\">DUE SEMAFORI PER IL FEDAIA, CHIUDE\u00a0 LA STRADA PER ZOPPE&#8217;<\/h3>\n<\/blockquote>\n<p><strong><img loading=\"lazy\" decoding=\"async\" class=\"alignleft\" src=\"https:\/\/www.radiopiu.net\/wordpress\/wp-content\/uploads\/2020\/05\/VENETO-STRADE-300x300.png\" width=\"103\" height=\"103\" \/>BELLUNO<\/strong> Veneto Strade comunica la chiusura per due giorni della strada di <strong>Zopp\u00e8<\/strong> in prossimit\u00e0 del centro del paese. La chiusura totale \u00e8 prevista per domani de martedi . <strong>Lungo la 641<\/strong> di passo fedaia,\u00a0 fino\u00a0 al 7 agosto senso unico alternato con semaforo anche nei giorni festivi e prefestivi a CAPANNA BILL e a COL DI ROCCA. <strong>TAIBON<\/strong> chiusura della strada comunale della Valle di San lucano tra Scalette e Mezzavalle (area pic nic) dalle 8 alle 12.15 e dalle 13.15 alle 17.30\u00a0 domani\u00a0 martedi e mercoledi\u00a0 luglio. Sono previste finestre di apertura al traffico di 15 minuti ogni 75 minuti<\/p>\n<p>&nbsp;<\/p>\n<hr \/>\n<p>&nbsp;<\/p>\n<blockquote><p><img loading=\"lazy\" decoding=\"async\" class=\"alignleft\" src=\"https:\/\/www.radiopiu.net\/wordpress\/wp-content\/uploads\/2018\/08\/ACQUA.jpeg\" width=\"244\" height=\"146\" \/><\/p>\n<p><strong>SAN TOMASO<\/strong> Gestione Servizi Pubblici informa che a SAN TOMASO AGORDINO nelle LOCALITA&#8217; ROI E COSTA l&#8217;acqua erogata dall&#8217;acquedotto non \u00e8 potabile e non pu\u00f2 essere usata per scopi alimentari. Verr\u00e0 effettuato servizio sostitutivo con autobotte. GSP ha, comunque, gi\u00e0 adottato necessari interventi di pulizia e disinfezione della rete.<\/p>\n<p><strong>CENCENIGHE<\/strong>\u00a0 \u00a0acqua inquinata nelle LOCALITA&#8217; PRA&#8217; DI MEZZO, VARE BASSE, FAE&#8217; e LUXOTTICA,<\/p><\/blockquote>\n<p>&nbsp;<\/p>\n<p>&nbsp;<\/p>\n<p>&nbsp;<\/p>\n<hr \/>\n<p>&nbsp;<\/p>\n<blockquote>\n<div class=\"page-title-head hgroup\">\n<h1 class=\"entry-title\">NELLE GALLERIE DEL LAGAZUOI, BIMBO DI 6 ANNI FERITO ALLA TESTA DA UNA SASSO E VISITATO ALL\u2019OSPEDALE DI AGORDO. CADE SBATTE IL GOMITO E LA TESTA, DONNA TRIESTINA IN OSPEDALE A BELLUNO<\/h1>\n<\/div>\n<div class=\"page-title-breadcrumbs\"><\/div>\n<\/blockquote>\n<p><strong><a class=\"dt-pswp-item\" href=\"https:\/\/www.radiopiu.net\/wordpress\/wp-content\/uploads\/2020\/07\/054c0e6c-e86d-4e38-882e-597f5e85ab03.jpg\" data-dt-img-description=\"\" data-large_image_width=\"1024\" data-large_image_height=\"680\"><img loading=\"lazy\" decoding=\"async\" class=\"size-medium wp-image-151345 alignleft\" src=\"https:\/\/www.radiopiu.net\/wordpress\/wp-content\/uploads\/2020\/07\/054c0e6c-e86d-4e38-882e-597f5e85ab03-300x199.jpg\" alt=\"\" width=\"300\" height=\"199\" srcset=\"https:\/\/www.radiopiu.net\/wordpress\/wp-content\/uploads\/2020\/07\/054c0e6c-e86d-4e38-882e-597f5e85ab03-300x199.jpg 300w, https:\/\/www.radiopiu.net\/wordpress\/wp-content\/uploads\/2020\/07\/054c0e6c-e86d-4e38-882e-597f5e85ab03-768x510.jpg 768w, https:\/\/www.radiopiu.net\/wordpress\/wp-content\/uploads\/2020\/07\/054c0e6c-e86d-4e38-882e-597f5e85ab03.jpg 1024w\" sizes=\"auto, (max-width: 300px) 100vw, 300px\" \/><\/a>BELLUNO\u00a0<\/strong>Infortunio nella zona delle Cascate di Fanes, a seguito della chiamata di una turista francese. Dal momento che la comunicazione si interrompeva e non c&#8217;erano abbastanza informazioni, una squadra del Soccorso alpino e del Sagf di Cortina si \u00e8 quindi avvicinata in fuoristrada per poi appurare che si trattava di due escursioniste trentenni provenienti dalla Francia che, salite senza imbrago e attrezzatura adeguata sulla Ferrata Giovanni Barbara, erano rimaste bloccate in un tratto pi\u00f9 impegnativo. I soccorritori hanno quindi raggiunto le due ragazze, che erano illese, le hanno assicurate e riportate sul sentiero.<\/p>\n<p><strong>CORTINA <\/strong>Malore a Campo Croce, Val Salata, sempre a Cortina, per un uomo di 82 anni di Bologna che si era sentoto male. Sbarcati equipe medica e tecnico di elisoccorso, all&#8217;anziano sono state prestate le prime cure. Imbarcato sull&#8217;eliambulanza atterrata nelle vicinanze, l&#8217;escursionista \u00e8 stato portato a Belluno. Una squadra del Soccorso alpino e del Sagf di Cortina \u00e8 invece intervenuta sul Piccolo Lagazuoi dove, scalando la Via Cengia Martini, una quarantottenne di Forl\u00ec (FC) si era procurata un sospetto trauma alla caviglia. Calata alla base della parete dal compagno di cordata, la donna e stata presa in carico dai soccorritori e accompagnata al Codivilla.<\/p>\n<p><strong>VAL DI ZOLDO <\/strong>Escursionista colto da malore. L&#8217;uomo, 43 anni, di Vicenza, \u00e8 stato assistito dal personale medico per poi essere caricato a bordo con un verricello. L&#8217;elicottero \u00e8 quindo partito in direzione del San Martino. Alle 14.20 circa in aiuto di un bambino ferito alla testa da un sasso caduto fuori dalle Gallerie del Lagazuoi, si sono mossi il Soccorso alpino e il Sagf di Cortina. I soccorritori hanno raggiunto il piccolo, 6 anni, di Quarto d&#8217;Altino (VE), e hanno accompagnato lui \u00e8 i genitori fino al Passo, da dove la famiglia si \u00e8 recata autonomamente all&#8217;ospedale di Agordo.<\/p>\n<p><strong>PASSO TRE CROCI<\/strong> Un&#8217;escursionista cade\u00a0 sbattendo il gomito e riportando ferite alla testa. Raggiunta dal personale medico dell&#8217;equipaggio, alla donna, 57 anni di Trieste, sono state prestate le prime cure. Imbarcata con un verricello dal tecnico di elisoccorso, l&#8217;infortunata \u00e8 stata poi trasportata all&#8217;ospedale di Belluno.<\/p>\n<p><strong>DANTA DI CADORE<\/strong> Rientrato l&#8217;allarme per un anziano allontanatosi dallo Chalet delle fate sul Lago Cestella a Danta di Cadore, senza pi\u00f9 fare notizie di s\u00e9. La famiglia dell&#8217;uomo, 85 anni, di Spinea (VE), dopo averlo a lungo cercato, passate le 19 ne aveva segnalato la sparizione, facendo muovere la macchina delle ricerche con il Soccorso alpino della Val Comelico e i Vigili del Fuoco. Poco dopo l&#8217;anziano \u00e8 stato ritrovato ad Auronzo di Cadore da alcune persone e riaccompagnato al luogo di villeggiatura.<\/p>\n<p>&nbsp;<\/p>\n<hr \/>\n<p>&nbsp;<\/p>\n<h3>INCIDENTE NEL BOSCO, ELICOTTERO A LIVINALLONGO PER SOCCORRERE UN BIKER GRAVEMENTE FERITO<\/h3>\n<p><strong>LIVINALLONGO\u00a0<\/strong> N.D. 55 anni di Arabba \u00a0\u00e8 rimasto gravemente ferito, mentre in\u00a0 trial stava percorrendo la\u00a0 silvo-pastorale a Livin\u00e8, \u00e8 stato\u00a0 trasportato in elicottero all&#8217;ospedale San Martino di Belluno per un grave trauma facciale.\u00a0 L&#8217;uomo \u00e8 stato inizialmente soccorso\u00a0 dai sanitari dell&#8217;ambulanza della Croce Bianca di Arabba in seguito l&#8217;intervento dell&#8217;elicottero Leone di Treviso Emergenza per il trasferimento al Pronto soccorso. Sul posto i carabinieri della stazione di Arabba per i rilievi.\u00a0 N.D. \u00e8 molto conosciuto ad Arabba, perch\u00e9 fa parte della Scuola Sci e snowboard Dolomites R\u00e8ba e gestisce il negozio Ski Service.<\/p>\n<div style=\"width: 848px;\" class=\"wp-video\"><video class=\"wp-video-shortcode\" id=\"video-151343-2\" width=\"848\" height=\"480\" preload=\"metadata\" controls=\"controls\"><source type=\"video\/mp4\" src=\"https:\/\/www.radiopiu.net\/wordpress\/wp-content\/uploads\/2020\/07\/WhatsApp-Video-2020-07-25-at-14.28.13.mp4?_=2\" \/><a href=\"https:\/\/www.radiopiu.net\/wordpress\/wp-content\/uploads\/2020\/07\/WhatsApp-Video-2020-07-25-at-14.28.13.mp4\">https:\/\/www.radiopiu.net\/wordpress\/wp-content\/uploads\/2020\/07\/WhatsApp-Video-2020-07-25-at-14.28.13.mp4<\/a><\/video><\/div>\n<p>&nbsp;<\/p>\n<hr \/>\n<blockquote>\n<h2>RUBA UNA MOTOSEGA E LA RIVENDE SU INTERNET. DENUNCIATO PER RICETTAZIONE<\/h2>\n<\/blockquote>\n<p><strong>SEDICO<\/strong> Un cinquantaseienne ucraino, Z.D., \u00e8 stato denunciato in stato di libert\u00e0 per ricettazione di una motosega e altro materiale. Un uomo di Limana aveva denunciato alcuni giorni fa il furto di una motosega da un deposito attrezzi di propriet\u00e0 e alcuni giorni dopo si era accorto che l&#8217;attrezzo era stato messo in vendita su subito.it I Carabinieri di Sedico, dopo aver appreso la notizia, hanno proceduto alla perquisizione dell&#8217;abitazione di Z.D. rinvenendo nel garage e in cantina altro materiale. 6 Trapani avvitatori, 4 caricabatterie per trapani, 3 batterie per trapani avvitatori, una idropulitrice a gasolio, una saldatrice, un tagliasiepi, 2 motosege e televisori. Al momento i proprietari della merce non sono stati rintracciati. Qualora qualcuno riconoscesse il proprio materiale \u00e9 invitato a presentarsi presso la caserma dei Carabinieri di Sedico. Il valore della merce si aggira attorno ai 5.000 euro.<\/p>\n\n\t\t\t<style type='text\/css'>\n\t\t\t\t#gallery-1 {\n\t\t\t\t\tmargin: auto;\n\t\t\t\t}\n\t\t\t\t#gallery-1 .gallery-item {\n\t\t\t\t\tfloat: left;\n\t\t\t\t\tmargin-top: 10px;\n\t\t\t\t\ttext-align: center;\n\t\t\t\t\twidth: 33%;\n\t\t\t\t}\n\t\t\t\t#gallery-1 img {\n\t\t\t\t\tborder: 2px solid #cfcfcf;\n\t\t\t\t}\n\t\t\t\t#gallery-1 .gallery-caption {\n\t\t\t\t\tmargin-left: 0;\n\t\t\t\t}\n\t\t\t\t\/* see gallery_shortcode() in wp-includes\/media.php *\/\n\t\t\t<\/style>\n\t\t<div id='gallery-1' class='dt-gallery-container gallery galleryid-151343 gallery-columns-3 gallery-size-medium'><dl class='gallery-item'>\n\t\t\t\t<dt class='gallery-icon landscape'>\n\t\t\t\t\t<a class=\"rollover rollover-zoom dt-pswp-item\" title=\"photo_2020-07-25_11-44-12\" data-dt-img-description=\"\" data-large_image_width=\"1280\" data-large_image_height=\"1280\"href='https:\/\/www.radiopiu.net\/wordpress\/wp-content\/uploads\/2020\/07\/photo_2020-07-25_11-44-12.jpg'><img loading=\"lazy\" decoding=\"async\" width=\"300\" height=\"300\" src=\"https:\/\/www.radiopiu.net\/wordpress\/wp-content\/uploads\/2020\/07\/photo_2020-07-25_11-44-12-300x300.jpg\" class=\"attachment-medium size-medium\" alt=\"\" srcset=\"https:\/\/www.radiopiu.net\/wordpress\/wp-content\/uploads\/2020\/07\/photo_2020-07-25_11-44-12-300x300.jpg 300w, https:\/\/www.radiopiu.net\/wordpress\/wp-content\/uploads\/2020\/07\/photo_2020-07-25_11-44-12-1024x1024.jpg 1024w, https:\/\/www.radiopiu.net\/wordpress\/wp-content\/uploads\/2020\/07\/photo_2020-07-25_11-44-12-150x150.jpg 150w, https:\/\/www.radiopiu.net\/wordpress\/wp-content\/uploads\/2020\/07\/photo_2020-07-25_11-44-12-768x768.jpg 768w, https:\/\/www.radiopiu.net\/wordpress\/wp-content\/uploads\/2020\/07\/photo_2020-07-25_11-44-12.jpg 1280w\" sizes=\"auto, (max-width: 300px) 100vw, 300px\" \/><\/a>\n\t\t\t\t<\/dt><\/dl><dl class='gallery-item'>\n\t\t\t\t<dt class='gallery-icon landscape'>\n\t\t\t\t\t<a class=\"rollover rollover-zoom dt-pswp-item\" title=\"photo_2020-07-25_11-44-06\" data-dt-img-description=\"\" data-large_image_width=\"1280\" data-large_image_height=\"1280\"href='https:\/\/www.radiopiu.net\/wordpress\/wp-content\/uploads\/2020\/07\/photo_2020-07-25_11-44-06.jpg'><img loading=\"lazy\" decoding=\"async\" width=\"300\" height=\"300\" src=\"https:\/\/www.radiopiu.net\/wordpress\/wp-content\/uploads\/2020\/07\/photo_2020-07-25_11-44-06-300x300.jpg\" class=\"attachment-medium size-medium\" alt=\"\" srcset=\"https:\/\/www.radiopiu.net\/wordpress\/wp-content\/uploads\/2020\/07\/photo_2020-07-25_11-44-06-300x300.jpg 300w, https:\/\/www.radiopiu.net\/wordpress\/wp-content\/uploads\/2020\/07\/photo_2020-07-25_11-44-06-1024x1024.jpg 1024w, https:\/\/www.radiopiu.net\/wordpress\/wp-content\/uploads\/2020\/07\/photo_2020-07-25_11-44-06-150x150.jpg 150w, https:\/\/www.radiopiu.net\/wordpress\/wp-content\/uploads\/2020\/07\/photo_2020-07-25_11-44-06-768x768.jpg 768w, https:\/\/www.radiopiu.net\/wordpress\/wp-content\/uploads\/2020\/07\/photo_2020-07-25_11-44-06.jpg 1280w\" sizes=\"auto, (max-width: 300px) 100vw, 300px\" \/><\/a>\n\t\t\t\t<\/dt><\/dl><dl class='gallery-item'>\n\t\t\t\t<dt class='gallery-icon landscape'>\n\t\t\t\t\t<a class=\"rollover rollover-zoom dt-pswp-item\" title=\"photo_2020-07-25_11-44-02\" data-dt-img-description=\"\" data-large_image_width=\"1280\" data-large_image_height=\"1280\"href='https:\/\/www.radiopiu.net\/wordpress\/wp-content\/uploads\/2020\/07\/photo_2020-07-25_11-44-02.jpg'><img loading=\"lazy\" decoding=\"async\" width=\"300\" height=\"300\" src=\"https:\/\/www.radiopiu.net\/wordpress\/wp-content\/uploads\/2020\/07\/photo_2020-07-25_11-44-02-300x300.jpg\" class=\"attachment-medium size-medium\" alt=\"\" srcset=\"https:\/\/www.radiopiu.net\/wordpress\/wp-content\/uploads\/2020\/07\/photo_2020-07-25_11-44-02-300x300.jpg 300w, https:\/\/www.radiopiu.net\/wordpress\/wp-content\/uploads\/2020\/07\/photo_2020-07-25_11-44-02-1024x1024.jpg 1024w, https:\/\/www.radiopiu.net\/wordpress\/wp-content\/uploads\/2020\/07\/photo_2020-07-25_11-44-02-150x150.jpg 150w, https:\/\/www.radiopiu.net\/wordpress\/wp-content\/uploads\/2020\/07\/photo_2020-07-25_11-44-02-768x768.jpg 768w, https:\/\/www.radiopiu.net\/wordpress\/wp-content\/uploads\/2020\/07\/photo_2020-07-25_11-44-02.jpg 1280w\" sizes=\"auto, (max-width: 300px) 100vw, 300px\" \/><\/a>\n\t\t\t\t<\/dt><\/dl><br style=\"clear: both\" \/><dl class='gallery-item'>\n\t\t\t\t<dt class='gallery-icon landscape'>\n\t\t\t\t\t<a class=\"rollover rollover-zoom dt-pswp-item\" title=\"photo_2020-07-25_11-43-59\" data-dt-img-description=\"\" data-large_image_width=\"1280\" data-large_image_height=\"1280\"href='https:\/\/www.radiopiu.net\/wordpress\/wp-content\/uploads\/2020\/07\/photo_2020-07-25_11-43-59.jpg'><img loading=\"lazy\" decoding=\"async\" width=\"300\" height=\"300\" src=\"https:\/\/www.radiopiu.net\/wordpress\/wp-content\/uploads\/2020\/07\/photo_2020-07-25_11-43-59-300x300.jpg\" class=\"attachment-medium size-medium\" alt=\"\" srcset=\"https:\/\/www.radiopiu.net\/wordpress\/wp-content\/uploads\/2020\/07\/photo_2020-07-25_11-43-59-300x300.jpg 300w, https:\/\/www.radiopiu.net\/wordpress\/wp-content\/uploads\/2020\/07\/photo_2020-07-25_11-43-59-1024x1024.jpg 1024w, https:\/\/www.radiopiu.net\/wordpress\/wp-content\/uploads\/2020\/07\/photo_2020-07-25_11-43-59-150x150.jpg 150w, https:\/\/www.radiopiu.net\/wordpress\/wp-content\/uploads\/2020\/07\/photo_2020-07-25_11-43-59-768x768.jpg 768w, https:\/\/www.radiopiu.net\/wordpress\/wp-content\/uploads\/2020\/07\/photo_2020-07-25_11-43-59.jpg 1280w\" sizes=\"auto, (max-width: 300px) 100vw, 300px\" \/><\/a>\n\t\t\t\t<\/dt><\/dl><dl class='gallery-item'>\n\t\t\t\t<dt class='gallery-icon landscape'>\n\t\t\t\t\t<a class=\"rollover rollover-zoom dt-pswp-item\" title=\"photo_2020-07-25_11-43-55\" data-dt-img-description=\"\" data-large_image_width=\"1280\" data-large_image_height=\"1280\"href='https:\/\/www.radiopiu.net\/wordpress\/wp-content\/uploads\/2020\/07\/photo_2020-07-25_11-43-55.jpg'><img loading=\"lazy\" decoding=\"async\" width=\"300\" height=\"300\" src=\"https:\/\/www.radiopiu.net\/wordpress\/wp-content\/uploads\/2020\/07\/photo_2020-07-25_11-43-55-300x300.jpg\" class=\"attachment-medium size-medium\" alt=\"\" srcset=\"https:\/\/www.radiopiu.net\/wordpress\/wp-content\/uploads\/2020\/07\/photo_2020-07-25_11-43-55-300x300.jpg 300w, https:\/\/www.radiopiu.net\/wordpress\/wp-content\/uploads\/2020\/07\/photo_2020-07-25_11-43-55-1024x1024.jpg 1024w, https:\/\/www.radiopiu.net\/wordpress\/wp-content\/uploads\/2020\/07\/photo_2020-07-25_11-43-55-150x150.jpg 150w, https:\/\/www.radiopiu.net\/wordpress\/wp-content\/uploads\/2020\/07\/photo_2020-07-25_11-43-55-768x768.jpg 768w, https:\/\/www.radiopiu.net\/wordpress\/wp-content\/uploads\/2020\/07\/photo_2020-07-25_11-43-55.jpg 1280w\" sizes=\"auto, (max-width: 300px) 100vw, 300px\" \/><\/a>\n\t\t\t\t<\/dt><\/dl><dl class='gallery-item'>\n\t\t\t\t<dt class='gallery-icon landscape'>\n\t\t\t\t\t<a class=\"rollover rollover-zoom dt-pswp-item\" title=\"photo_2020-07-25_11-43-53\" data-dt-img-description=\"\" data-large_image_width=\"1280\" data-large_image_height=\"1280\"href='https:\/\/www.radiopiu.net\/wordpress\/wp-content\/uploads\/2020\/07\/photo_2020-07-25_11-43-53.jpg'><img loading=\"lazy\" decoding=\"async\" width=\"300\" height=\"300\" src=\"https:\/\/www.radiopiu.net\/wordpress\/wp-content\/uploads\/2020\/07\/photo_2020-07-25_11-43-53-300x300.jpg\" class=\"attachment-medium size-medium\" alt=\"\" srcset=\"https:\/\/www.radiopiu.net\/wordpress\/wp-content\/uploads\/2020\/07\/photo_2020-07-25_11-43-53-300x300.jpg 300w, https:\/\/www.radiopiu.net\/wordpress\/wp-content\/uploads\/2020\/07\/photo_2020-07-25_11-43-53-1024x1024.jpg 1024w, https:\/\/www.radiopiu.net\/wordpress\/wp-content\/uploads\/2020\/07\/photo_2020-07-25_11-43-53-150x150.jpg 150w, https:\/\/www.radiopiu.net\/wordpress\/wp-content\/uploads\/2020\/07\/photo_2020-07-25_11-43-53-768x768.jpg 768w, https:\/\/www.radiopiu.net\/wordpress\/wp-content\/uploads\/2020\/07\/photo_2020-07-25_11-43-53.jpg 1280w\" sizes=\"auto, (max-width: 300px) 100vw, 300px\" \/><\/a>\n\t\t\t\t<\/dt><\/dl><br style=\"clear: both\" \/>\n\t\t\t<\/div>\n\n<p>&nbsp;<\/p>\n<hr \/>\n<p>&nbsp;<\/p>\n<blockquote>\n<h3>ALTRE CINQUE PECORE NELLA PANCIA DEL LUPO<\/h3>\n<p><em>Nell&#8217;azienda Ferrighetto in tre anni perse 14 pecore e 3 asini<\/em><\/p><\/blockquote>\n<p><strong>LENTIAI<\/strong> Nell&#8217;azienda agricola di Mirko Ferrighetto continua la conta dei danni da predatore. Venerdi mattina sbranati due asini testimoniato da un video terribile divenuto virale sui social. Ieri mattina altre 5 pecore attaccate e uccise dal lupo e i capi uccisi a Stabie sono ormai 10. Il Prefetto Adriana Cogode ha ricevuto una lettera <em>&#8221; Giusto ci stia anche il lupo, nessuno dice il contrario, ma bisogna convivere tutti insieme. Noi allevatori contribuiamo a mantenere pulita la montagna, per i turisti e per la gente del posto, perdiamo ore e ore, soldi, ci mettiamo impegno, ma se questi sono i risultati passa la voglia&#8221;<\/em><\/p>\n<p>&nbsp;<\/p>\n<p>&nbsp;<\/p>\n<hr \/>\n<h3>Pecora solitaria ferita a Sant&#8217;Andrea di Gosaldo, per il recupero interventono i vigili del fuoco.<\/h3>\n<p><strong>GOSALDO<\/strong> L&#8217;allarme dato da alcuni turisti\u00a0 che hanno telefonato al 115 dei vigili del fuoco. I pompieri del distaccamento di Agordo hanno raggiunto la localit\u00e0 indicata e cercato di prestare le prime cure all&#8217;animale, che aveva delle ferita alle zampe posteriori e faticava a camminare.<\/p>\n<p><strong>LA VALLE<\/strong> Altro intervento dei pompieri a Noach\u00a0 per il taglio di una pianta che minacciava la linea telefonica.<\/p>\n<p>foto MASSIMO POZZEBON<\/p>\n\n\t\t\t<style type='text\/css'>\n\t\t\t\t#gallery-2 {\n\t\t\t\t\tmargin: auto;\n\t\t\t\t}\n\t\t\t\t#gallery-2 .gallery-item {\n\t\t\t\t\tfloat: left;\n\t\t\t\t\tmargin-top: 10px;\n\t\t\t\t\ttext-align: center;\n\t\t\t\t\twidth: 33%;\n\t\t\t\t}\n\t\t\t\t#gallery-2 img {\n\t\t\t\t\tborder: 2px solid #cfcfcf;\n\t\t\t\t}\n\t\t\t\t#gallery-2 .gallery-caption {\n\t\t\t\t\tmargin-left: 0;\n\t\t\t\t}\n\t\t\t\t\/* see gallery_shortcode() in wp-includes\/media.php *\/\n\t\t\t<\/style>\n\t\t<div id='gallery-2' class='dt-gallery-container gallery galleryid-151343 gallery-columns-3 gallery-size-medium'><dl class='gallery-item'>\n\t\t\t\t<dt class='gallery-icon portrait'>\n\t\t\t\t\t<a class=\"rollover\" href='https:\/\/www.radiopiu.net\/wordpress\/cristina-bien-ospite-della-rassegna-stampa-di-gianni-santomaso\/116263821_282814472953785_6232058679802425619_n\/'><img loading=\"lazy\" decoding=\"async\" width=\"223\" height=\"300\" src=\"https:\/\/www.radiopiu.net\/wordpress\/wp-content\/uploads\/2020\/07\/116263821_282814472953785_6232058679802425619_n-223x300.jpg\" class=\"attachment-medium size-medium\" alt=\"\" srcset=\"https:\/\/www.radiopiu.net\/wordpress\/wp-content\/uploads\/2020\/07\/116263821_282814472953785_6232058679802425619_n-223x300.jpg 223w, https:\/\/www.radiopiu.net\/wordpress\/wp-content\/uploads\/2020\/07\/116263821_282814472953785_6232058679802425619_n.jpg 670w\" sizes=\"auto, (max-width: 223px) 100vw, 223px\" \/><\/a>\n\t\t\t\t<\/dt><\/dl><dl class='gallery-item'>\n\t\t\t\t<dt class='gallery-icon portrait'>\n\t\t\t\t\t<a class=\"rollover\" href='https:\/\/www.radiopiu.net\/wordpress\/cristina-bien-ospite-della-rassegna-stampa-di-gianni-santomaso\/116459575_766178070805797_8455274462926214500_n\/'><img loading=\"lazy\" decoding=\"async\" width=\"169\" height=\"300\" src=\"https:\/\/www.radiopiu.net\/wordpress\/wp-content\/uploads\/2020\/07\/116459575_766178070805797_8455274462926214500_n-169x300.jpg\" class=\"attachment-medium size-medium\" alt=\"\" srcset=\"https:\/\/www.radiopiu.net\/wordpress\/wp-content\/uploads\/2020\/07\/116459575_766178070805797_8455274462926214500_n-169x300.jpg 169w, https:\/\/www.radiopiu.net\/wordpress\/wp-content\/uploads\/2020\/07\/116459575_766178070805797_8455274462926214500_n.jpg 540w\" sizes=\"auto, (max-width: 169px) 100vw, 169px\" \/><\/a>\n\t\t\t\t<\/dt><\/dl><dl class='gallery-item'>\n\t\t\t\t<dt class='gallery-icon portrait'>\n\t\t\t\t\t<a class=\"rollover\" href='https:\/\/www.radiopiu.net\/wordpress\/cristina-bien-ospite-della-rassegna-stampa-di-gianni-santomaso\/111256380_288032639074393_3777496832180163182_n\/'><img loading=\"lazy\" decoding=\"async\" width=\"225\" height=\"300\" src=\"https:\/\/www.radiopiu.net\/wordpress\/wp-content\/uploads\/2020\/07\/111256380_288032639074393_3777496832180163182_n-225x300.jpg\" class=\"attachment-medium size-medium\" alt=\"\" srcset=\"https:\/\/www.radiopiu.net\/wordpress\/wp-content\/uploads\/2020\/07\/111256380_288032639074393_3777496832180163182_n-225x300.jpg 225w, https:\/\/www.radiopiu.net\/wordpress\/wp-content\/uploads\/2020\/07\/111256380_288032639074393_3777496832180163182_n.jpg 720w\" sizes=\"auto, (max-width: 225px) 100vw, 225px\" \/><\/a>\n\t\t\t\t<\/dt><\/dl><br style=\"clear: both\" \/>\n\t\t\t<\/div>\n\n<p>&nbsp;<\/p>\n<hr \/>\n<p>&nbsp;<\/p>\n<h3>ANCORA UN CROLLO ALLA GROTTA AZZURRA, INGRESSO VIETATO.<\/h3>\n<p><strong><a class=\"dt-pswp-item\" href=\"https:\/\/www.radiopiu.net\/wordpress\/wp-content\/uploads\/2018\/08\/grotta-azzurra.jpg\" data-dt-img-description=\"\" data-large_image_width=\"483\" data-large_image_height=\"450\"><img loading=\"lazy\" decoding=\"async\" class=\"wp-image-56942 alignleft\" src=\"https:\/\/www.radiopiu.net\/wordpress\/wp-content\/uploads\/2018\/08\/grotta-azzurra-300x280.jpg\" alt=\"\" width=\"108\" height=\"101\" srcset=\"https:\/\/www.radiopiu.net\/wordpress\/wp-content\/uploads\/2018\/08\/grotta-azzurra-300x280.jpg 300w, https:\/\/www.radiopiu.net\/wordpress\/wp-content\/uploads\/2018\/08\/grotta-azzurra.jpg 483w\" sizes=\"auto, (max-width: 108px) 100vw, 108px\" \/><\/a>MEL<\/strong> Nel pomeriggio di ieri\u00a0 \u00a0un turista ha allertato le forze dell&#8217;ordine in seguito alla caduta di alcuni sassi come gi\u00e0 accaduto lo scorso autunno. I tecnici hanno poi delimitato l&#8217;accesso in seguito al distazzo di roccia: un mentro e mezzo di superficie, 20 centimetri di altezza.\u00a0 Al momento \u00e8 vietato il percorso, fino all&#8217;imbocco della grotta.\u00a0 Domani \u00a0il sindaco Stefano Cesa far\u00e0 un sopralluogo con i tecnici e decideranno come procedere<\/p>\n<p>&nbsp;<\/p>\n<hr \/>\n<p>&nbsp;<\/p>\n<blockquote>\n<h3>ANZIANO CADE NEI PRESSI DEL SUPERMERCATO<\/h3>\n<\/blockquote>\n<p><strong>FELTRE\u00a0<\/strong> Un 90enne feltrino cade e batte il viso. L&#8217;uomo si \u00e8 rialzato con l&#8217;aiuto di\u00a0 alcune persone , l&#8217;ambulanza lo ha poi trasportato\u00a0 al Pronto soccorso dell&#8217; ospedale Santa Maria del Prato, dove l&#8217;uomo \u00e8 stato\u00a0 medicato<\/p>\n<p>&nbsp;<\/p>\n<p>&nbsp;<\/p>\n<hr \/>\n<blockquote>\n<h2>STATI GENERALI MONTAGNA, DE MENECH &#8220;RENDERE STRUTTURALI LE RISORSE&#8221;<\/h2>\n<\/blockquote>\n<blockquote><p><em>A Roccaraso il deputato bellunese propone di coordinare tutte le misure ordinarie e straordinarie per la riduzione del differenziale montagna<\/em><\/p><\/blockquote>\n<p><strong> <a class=\"dt-pswp-item\" href=\"https:\/\/www.radiopiu.net\/wordpress\/wp-content\/uploads\/2020\/07\/Angelo-Borrelli-Protezione-civile-Roger-De-Menech.jpeg\" data-dt-img-description=\"\" data-large_image_width=\"1599\" data-large_image_height=\"899\"><img loading=\"lazy\" decoding=\"async\" class=\"size-medium wp-image-151330 alignleft\" src=\"https:\/\/www.radiopiu.net\/wordpress\/wp-content\/uploads\/2020\/07\/Angelo-Borrelli-Protezione-civile-Roger-De-Menech-300x169.jpeg\" alt=\"\" width=\"300\" height=\"169\" srcset=\"https:\/\/www.radiopiu.net\/wordpress\/wp-content\/uploads\/2020\/07\/Angelo-Borrelli-Protezione-civile-Roger-De-Menech-300x169.jpeg 300w, https:\/\/www.radiopiu.net\/wordpress\/wp-content\/uploads\/2020\/07\/Angelo-Borrelli-Protezione-civile-Roger-De-Menech-1024x576.jpeg 1024w, https:\/\/www.radiopiu.net\/wordpress\/wp-content\/uploads\/2020\/07\/Angelo-Borrelli-Protezione-civile-Roger-De-Menech-768x432.jpeg 768w, https:\/\/www.radiopiu.net\/wordpress\/wp-content\/uploads\/2020\/07\/Angelo-Borrelli-Protezione-civile-Roger-De-Menech-1536x864.jpeg 1536w, https:\/\/www.radiopiu.net\/wordpress\/wp-content\/uploads\/2020\/07\/Angelo-Borrelli-Protezione-civile-Roger-De-Menech.jpeg 1599w\" sizes=\"auto, (max-width: 300px) 100vw, 300px\" \/><\/a>ROCCARASO<\/strong> <em>\u00abStabilizzare nel tempo le risorse per la montagna e pensare a una normativa comune che permetta di pensare all\u2019utilizzo coordinato delle azioni\u00bb.<\/em> La proposta del deputato bellunese Roger De Menech sul palco degli Stati Generali della Montagna <em>\u00abAbbiamo ormai un\u2019esperienza consolidata e un\u2019abbondante quantit\u00e0 di dati che indicano tendenze e misurano l\u2019efficacia degli strumenti\u00bb, afferma De Menech. \u00abRestano sul tappeto numerosi problemi, primo tra tutti lo spopolamento da cui originano tutti gli altri. Le azioni hanno frenato l\u2019abbandono della montagna, ma non lo hanno arrestato. Con le persone se ne vanno le scuole, i piccoli commercianti chiudono, faticano a nascere nuove imprese, si creano nuove fratture tra zone alte e fondovalle\u00bb. <\/em>Nel Bellunese \u00e8 evidente, ad esempio, la dinamicit\u00e0 della Valbelluna mentre le altre aree della Provincia faticano.<em> \u00abPossiamo affrontare questi fenomeni presenti un po\u2019 ovunque in Italia sulle Alpi, sugli Appennini e nelle isole in due modi complementari. Il principio ribadito dal ministro Francesco Boccia che i diritti universali non sono negoziabili e quindi salute e istruzione devono essere garantiti sempre e ovunque, \u00e8 un cardine importante. Perch\u00e9 per offrire quei servizi nelle aree interne e lontane dai centri urbani servono investimenti pubblici per la connettivit\u00e0, vie di comunicazione veloci e sicure e, aggiungo, molta creativit\u00e0 per riconfigurare i servizi. In parte si sta facendo, dalla fin del prossimo anno, tutti i comuni bellunesi saranno connessi con la banda larga. In altri settori c\u2019\u00e8 ancora molto da fare\u00bb. \u00abL\u2019altro pezzo importante \u00e8 l\u2019insieme di risorse messe a disposizione dei territori con misure straordinarie, come i Fondi di Confine, i Fondi Letta, quelli per le aree interne. La nostra priorit\u00e0 al momento \u00e8 capire come stabilizzare nel tempo questi provvedimenti, come renderli strutturali e non pi\u00f9 straordinari, dipendenti da questa o quella maggioranza parlamentare, dagli algoritmi del bilancio annuale. La seconda cosa da fare \u00e8 mettere insieme i fondi perequativi con gli strumenti strutturali, i proventi dei Canoni idrici, i fondi europei distribuiti attraverso i GAL, le risorse della Fondazione Cariverona e quelle del Consorzio Bim. Solo cos\u00ec potremo dare maggiore forza agli interventi, avere delle masse critiche di risorse che ci consentiranno di lavorare su obiettivi di lungo periodo e soprattutto capaci di rendere attrattiva la montagna. \u00c8 un lavoro a cui vanno chiamati a partecipare oltre agli amministratori locali, tutti gli attori del territorio, rappresentanti di categoria, parti sociali, enti ed istituzioni. \u00c8 la prova di maturit\u00e0 della nostra classe dirigente\u00bb.<\/em><\/p>\n<p>&nbsp;<\/p>\n<p>&nbsp;<\/p>\n<hr \/>\n<p>&nbsp;<\/p>\n<blockquote>\n<h2>DAGLI STATI GENERALI DELLA MONTAGNA UN INVITO A CONOSCERCI DI PI\u00da di DINO BRIDDA<\/h2>\n<\/blockquote>\n<p><a class=\"dt-pswp-item\" href=\"https:\/\/www.radiopiu.net\/wordpress\/wp-content\/uploads\/2020\/05\/ESCURSIONE-MONTAGNA.jpg\" data-dt-img-description=\"\" data-large_image_width=\"1920\" data-large_image_height=\"1151\"><img loading=\"lazy\" decoding=\"async\" class=\"size-medium wp-image-139138 alignleft\" src=\"https:\/\/www.radiopiu.net\/wordpress\/wp-content\/uploads\/2020\/05\/ESCURSIONE-MONTAGNA-300x180.jpg\" alt=\"\" width=\"300\" height=\"180\" srcset=\"https:\/\/www.radiopiu.net\/wordpress\/wp-content\/uploads\/2020\/05\/ESCURSIONE-MONTAGNA-300x180.jpg 300w, https:\/\/www.radiopiu.net\/wordpress\/wp-content\/uploads\/2020\/05\/ESCURSIONE-MONTAGNA-1024x614.jpg 1024w, https:\/\/www.radiopiu.net\/wordpress\/wp-content\/uploads\/2020\/05\/ESCURSIONE-MONTAGNA-768x460.jpg 768w, https:\/\/www.radiopiu.net\/wordpress\/wp-content\/uploads\/2020\/05\/ESCURSIONE-MONTAGNA-1536x921.jpg 1536w, https:\/\/www.radiopiu.net\/wordpress\/wp-content\/uploads\/2020\/05\/ESCURSIONE-MONTAGNA.jpg 1920w\" sizes=\"auto, (max-width: 300px) 100vw, 300px\" \/><\/a><strong>di Dino Bridda<\/strong><\/p>\n<p>Di Stati Generali della Montagna, o di altre realt\u00e0 territoriali e sociali, sono piene le cronache locali e nazionali di questi ultimi decenni. Francamente, visti i loro esiti, il medesimo appuntamento di questo fine settimana a Roccaraso ha rischiato di essere l\u2019ennesima e inconcludente passerella di vacui relatori.\u00a0Per\u00f2, optando per il bicchiere mezzo pieno, va riconosciuto che qualche buona indicazione \u00e8 uscita dal dibattito. Ci\u00f2 \u00e8 emerso, a mio avviso, proprio dagli interventi di un paio di qualificati rappresentanti di casa nostra provincia di Belluno, scesi in Abruzzo per portare l\u2019esperienza di una montagna, quella bellunese, che non vuole arrendersi e che, tra Tempesta Vaia e Covid-19, sa trovare nelle avversit\u00e0 la forza e il coraggio per intraprendere una strada nuova, nonch\u00e9 lastricata di obiettivi realizzabili.\u00a0Chiaro il pensiero di Paolo Doglioni, presidente di Confcommercio Belluno: \u00abIl Covid ha dimostrato, come tutti abbiamo potuto constatare, il valore anche dell\u2019economia di prossimit\u00e0 e questo \u00e8 un lavoro che, pur nato nell\u2019emergenza, non va disperso, ma al contrario valorizzato\u00bb. \u00c8 un invito a considerare la presenza antropica quale nucleo centrale della vita delle nostre vallate e dei nostri paesi. Poi Doglioni ha aggiunto: \u00abComunit\u00e0 ed economia, in montagna, devono riprendere a camminare insieme secondo un principio di sussidiariet\u00e0, rispondendo alle esigenze di contrasto allo spopolamento, triste fenomeno che continua a rappresentare la principale minaccia per il nostro territorio montano. Ma lo si pu\u00f2 contrastare efficacemente con la tecnologia, la connettivit\u00e0 e la solidariet\u00e0\u00bb.\u00a0Attorno al problema della rinascita del territorio, sempre dopo Vaia e Covid, nel gioco di squadra \u00e8 entrata anche Claudia Scarzanella, presidente di Confartigianato Belluno: \u00abLa ricostruzione deve essere non solo economica e imprenditoriale, ma anche identitaria: bisogna quindi valorizzare gli elementi caratterizzanti della comunit\u00e0 da ricostruire, a partire da quelli culturali\u00bb.\u00a0Economia di prossimit\u00e0 e identit\u00e0 culturali: ecco i punti focali da sviluppare e da sostenere secondo quanto affermato dal deputato bellunese Roger De Menech: \u00abLa nostra priorit\u00e0 al momento \u00e8 capire come stabilizzare nel tempo questi provvedimenti, come renderli strutturali e non pi\u00f9 straordinari, dipendenti da questa o quella maggioranza parlamentare, dagli algoritmi del bilancio annuale\u00bb. Il che vuol dire: bisogna abbandonare la strada delle emergenze e delle straordinariet\u00e0 d\u2019intervento per intraprendere quella di una politica strutturale e duratura nel tempo: solo con le certezze si pu\u00f2 costruire un solido futuro.\u00a0Tutto quanto anzidetto parla direttamente alla testa e al cuore di ciascun abitante delle nostre vallate: \u00abGu\u00e0rdati dentro e alza il velo dell\u2019ignoranza circa la tua storia passata. Afferma la tua diversit\u00e0 culturale, ma solo rispettando quella degli altri. Opera per armonizzare le diverse culture presenti sul nostro territorio e combatti le divisioni e i \u201ccampanili\u201d. Concedi maggior fiducia ed opportunit\u00e0 ai giovani rendendoli protagonisti del loro futuro. Fa s\u00ec che in ogni vallata s\u2019oda sempre il suono della campanella di una scuola e della campana di una chiesa. Rifiuta ogni malaugurato rigurgito di rassegnazione\u00bb.<span class=\"Apple-converted-space\">\u00a0\u00a0<\/span>Senza scomodare Socrate e l\u2019oracolo di Delfi, vale comunque e sempre la locuzione \u00abConosci te stesso\u00bb. Se non sappiamo chi siamo veramente, e se non ci opponiamo a facili omologazioni del tempo presente, la nostra identit\u00e0 sbiadir\u00e0 sempre di pi\u00f9 con lo spopolamento della nostra montagna, perch\u00e9 non sapremo pi\u00f9 chi siamo e dove andiamo. Forse basta partire dalle piccole cose: un negozio che non chiude, un altro che apre ex novo, una scuola che resiste, una bottega artigiana che non molla, una catena di solidariet\u00e0 che non dobbiamo permettere venga spezzata\u00bb. Tutto ci\u00f2, con il supporto di adeguate risorse finanziarie pubbliche, di una coraggiosa imprenditoria privata e di un intelligente utilizzo delle moderne tecnologie, pu\u00f2 indicarci l\u2019alba della ricostruzione. Ma bisogna crederci sino in fondo! Tutti.<\/p>\n<p>&nbsp;<\/p>\n<hr \/>\n<blockquote>\n<h2>Donazione per la Protezione Civile: il Broomball Club Belluno regala alla Provincia tre vaporizzatori<\/h2>\n<\/blockquote>\n<p><strong><a class=\"dt-pswp-item\" href=\"https:\/\/www.radiopiu.net\/wordpress\/wp-content\/uploads\/2020\/07\/IMG_7869-scaled.jpg\" data-dt-img-description=\"\" data-large_image_width=\"2560\" data-large_image_height=\"1920\"><img loading=\"lazy\" decoding=\"async\" class=\" wp-image-151336 alignleft\" src=\"https:\/\/www.radiopiu.net\/wordpress\/wp-content\/uploads\/2020\/07\/IMG_7869-300x225.jpg\" alt=\"\" width=\"341\" height=\"256\" srcset=\"https:\/\/www.radiopiu.net\/wordpress\/wp-content\/uploads\/2020\/07\/IMG_7869-300x225.jpg 300w, https:\/\/www.radiopiu.net\/wordpress\/wp-content\/uploads\/2020\/07\/IMG_7869-1024x768.jpg 1024w, https:\/\/www.radiopiu.net\/wordpress\/wp-content\/uploads\/2020\/07\/IMG_7869-768x576.jpg 768w, https:\/\/www.radiopiu.net\/wordpress\/wp-content\/uploads\/2020\/07\/IMG_7869-1536x1152.jpg 1536w, https:\/\/www.radiopiu.net\/wordpress\/wp-content\/uploads\/2020\/07\/IMG_7869-2048x1536.jpg 2048w\" sizes=\"auto, (max-width: 341px) 100vw, 341px\" \/><\/a>BELLUNO<\/strong> La generosit\u00e0 non si ferma. La Provincia ha ricevuto un\u2019altra donazione. Questa volta dal Broomball Club Belluno, che ha pensato di destinare alla Protezione Civile provinciale buona parte del ricavato delle sue attivit\u00e0. E ieri sera ha consegnato al presidente tre vaporizzatori per la sanificazione di strade e marciapiedi. \u00ab<em>Con orgoglio doniamo questi tre strumenti alla Provincia e alla Protezione Civile, che \u00e8 sempre attiva nei momenti del bisogno\u00bb ha spiegato Luciano Bassi, presidente del Broomball Club Belluno, ricevendo nella sede di Sedico il presidente della Provincia e il responsabile di Protezione Civile provinciale, Carlo Zampieri. \u00abLa nostra realt\u00e0 cerca sempre di dare una mano al territorio e a chi si preoccupa della collettivit\u00e0. Durante il lockdown avevamo contattato la Provincia per chiedere come potevamo essere utili. E da l\u00ec \u00e8 sorto il problema di difficolt\u00e0 nel reperimento dei vaporizzatori, per cui ne abbiamo subito acquistato tre per donarli alla Protezione Civile provinciale. Un piccolo gesto per essere al fianco dei volontari\u00bb<\/em>. Il presidente della Provincia ha ringraziato la squadra di broomball bellunese, campione d\u2019Europa in carica. E poi ha voluto provare qualche tiro sul campo da gioco. <em>\u00abNon posso che ringraziarvi per questo gesti di generosit\u00e0 &#8211; ha detto il presidente -. Voi definite il vostro un \u201cpiccolo gesto\u201d. Noi lo consideriamo un gesto straordinario, come \u00e8 stato straordinario l\u2019impegno dei nostro volontari di Protezione Civile. Il volontariato e la generosit\u00e0 che avete dimostrato sono uno dei patrimoni inestimabili della nostra splendida provincia\u00bb.<\/em><\/p>\n<p>&nbsp;<\/p>\n<p>&nbsp;<\/p>\n<hr \/>\n<h3><\/h3>\n<div class=\"page-title title-left solid-bg breadcrumbs-mobile-off page-title-responsive-enabled\">\n<div class=\"wf-wrap\">\n<div class=\"page-title-head hgroup\">\n<h3 class=\"entry-title\">NELLE ULTIME 24 ORE NESSUN DECESSO IN VENETO. 20 POSITIVI E 201 ISOLAMENTI DOMICILIARI IN PI\u00d9. A BELLUNO UN SOGGETTO POSITIVO IN PI\u00d9 MA 7 PERSONE ABBANDONANO L\u2019ISOLAMENTO DOMICILIARE<\/h3>\n<p><strong>di Mirko Mezzacasa<\/strong><\/p>\n<p>Venti persone in quarantena ad Auronzo\u00a0 dopo che un novantenne in vacanza (emiliano) \u00e8 stato scoperto\u00a0 positivo,\u00a0 stava facendo una passeggiataquando \u00e8 caduto a terra procurandosi una frattura. Controllato in ospedale \u00e8 emersa la sua positivit\u00e0. il Dipartimento di Prevenzione \u00e8 inoltre impegnato nel gestire le quarantene derivanti dagli arrivi dall&#8217;estero,\u00a0 nelle ultime 24 ore sono state isolate a domicilio 17 persone di cui 14 in ingresso dall&#8217;estero, due per sintomatologia. Per quanto riguarda l&#8217;infermiera dell&#8217;ospedale di Agordo, risultata positiva al virus, resta isolata a casa per il tempo previsto di 14 giorni, mentre negativi sono risultati tutti i suoi contatti stretti.<\/p>\n<\/div>\n<\/div>\n<\/div>\n<p>&nbsp;<\/p>\n<div id=\"main\" class=\"sidebar-right sidebar-divider-vertical\">\n<div class=\"wf-wrap\">\n<div class=\"wf-container-main\">\n<div id=\"content\" class=\"content\" role=\"main\">\n<article id=\"post-151380\" class=\"post-151380 post type-post status-publish format-standard has-post-thumbnail category-news-18 category-49 description-off\">\n<div class=\"entry-content\">\n<h2><strong>ULTIME 24 ORE<\/strong><\/h2>\n<p><strong>I NUMERI\u00a0 IN VENETO:<\/strong>\u00a0TOTALE POSITIVI\u00a0 19791 (+20)\u00a0 ATTUALMENTE POSITIVI 704 (+9)\u00a0 DECESSI\u00a0 2064\u00a0 (0) NEGATIVIZZATI 17023 (+12) IN ISOLAMENTO\u00a0 2764 (+201) RICOVERATI\u00a0 113 (-3 \u2013 30 POSITIVI 83 NEGATIVIZZATI), NEGLI OSPEDALI DI COMUNITA\u2019 RICOVERATI 16 (-1 \u2013 1 POSITIVI,\u00a0 15 NEGATIVIZZATI), IN TERAPIA INTENSIVA 7 (0 \u2013 1 POSITIVI, \u00a06 NEGATIVIZZATI). DIMESSI 3740 (+3) NEGLI OSPEDALI DI COMUNITA\u2019 320 (0)\u00a0<strong>I NUMERI IN PROVINCIA:<\/strong> TOTALE CONTAGI 1212 (+1) , ATTUALMENTE POSITIVI 18 (+1) , DECEDUTI 113 (0), NEGATIVIZZATI 1081 (0) ISOLAMENTO DOMICILIARE 201 (-7)\u00a0 RICOVERATI IN OSPEDALE AL SAN MARTINO 3<\/p>\n<p>&nbsp;<\/p>\n<\/div>\n<\/article>\n<\/div>\n<\/div>\n<\/div>\n<\/div>\n<blockquote class=\"wp-embedded-content\" data-secret=\"TDV6uvSOuN\"><p><a href=\"https:\/\/www.radiopiu.net\/wordpress\/coronavirus-aggiornamento-nazionale-25-luglio\/\">CORONAVIRUS: AGGIORNAMENTO NAZIONALE 25 LUGLIO<\/a><\/p><\/blockquote>\n<p><iframe loading=\"lazy\" class=\"wp-embedded-content\" sandbox=\"allow-scripts\" security=\"restricted\" style=\"position: absolute; clip: rect(1px, 1px, 1px, 1px);\" title=\"&#8220;CORONAVIRUS: AGGIORNAMENTO NAZIONALE 25 LUGLIO&#8221; &#8212; Radio Pi\u00f9\" src=\"https:\/\/www.radiopiu.net\/wordpress\/coronavirus-aggiornamento-nazionale-25-luglio\/embed\/#?secret=TDV6uvSOuN\" data-secret=\"TDV6uvSOuN\" width=\"600\" height=\"338\" frameborder=\"0\" marginwidth=\"0\" marginheight=\"0\" scrolling=\"no\"><\/iframe><\/p>\n<p>&nbsp;<\/p>\n<hr \/>\n<p>&nbsp;<\/p>\n<blockquote class=\"wp-embedded-content\" data-secret=\"B3oVHwPzDJ\"><p><a href=\"https:\/\/www.radiopiu.net\/wordpress\/nelle-ultime-24-ore-nessun-decesso-in-veneto-20-positivi-e-201-isolamenti-domiciliari-in-piu-a-belluno-un-soggetto-positivo-in-piu-ma-7-persone-abbandonano-lisolamento-domiciliare\/\">NELLE ULTIME 24 ORE NESSUN DECESSO IN VENETO. 20 POSITIVI E 201 ISOLAMENTI DOMICILIARI IN PI\u00d9. A BELLUNO UN SOGGETTO POSITIVO IN PI\u00d9 MA 7 PERSONE ABBANDONANO L&#8217;ISOLAMENTO DOMICILIARE<\/a><\/p><\/blockquote>\n<p><iframe loading=\"lazy\" class=\"wp-embedded-content\" sandbox=\"allow-scripts\" security=\"restricted\" style=\"position: absolute; clip: rect(1px, 1px, 1px, 1px);\" title=\"&#8220;NELLE ULTIME 24 ORE NESSUN DECESSO IN VENETO. 20 POSITIVI E 201 ISOLAMENTI DOMICILIARI IN PI\u00d9. A BELLUNO UN SOGGETTO POSITIVO IN PI\u00d9 MA 7 PERSONE ABBANDONANO L&#8217;ISOLAMENTO DOMICILIARE&#8221; &#8212; Radio Pi\u00f9\" src=\"https:\/\/www.radiopiu.net\/wordpress\/nelle-ultime-24-ore-nessun-decesso-in-veneto-20-positivi-e-201-isolamenti-domiciliari-in-piu-a-belluno-un-soggetto-positivo-in-piu-ma-7-persone-abbandonano-lisolamento-domiciliare\/embed\/#?secret=B3oVHwPzDJ\" data-secret=\"B3oVHwPzDJ\" width=\"600\" height=\"338\" frameborder=\"0\" marginwidth=\"0\" marginheight=\"0\" scrolling=\"no\"><\/iframe><\/p>\n<p>&nbsp;<\/p>\n<hr \/>\n<p>&nbsp;<\/p>\n<blockquote class=\"wp-embedded-content\" data-secret=\"yhUVHlbFm2\"><p><a href=\"https:\/\/www.radiopiu.net\/wordpress\/2764-soggetti-in-isolamento-in-veneto-0ltre-200-a-belluno-in-calo-7\/\">2764 SOGGETTI IN ISOLAMENTO IN VENETO, 0LTRE 200 A BELLUNO IN CALO (-7)<\/a><\/p><\/blockquote>\n<p><iframe loading=\"lazy\" class=\"wp-embedded-content\" sandbox=\"allow-scripts\" security=\"restricted\" style=\"position: absolute; clip: rect(1px, 1px, 1px, 1px);\" title=\"&#8220;2764 SOGGETTI IN ISOLAMENTO IN VENETO, 0LTRE 200 A BELLUNO IN CALO (-7)&#8221; &#8212; Radio Pi\u00f9\" src=\"https:\/\/www.radiopiu.net\/wordpress\/2764-soggetti-in-isolamento-in-veneto-0ltre-200-a-belluno-in-calo-7\/embed\/#?secret=yhUVHlbFm2\" data-secret=\"yhUVHlbFm2\" width=\"600\" height=\"338\" frameborder=\"0\" marginwidth=\"0\" marginheight=\"0\" scrolling=\"no\"><\/iframe><\/p>\n<p>&nbsp;<\/p>\n<p>&nbsp;<\/p>\n<hr \/>\n<p>&nbsp;<\/p>\n<blockquote>\n<h2>NESSUNA NUOVA POSITIVIT\u00c0. 17 PERSONE IN ISOLAMENTO DOMICILIARE. AGGIORNAMENTO ULSS 1 DOLOMITI<\/h2>\n<\/blockquote>\n<p><a class=\"dt-pswp-item\" href=\"https:\/\/www.radiopiu.net\/wordpress\/wp-content\/uploads\/2020\/03\/stop-covid.jpg\" data-dt-img-description=\"Girl, young woman in protective sterile medical mask on her face outdoors, on asian street show palm, hand, stop no sign. Air pollution, virus, Chinese pandemic coronavirus concept. Focus on hand.\" data-large_image_width=\"800\" data-large_image_height=\"533\"><img loading=\"lazy\" decoding=\"async\" class=\"wp-image-123716 size-medium alignleft\" src=\"https:\/\/www.radiopiu.net\/wordpress\/wp-content\/uploads\/2020\/03\/stop-covid-300x200.jpg\" alt=\"\" width=\"300\" height=\"200\" srcset=\"https:\/\/www.radiopiu.net\/wordpress\/wp-content\/uploads\/2020\/03\/stop-covid-300x200.jpg 300w, https:\/\/www.radiopiu.net\/wordpress\/wp-content\/uploads\/2020\/03\/stop-covid-768x512.jpg 768w, https:\/\/www.radiopiu.net\/wordpress\/wp-content\/uploads\/2020\/03\/stop-covid.jpg 800w\" sizes=\"auto, (max-width: 300px) 100vw, 300px\" \/><\/a><strong>BELLUNO\u00a0<\/strong>Nelle ultime 24 ore i laboratori aziendali dell\u2019ulss Dolomiti non hanno evidenziato alcuna nuova positivit\u00e0.<span class=\"Apple-converted-space\">\u00a0\u00a0<\/span>Il Dipartimento di Prevenzione \u00e8 stato impegnato nel gestire le quarantene derivanti dagli arrivi dall\u2019estero numericamente pi\u00f9 significativi rispetto ai giorni precedenti alla luce del Decreto del Ministero della Salute che ha inserito Romania e Bulgaria tra i paesi con obbligo di provvedimenti contumaciali. In tutto sono state isolate a domicilio 14 persone in ingresso dall\u2019estero, 2 per sintomatologia simil Covid e 1 persona contatto di un caso fuori provincia su segnalazione del medico di famiglia. In relazione alla positivit\u00e0 occorsa alcuni giorni fa in un\u2019operatrice di una casa di riposo del feltrino, per massima precauzione, \u00e8 stato operato un ulteriore allargamento dei soggetti sorvegliati con esecuzione di ulteriori 19 tamponi, risultati tutti negativi.<\/p>\n<p>&nbsp;<\/p>\n<p>&nbsp;<\/p>\n<hr \/>\n<p>&nbsp;<\/p>\n<p>&nbsp;<\/p>\n<blockquote>\n<h2>INAUGURATA A CIBIANA L\u2019OPERA MURALE CHE CELEBRA I 600 ANNI DELLA DEDIZIONE DEL CADORE<\/h2>\n<\/blockquote>\n<p><strong><a class=\"dt-pswp-item\" href=\"https:\/\/www.radiopiu.net\/wordpress\/wp-content\/uploads\/2020\/07\/Cibiana-25-luglio.jpeg\" data-dt-img-description=\"\" data-large_image_width=\"1200\" data-large_image_height=\"1600\"><img loading=\"lazy\" decoding=\"async\" class=\"size-medium wp-image-151357 alignleft\" src=\"https:\/\/www.radiopiu.net\/wordpress\/wp-content\/uploads\/2020\/07\/Cibiana-25-luglio-225x300.jpeg\" alt=\"\" width=\"225\" height=\"300\" srcset=\"https:\/\/www.radiopiu.net\/wordpress\/wp-content\/uploads\/2020\/07\/Cibiana-25-luglio-225x300.jpeg 225w, https:\/\/www.radiopiu.net\/wordpress\/wp-content\/uploads\/2020\/07\/Cibiana-25-luglio-768x1024.jpeg 768w, https:\/\/www.radiopiu.net\/wordpress\/wp-content\/uploads\/2020\/07\/Cibiana-25-luglio-1152x1536.jpeg 1152w, https:\/\/www.radiopiu.net\/wordpress\/wp-content\/uploads\/2020\/07\/Cibiana-25-luglio.jpeg 1200w\" sizes=\"auto, (max-width: 225px) 100vw, 225px\" \/><\/a>BELLUNO\u00a0<\/strong>Il presidente della Provincia di Belluno ha partecipato ieri mattina, a Cibiana, all\u2019inaugurazione dell\u2019opera murale che celebra i 600 anni della dedizione del Cadore. Una composizione scultorea realizzata dall\u2019artista Mauro Lampo, che combina tutti i materiali per cui il territorio bellunese e cadorino in particolare \u00e8 stato parte fondamentale della Serenissima, nei secoli che furono.\u00a0\u00ab<em>Un\u2019opera d\u2019arte che rende Cibiana ancora pi\u00f9 bella, e che si inserisce nella tradizione dei murales &#8211; ha detto il presidente della Provincia -. Ma anche un\u2019opera che rende la misura del senso di appartenenza, fondamentale per le comunit\u00e0 e anche per i nostri giovani. E racconta la storia e la specificit\u00e0 del nostro territorio. Quella specificit\u00e0 che sei secoli fa, con la dedizione a Venezia, ha permesso al Cadore di entrare nei possedimenti della Serenissima non in qualit\u00e0 di terra suddita, bens\u00ec con numerosi privilegi, tra cui attenzione particolare ai giovani e alle famiglie che curavano i pascoli e i boschi, a vantaggio anche della pianura. La montagna anche oggi avrebbe bisogno di regole diverse rispetto ad altri territori, perch\u00e9 vive di dinamiche ed equilibri diversi<\/em>\u00bb.\u00a0\u00ab<em>Ringrazio Mauro Lampo per questa opera &#8211; ha concluso il presidente -. Dobbiamo essere consapevoli di vivere in una provincia bellissima, che ancora oggi nei suoi paesi di montagna ha una fortissima identit\u00e0 territoriale, un patrimonio che non va disperso<\/em>\u00bb.<\/p>\n<p>&nbsp;<\/p>\n<p>&nbsp;<\/p>\n<p>&nbsp;<\/p>\n<p>&nbsp;<\/p>\n<hr \/>\n<p>&nbsp;<\/p>\n<blockquote>\n<h2>LE DICHIARAZIONI DEL MINISTRO FEDERICO D&#8217;INCA&#8217; A SEDICO<\/h2>\n<\/blockquote>\n<p><strong><a class=\"dt-pswp-item\" href=\"https:\/\/www.radiopiu.net\/wordpress\/wp-content\/uploads\/2020\/04\/FEDERICO-DINCA.png\" data-dt-img-description=\"\" data-large_image_width=\"1018\" data-large_image_height=\"1290\"><img loading=\"lazy\" decoding=\"async\" class=\"size-medium wp-image-132319 alignleft\" src=\"https:\/\/www.radiopiu.net\/wordpress\/wp-content\/uploads\/2020\/04\/FEDERICO-DINCA-237x300.png\" alt=\"\" width=\"237\" height=\"300\" srcset=\"https:\/\/www.radiopiu.net\/wordpress\/wp-content\/uploads\/2020\/04\/FEDERICO-DINCA-237x300.png 237w, https:\/\/www.radiopiu.net\/wordpress\/wp-content\/uploads\/2020\/04\/FEDERICO-DINCA-808x1024.png 808w, https:\/\/www.radiopiu.net\/wordpress\/wp-content\/uploads\/2020\/04\/FEDERICO-DINCA-768x973.png 768w, https:\/\/www.radiopiu.net\/wordpress\/wp-content\/uploads\/2020\/04\/FEDERICO-DINCA.png 1018w\" sizes=\"auto, (max-width: 237px) 100vw, 237px\" \/><\/a>SEDICO <\/strong><em>&#8220;Questa mattina sono stato a Sedico, in provincia di Belluno, per assistere alla presentazione di un docufilm e di un libro sull&#8217;artigianato locale. Le immagini mi hanno richiamato alla memoria antichi mestieri che vedevo svolgere quando ero piccolo. Tra gli artigiani intervistati per questo progetto, ho riconosciuto anche il maniscalco che veniva a casa mia, quando avevo 10 anni, per sostituire i ferri al mio cavallo.\u00a0<\/em><em>L&#8217;artigianato \u00e8 uno dei settori pi\u00f9 importanti nel tessuto economico del nostro Paese, perch\u00e9 \u00e8 dal lavoro artigianale che nascono e si evolvono i grandi progetti e le grandi idee.\u00a0Ci sono delle tradizioni che passano da padre in figlio, ce ne sono altre che vengono riscoperte dai giovani che le riadattano ai nostri tempi e alle attuali tecnologie.\u00a0Il comparto conta oggi in Italia circa 1 milione e 300 mila lavoratori. Pensare a loro e alle loro famiglie vuol dire pensare al nostro Paese e al suo futuro. Noi, come Governo, lo abbiamo fatto durante la pandemia, stiamo continuando a farlo attraverso i sostegni economici erogati dallo Stato e dovremo essere ancora pi\u00f9 incisivi da oggi in avanti con una seria riforma della burocrazia e con progetti validi per mettere a terra i 209 miliardi di euro che abbiamo conquistato in Europa grazie al lavoro instancabile di Giuseppe Conte&#8221;.<\/em><\/p>\n<p>&nbsp;<\/p>\n<p>&nbsp;<\/p>\n<p>&nbsp;<\/p>\n<p>&nbsp;<\/p>\n<p>&nbsp;<\/p>\n<hr \/>\n<p>&nbsp;<\/p>\n<blockquote>\n<h3>IL GAMP PROPONE 5 ESCURSIONI NELLE DOLOMITI AGORDINE, S&#8217;INIZIA IL 3 AGOSTO<\/h3>\n<\/blockquote>\n<p><a class=\"dt-pswp-item\" href=\"https:\/\/www.radiopiu.net\/wordpress\/wp-content\/uploads\/2020\/02\/Manuel_Conedera.jpg\" data-dt-img-description=\"\" data-large_image_width=\"512\" data-large_image_height=\"512\"><img loading=\"lazy\" decoding=\"async\" class=\"wp-image-119145 alignleft\" src=\"https:\/\/www.radiopiu.net\/wordpress\/wp-content\/uploads\/2020\/02\/Manuel_Conedera-300x300.jpg\" alt=\"\" width=\"151\" height=\"151\" srcset=\"https:\/\/www.radiopiu.net\/wordpress\/wp-content\/uploads\/2020\/02\/Manuel_Conedera-300x300.jpg 300w, https:\/\/www.radiopiu.net\/wordpress\/wp-content\/uploads\/2020\/02\/Manuel_Conedera-150x150.jpg 150w, https:\/\/www.radiopiu.net\/wordpress\/wp-content\/uploads\/2020\/02\/Manuel_Conedera.jpg 512w\" sizes=\"auto, (max-width: 151px) 100vw, 151px\" \/><\/a><\/p>\n<p>&nbsp;<\/p>\n<p>&nbsp;<\/p>\n<p>&nbsp;<\/p>\n<p>GIANNI SANTOMASO<\/p>\n<audio class=\"wp-audio-shortcode\" id=\"audio-151343-1\" preload=\"none\" style=\"width: 100%;\" controls=\"controls\"><source type=\"audio\/mpeg\" src=\"https:\/\/www.radiopiu.net\/wordpress\/wp-content\/uploads\/2020\/07\/gianni-gamp.mp3?_=1\" \/><a href=\"https:\/\/www.radiopiu.net\/wordpress\/wp-content\/uploads\/2020\/07\/gianni-gamp.mp3\">https:\/\/www.radiopiu.net\/wordpress\/wp-content\/uploads\/2020\/07\/gianni-gamp.mp3<\/a><\/audio>\n<p>&nbsp;<\/p>\n<h3><\/h3>\n<hr \/>\n<blockquote>\n<h3><\/h3>\n<h3>CONCORSO PER TRE COLLABORATORI PROFESSIONALI AMMINISTRATIVI E UN ISTRUTTORE.<\/h3>\n<\/blockquote>\n<p><strong>BORGO VALBELLUNA<\/strong> E\u2019 indetto un concorso pubblico, per la copertura, a tempo indeterminato ed a tempo pieno, di 3 posti di Collaboratore Professionale Amministrativo, e 1 istruttore amministrativo con funzioni locali\u00a0 presso il Comune di Borgo Valbelluna. Le modalit\u00e0 di partecipazione, i requisiti ed il fac-simile della domanda di partecipazione sono disponibili presso il Comune di Borgo Valbelluna sul sito istituzionale dell\u2019Ente \/www.borgovalbelluna.bl.it<\/p>\n<p>&nbsp;<\/p>\n<p>&nbsp;<\/p>\n<hr \/>\n<p>&nbsp;<\/p>\n<blockquote>\n<h3>I CONSIGLI COMUNALI IN AGORDINO<\/h3>\n<\/blockquote>\n<p><strong>CANALE D&#8217;AGORDO\u00a0<\/strong>Il sindaco di Canale D&#8217;Agordo Flavio Colcergnan ha convocato i consiglieri comunali per sabato 1 agosto alle ore 8:05. 4 i punti all&#8217;ordine del giorno che varranno discussi in sala &#8220;Musal&#8221; a porte chiuse. Tra i punti la gestione dell&#8217;esercizio finanziario 2019 e la ratifica della deliberazione di giuda del 15 luglio 2020sugli stanziamenti del bilancio di previsione 2020\/2021.<\/p>\n<p class=\"photoswipe-wrapper\"><strong>FALCADE<\/strong>\u00a0Il consiglio comunale \u00e8 convocato per venerdi 31 luglio alle 8 di mattina (a porte chiuse), il sindaco Michele Costa firma un ordine del giorno in sei punti, tra i principali le variazioni e l\u2019assestamento di bilancio, le\u00a0<a class=\"dt-pswp-item pspw-wrap-ready\" href=\"https:\/\/i2.wp.com\/www.radiopiu.net\/wordpress\/wp-content\/uploads\/2020\/07\/download-3.png?ssl=1\" data-dt-img-description=\"\" data-large_image_width=\"302\" data-large_image_height=\"167\"><img loading=\"lazy\" decoding=\"async\" class=\"wp-image-150933 alignright\" src=\"https:\/\/i2.wp.com\/www.radiopiu.net\/wordpress\/wp-content\/uploads\/2020\/07\/download-3.png?resize=197%2C109&amp;ssl=1\" sizes=\"auto, (max-width: 197px) 100vw, 197px\" srcset=\"https:\/\/i2.wp.com\/www.radiopiu.net\/wordpress\/wp-content\/uploads\/2020\/07\/download-3.png?resize=300%2C166&amp;ssl=1 300w, https:\/\/i2.wp.com\/www.radiopiu.net\/wordpress\/wp-content\/uploads\/2020\/07\/download-3.png?w=302&amp;ssl=1 302w\" alt=\"\" width=\"197\" height=\"109\" data-recalc-dims=\"1\" \/><\/a>modifiche al programma di forniture e servizi per il biennio 2020-21 e l\u2019approvazione del regolamento di disciplina dell\u2019imposta municipale propria Imu.<\/p>\n<p><strong>AGORDO<\/strong>\u00a0Il consiglio dell\u2019Unione Montana \u00e8 convocato per martedi alle 20 in Sala Don Tamis. In discussione: servizio rifiuti, misure di riduzione alle utenze non domestiche e approvazione piano economico, finanziario e tariffe corrispettive per il 2020; bilancio di previsione; rinnovo della convenzione per la gestione di piscina e palazzetto dello sport; rinnovo della convenzione per la gestione dei servizi catastali.<\/p>\n<p>&nbsp;<\/p>\n<hr \/>\n<p>&nbsp;<\/p>\n<blockquote>\n<h3>INTERROGAZIONI, RISPOSTE, CONTRO RISPOSTE.<\/h3>\n<\/blockquote>\n<p><strong>RIVAMONTE<\/strong> In un recente consiglio comunale trasmesso in diretta facebook e poi riproposto alla radio il consigliere Giuliano Laveder aveva interrogato il sindaco che lo scorso 1 luglio ha protocollato la risposta in Comune.<\/p>\n<blockquote><p><em><a class=\"dt-pswp-item\" href=\"https:\/\/www.radiopiu.net\/wordpress\/wp-content\/uploads\/2017\/05\/GIOVANNI-NINO-DEON.jpg\" data-dt-img-description=\"\" data-large_image_width=\"745\" data-large_image_height=\"721\"><img loading=\"lazy\" decoding=\"async\" class=\"size-medium wp-image-32109 alignleft\" src=\"https:\/\/www.radiopiu.net\/wordpress\/wp-content\/uploads\/2017\/05\/GIOVANNI-NINO-DEON-300x290.jpg\" alt=\"\" width=\"300\" height=\"290\" \/><\/a>L\u2019interrogazione del Consigliere Giuliano Laveder \u00e8 per me motivo di doppio dispiacere: prima di tutto perch\u00e9 Giuliano Laveder era stato scelto da me come mio Assessore al quale avevo dato totale fiducia, anche di condivisione dei programmi e prospettive amministrative e politiche del nostro Comune. Fiducia rinnovata e mantenuta anche quando vi sarebbero stati motivi per revocarla: alla fine, l\u2019Assessore si \u00e8 dimesso con una scusa banale, \u201cmotivi di salute\u201d, per la quale certo non vi sarebbero stati presupposti per una discussione in Consiglio. Il secondo dispiacere perch\u00e9 di tutti gli \u201cattacchi\u201d politici che Laveder \u2013 nel frattempo transitato nei banchi dell\u2019opposizione \u2013 legittimamente poteva, se del caso, rivolgere all\u2019Amministrazione e al Sindaco, questo dell\u2019interrogazione in oggetto \u00e8 proprio il pi\u00f9 povero, di chi evidentemente non ha altri argomenti da opporre e nessuna proposta da presentare. Ci sarebbe infine un terzo motivo di dispiacere, perch\u00e9 l\u2019interrogazione in definitiva riguarda un rapporto personale tra me e Laveder che dura sin dalla fine degli anni \u201980 quando eravamo pi\u00f9 che \u201camici\u201d, addirittura \u201ccompagni\u201d di militanza politica nel Partito Socialista Italiano che, penso, nessuno dei due abbia mai rinnegato. A questo punto, l\u2019addebito rivoltomi con l\u2019interrogazione del Consigliere Laveder di non avergli \u201cstornato\u201d alcune spese di viaggi\u2013auto con lui sostenute e che a suo dire avevamo concordato che io gli rimborsassi sul presupposto che mi fossero riconosciute dall\u2019Amministrazione, non ha nulla di politico e neppure interessa il Comune, ma solo i nostri rapporti. Potrei ricordare a Giuliano Laveder i pranzi che nelle stesse occasioni, come in altre, ho pagato personalmente anche per il medesimo e di cui non ho neppure chiesto rimborso men che meno al commensale; potrei citare infinite altre occasioni di spese personali non rimborsate, ma non ritengo che sia il caso di \u201cscadere\u201d cos\u00ec in basso. Se Giuliano ritiene di vantar dei crediti economici nei miei confronti (non certo e non mai politici) abbia il buon gusto di \u201cpresentarmi il conto\u201d, come si dice e \u2013 per favore &#8211; eviti di portare in Consiglio Comunale personalizzazioni e recriminazioni, dando invece un effettivo contributo (come Laveder, se vuole, pu\u00f2 certo fare) alle problematiche del Comune, che sono molte e richiederebbero l\u2019apporto di tutti.<\/em><\/p><\/blockquote>\n<p>Vista la risposta Giuliano Laveder ha voluto controbattere tirando le conclusioni che qui proponiamo<\/p>\n<blockquote><p><em><a class=\"dt-pswp-item\" href=\"https:\/\/www.radiopiu.net\/wordpress\/wp-content\/uploads\/2017\/06\/GIULIANO-LAVEDER.jpg\" data-dt-img-description=\"\" data-large_image_width=\"1115\" data-large_image_height=\"1442\"><img loading=\"lazy\" decoding=\"async\" class=\"wp-image-33176 alignleft\" src=\"https:\/\/www.radiopiu.net\/wordpress\/wp-content\/uploads\/2017\/06\/GIULIANO-LAVEDER-232x300.jpg\" alt=\"\" width=\"127\" height=\"164\" \/><\/a>Riscontro la lettera in risposta (solo apparente) alla mia interrogazione circa la richiesta di rimborso, da parte del Sindaco, di spese di viaggio che in realt\u00e0 sono state da me sostenute (perch\u00e8 ho accompagnato io stesso il sindaco con la mia autovettura, in pi\u00f9 occasioni). <\/em><em>In primo luogo che il Sindaco risparmi il suo dispiacere e ogni riferimento ad amicizie e militanze passate, che sono del tutto irrilevanti rispetto all\u2019oggetto della mia interrogazione. <\/em><em>Il punto \u00e8 molto semplice: io ho accompagnato il sindaco a molti incontri, con la mia auto, senza aver ricevuto alcun rimborso delle spese e invece scopro, con stupore, che per quegli stessi viaggi il sindaco ha ottenuto il rimborso. <\/em><em>Dal tenore della risposta mi sembra che il sindaco non neghi la circostanza, cercando di \u201ccompensare\u201d la cosa con un paio di pizze e qualche toast offerti in alcune di quelle occasioni. <\/em><em>Le spese di viaggio per motivi istituzionali vanno senz&#8217;altro rimborsate, ma a condizione che siano state effettivamente sostenute.<\/em><\/p><\/blockquote>\n<p>&nbsp;<\/p>\n<p>&nbsp;<\/p>\n<p>&nbsp;<\/p>\n<hr \/>\n<blockquote class=\"wp-embedded-content\" data-secret=\"ngTqDBGTNu\"><p><a href=\"https:\/\/www.radiopiu.net\/wordpress\/le-pensioni-baby-ci-costano-7-miliardi-quanto-il-reddito-di-cittadinanza-e-quasi-2-miliardi-in-piu-di-quota-100\/\">LE PENSIONI BABY CI COSTANO 7 MILIARDI. QUANTO IL REDDITO DI CITTADINANZA E QUASI 2 MILIARDI IN PIU\u2019 DI \u201cQUOTA 100\u201d<\/a><\/p><\/blockquote>\n<p><iframe loading=\"lazy\" class=\"wp-embedded-content\" sandbox=\"allow-scripts\" security=\"restricted\" style=\"position: absolute; clip: rect(1px, 1px, 1px, 1px);\" title=\"&#8220;LE PENSIONI BABY CI COSTANO 7 MILIARDI. QUANTO IL REDDITO DI CITTADINANZA E QUASI 2 MILIARDI IN PIU\u2019 DI \u201cQUOTA 100\u201d&#8221; &#8212; Radio Pi\u00f9\" src=\"https:\/\/www.radiopiu.net\/wordpress\/le-pensioni-baby-ci-costano-7-miliardi-quanto-il-reddito-di-cittadinanza-e-quasi-2-miliardi-in-piu-di-quota-100\/embed\/#?secret=ngTqDBGTNu\" data-secret=\"ngTqDBGTNu\" width=\"600\" height=\"338\" frameborder=\"0\" marginwidth=\"0\" marginheight=\"0\" scrolling=\"no\"><\/iframe><\/p>\n<p>&nbsp;<\/p>\n<p>&nbsp;<\/p>\n<hr \/>\n<blockquote>\n<h3><\/h3>\n<h3>QUATRO CIACOLE SU AGORDO 22^PUNTATA CON THOMAS E VALENTINA &#8220;LA VECIA POPA&#8221;<\/h3>\n<\/blockquote>\n<p>Oggi Thomas e Valentina del comitato Vecia Popa ci parleranno dell&#8217;omonima manifestazione che organizzano ogni anno e che purtroppo quest&#8217;anno \u00e8 saltata. Un appuntamento fisso per grandi e piccini nel rispetto della tradizio<\/p>\n<p>https:\/\/www.facebook.com\/AdAgordoProloco\/videos\/571903113505271\/<\/p>\n<p>&nbsp;<\/p>\n<p>RACCOLTA COMPLETA<\/p>\n<blockquote class=\"wp-embedded-content\" data-secret=\"KoQJPsTRvq\"><p><a href=\"https:\/\/www.radiopiu.net\/wordpress\/quatro-ciacole-su-agort\/\">Quatro ci\u00e0cole su Agort<\/a><\/p><\/blockquote>\n<p><iframe loading=\"lazy\" class=\"wp-embedded-content\" sandbox=\"allow-scripts\" security=\"restricted\" style=\"position: absolute; clip: rect(1px, 1px, 1px, 1px);\" title=\"&#8220;Quatro ci\u00e0cole su Agort&#8221; &#8212; Radio Pi\u00f9\" src=\"https:\/\/www.radiopiu.net\/wordpress\/quatro-ciacole-su-agort\/embed\/#?secret=KoQJPsTRvq\" data-secret=\"KoQJPsTRvq\" width=\"600\" height=\"338\" frameborder=\"0\" marginwidth=\"0\" marginheight=\"0\" scrolling=\"no\"><\/iframe><\/p>\n<hr \/>\n<p>&nbsp;<\/p>\n<blockquote>\n<h2>ESTRATTI I BIGLIETTI VINCENTI DELLA LOTTERIA DELLA SAGRA DE PASCA A TAIBON<\/h2>\n<\/blockquote>\n<p><strong>TAIBON<\/strong> Sono stati estratti i biglietti della Lotteria della Sagra De Pasca di Taibon Agordino presso la sala dell&#8217;Ex Municipio alla presenza del Gruppo Sportivo Taibon e della Polizia Locale.<\/p>\n<p>https:\/\/www.facebook.com\/marcobaghy\/videos\/10223269395907222\/<\/p>\n<p><strong>QUESTI I BIGLIETTI VINCENTI DELLA LOTTERIA DELLA SAGRA DE PASCA<\/strong><\/p>\n<a href=\"https:\/\/www.radiopiu.net\/wordpress\/wp-content\/uploads\/2020\/07\/Estrazione-lotteria-Sagra-di-Pasqua-2020.pdf\" class=\"pdfemb-viewer\" style=\"\" data-width=\"max\" data-height=\"max\" data-toolbar=\"top\" data-toolbar-fixed=\"on\">Estrazione lotteria Sagra di Pasqua 2020<\/a>\n<p>&nbsp;<\/p>\n<hr \/>\n<h3 class=\"photoswipe-wrapper\"><a class=\"dt-pswp-item pspw-wrap-ready\" href=\"https:\/\/i2.wp.com\/www.radiopiu.net\/wordpress\/wp-content\/uploads\/2018\/09\/appuntamenti.jpeg?ssl=1\" data-dt-img-description=\"\" data-large_image_width=\"800\" data-large_image_height=\"100\" data-wp-editing=\"1\"><img loading=\"lazy\" decoding=\"async\" class=\"aligncenter wp-image-61958 size-full\" src=\"https:\/\/i2.wp.com\/www.radiopiu.net\/wordpress\/wp-content\/uploads\/2018\/09\/appuntamenti.jpeg?resize=800%2C100&amp;ssl=1\" sizes=\"auto, (max-width: 800px) 100vw, 800px\" srcset=\"https:\/\/i2.wp.com\/www.radiopiu.net\/wordpress\/wp-content\/uploads\/2018\/09\/appuntamenti.jpeg?w=800&amp;ssl=1 800w, https:\/\/i2.wp.com\/www.radiopiu.net\/wordpress\/wp-content\/uploads\/2018\/09\/appuntamenti.jpeg?resize=300%2C38&amp;ssl=1 300w, https:\/\/i2.wp.com\/www.radiopiu.net\/wordpress\/wp-content\/uploads\/2018\/09\/appuntamenti.jpeg?resize=768%2C96&amp;ssl=1 768w\" alt=\"\" width=\"800\" height=\"100\" \/>\u00a0<\/a><\/h3>\n<p>&nbsp;<\/p>\n<blockquote>\n<h3>SAN JACO A LIVINALLONGO<\/h3>\n<\/blockquote>\n<p><strong>LIVINALLONGO<\/strong> Sagra patronale di Pieve di Livinallongo in forma ridotta per covid. Oggi al posto del tendone\u00a0 stand gastronomico, con possibilit\u00e0 di asporto,\u00a0 messa solenne nella chiesa parrocchiale con la premiazione degli sposi che quest&#8217;anno festeggiano rispettivamente i 25, 40, 40, 50 e 60 anni di matrimonio. Angolo dedicato alla solidariet\u00e0 con il Gruppo Insieme si Pu\u00f2 Fodom. Alle 9.30 la\u00a0 Vertikal &#8211; Col de Lana, gara di corsa in montagna. Confermata anche la &#8220;Mini Vertikal, dedicata ai pi\u00f9 piccoli<\/p>\n<h3><\/h3>\n<hr \/>\n<blockquote>\n<h3><\/h3>\n<h3>ARMADIO DELLE STORIE A COLORI<\/h3>\n<\/blockquote>\n<p><strong>FALCADE<\/strong> Martedi alle 20.30 sotto il tendone sulla piana di Falcade Armadio delle storie a colori sotto le stelle: letture animate scelte e interpretate da Simone Carnielli. Organizza la proloco di Caviola e la Biblioteca Comunale di Falcade.<\/p>\n<p>&nbsp;<\/p>\n<hr \/>\n<p>&nbsp;<\/p>\n<blockquote>\n<h3>SILVIA TESSARI IN CONCERTO<\/h3>\n<\/blockquote>\n<p><strong>FALCADE<\/strong> Il 12 agosto alle 21 alla casa della giovent\u00f9 di Caviola &#8220;Inno alla gioia&#8221;, concerto della pianista Silvia Tessari. Prenotazione obbligatoria via telefono (anche messaggio) al 347 8870898. In caso di raggiungimento del numero massimo consentito sar\u00e0 previsto un secondo concerto per lo stesso giorno alle 18.<\/p>\n<p>&nbsp;<\/p>\n<hr \/>\n<blockquote>\n<h3><\/h3>\n<h3>NEOWISE LA GRANDE COMETA DEL 2020<\/h3>\n<\/blockquote>\n<p><strong>CENCENIGHE<\/strong> Venerdi 7 agosto alle 20.30 nella sala culturale del Municipio conferenza con audiovisivi di Claudio Pra, organizza la Biblioteca Comunale, Proloco, Comune di Cencenighe.<\/p>\n<p>&nbsp;<\/p>\n<hr \/>\n<blockquote>\n<h3><\/h3>\n<h3 class=\"photoswipe-wrapper\">IL RITORNO DEL CIRCO PATUF SUL BROI DI AGORDO CON LA COLLABORZIONE DI AD AGORDO PROLOCO<\/h3>\n<\/blockquote>\n<p><strong>AGORDO<\/strong> Dal 31 luglio al 9 agosto il circo Patuf sar\u00e0 sul Broi con il nuovo spettacolo \u201cVolta Pagina\u201d. Gli spettacoli sono previsti tutte le sere alle ore 21, dal 31 luglio al 9 agosto. Quest\u2019anno la prenotazione \u00e8 obbligatoria al numero 3927342915\u201d.<\/p>\n<p>&nbsp;<\/p>\n<hr \/>\n<p>&nbsp;<\/p>\n<p align=\"CENTER\"><b>ECCO DI NUOVO I MERCATINI DELL\u2019ANTIQUARIATO, HOBBISTICA E COLLEZIONISMO<\/b><\/p>\n<p align=\"JUSTIFY\"><strong class=\"photoswipe-wrapper\"><a class=\"dt-pswp-item pspw-wrap-ready\" href=\"https:\/\/i1.wp.com\/www.radiopiu.net\/wordpress\/wp-content\/uploads\/2020\/07\/AGORDO-3-agosto-2.jpg?ssl=1\" data-dt-img-description=\"\" data-large_image_width=\"1024\" data-large_image_height=\"680\"><img loading=\"lazy\" decoding=\"async\" class=\" wp-image-150935 alignleft\" src=\"https:\/\/i1.wp.com\/www.radiopiu.net\/wordpress\/wp-content\/uploads\/2020\/07\/AGORDO-3-agosto-2.jpg?resize=226%2C150&amp;ssl=1\" sizes=\"auto, (max-width: 226px) 100vw, 226px\" srcset=\"https:\/\/i1.wp.com\/www.radiopiu.net\/wordpress\/wp-content\/uploads\/2020\/07\/AGORDO-3-agosto-2.jpg?resize=300%2C199&amp;ssl=1 300w, https:\/\/i1.wp.com\/www.radiopiu.net\/wordpress\/wp-content\/uploads\/2020\/07\/AGORDO-3-agosto-2.jpg?resize=768%2C510&amp;ssl=1 768w, https:\/\/i1.wp.com\/www.radiopiu.net\/wordpress\/wp-content\/uploads\/2020\/07\/AGORDO-3-agosto-2.jpg?w=1024&amp;ssl=1 1024w\" alt=\"\" width=\"136\" height=\"90\" \/><\/a>AGORDINO<\/strong> In collaborazione con \u201cAd Agordo Pro Loco\u201d, il via sar\u00e0 dato oggi\u00a0 nel capoluogo di vallata, dove sono previsti oltre una 40.na di espositori. Seguiranno altri appuntamenti in agosto a Cencenighe, Canale d\u2019Agordo, Caprile di Alleghe e Rocca Pietore: altre notizie su <u>mercatinidelledolomitiagordine<\/u>.<\/p>\n<p>&nbsp;<\/p>\n<p>&nbsp;<\/p>\n<hr \/>\n<blockquote>\n<h2><\/h2>\n<\/blockquote>\n<div class=\"page\" title=\"Page 1\">\n<div class=\"layoutArea\">\n<div class=\"column\">\n<blockquote>\n<h3><\/h3>\n<\/blockquote>\n<\/div>\n<\/div>\n<\/div>\n<blockquote>\n<h3>MERCOLEDI E VENERDI\u00a0 CON LA FONDAZIONE PAPA LUCIANI<\/h3>\n<\/blockquote>\n<p><strong>CANALE D&#8217;AGORDO<\/strong> Tutti i mercoled\u00ec e i venerd\u00ec\u00a0 del mese di agosto alle\u00a0 10.30 passeggiata con visita guidata del centro storico di Canale d&#8217;Agordo. Dal Museo Albino Luciani con\u00a0 la storia della piazza della Pieve e della chiesa arcipretale di San Giovanni Battista, passando lungo le vie del paese alla scoperta degli affreschi caratteristici che adornano le facciate delle abitazioni del centro storico e dei fienili tipici locali. Visita al Giardino della Memoria, antica Casa delle Regole della Valle del Biois del 1640, Prima Latteria Cooperativa d&#8217;Italia per e Casa natale di Papa Luciani.\u00a0 E&#8217;obbligatoria la prenotazione allo 0437 1948001 oppure info@fondazionepapaluciani.com. Il costo del biglietto \u00e8 di \u20ac 3,00 a persona.<\/p>\n<p>&nbsp;<\/p>\n<p>&nbsp;<\/p>\n<div class=\"page\" title=\"Page 1\">\n<div class=\"layoutArea\">\n<div class=\"column\">\n<hr \/>\n<p>&nbsp;<\/p>\n<\/div>\n<\/div>\n<\/div>\n<blockquote>\n<h3>CINEMA SOTTO LE STELLE A SEDICO, MA NON SOLO CINEMA.<\/h3>\n<\/blockquote>\n<p class=\"photoswipe-wrapper\"><a class=\"dt-pswp-item pspw-wrap-ready\" href=\"https:\/\/i1.wp.com\/www.radiopiu.net\/wordpress\/wp-content\/uploads\/2020\/07\/CINEMA-SOTTO-LE-STELLE-SEDICO.jpg?ssl=1\" data-dt-img-description=\"\" data-large_image_width=\"1141\" data-large_image_height=\"1600\"><img loading=\"lazy\" decoding=\"async\" class=\" wp-image-150537 alignleft\" src=\"https:\/\/i1.wp.com\/www.radiopiu.net\/wordpress\/wp-content\/uploads\/2020\/07\/CINEMA-SOTTO-LE-STELLE-SEDICO.jpg?resize=157%2C220&amp;ssl=1\" sizes=\"auto, (max-width: 157px) 100vw, 157px\" srcset=\"https:\/\/i1.wp.com\/www.radiopiu.net\/wordpress\/wp-content\/uploads\/2020\/07\/CINEMA-SOTTO-LE-STELLE-SEDICO.jpg?resize=214%2C300&amp;ssl=1 214w, https:\/\/i1.wp.com\/www.radiopiu.net\/wordpress\/wp-content\/uploads\/2020\/07\/CINEMA-SOTTO-LE-STELLE-SEDICO.jpg?resize=730%2C1024&amp;ssl=1 730w, https:\/\/i1.wp.com\/www.radiopiu.net\/wordpress\/wp-content\/uploads\/2020\/07\/CINEMA-SOTTO-LE-STELLE-SEDICO.jpg?resize=768%2C1077&amp;ssl=1 768w, https:\/\/i1.wp.com\/www.radiopiu.net\/wordpress\/wp-content\/uploads\/2020\/07\/CINEMA-SOTTO-LE-STELLE-SEDICO.jpg?resize=1095%2C1536&amp;ssl=1 1095w, https:\/\/i1.wp.com\/www.radiopiu.net\/wordpress\/wp-content\/uploads\/2020\/07\/CINEMA-SOTTO-LE-STELLE-SEDICO.jpg?w=1141&amp;ssl=1 1141w\" alt=\"\" width=\"157\" height=\"220\" data-recalc-dims=\"1\" \/><\/a>Con la Proloco di Sedico, i mercoled\u00ec sera a Villa Patt di Sedico.\u00a0 Per chi lo desidera c\u2019\u00e8 la possibilit\u00e0 di prenotare i biglietti online, al proposito riportiamo i link della varie serate, ingresso 5 euro adulti, 2 euro bambini con chiosco, pop corn e patatine. Mercoledi 29 luglio premiazione dei volontari partecipanti al progetto Pedibus del Comune di Sedico e Ulss1 con la collaborazione del comprensivo di Sedico e della Proloco. Domenica 2 agosto presentazione dei libri dell\u2019associazione Feudo Mel: Saluti da Mel di Paolo Brunella-Dario Tonet e Ogni Maledetto Museo di Michele Da Rold. Nel corso della presentazione consegna della borsa di merito Beniamino Triches agli studenti universitari con l\u2019amministrazione comunale.<\/p>\n<p><strong>29\/07\/2020 WONDERPARK,<\/strong>\u00a0una ragazza con una grande immagnazione da una scoperta incredibile, un parco divertimenti con giostre e animali amanti del divertimento, giungono i guai ed inizia il viaggio indimenticabile:\u00a0<a href=\"https:\/\/docs.google.com\/forms\/d\/e\/1FAIpQLScwhV2I9tHwC7s9XA0LqLJYE7BdPopwbXEW4lJ9QAesAdlwYA\/viewform\">CLICCA QUI<\/a><\/p>\n<p><strong>05\/08\/2020 LA PELLE DELL\u2019ORSO<\/strong>\u00a0Anni 50 domenico vive nelle Dolomiti, il padre consumato dal vino e dalla solitudine si mette sulle tracce dell\u2019orso che minaccia la tranquillit\u00e0 della valle, padre e figlio si immergono nei boschi sempre pi\u00f9 a fondo:\u00a0<a href=\"https:\/\/docs.google.com\/forms\/d\/e\/1FAIpQLSdlVyzeY3aBwq0XTiPi4LajY2jIdzDsRvaDIq7zSKIEWT8obA\/viewform\">CLICCA QUI<\/a><\/p>\n<p><strong>12\/08\/2020 BIANCO COME IL NERO \u2013 L\u2019AURORA<\/strong>\u00a0doppio appuntamento nel primo lo scenario della Grande Guerra durante il 1917 (l\u2019an de la fam) la gente di montagna cerca di resistere alla tragedia con l\u2019aiuto dei frati della certosa. In l\u2019Aurora una donna bella fuori ma malinconica dentro che si chiude in un mondo di immersioni in apnea e creazioni sartoriali nel laboratorio dove lavora:<a href=\"https:\/\/docs.google.com\/forms\/d\/e\/1FAIpQLSdXMb0Hr099eyzGSoVYTl8WpsZW3TKfCQXQAcF__f3NRouX5Q\/viewform\">\u00a0CLICCA QUI<\/a><\/p>\n<p><strong>19\/08\/2020 ROCKETMAN<\/strong>\u00a0Un timido pianista di provincia costruisce la propria carriera e il proprio personaggio fino a divenire una delle pi\u00f9 note stelle della musica internazionale. Lui \u00e8 Reginald Dwight ovvero Elton John\u00a0<a href=\"https:\/\/docs.google.com\/forms\/d\/e\/1FAIpQLSf32PztPJJRQslTRKR5qlhJRoHr-LQLsAXpTy6U6XSL_Ykf-A\/viewform\">CLICCA QUI<\/a><\/p>\n<p>&nbsp;<\/p>\n<hr \/>\n<p>&nbsp;<\/p>\n<blockquote>\n<h3>EL CANAL DE AGORDO<\/h3>\n<\/blockquote>\n<p><strong>AGORDO<\/strong>\u00a0Scavare nel passato, storia ed archeologia da San Gottardo a Pont del Cristo. La mostra \u00e8 allestita al Museo mineralogico e paleontologico di via 5 maggio con ingresso libero. Fino al 6 settembre il venerdi, sabato e domenica dalle 10 alle 12.30 e dalle 16 alle 19. Info: archeoagordo.arca@gmail.com<\/p>\n<p>&nbsp;<\/p>\n<hr \/>\n<p>&nbsp;<\/p>\n<blockquote>\n<h2 class=\"tw-data-text tw-text-large XcVN5d tw-ta\" dir=\"ltr\" data-placeholder=\"Traduzione\"><span lang=\"en\">appointments recommended by radio pi\u00f9<\/span><\/h2>\n<\/blockquote>\n\n\t\t\t<style type='text\/css'>\n\t\t\t\t#gallery-3 {\n\t\t\t\t\tmargin: auto;\n\t\t\t\t}\n\t\t\t\t#gallery-3 .gallery-item {\n\t\t\t\t\tfloat: left;\n\t\t\t\t\tmargin-top: 10px;\n\t\t\t\t\ttext-align: center;\n\t\t\t\t\twidth: 25%;\n\t\t\t\t}\n\t\t\t\t#gallery-3 img {\n\t\t\t\t\tborder: 2px solid #cfcfcf;\n\t\t\t\t}\n\t\t\t\t#gallery-3 .gallery-caption {\n\t\t\t\t\tmargin-left: 0;\n\t\t\t\t}\n\t\t\t\t\/* see gallery_shortcode() in wp-includes\/media.php *\/\n\t\t\t<\/style>\n\t\t<div id='gallery-3' class='dt-gallery-container gallery galleryid-151343 gallery-columns-4 gallery-size-thumbnail'><dl class='gallery-item'>\n\t\t\t\t<dt class='gallery-icon portrait'>\n\t\t\t\t\t<a class=\"rollover rollover-zoom dt-pswp-item\" title=\"82799889_285851282792527_7947034300049837793_n\" data-dt-img-description=\"\" data-large_image_width=\"678\" data-large_image_height=\"960\"href='https:\/\/www.radiopiu.net\/wordpress\/wp-content\/uploads\/2020\/07\/82799889_285851282792527_7947034300049837793_n.jpg'><img loading=\"lazy\" decoding=\"async\" width=\"150\" height=\"150\" src=\"https:\/\/www.radiopiu.net\/wordpress\/wp-content\/uploads\/2020\/07\/82799889_285851282792527_7947034300049837793_n-150x150.jpg\" class=\"attachment-thumbnail size-thumbnail\" alt=\"\" \/><\/a>\n\t\t\t\t<\/dt><\/dl><dl class='gallery-item'>\n\t\t\t\t<dt class='gallery-icon landscape'>\n\t\t\t\t\t<a class=\"rollover rollover-zoom dt-pswp-item\" title=\"987da034-0d4d-4831-a578-694c73f67a5b\" data-dt-img-description=\"\" data-large_image_width=\"1600\" data-large_image_height=\"1600\"href='https:\/\/www.radiopiu.net\/wordpress\/wp-content\/uploads\/2020\/07\/987da034-0d4d-4831-a578-694c73f67a5b.jpg'><img loading=\"lazy\" decoding=\"async\" width=\"150\" height=\"150\" src=\"https:\/\/www.radiopiu.net\/wordpress\/wp-content\/uploads\/2020\/07\/987da034-0d4d-4831-a578-694c73f67a5b-150x150.jpg\" class=\"attachment-thumbnail size-thumbnail\" alt=\"\" srcset=\"https:\/\/www.radiopiu.net\/wordpress\/wp-content\/uploads\/2020\/07\/987da034-0d4d-4831-a578-694c73f67a5b-150x150.jpg 150w, https:\/\/www.radiopiu.net\/wordpress\/wp-content\/uploads\/2020\/07\/987da034-0d4d-4831-a578-694c73f67a5b-300x300.jpg 300w, https:\/\/www.radiopiu.net\/wordpress\/wp-content\/uploads\/2020\/07\/987da034-0d4d-4831-a578-694c73f67a5b-1024x1024.jpg 1024w, https:\/\/www.radiopiu.net\/wordpress\/wp-content\/uploads\/2020\/07\/987da034-0d4d-4831-a578-694c73f67a5b-768x768.jpg 768w, https:\/\/www.radiopiu.net\/wordpress\/wp-content\/uploads\/2020\/07\/987da034-0d4d-4831-a578-694c73f67a5b-1536x1536.jpg 1536w, https:\/\/www.radiopiu.net\/wordpress\/wp-content\/uploads\/2020\/07\/987da034-0d4d-4831-a578-694c73f67a5b.jpg 1600w\" sizes=\"auto, (max-width: 150px) 100vw, 150px\" \/><\/a>\n\t\t\t\t<\/dt><\/dl><dl class='gallery-item'>\n\t\t\t\t<dt class='gallery-icon portrait'>\n\t\t\t\t\t<a class=\"rollover rollover-zoom dt-pswp-item\" title=\"fb0f2285-210f-4bba-8573-b8ff07a91fa8\" data-dt-img-description=\"\" data-large_image_width=\"726\" data-large_image_height=\"1024\"href='https:\/\/www.radiopiu.net\/wordpress\/wp-content\/uploads\/2020\/07\/fb0f2285-210f-4bba-8573-b8ff07a91fa8.jpg'><img loading=\"lazy\" decoding=\"async\" width=\"150\" height=\"150\" src=\"https:\/\/www.radiopiu.net\/wordpress\/wp-content\/uploads\/2020\/07\/fb0f2285-210f-4bba-8573-b8ff07a91fa8-150x150.jpg\" class=\"attachment-thumbnail size-thumbnail\" alt=\"\" \/><\/a>\n\t\t\t\t<\/dt><\/dl><dl class='gallery-item'>\n\t\t\t\t<dt class='gallery-icon portrait'>\n\t\t\t\t\t<a class=\"rollover rollover-zoom dt-pswp-item\" title=\"446199a0-ccb6-4daa-88f9-ee34f5a4944a\" data-dt-img-description=\"\" data-large_image_width=\"1080\" data-large_image_height=\"1350\"href='https:\/\/www.radiopiu.net\/wordpress\/wp-content\/uploads\/2020\/07\/446199a0-ccb6-4daa-88f9-ee34f5a4944a.jpg'><img loading=\"lazy\" decoding=\"async\" width=\"150\" height=\"150\" src=\"https:\/\/www.radiopiu.net\/wordpress\/wp-content\/uploads\/2020\/07\/446199a0-ccb6-4daa-88f9-ee34f5a4944a-150x150.jpg\" class=\"attachment-thumbnail size-thumbnail\" alt=\"\" \/><\/a>\n\t\t\t\t<\/dt><\/dl><br style=\"clear: both\" \/><dl class='gallery-item'>\n\t\t\t\t<dt class='gallery-icon portrait'>\n\t\t\t\t\t<a class=\"rollover rollover-zoom dt-pswp-item\" title=\"8decb5e4-5a09-4396-8808-991f536b16f0\" data-dt-img-description=\"\" data-large_image_width=\"1130\" data-large_image_height=\"1600\"href='https:\/\/www.radiopiu.net\/wordpress\/wp-content\/uploads\/2020\/07\/8decb5e4-5a09-4396-8808-991f536b16f0.jpg'><img loading=\"lazy\" decoding=\"async\" width=\"150\" height=\"150\" src=\"https:\/\/www.radiopiu.net\/wordpress\/wp-content\/uploads\/2020\/07\/8decb5e4-5a09-4396-8808-991f536b16f0-150x150.jpg\" class=\"attachment-thumbnail size-thumbnail\" alt=\"\" \/><\/a>\n\t\t\t\t<\/dt><\/dl><dl class='gallery-item'>\n\t\t\t\t<dt class='gallery-icon portrait'>\n\t\t\t\t\t<a class=\"rollover rollover-zoom dt-pswp-item\" title=\"LOCANDINA MOSTRA ARCA 2019 Patrocinio\" data-dt-img-description=\"\" data-large_image_width=\"1810\" data-large_image_height=\"2560\"href='https:\/\/www.radiopiu.net\/wordpress\/wp-content\/uploads\/2020\/07\/LOCANDINA-MOSTRA-ARCA-2020-scaled.jpg'><img loading=\"lazy\" decoding=\"async\" width=\"150\" height=\"150\" src=\"https:\/\/www.radiopiu.net\/wordpress\/wp-content\/uploads\/2020\/07\/LOCANDINA-MOSTRA-ARCA-2020-150x150.jpg\" class=\"attachment-thumbnail size-thumbnail\" alt=\"\" \/><\/a>\n\t\t\t\t<\/dt><\/dl><dl class='gallery-item'>\n\t\t\t\t<dt class='gallery-icon portrait'>\n\t\t\t\t\t<a class=\"rollover rollover-zoom dt-pswp-item\" title=\"0995c87e-41e6-46f0-81e9-380485c41502\" data-dt-img-description=\"\" data-large_image_width=\"1447\" data-large_image_height=\"2048\"href='https:\/\/www.radiopiu.net\/wordpress\/wp-content\/uploads\/2020\/07\/0995c87e-41e6-46f0-81e9-380485c41502.jpg'><img loading=\"lazy\" decoding=\"async\" width=\"150\" height=\"150\" src=\"https:\/\/www.radiopiu.net\/wordpress\/wp-content\/uploads\/2020\/07\/0995c87e-41e6-46f0-81e9-380485c41502-150x150.jpg\" class=\"attachment-thumbnail size-thumbnail\" alt=\"\" \/><\/a>\n\t\t\t\t<\/dt><\/dl><dl class='gallery-item'>\n\t\t\t\t<dt class='gallery-icon portrait'>\n\t\t\t\t\t<a class=\"rollover rollover-zoom dt-pswp-item\" title=\"4dd872a2-f52d-4a12-9746-816401dfe394\" data-dt-img-description=\"\" data-large_image_width=\"1131\" data-large_image_height=\"1600\"href='https:\/\/www.radiopiu.net\/wordpress\/wp-content\/uploads\/2020\/07\/4dd872a2-f52d-4a12-9746-816401dfe394.jpg'><img loading=\"lazy\" decoding=\"async\" width=\"150\" height=\"150\" src=\"https:\/\/www.radiopiu.net\/wordpress\/wp-content\/uploads\/2020\/07\/4dd872a2-f52d-4a12-9746-816401dfe394-150x150.jpg\" class=\"attachment-thumbnail size-thumbnail\" alt=\"\" \/><\/a>\n\t\t\t\t<\/dt><\/dl><br style=\"clear: both\" \/><dl class='gallery-item'>\n\t\t\t\t<dt class='gallery-icon portrait'>\n\t\t\t\t\t<a class=\"rollover rollover-zoom dt-pswp-item\" title=\"Locandina eventi 1 (1)\" data-dt-img-description=\"\" data-large_image_width=\"1414\" data-large_image_height=\"2000\"href='https:\/\/www.radiopiu.net\/wordpress\/wp-content\/uploads\/2020\/07\/Locandina-eventi-1-1.png'><img loading=\"lazy\" decoding=\"async\" width=\"150\" height=\"150\" src=\"https:\/\/www.radiopiu.net\/wordpress\/wp-content\/uploads\/2020\/07\/Locandina-eventi-1-1-150x150.png\" class=\"attachment-thumbnail size-thumbnail\" alt=\"\" \/><\/a>\n\t\t\t\t<\/dt><\/dl><dl class='gallery-item'>\n\t\t\t\t<dt class='gallery-icon portrait'>\n\t\t\t\t\t<a class=\"rollover rollover-zoom dt-pswp-item\" title=\"Gli antichi mestieri\" data-dt-img-description=\"\" data-large_image_width=\"1240\" data-large_image_height=\"1753\"href='https:\/\/www.radiopiu.net\/wordpress\/wp-content\/uploads\/2020\/07\/Gli-antichi-mestieri.jpg'><img loading=\"lazy\" decoding=\"async\" width=\"150\" height=\"150\" src=\"https:\/\/www.radiopiu.net\/wordpress\/wp-content\/uploads\/2020\/07\/Gli-antichi-mestieri-150x150.jpg\" class=\"attachment-thumbnail size-thumbnail\" alt=\"\" \/><\/a>\n\t\t\t\t<\/dt><\/dl><dl class='gallery-item'>\n\t\t\t\t<dt class='gallery-icon portrait'>\n\t\t\t\t\t<a class=\"rollover rollover-zoom dt-pswp-item\" title=\"letture animate 28-7 stampa\" data-dt-img-description=\"\" data-large_image_width=\"1921\" data-large_image_height=\"2560\"href='https:\/\/www.radiopiu.net\/wordpress\/wp-content\/uploads\/2020\/07\/letture-animate-28-7-stampa-scaled.jpg'><img loading=\"lazy\" decoding=\"async\" width=\"150\" height=\"150\" src=\"https:\/\/www.radiopiu.net\/wordpress\/wp-content\/uploads\/2020\/07\/letture-animate-28-7-stampa-150x150.jpg\" class=\"attachment-thumbnail size-thumbnail\" alt=\"\" \/><\/a>\n\t\t\t\t<\/dt><\/dl><dl class='gallery-item'>\n\t\t\t\t<dt class='gallery-icon portrait'>\n\t\t\t\t\t<a class=\"rollover rollover-zoom dt-pswp-item\" title=\"concerto Tessari\" data-dt-img-description=\"\" data-large_image_width=\"1239\" data-large_image_height=\"1754\"href='https:\/\/www.radiopiu.net\/wordpress\/wp-content\/uploads\/2020\/07\/concerto-Tessari.jpg'><img loading=\"lazy\" decoding=\"async\" width=\"150\" height=\"150\" src=\"https:\/\/www.radiopiu.net\/wordpress\/wp-content\/uploads\/2020\/07\/concerto-Tessari-150x150.jpg\" class=\"attachment-thumbnail size-thumbnail\" alt=\"\" \/><\/a>\n\t\t\t\t<\/dt><\/dl><br style=\"clear: both\" \/><dl class='gallery-item'>\n\t\t\t\t<dt class='gallery-icon portrait'>\n\t\t\t\t\t<a class=\"rollover rollover-zoom dt-pswp-item\" title=\"ALLA SCOPERTA DI CANALE\" data-dt-img-description=\"\" data-large_image_width=\"620\" data-large_image_height=\"873\"href='https:\/\/www.radiopiu.net\/wordpress\/wp-content\/uploads\/2020\/07\/ALLA-SCOPERTA-DI-CANALE-.jpg'><img loading=\"lazy\" decoding=\"async\" width=\"150\" height=\"150\" src=\"https:\/\/www.radiopiu.net\/wordpress\/wp-content\/uploads\/2020\/07\/ALLA-SCOPERTA-DI-CANALE--150x150.jpg\" class=\"attachment-thumbnail size-thumbnail\" alt=\"\" \/><\/a>\n\t\t\t\t<\/dt><\/dl><dl class='gallery-item'>\n\t\t\t\t<dt class='gallery-icon portrait'>\n\t\t\t\t\t<a class=\"rollover rollover-zoom dt-pswp-item\" title=\"riviiiiiiidellllla2020\" data-dt-img-description=\"\" data-large_image_width=\"1754\" data-large_image_height=\"2480\"href='https:\/\/www.radiopiu.net\/wordpress\/wp-content\/uploads\/2020\/07\/riviiiiiiidellllla2020.jpg'><img loading=\"lazy\" decoding=\"async\" width=\"150\" height=\"150\" src=\"https:\/\/www.radiopiu.net\/wordpress\/wp-content\/uploads\/2020\/07\/riviiiiiiidellllla2020-150x150.jpg\" class=\"attachment-thumbnail size-thumbnail\" alt=\"\" \/><\/a>\n\t\t\t\t<\/dt><\/dl><dl class='gallery-item'>\n\t\t\t\t<dt class='gallery-icon portrait'>\n\t\t\t\t\t<a class=\"rollover rollover-zoom dt-pswp-item\" title=\"yogaandraz\" data-dt-img-description=\"\" data-large_image_width=\"905\" data-large_image_height=\"1280\"href='https:\/\/www.radiopiu.net\/wordpress\/wp-content\/uploads\/2020\/07\/yogaandraz.jpg'><img loading=\"lazy\" decoding=\"async\" width=\"150\" height=\"150\" src=\"https:\/\/www.radiopiu.net\/wordpress\/wp-content\/uploads\/2020\/07\/yogaandraz-150x150.jpg\" class=\"attachment-thumbnail size-thumbnail\" alt=\"\" \/><\/a>\n\t\t\t\t<\/dt><\/dl><dl class='gallery-item'>\n\t\t\t\t<dt class='gallery-icon portrait'>\n\t\t\t\t\t<a class=\"rollover rollover-zoom dt-pswp-item\" title=\"trekking_fotografico_DEF\" data-dt-img-description=\"\" data-large_image_width=\"905\" data-large_image_height=\"1280\"href='https:\/\/www.radiopiu.net\/wordpress\/wp-content\/uploads\/2020\/07\/trekking_fotografico_DEF.png'><img loading=\"lazy\" decoding=\"async\" width=\"150\" height=\"150\" src=\"https:\/\/www.radiopiu.net\/wordpress\/wp-content\/uploads\/2020\/07\/trekking_fotografico_DEF-150x150.png\" class=\"attachment-thumbnail size-thumbnail\" alt=\"\" \/><\/a>\n\t\t\t\t<\/dt><\/dl><br style=\"clear: both\" \/><dl class='gallery-item'>\n\t\t\t\t<dt class='gallery-icon portrait'>\n\t\t\t\t\t<a class=\"rollover rollover-zoom dt-pswp-item\" title=\"Locandina eventi 2\" data-dt-img-description=\"\" data-large_image_width=\"905\" data-large_image_height=\"1280\"href='https:\/\/www.radiopiu.net\/wordpress\/wp-content\/uploads\/2020\/07\/Locandina-eventi-2.png'><img loading=\"lazy\" decoding=\"async\" width=\"150\" height=\"150\" src=\"https:\/\/www.radiopiu.net\/wordpress\/wp-content\/uploads\/2020\/07\/Locandina-eventi-2-150x150.png\" class=\"attachment-thumbnail size-thumbnail\" alt=\"\" \/><\/a>\n\t\t\t\t<\/dt><\/dl>\n\t\t\t\t<br style='clear: both' \/>\n\t\t\t<\/div>\n\n<p>&nbsp;<\/p>\n<hr \/>\n<p>&nbsp;<\/p>\n<h2><span style=\"color: #ff0000;\">IERI ALLA RADIO\u00a0<\/span><\/h2>\n<blockquote>\n<h3><a class=\"dt-pswp-item\" href=\"https:\/\/www.radiopiu.net\/wordpress\/wp-content\/uploads\/2020\/07\/download-28.jpg\" data-dt-img-description=\"\" data-large_image_width=\"300\" data-large_image_height=\"168\"><img loading=\"lazy\" decoding=\"async\" class=\" wp-image-151348 alignleft\" src=\"https:\/\/www.radiopiu.net\/wordpress\/wp-content\/uploads\/2020\/07\/download-28.jpg\" alt=\"\" width=\"189\" height=\"106\" \/><\/a>IERI ALLA RADIO, LA RASSEGNA STAMPA DA L&#8217;AMICO DEL POPOLO DI GIANNI SANTOMASO. OSPITE CRISTINA BIEN, ASSESSORE AD<\/h3>\n<\/blockquote>\n<p><strong>AGORDO<\/strong><\/p>\n<audio class=\"wp-audio-shortcode\" id=\"audio-151343-2\" preload=\"none\" style=\"width: 100%;\" controls=\"controls\"><source type=\"audio\/mpeg\" src=\"https:\/\/www.radiopiu.net\/wordpress\/wp-content\/uploads\/2020\/07\/RASSEGNA-GIANNI-3.mp3?_=2\" \/><a href=\"https:\/\/www.radiopiu.net\/wordpress\/wp-content\/uploads\/2020\/07\/RASSEGNA-GIANNI-3.mp3\">https:\/\/www.radiopiu.net\/wordpress\/wp-content\/uploads\/2020\/07\/RASSEGNA-GIANNI-3.mp3<\/a><\/audio>\n<hr \/>\n<p>&nbsp;<\/p>\n<h2><span style=\"color: #ff0000;\">DUE MINUTI UN LIBRO\u00a0<\/span><\/h2>\n<blockquote class=\"wp-embedded-content\" data-secret=\"3XhVMHfBr3\"><p><a href=\"https:\/\/www.radiopiu.net\/wordpress\/la-notte-di-la-dai-vetri-2\/\">LA NOTTE, DI LA&#8217; DAI VETRI<\/a><\/p><\/blockquote>\n<p><iframe loading=\"lazy\" class=\"wp-embedded-content\" sandbox=\"allow-scripts\" security=\"restricted\" style=\"position: absolute; clip: rect(1px, 1px, 1px, 1px);\" title=\"&#8220;LA NOTTE, DI LA&#8217; DAI VETRI&#8221; &#8212; Radio Pi\u00f9\" src=\"https:\/\/www.radiopiu.net\/wordpress\/la-notte-di-la-dai-vetri-2\/embed\/#?secret=3XhVMHfBr3\" data-secret=\"3XhVMHfBr3\" width=\"600\" height=\"338\" frameborder=\"0\" marginwidth=\"0\" marginheight=\"0\" scrolling=\"no\"><\/iframe><\/p>\n<p><strong>LE ALTRE PUNTATE<\/strong><\/p>\n<blockquote class=\"wp-embedded-content\" data-secret=\"9n8EXm57jV\"><p><a href=\"https:\/\/www.radiopiu.net\/wordpress\/due-minuti-un-libro\/\">Due minuti un libro<\/a><\/p><\/blockquote>\n<p><iframe loading=\"lazy\" class=\"wp-embedded-content\" sandbox=\"allow-scripts\" security=\"restricted\" style=\"position: absolute; clip: rect(1px, 1px, 1px, 1px);\" title=\"&#8220;Due minuti un libro&#8221; &#8212; Radio Pi\u00f9\" src=\"https:\/\/www.radiopiu.net\/wordpress\/due-minuti-un-libro\/embed\/#?secret=9n8EXm57jV\" data-secret=\"9n8EXm57jV\" width=\"600\" height=\"338\" frameborder=\"0\" marginwidth=\"0\" marginheight=\"0\" scrolling=\"no\"><\/iframe><\/p>\n<p>&nbsp;<\/p>\n<p>&nbsp;<\/p>\n<hr \/>\n<p>&nbsp;<\/p>\n<h2><span style=\"color: #3366ff;\">IL MESSAGGIO DEI SACERDOTI A RADIO PIU&#8217;<\/span><\/h2>\n<blockquote class=\"wp-embedded-content\" data-secret=\"6HBqHbqvWx\"><p><a href=\"https:\/\/www.radiopiu.net\/wordpress\/chiesa11\/\">DON CESARE SU RADIO PIU&#8217; ALLE 7.30 E 19.30, PARROCCHIE DI AGORDO, LA VALLE E TAIBON<\/a><\/p><\/blockquote>\n<p><iframe loading=\"lazy\" class=\"wp-embedded-content\" sandbox=\"allow-scripts\" security=\"restricted\" style=\"position: absolute; clip: rect(1px, 1px, 1px, 1px);\" title=\"&#8220;DON CESARE SU RADIO PIU&#8217; ALLE 7.30 E 19.30, PARROCCHIE DI AGORDO, LA VALLE E TAIBON&#8221; &#8212; Radio Pi\u00f9\" src=\"https:\/\/www.radiopiu.net\/wordpress\/chiesa11\/embed\/#?secret=6HBqHbqvWx\" data-secret=\"6HBqHbqvWx\" width=\"600\" height=\"338\" frameborder=\"0\" marginwidth=\"0\" marginheight=\"0\" scrolling=\"no\"><\/iframe><\/p>\n<p>&nbsp;<\/p>\n<p>&nbsp;<\/p>\n<hr \/>\n<p>&nbsp;<\/p>\n<h2><span style=\"color: #339966;\">AGORDINOMERON&#8230;LA RACCOLTA<\/span><\/h2>\n<blockquote class=\"wp-embedded-content\" data-secret=\"AS4ccp2uBQ\"><p><a href=\"https:\/\/www.radiopiu.net\/wordpress\/agordinomeron\/\">AGORDINOMERON, IL TERRITORIO SI RACCONTA Da un&#8217;idea di Gianni Santomaso<\/a><\/p><\/blockquote>\n<p><iframe loading=\"lazy\" class=\"wp-embedded-content\" sandbox=\"allow-scripts\" security=\"restricted\" style=\"position: absolute; clip: rect(1px, 1px, 1px, 1px);\" title=\"&#8220;AGORDINOMERON, IL TERRITORIO SI RACCONTA Da un&#8217;idea di Gianni Santomaso&#8221; &#8212; Radio Pi\u00f9\" src=\"https:\/\/www.radiopiu.net\/wordpress\/agordinomeron\/embed\/#?secret=AS4ccp2uBQ\" data-secret=\"AS4ccp2uBQ\" width=\"600\" height=\"338\" frameborder=\"0\" marginwidth=\"0\" marginheight=\"0\" scrolling=\"no\"><\/iframe><\/p>\n<p>&nbsp;<\/p>\n<p>&nbsp;<\/p>\n<hr \/>\n<p>&nbsp;<\/p>\n<h2><span style=\"color: #808080;\">I RACCONTI DI PAOLO SOPPELSA<\/span><\/h2>\n<blockquote class=\"wp-embedded-content\" data-secret=\"HYodVhsmeO\"><p><a href=\"https:\/\/www.radiopiu.net\/wordpress\/i-racconti-di-paolo-soppelsa\/\">I racconti di Paolo Soppelsa<\/a><\/p><\/blockquote>\n<p><iframe loading=\"lazy\" class=\"wp-embedded-content\" sandbox=\"allow-scripts\" security=\"restricted\" style=\"position: absolute; clip: rect(1px, 1px, 1px, 1px);\" title=\"&#8220;I racconti di Paolo Soppelsa&#8221; &#8212; Radio Pi\u00f9\" src=\"https:\/\/www.radiopiu.net\/wordpress\/i-racconti-di-paolo-soppelsa\/embed\/#?secret=HYodVhsmeO\" data-secret=\"HYodVhsmeO\" width=\"600\" height=\"338\" frameborder=\"0\" marginwidth=\"0\" marginheight=\"0\" scrolling=\"no\"><\/iframe><\/p>\n<hr \/>\n<p>&nbsp;<\/p>\n<h2><span style=\"color: #ff00ff;\">ZAINO DA VIAGGIO AL FEMMINILE DI PAOLA LANCIATO<\/span><\/h2>\n<p>&nbsp;<\/p>\n<blockquote class=\"wp-embedded-content\" data-secret=\"dhV7mHfHsL\"><p><a href=\"https:\/\/www.radiopiu.net\/wordpress\/zaino-femminile-lanciato\/\">Zaino da viaggio al femminile<\/a><\/p><\/blockquote>\n<p><iframe loading=\"lazy\" class=\"wp-embedded-content\" sandbox=\"allow-scripts\" security=\"restricted\" style=\"position: absolute; clip: rect(1px, 1px, 1px, 1px);\" title=\"&#8220;Zaino da viaggio al femminile&#8221; &#8212; Radio Pi\u00f9\" src=\"https:\/\/www.radiopiu.net\/wordpress\/zaino-femminile-lanciato\/embed\/#?secret=dhV7mHfHsL\" data-secret=\"dhV7mHfHsL\" width=\"600\" height=\"338\" frameborder=\"0\" marginwidth=\"0\" marginheight=\"0\" scrolling=\"no\"><\/iframe><\/p>\n<hr \/>\n<p>&nbsp;<\/p>\n<p>&nbsp;<\/p>\n<p><strong class=\"photoswipe-wrapper\"><a class=\"dt-pswp-item pspw-wrap-ready\" href=\"https:\/\/i0.wp.com\/www.radiopiu.net\/wordpress\/wp-content\/uploads\/2018\/09\/viabilita.jpeg?ssl=1\" data-dt-img-description=\"\" data-large_image_width=\"800\" data-large_image_height=\"100\"><img loading=\"lazy\" decoding=\"async\" class=\"aligncenter wp-image-61954 size-full jetpack-lazy-image jetpack-lazy-image--handled\" src=\"https:\/\/i0.wp.com\/www.radiopiu.net\/wordpress\/wp-content\/uploads\/2018\/09\/viabilita.jpeg?resize=800%2C100&amp;ssl=1\" sizes=\"auto, (max-width: 800px) 100vw, 800px\" srcset=\"https:\/\/i0.wp.com\/www.radiopiu.net\/wordpress\/wp-content\/uploads\/2018\/09\/viabilita.jpeg?w=800&amp;ssl=1 800w, https:\/\/i0.wp.com\/www.radiopiu.net\/wordpress\/wp-content\/uploads\/2018\/09\/viabilita.jpeg?resize=300%2C38&amp;ssl=1 300w, https:\/\/i0.wp.com\/www.radiopiu.net\/wordpress\/wp-content\/uploads\/2018\/09\/viabilita.jpeg?resize=768%2C96&amp;ssl=1 768w\" alt=\"\" width=\"800\" height=\"100\" data-lazy-loaded=\"1\" \/><\/a><\/strong><\/p>\n<p>&nbsp;<\/p>\n<p class=\"page-title-breadcrumbs\"><strong>GOSALDO<\/strong> Dalle 8 domani e fino a mercoledi chiusura della provinciale 2 della Valle del Mis in localit\u00e0 Tiser per lavori alla rete idrica, la strada chiuder\u00e0 quattro ore al mattino dalle 8 alle 12 a altrettanto il pomeriggio dopo la pausa pranzo dalle 13 alle 17. Nei rimanenti periodi prestare attenzione al senso unico alternato regolato da semaforo<\/p>\n<div class=\"page-title-head hgroup\">\n<blockquote>\n<h3 class=\"entry-title\"><strong class=\"photoswipe-wrapper\" style=\"font-size: 14px;\">LA VALLE<\/strong><span style=\"font-size: 14px; font-weight: normal;\"> Da martedi a venerdi per collegamento della cabina elettrica E Distribuzione lungo la regionale 203 agordina lo localit\u00e0 Le Campe: dalle 8 alle 9 e dalle 16.30 alle 17.30 senso unico alternato regolato ESCLUSIVAMENTE\u00a0 da movieri. Dalle 9 alle 16.30 senso unico alternato regolato da semaforo o movieri in funzione ad esigenze di cantiere<\/span><\/h3>\n<\/blockquote>\n<\/div>\n<p><span style=\"color: #000000;\">STRADA PROVINCIALE 346 DEL PASSO SAN PELLEGRINO,\u00a0 da domani\u00a0 AL 31 LUGLIO, DALLE 8 ALLE 18, SENSO UNICO ALTERNATO REGOLATO DA SEMAFORO O MOVIERI TRA LA LOCALITA&#8217; LA MORA E CANALE D&#8217;AGORDO PER SPOSTAMENTO CAVO TELECOM<\/span><\/p>\n<p>SELVA DI CADORE \u00a0FINO AL 7 AGOSTO DALLE 7 ALLE 18 \u00a0E DAL 24 AGOSTO AL 15 SETTEMBRE SEMPRE DALLE 7 ALLE 18 (FESTIVI E PRE FESTIVI ESCLUSI) SENSO UNICO ALTERNATO CON MOVIERI O SEMAFORO IN LOCALIT\u00c0 SOLATOR. DAL CHILOMETRO 4.400 AL CHILOMETRO 5.100<\/p>\n<p>REGIONALE 48 DELLE DOLOMITI FINO AL 30 LUGLIO SENSO UNICO IN LOCALITA\u2019 LIVINE\u2019 DI LIVINALLONGO<\/p>\n<p>SP 251 FINO AL 31 LUGLIO TRA PESCUL E SELVA DI CADORE SENSO UNICO ALTERNATO REGOLATO DA SEMAFORO, ESCLUSI SABATO E DOMENICA PER POSA FIBRE OTTICHE<\/p>\n<p>PROVINCIALE 641 DI PASSO FEDAIA, FINO AL 7 AGOSTO, INCLUSI SABATO, DOMENICA, FESTIVI E PREFESTIVI, SENSO UNICO IN LOCALIT\u00c0 ROCCA PIETORE PER SOSTITUZIONI BARRIERE LATERALI<\/p>\n<p>FINO AL 7 AGOSTO SABATO E DOMENICA COMPRESI LUNGO LA 641 DI PASSO FEDAIA IN LOCALIT\u00e0 CAPANNA BILL E COL DI ROCCA, SENSO UNICO ALTERNATO CON SEMAFORO<\/p>\n<p>STRADA REGIONALE 203 AGORDINA TRA PERON E CANDATEN, FINO 31 LUGLIO ESCLUSI SABATI E DOMENICHE, DALLE 7:30 ALLE 9 E E DALLE 16:30 ALLE 18 SENSO UNICO ALTERNATO REGOLATO DA MOVIERI. NEGLI ALTRI ORARI SENSO UNICO ALTERNATO REGOLATO DA SEMAFORO PER INTERRAMENTO CAVIDOTTO E-DISTRIBUZIONE<\/p>\n<p>STRADA PROVINCIALE 30 PANORAMICA DEL COMELICO, FINO\u00a0 AL 31 LUGLIO INTERDIZIONE TOTALE ALLA VIABILITA\u2019 TRA COSTA E COSTALISSOIO PER MESSA IN SICUREZZA STRADA<\/p>\n<p>STRADA PROVINCIALE 619 DI VIGO DI CADORE, FINO\u00a0 AL 7 AGOSTO, ESCLUSI SABATI E DOMENICHE, SENSO UNICO ALTERNATO REGOLATO DA IMPIANTO SEMAFORICO O MOVIERI PER MESSA IN SICUREZZA DELLA STRADA<\/p>\n<hr \/>\n<p>&nbsp;<\/p>\n<h2><em><strong>COMUNICAZIONE ISTITUZIONALE \u2013 APP IMMUNI<\/strong><\/em><\/h2>\n<p><iframe loading=\"lazy\" title=\"Immuni App 30\" width=\"1200\" height=\"675\" src=\"https:\/\/www.youtube.com\/embed\/-XG48J62814?feature=oembed\" frameborder=\"0\" allow=\"accelerometer; autoplay; clipboard-write; encrypted-media; gyroscope; picture-in-picture\" allowfullscreen><\/iframe><\/p>\n<p>&nbsp;<\/p>\n<hr \/>\n<p>&nbsp;<\/p>\n<p class=\"photoswipe-wrapper\"><a class=\"dt-pswp-item pspw-wrap-ready\" href=\"https:\/\/i0.wp.com\/www.radiopiu.net\/wordpress\/wp-content\/uploads\/2018\/09\/WhatsApp-Image-2018-09-20-at-16.04.06.jpeg?ssl=1\" data-dt-img-description=\"\" data-large_image_width=\"800\" data-large_image_height=\"100\"><img loading=\"lazy\" decoding=\"async\" class=\"aligncenter wp-image-61378 size-full jetpack-lazy-image jetpack-lazy-image--handled\" src=\"https:\/\/i0.wp.com\/www.radiopiu.net\/wordpress\/wp-content\/uploads\/2018\/09\/WhatsApp-Image-2018-09-20-at-16.04.06.jpeg?resize=800%2C100&amp;ssl=1\" sizes=\"auto, (max-width: 800px) 100vw, 800px\" srcset=\"https:\/\/i0.wp.com\/www.radiopiu.net\/wordpress\/wp-content\/uploads\/2018\/09\/WhatsApp-Image-2018-09-20-at-16.04.06.jpeg?w=800&amp;ssl=1 800w, https:\/\/i0.wp.com\/www.radiopiu.net\/wordpress\/wp-content\/uploads\/2018\/09\/WhatsApp-Image-2018-09-20-at-16.04.06.jpeg?resize=300%2C38&amp;ssl=1 300w, https:\/\/i0.wp.com\/www.radiopiu.net\/wordpress\/wp-content\/uploads\/2018\/09\/WhatsApp-Image-2018-09-20-at-16.04.06.jpeg?resize=768%2C96&amp;ssl=1 768w\" alt=\"\" width=\"800\" height=\"100\" data-lazy-loaded=\"1\" \/><\/a><\/p>\n<p>&nbsp;<\/p>\n<p><b>Domenica 26<\/b> <b>Tempo atteso: <\/b>Tempo parzialmente soleggiato al mattino, con cielo generalmente poco nuvoloso per transito di nubi alte, pi\u00f9 variabile nella seconda parte della giornata, con alternanza di parziali e addensamenti nuvolosi, associati a una temporanea instabilit\u00e0, con rovesci o temporali sparsi, soprattutto sulle Dolomiti, perlopi\u00f9 locali sulle Prealpi. Venti in quota deboli\/moderati da nord-ovest.<br \/>\n<b>Precipitazioni: <\/b>Probabilit\u00e0 medio alta (50-75%) sulle Dolomiti di rovesci o temporali da locali a sparsi, probabilit\u00e0 medio bassa (25-50%) sulle zone prealpine di qualche locale rovescio o temporale.<br \/>\n<b>Temperature: <\/b>Senza notevoli variazioni, salvo qualche lieve aumento soprattutto della massime, con valori prossimi alla norma. Su Prealpi a 1500 m min 11\u00b0C max 17 \u00b0C, a 2000 m min 7\u00b0 max 14\u00b0C, su Dolomiti a 2000 m min 7\u00b0, max 15\u00b0C e a 3000 m min 1\u00b0, max 7\u00b0C<br \/>\n<b>Venti: <\/b>Nelle valli, generalmente deboli di direzione variabile, con locali moderati rinforzi di brezza o in caso di temporale; in quota deboli\/moderati dai quadranti occidentali a 10-15 km\/h a 2000 m, a 15-20 km\/h a 3000 m.<\/p>\n<hr \/>\n<p><b>Lunedi 27<\/b> <b>Tempo atteso: <\/b>Al mattino cielo sereno o poco nuvoloso e modesta variabilit\u00e0 nella seconda parte della giornata per nubi cumuliformi, associate a una bassa probabilit\u00e0 di qualche occasionale rovescio o temporale.<br \/>\n<b>Precipitazioni: <\/b>Generalmente assenti, salvo una probabilit\u00e0 molto bassa (0-5%) di occasionali o isolati temporali.<br \/>\n<b>Temperature: <\/b>Temperature in ulteriore lieve aumento, con clima tipicamente estivo e importante escursione termica giornaliera. Su Prealpi a 1500 m min 12\u00b0C max 19 \u00b0C, a 2000 m min 8\u00b0 max 17\u00b0C, su Dolomiti a 2000 m min 9\u00b0, max 18\u00b0C e a 3000 m min 0\u00b0, max 9\u00b0C. Nelle valli di direzione<br \/>\n<b>Venti: <\/b>Nelle valli, generalmente deboli di direzione variabile, con locali moderati rinforzi di brezza; in quota deboli\/moderati da ovest, nord-ovest a 5-10 km\/h a 2000 m, a 10-20 km\/h a 3000 m.<\/p>\n<hr \/>\n<p><b>Martedi 28<\/b>Tempo ancora ben soleggiato al mattino e variabile nella seconda parte della giornata per formazione di nubi a carattere cumuliforme; non si esclude qualche isolata precipitazione specie sulle Dolomiti. Temperature ancora in aumento anche se lieve con valori superiori alla norma e importante escursione termica giornaliera. Venti in quota generalmente deboli occidentali.<\/p>\n<hr \/>\n<p><b>Mercoledi 29<\/b>Tempo variabile a tratti moderatamente instabile. Temperatute minime in contenuto aumento, massime in lieve o contenuto calo, ma ancora di stampo estivo. Previsore M.Padoan<\/p>\n<p>&nbsp;<\/p>\n<p>&nbsp;<\/p>\n<p><iframe loading=\"lazy\" title=\"Spot Buttalibene TV\" width=\"1200\" height=\"675\" src=\"https:\/\/www.youtube.com\/embed\/fjHWpfyAevE?feature=oembed\" frameborder=\"0\" allow=\"accelerometer; autoplay; clipboard-write; encrypted-media; gyroscope; picture-in-picture\" allowfullscreen><\/iframe><\/p>\n<p>&nbsp;<\/p>\n<hr \/>\n<p>&nbsp;<\/p>\n<p class=\"photoswipe-wrapper\"><a class=\"dt-pswp-item pspw-wrap-ready\" href=\"https:\/\/i1.wp.com\/www.radiopiu.net\/wordpress\/wp-content\/uploads\/2018\/09\/sport.jpg?ssl=1\" data-dt-img-description=\"\" data-large_image_width=\"800\" data-large_image_height=\"100\"><img loading=\"lazy\" decoding=\"async\" class=\"wp-image-60761 size-full aligncenter\" src=\"https:\/\/i1.wp.com\/www.radiopiu.net\/wordpress\/wp-content\/uploads\/2018\/09\/sport.jpg?resize=800%2C100&amp;ssl=1\" sizes=\"auto, (max-width: 800px) 100vw, 800px\" srcset=\"https:\/\/i1.wp.com\/www.radiopiu.net\/wordpress\/wp-content\/uploads\/2018\/09\/sport.jpg?w=800&amp;ssl=1 800w, https:\/\/i1.wp.com\/www.radiopiu.net\/wordpress\/wp-content\/uploads\/2018\/09\/sport.jpg?resize=300%2C38&amp;ssl=1 300w, https:\/\/i1.wp.com\/www.radiopiu.net\/wordpress\/wp-content\/uploads\/2018\/09\/sport.jpg?resize=768%2C96&amp;ssl=1 768w\" alt=\"\" width=\"800\" height=\"100\" data-recalc-dims=\"1\" \/><\/a><\/p>\n<p>&nbsp;<\/p>\n<blockquote>\n<h3>CON LA TRANSPELMO SI VINCE LA PARTECIPAZIONE GRATUITA AL GOLDEN TRAIL CHAMPIONSHIP<\/h3>\n<\/blockquote>\n<p><b><a class=\"dt-pswp-item\" href=\"https:\/\/www.radiopiu.net\/wordpress\/wp-content\/uploads\/2020\/07\/golden-segment-transpelmo-2020.jpeg\" data-dt-img-description=\"\" data-large_image_width=\"1600\" data-large_image_height=\"610\"><img loading=\"lazy\" decoding=\"async\" class=\"size-medium wp-image-151341 alignleft\" src=\"https:\/\/www.radiopiu.net\/wordpress\/wp-content\/uploads\/2020\/07\/golden-segment-transpelmo-2020-300x114.jpeg\" alt=\"\" width=\"300\" height=\"114\" srcset=\"https:\/\/www.radiopiu.net\/wordpress\/wp-content\/uploads\/2020\/07\/golden-segment-transpelmo-2020-300x114.jpeg 300w, https:\/\/www.radiopiu.net\/wordpress\/wp-content\/uploads\/2020\/07\/golden-segment-transpelmo-2020-1024x390.jpeg 1024w, https:\/\/www.radiopiu.net\/wordpress\/wp-content\/uploads\/2020\/07\/golden-segment-transpelmo-2020-768x293.jpeg 768w, https:\/\/www.radiopiu.net\/wordpress\/wp-content\/uploads\/2020\/07\/golden-segment-transpelmo-2020-1536x586.jpeg 1536w, https:\/\/www.radiopiu.net\/wordpress\/wp-content\/uploads\/2020\/07\/golden-segment-transpelmo-2020.jpeg 1600w\" sizes=\"auto, (max-width: 300px) 100vw, 300px\" \/><\/a>VAL DI ZOLDO <\/b>\u00a0La Transpelmo, evento di trail running che si svolge in Val di Zoldo (Belluno) e che era in programma il 6 settembre, quest\u2019anno a causa dell\u2019emergenza sanitaria legata al Covid -19 si svolger\u00e0 solamente in modalit\u00e0 individuale, attraverso l\u2019iniziativa che abbina reale e virtuale (utilizzando Strava) presentata nelle settimane scorse, denominata Transpelmo 2020 Challenge &amp; Emotion. Iniziativa che ora si arricchisce di un notevole motivo di interesse: il percorso Classic (il tracciato tradizionale della Transpelmo, 16 chilometri di sviluppo e 1300 metri di dislivello positivo attorno al Pelmo, con partenza e arrivo a Palafav\u00e8ra) \u00e8 stato infatti inserito tra i Golden Segment che consentiranno, ai due vincitori, di partecipare gratuitamente al Golden Trail Championship proposti da Salomon alla Azzorre dal 29 ottobre all\u20191 novembre.\u00a0 Per tutte le informazioni sul Golden Trail Championship: <a href=\"http:\/\/www.goldentrailseries.com\/it\/gtwc-rules\/\">www.goldentrailseries.com\/it\/gtwc-rules\/<\/a>\u00a0 Per il dettaglio sul tracciato Transpelmo: <a href=\"http:\/\/www.transpelmo.com\">www.transpelmo.com<\/a><\/p>\n","protected":false},"excerpt":{"rendered":"<p>PER RICEVERE QUESTO NOTIZIARIO DIRETTAMENTE SUL TUO CELLULARE ISCRIVITI AL CANALE TELEGRAM\u00a0\u201cRADIO PIU\u00a0 INFORMAZIONE ATTENZIONE: LA NUOVA APP PER IOS-IPHONE https:\/\/apps.apple.com\/it\/app\/radio-pi%C3%B9-emittente-agordina\/id1515939845 ATTENZIONE: LA NUOVA APP RADIO\u00a0 PER ANDROID https:\/\/play.google.com\/store\/apps\/details?id=net.radiopiu.iniko\u00a0\u00a0 &nbsp; IL VIDEO DEL GIORNO, DI DIEGO RIVA Ieri il lupo sul Migognon alle 7.45 del mattino &nbsp; &nbsp; STRADA DEL MIS: CHIUSA ANCHE DOMANI MARTEDI&hellip;<\/p>\n","protected":false},"author":1,"featured_media":151324,"comment_status":"closed","ping_status":"closed","sticky":false,"template":"","format":"standard","meta":{"_monsterinsights_skip_tracking":false,"_monsterinsights_sitenote_active":false,"_monsterinsights_sitenote_note":"","_monsterinsights_sitenote_category":0,"footnotes":""},"categories":[1,86,49],"tags":[],"class_list":["post-151343","post","type-post","status-publish","format-standard","has-post-thumbnail","hentry","category-senza-categoria","category-gr","category-news-18","category-1","category-86","category-49","description-off"],"img_url":"https:\/\/www.radiopiu.net\/wordpress\/wp-content\/uploads\/2020\/07\/d3e30e4d-4791-4084-a25a-e9e238e9233b.jpg","_links":{"self":[{"href":"https:\/\/www.radiopiu.net\/wordpress\/wp-json\/wp\/v2\/posts\/151343","targetHints":{"allow":["GET"]}}],"collection":[{"href":"https:\/\/www.radiopiu.net\/wordpress\/wp-json\/wp\/v2\/posts"}],"about":[{"href":"https:\/\/www.radiopiu.net\/wordpress\/wp-json\/wp\/v2\/types\/post"}],"author":[{"embeddable":true,"href":"https:\/\/www.radiopiu.net\/wordpress\/wp-json\/wp\/v2\/users\/1"}],"replies":[{"embeddable":true,"href":"https:\/\/www.radiopiu.net\/wordpress\/wp-json\/wp\/v2\/comments?post=151343"}],"version-history":[{"count":0,"href":"https:\/\/www.radiopiu.net\/wordpress\/wp-json\/wp\/v2\/posts\/151343\/revisions"}],"wp:featuredmedia":[{"embeddable":true,"href":"https:\/\/www.radiopiu.net\/wordpress\/wp-json\/wp\/v2\/media\/151324"}],"wp:attachment":[{"href":"https:\/\/www.radiopiu.net\/wordpress\/wp-json\/wp\/v2\/media?parent=151343"}],"wp:term":[{"taxonomy":"category","embeddable":true,"href":"https:\/\/www.radiopiu.net\/wordpress\/wp-json\/wp\/v2\/categories?post=151343"},{"taxonomy":"post_tag","embeddable":true,"href":"https:\/\/www.radiopiu.net\/wordpress\/wp-json\/wp\/v2\/tags?post=151343"}],"curies":[{"name":"wp","href":"https:\/\/api.w.org\/{rel}","templated":true}]}}