{"id":151406,"date":"2020-07-26T06:51:03","date_gmt":"2020-07-26T04:51:03","guid":{"rendered":"https:\/\/www.radiopiu.net\/wordpress\/?p=151406"},"modified":"2020-07-26T06:51:03","modified_gmt":"2020-07-26T04:51:03","slug":"incidente-nel-bosco-elicottero-a-livinallongo-per-soccorrere-un-biker-gravemente-ferito","status":"publish","type":"post","link":"https:\/\/www.radiopiu.net\/wordpress\/incidente-nel-bosco-elicottero-a-livinallongo-per-soccorrere-un-biker-gravemente-ferito\/","title":{"rendered":"INCIDENTE NEL BOSCO, ELICOTTERO A LIVINALLONGO PER SOCCORRERE UN BIKER GRAVEMENTE FERITO"},"content":{"rendered":"<p>&nbsp;<\/p>\n<h3><\/h3>\n<p><strong>LIVINALLONGO\u00a0<\/strong> N.D. 55 anni di Arabba \u00a0\u00e8 rimasto gravemente ferito, mentre in\u00a0 trial stava percorrendo la\u00a0 silvo-pastorale a Livin\u00e8, \u00e8 stato\u00a0 trasportato in elicottero all&#8217;ospedale San Martino di Belluno per un grave trauma facciale.\u00a0 L&#8217;uomo \u00e8 stato inizialmente soccorso\u00a0 dai sanitari dell&#8217;ambulanza della Croce Bianca di Arabba in seguito l&#8217;intervento dell&#8217;elicottero Leone di Treviso Emergenza per il trasferimento al Pronto soccorso. Sul posto i carabinieri della stazione di Arabba per i rilievi.\u00a0 N.D. \u00e8 molto conosciuto ad Arabba, perch\u00e9 fa parte della Scuola Sci e snowboard Dolomites R\u00e8ba e gestisce il negozio Ski Service.<\/p>\n<div style=\"width: 848px;\" class=\"wp-video\"><video class=\"wp-video-shortcode\" id=\"video-151406-1\" width=\"848\" height=\"480\" preload=\"metadata\" controls=\"controls\"><source type=\"video\/mp4\" src=\"https:\/\/www.radiopiu.net\/wordpress\/wp-content\/uploads\/2020\/07\/WhatsApp-Video-2020-07-25-at-14.28.13.mp4?_=1\" \/><a href=\"https:\/\/www.radiopiu.net\/wordpress\/wp-content\/uploads\/2020\/07\/WhatsApp-Video-2020-07-25-at-14.28.13.mp4\">https:\/\/www.radiopiu.net\/wordpress\/wp-content\/uploads\/2020\/07\/WhatsApp-Video-2020-07-25-at-14.28.13.mp4<\/a><\/video><\/div>\n<p>&nbsp;<\/p>\n<p>&nbsp;<\/p>\n","protected":false},"excerpt":{"rendered":"<p>&nbsp; LIVINALLONGO\u00a0 N.D. 55 anni di Arabba \u00a0\u00e8 rimasto gravemente ferito, mentre in\u00a0 trial stava percorrendo la\u00a0 silvo-pastorale a Livin\u00e8, \u00e8 stato\u00a0 trasportato in elicottero all&#8217;ospedale San Martino di Belluno per un grave trauma facciale.\u00a0 L&#8217;uomo \u00e8 stato inizialmente soccorso\u00a0 dai sanitari dell&#8217;ambulanza della Croce Bianca di Arabba in seguito l&#8217;intervento dell&#8217;elicottero Leone di Treviso&hellip;<\/p>\n","protected":false},"author":1,"featured_media":151345,"comment_status":"closed","ping_status":"closed","sticky":false,"template":"","format":"standard","meta":{"_monsterinsights_skip_tracking":false,"_monsterinsights_sitenote_active":false,"_monsterinsights_sitenote_note":"","_monsterinsights_sitenote_category":0,"footnotes":""},"categories":[51,49],"tags":[],"class_list":["post-151406","post","type-post","status-publish","format-standard","has-post-thumbnail","hentry","category-evidenza-top","category-news-18","category-51","category-49","description-off"],"img_url":"https:\/\/www.radiopiu.net\/wordpress\/wp-content\/uploads\/2020\/07\/054c0e6c-e86d-4e38-882e-597f5e85ab03.jpg","_links":{"self":[{"href":"https:\/\/www.radiopiu.net\/wordpress\/wp-json\/wp\/v2\/posts\/151406","targetHints":{"allow":["GET"]}}],"collection":[{"href":"https:\/\/www.radiopiu.net\/wordpress\/wp-json\/wp\/v2\/posts"}],"about":[{"href":"https:\/\/www.radiopiu.net\/wordpress\/wp-json\/wp\/v2\/types\/post"}],"author":[{"embeddable":true,"href":"https:\/\/www.radiopiu.net\/wordpress\/wp-json\/wp\/v2\/users\/1"}],"replies":[{"embeddable":true,"href":"https:\/\/www.radiopiu.net\/wordpress\/wp-json\/wp\/v2\/comments?post=151406"}],"version-history":[{"count":0,"href":"https:\/\/www.radiopiu.net\/wordpress\/wp-json\/wp\/v2\/posts\/151406\/revisions"}],"wp:featuredmedia":[{"embeddable":true,"href":"https:\/\/www.radiopiu.net\/wordpress\/wp-json\/wp\/v2\/media\/151345"}],"wp:attachment":[{"href":"https:\/\/www.radiopiu.net\/wordpress\/wp-json\/wp\/v2\/media?parent=151406"}],"wp:term":[{"taxonomy":"category","embeddable":true,"href":"https:\/\/www.radiopiu.net\/wordpress\/wp-json\/wp\/v2\/categories?post=151406"},{"taxonomy":"post_tag","embeddable":true,"href":"https:\/\/www.radiopiu.net\/wordpress\/wp-json\/wp\/v2\/tags?post=151406"}],"curies":[{"name":"wp","href":"https:\/\/api.w.org\/{rel}","templated":true}]}}