{"id":151412,"date":"2020-07-26T07:09:34","date_gmt":"2020-07-26T05:09:34","guid":{"rendered":"https:\/\/www.radiopiu.net\/wordpress\/?p=151412"},"modified":"2020-07-26T07:09:34","modified_gmt":"2020-07-26T05:09:34","slug":"interrogazioni-risposte-contro-risposte","status":"publish","type":"post","link":"https:\/\/www.radiopiu.net\/wordpress\/interrogazioni-risposte-contro-risposte\/","title":{"rendered":"INTERROGAZIONI, RISPOSTE, CONTRO RISPOSTE."},"content":{"rendered":"<blockquote>\n<h3><\/h3>\n<\/blockquote>\n<p><strong>RIVAMONTE<\/strong> In un recente consiglio comunale trasmesso in diretta facebook e poi riproposto alla radio il consigliere Giuliano Laveder aveva interrogato il sindaco che lo scorso 1 luglio ha protocollato la risposta in Comune.<\/p>\n<blockquote><p><em><a class=\"dt-pswp-item\" href=\"https:\/\/www.radiopiu.net\/wordpress\/wp-content\/uploads\/2017\/05\/GIOVANNI-NINO-DEON.jpg\" data-dt-img-description=\"\" data-large_image_width=\"745\" data-large_image_height=\"721\"><img loading=\"lazy\" decoding=\"async\" class=\"size-medium wp-image-32109 alignleft\" src=\"https:\/\/www.radiopiu.net\/wordpress\/wp-content\/uploads\/2017\/05\/GIOVANNI-NINO-DEON-300x290.jpg\" alt=\"\" width=\"300\" height=\"290\" \/><\/a>L\u2019interrogazione del Consigliere Giuliano Laveder \u00e8 per me motivo di doppio dispiacere: prima di tutto perch\u00e9 Giuliano Laveder era stato scelto da me come mio Assessore al quale avevo dato totale fiducia, anche di condivisione dei programmi e prospettive amministrative e politiche del nostro Comune. Fiducia rinnovata e mantenuta anche quando vi sarebbero stati motivi per revocarla: alla fine, l\u2019Assessore si \u00e8 dimesso con una scusa banale, \u201cmotivi di salute\u201d, per la quale certo non vi sarebbero stati presupposti per una discussione in Consiglio. Il secondo dispiacere perch\u00e9 di tutti gli \u201cattacchi\u201d politici che Laveder \u2013 nel frattempo transitato nei banchi dell\u2019opposizione \u2013 legittimamente poteva, se del caso, rivolgere all\u2019Amministrazione e al Sindaco, questo dell\u2019interrogazione in oggetto \u00e8 proprio il pi\u00f9 povero, di chi evidentemente non ha altri argomenti da opporre e nessuna proposta da presentare. Ci sarebbe infine un terzo motivo di dispiacere, perch\u00e9 l\u2019interrogazione in definitiva riguarda un rapporto personale tra me e Laveder che dura sin dalla fine degli anni \u201980 quando eravamo pi\u00f9 che \u201camici\u201d, addirittura \u201ccompagni\u201d di militanza politica nel Partito Socialista Italiano che, penso, nessuno dei due abbia mai rinnegato. A questo punto, l\u2019addebito rivoltomi con l\u2019interrogazione del Consigliere Laveder di non avergli \u201cstornato\u201d alcune spese di viaggi\u2013auto con lui sostenute e che a suo dire avevamo concordato che io gli rimborsassi sul presupposto che mi fossero riconosciute dall\u2019Amministrazione, non ha nulla di politico e neppure interessa il Comune, ma solo i nostri rapporti. Potrei ricordare a Giuliano Laveder i pranzi che nelle stesse occasioni, come in altre, ho pagato personalmente anche per il medesimo e di cui non ho neppure chiesto rimborso men che meno al commensale; potrei citare infinite altre occasioni di spese personali non rimborsate, ma non ritengo che sia il caso di \u201cscadere\u201d cos\u00ec in basso. Se Giuliano ritiene di vantar dei crediti economici nei miei confronti (non certo e non mai politici) abbia il buon gusto di \u201cpresentarmi il conto\u201d, come si dice e \u2013 per favore &#8211; eviti di portare in Consiglio Comunale personalizzazioni e recriminazioni, dando invece un effettivo contributo (come Laveder, se vuole, pu\u00f2 certo fare) alle problematiche del Comune, che sono molte e richiederebbero l\u2019apporto di tutti.<\/em><\/p><\/blockquote>\n<p>Vista la risposta Giuliano Laveder ha voluto controbattere tirando le conclusioni che qui proponiamo<\/p>\n<blockquote><p><em><a class=\"dt-pswp-item\" href=\"https:\/\/www.radiopiu.net\/wordpress\/wp-content\/uploads\/2017\/06\/GIULIANO-LAVEDER.jpg\" data-dt-img-description=\"\" data-large_image_width=\"1115\" data-large_image_height=\"1442\"><img loading=\"lazy\" decoding=\"async\" class=\"wp-image-33176 alignleft\" src=\"https:\/\/www.radiopiu.net\/wordpress\/wp-content\/uploads\/2017\/06\/GIULIANO-LAVEDER-232x300.jpg\" alt=\"\" width=\"127\" height=\"164\" \/><\/a>Riscontro la lettera in risposta (solo apparente) alla mia interrogazione circa la richiesta di rimborso, da parte del Sindaco, di spese di viaggio che in realt\u00e0 sono state da me sostenute (perch\u00e8 ho accompagnato io stesso il sindaco con la mia autovettura, in pi\u00f9 occasioni). <\/em><em>In primo luogo che il Sindaco risparmi il suo dispiacere e ogni riferimento ad amicizie e militanze passate, che sono del tutto irrilevanti rispetto all\u2019oggetto della mia interrogazione. <\/em><em>Il punto \u00e8 molto semplice: io ho accompagnato il sindaco a molti incontri, con la mia auto, senza aver ricevuto alcun rimborso delle spese e invece scopro, con stupore, che per quegli stessi viaggi il sindaco ha ottenuto il rimborso. <\/em><em>Dal tenore della risposta mi sembra che il sindaco non neghi la circostanza, cercando di \u201ccompensare\u201d la cosa con un paio di pizze e qualche toast offerti in alcune di quelle occasioni. <\/em><em>Le spese di viaggio per motivi istituzionali vanno senz&#8217;altro rimborsate, ma a condizione che siano state effettivamente sostenute.<\/em><\/p><\/blockquote>\n<p>&nbsp;<\/p>\n<p>&nbsp;<\/p>\n<p>&nbsp;<\/p>\n","protected":false},"excerpt":{"rendered":"<p>RIVAMONTE In un recente consiglio comunale trasmesso in diretta facebook e poi riproposto alla radio il consigliere Giuliano Laveder aveva interrogato il sindaco che lo scorso 1 luglio ha protocollato la risposta in Comune. L\u2019interrogazione del Consigliere Giuliano Laveder \u00e8 per me motivo di doppio dispiacere: prima di tutto perch\u00e9 Giuliano Laveder era stato scelto&hellip;<\/p>\n","protected":false},"author":1,"featured_media":147446,"comment_status":"closed","ping_status":"closed","sticky":false,"template":"","format":"standard","meta":{"_monsterinsights_skip_tracking":false,"_monsterinsights_sitenote_active":false,"_monsterinsights_sitenote_note":"","_monsterinsights_sitenote_category":0,"footnotes":""},"categories":[49],"tags":[],"class_list":["post-151412","post","type-post","status-publish","format-standard","has-post-thumbnail","hentry","category-news-18","category-49","description-off"],"img_url":"https:\/\/www.radiopiu.net\/wordpress\/wp-content\/uploads\/2020\/07\/217485a3-a99a-46a7-9046-985b56947416.jpg","_links":{"self":[{"href":"https:\/\/www.radiopiu.net\/wordpress\/wp-json\/wp\/v2\/posts\/151412","targetHints":{"allow":["GET"]}}],"collection":[{"href":"https:\/\/www.radiopiu.net\/wordpress\/wp-json\/wp\/v2\/posts"}],"about":[{"href":"https:\/\/www.radiopiu.net\/wordpress\/wp-json\/wp\/v2\/types\/post"}],"author":[{"embeddable":true,"href":"https:\/\/www.radiopiu.net\/wordpress\/wp-json\/wp\/v2\/users\/1"}],"replies":[{"embeddable":true,"href":"https:\/\/www.radiopiu.net\/wordpress\/wp-json\/wp\/v2\/comments?post=151412"}],"version-history":[{"count":0,"href":"https:\/\/www.radiopiu.net\/wordpress\/wp-json\/wp\/v2\/posts\/151412\/revisions"}],"wp:featuredmedia":[{"embeddable":true,"href":"https:\/\/www.radiopiu.net\/wordpress\/wp-json\/wp\/v2\/media\/147446"}],"wp:attachment":[{"href":"https:\/\/www.radiopiu.net\/wordpress\/wp-json\/wp\/v2\/media?parent=151412"}],"wp:term":[{"taxonomy":"category","embeddable":true,"href":"https:\/\/www.radiopiu.net\/wordpress\/wp-json\/wp\/v2\/categories?post=151412"},{"taxonomy":"post_tag","embeddable":true,"href":"https:\/\/www.radiopiu.net\/wordpress\/wp-json\/wp\/v2\/tags?post=151412"}],"curies":[{"name":"wp","href":"https:\/\/api.w.org\/{rel}","templated":true}]}}