{"id":151450,"date":"2020-07-26T11:23:50","date_gmt":"2020-07-26T09:23:50","guid":{"rendered":"https:\/\/www.radiopiu.net\/wordpress\/?p=151450"},"modified":"2020-07-26T11:23:50","modified_gmt":"2020-07-26T09:23:50","slug":"un-nuovo-direttivo-per-gli-amici-delle-scuole-in-rete","status":"publish","type":"post","link":"https:\/\/www.radiopiu.net\/wordpress\/un-nuovo-direttivo-per-gli-amici-delle-scuole-in-rete\/","title":{"rendered":"UN NUOVO DIRETTIVO PER GLI AMICI DELLE SCUOLE IN RETE"},"content":{"rendered":"<p>&nbsp;<\/p>\n<blockquote>\n<h3><em>Un bilancio assai lusinghiero con prospettive di crescita ancora pi\u00f9 ambiziose, per una associazione nata solo poco pi\u00f9 di 4 anni fa per sostenere le Scuole in Rete, la corresponsabilit\u00e0 educativa e intergenerazionale della nostra comunit\u00e0 provinciale e il protagonismo dei giovani.<\/em><\/h3>\n<\/blockquote>\n<p><strong><a class=\"dt-pswp-item\" href=\"https:\/\/www.radiopiu.net\/wordpress\/wp-content\/uploads\/2020\/07\/IMG-20191102-WA0002.jpg\" data-dt-img-description=\"\" data-large_image_width=\"1219\" data-large_image_height=\"686\"><img loading=\"lazy\" decoding=\"async\" class=\" wp-image-151452 alignleft\" src=\"https:\/\/www.radiopiu.net\/wordpress\/wp-content\/uploads\/2020\/07\/IMG-20191102-WA0002-300x169.jpg\" alt=\"\" width=\"339\" height=\"191\" srcset=\"https:\/\/www.radiopiu.net\/wordpress\/wp-content\/uploads\/2020\/07\/IMG-20191102-WA0002-300x169.jpg 300w, https:\/\/www.radiopiu.net\/wordpress\/wp-content\/uploads\/2020\/07\/IMG-20191102-WA0002-1024x576.jpg 1024w, https:\/\/www.radiopiu.net\/wordpress\/wp-content\/uploads\/2020\/07\/IMG-20191102-WA0002-768x432.jpg 768w, https:\/\/www.radiopiu.net\/wordpress\/wp-content\/uploads\/2020\/07\/IMG-20191102-WA0002.jpg 1219w\" sizes=\"auto, (max-width: 339px) 100vw, 339px\" \/><\/a>BELLUNO<\/strong> L&#8217;Assemblea degli Amici delle Scuole in Rete ha eletto Il Direttivo, evidenziando sempre di pi\u00f9 l&#8217;anima intergenerazionale e provinciale dell&#8217;associazione. La studentessa Anna Petra Ruoso di Pieve di Cadore, infatti, sostituisce l&#8217;ing. Marco Rossato, dimissionario per motivi personali, e con gli studenti Lorenzo Chiesura, Antonio Da Col e Giovanni Bino, riconfermato vicepresidente, formano la nutrita squadra di giovani che accompagneranno la presidente Daniela Mangiola, riconfermata nel ruolo, Danilo Zanon, tesoriere, Concetta Spadaro, dirigente scolastico in pensione, in sostituzione di Francesco Masut, e, a completare la squadra, Franco Chemello e Paolo Capraro. La presidente ha ringraziato per l&#8217;ottimo lavoro fin qui svolto i due membri uscenti e ha presentato i risultati assai lusinghieri delle attivit\u00e0 dell&#8217;Associazione, nonostante l&#8217;interruzione imposta dal Lockdown: il coinvolgimento di quasi 5.000 studenti nelle attivit\u00e0 svolte in collaborazione con Le Scuole in rete per un Mondo di Solidariet\u00e0 e Pace e con la Consulta Provinciale degli Studenti; il supporto a 1.000 studenti per l&#8217;organizzazione delle attivit\u00e0 nelle assemblee di Istituto; 220 studenti coinvolti nell&#8217;approfondito corsi di formazione &#8220;Dai Balcani una lezione dell&#8217;Europa&#8221; alla ricerca dei meccanismi delle guerre del passato e del presente, percorso che doveva portare sui luoghi della guerra nella ex Jugoslavia con un viaggio purtroppo annullato all&#8217;ultima a causa della pandemia; i corsi di formazione per 100 docenti, le iniziative di teatro Civile, gli incontri di approfondimento offerti agli studenti e al pubblico con firme prestigiose come Ezio Mauro, Paolo Rumiz, Frediano Sessi, Raffaele Crocco ed altri; il viaggio organizzato per gli adulti per approfondire il tema della valorizzazione, anche economica, del nostro paese combattendo le rapine al nostro patrimonio culturale e ambientale operate dalle mafie, dal disinteresse e dall&#8217;incuria; il supporto agli studenti durante il lockdown, le sempre pi\u00f9 numerose e strette collaborazioni con enti ed associazioni e le recenti attivit\u00e0 di volontariato informatico estivo. Si sottolinea l&#8217;importanza di queste utile a supporto degli studenti e delle famiglie in difficolt\u00e0 nel seguire la didattica a distanza e a favore degli anziani, particolarmente colpiti dall&#8217;isolamento imposto dalle difficolt\u00e0 nel destreggiare gli strumenti digitali in tempi di coronavirus, in cui il digitale se rende sempre pi\u00f9 necessario per rimanere collegati con il mondo, nonostante il distanziamento sociale.\u00a0 Infine notevole l&#8217;entusiasmo degli studenti volontari e il gradimento dei corsisti nel seguire a distanza in modo personalizzato gli anziani sull&#8217;uso dei computer e dello smarphone, le attivit\u00e0 di recupero dei computer a beneficio delle famiglie svantaggiate e delle associazioni, l&#8217;educazione a distanza tra pari tra studenti del secondo e del primo grado organizzata per luglio e agosto e il progetto di produrre tutorial per anziani sull&#8217;uso dello smartphone.<\/p>\n<p>foto da destra: La Presidente Daniela Mangiola, il vicepresidente Giovanni BIno , Antonio Da Col e Franco Chemello\u00a0 e\u00a0 Tsao Cevoli (penultimo da destra) direttore dell&#8217;Osservatorio Internazionale Archeomafie.<\/p>\n","protected":false},"excerpt":{"rendered":"<p>&nbsp; Un bilancio assai lusinghiero con prospettive di crescita ancora pi\u00f9 ambiziose, per una associazione nata solo poco pi\u00f9 di 4 anni fa per sostenere le Scuole in Rete, la corresponsabilit\u00e0 educativa e intergenerazionale della nostra comunit\u00e0 provinciale e il protagonismo dei giovani. BELLUNO L&#8217;Assemblea degli Amici delle Scuole in Rete ha eletto Il Direttivo,&hellip;<\/p>\n","protected":false},"author":1,"featured_media":151451,"comment_status":"closed","ping_status":"closed","sticky":false,"template":"","format":"standard","meta":{"_monsterinsights_skip_tracking":false,"_monsterinsights_sitenote_active":false,"_monsterinsights_sitenote_note":"","_monsterinsights_sitenote_category":0,"footnotes":""},"categories":[49],"tags":[],"class_list":["post-151450","post","type-post","status-publish","format-standard","has-post-thumbnail","hentry","category-news-18","category-49","description-off"],"img_url":"https:\/\/www.radiopiu.net\/wordpress\/wp-content\/uploads\/2020\/07\/20200708_100313-scaled.jpg","_links":{"self":[{"href":"https:\/\/www.radiopiu.net\/wordpress\/wp-json\/wp\/v2\/posts\/151450","targetHints":{"allow":["GET"]}}],"collection":[{"href":"https:\/\/www.radiopiu.net\/wordpress\/wp-json\/wp\/v2\/posts"}],"about":[{"href":"https:\/\/www.radiopiu.net\/wordpress\/wp-json\/wp\/v2\/types\/post"}],"author":[{"embeddable":true,"href":"https:\/\/www.radiopiu.net\/wordpress\/wp-json\/wp\/v2\/users\/1"}],"replies":[{"embeddable":true,"href":"https:\/\/www.radiopiu.net\/wordpress\/wp-json\/wp\/v2\/comments?post=151450"}],"version-history":[{"count":0,"href":"https:\/\/www.radiopiu.net\/wordpress\/wp-json\/wp\/v2\/posts\/151450\/revisions"}],"wp:featuredmedia":[{"embeddable":true,"href":"https:\/\/www.radiopiu.net\/wordpress\/wp-json\/wp\/v2\/media\/151451"}],"wp:attachment":[{"href":"https:\/\/www.radiopiu.net\/wordpress\/wp-json\/wp\/v2\/media?parent=151450"}],"wp:term":[{"taxonomy":"category","embeddable":true,"href":"https:\/\/www.radiopiu.net\/wordpress\/wp-json\/wp\/v2\/categories?post=151450"},{"taxonomy":"post_tag","embeddable":true,"href":"https:\/\/www.radiopiu.net\/wordpress\/wp-json\/wp\/v2\/tags?post=151450"}],"curies":[{"name":"wp","href":"https:\/\/api.w.org\/{rel}","templated":true}]}}