{"id":151469,"date":"2020-07-27T14:30:24","date_gmt":"2020-07-27T12:30:24","guid":{"rendered":"https:\/\/www.radiopiu.net\/wordpress\/?p=151469"},"modified":"2020-07-26T16:59:37","modified_gmt":"2020-07-26T14:59:37","slug":"i-racconti-di-paolo-soppelsa-trentatreesima-puntata","status":"publish","type":"post","link":"https:\/\/www.radiopiu.net\/wordpress\/i-racconti-di-paolo-soppelsa-trentatreesima-puntata\/","title":{"rendered":"I RACCONTI DI PAOLO SOPPELSA TRENTATREESIMA PUNTATA"},"content":{"rendered":"<p><strong>&#8230;DI MEZZA ESTATE&#8230;<\/strong><\/p>\n<p><em><strong>AUDIO<\/strong><\/em><\/p>\n<audio class=\"wp-audio-shortcode\" id=\"audio-151469-1\" preload=\"none\" style=\"width: 100%;\" controls=\"controls\"><source type=\"audio\/mpeg\" src=\"https:\/\/www.radiopiu.net\/wordpress\/wp-content\/uploads\/2020\/07\/PAOLO-SOPPELSA-DI-MEZZA-ESTATE.mp3?_=1\" \/><a href=\"https:\/\/www.radiopiu.net\/wordpress\/wp-content\/uploads\/2020\/07\/PAOLO-SOPPELSA-DI-MEZZA-ESTATE.mp3\">https:\/\/www.radiopiu.net\/wordpress\/wp-content\/uploads\/2020\/07\/PAOLO-SOPPELSA-DI-MEZZA-ESTATE.mp3<\/a><\/audio>\n<p>&nbsp;<\/p>\n<p><a class=\"dt-pswp-item\" href=\"https:\/\/www.radiopiu.net\/wordpress\/wp-content\/uploads\/2020\/07\/705f5c34-fb0d-4a36-82fe-d391ca396d52.jpg\" data-dt-img-description=\"\" data-large_image_width=\"960\" data-large_image_height=\"720\"><img loading=\"lazy\" decoding=\"async\" class=\"size-medium wp-image-151470 alignleft\" src=\"https:\/\/www.radiopiu.net\/wordpress\/wp-content\/uploads\/2020\/07\/705f5c34-fb0d-4a36-82fe-d391ca396d52-300x225.jpg\" alt=\"\" width=\"300\" height=\"225\" srcset=\"https:\/\/www.radiopiu.net\/wordpress\/wp-content\/uploads\/2020\/07\/705f5c34-fb0d-4a36-82fe-d391ca396d52-300x225.jpg 300w, https:\/\/www.radiopiu.net\/wordpress\/wp-content\/uploads\/2020\/07\/705f5c34-fb0d-4a36-82fe-d391ca396d52-768x576.jpg 768w, https:\/\/www.radiopiu.net\/wordpress\/wp-content\/uploads\/2020\/07\/705f5c34-fb0d-4a36-82fe-d391ca396d52.jpg 960w\" sizes=\"auto, (max-width: 300px) 100vw, 300px\" \/><\/a>E si era cos\u00ec giunti alla met\u00e0 di luglio, al centro delle vacanze estive. L&#8217;esatto punto di equilibrio fra ricordo e miraggio. Belluno, la vita in condominio e le Scuole Elementari Gabelli facevano parte di una vita ormai dimenticata. Un mondo lontano che pareva forse mai esistito, un tempo remoto, svanito, evaporato insieme a libri penne e quaderni dei famigerati \u201ccompiti delle vacanze\u201d. Ed il pensiero di met\u00e0 settembre era altrettanto lontano nel tempo. Quasi irraggiungibili sembravano quei giorni in cui avremmo caricato la Ritmo di valigie \u201csportole\u201d e tristezza. No, non sarebbero arrivati quei giorni. Oppure s\u00ec, ma non era questo il momento di pensarci. Cencenighe, a met\u00e0 luglio, era un sogno rock. Una musica che pompava. Anche le campane parevano metterci pi\u00f9 impegno nel loro suonare. Squillanti e prepotenti sovrastavano il continuo rombo di auto moto e camion che salivano e scendevano dalla Val del Biois. Ed il battere del martello dell\u2019orologio del campanile suonava deciso come il colpo di rullante di batteria delle canzoni degli AC\/DC. Si era all\u2019apice dell\u2019estate, con le giornate lunghe e calde da consumare correndo a perdifiato e giocando a calcio ovunque vi fosse un misero spazio. Che fosse il piccolo prato dell\u2019 \u201cAsilo Vecio\u201d, \u201cel sagr\u00e0\u201d oppure il vero campo sportivo poco importava. Era il momento di correre, saltare, urlare, ridere e prendere il sole a torso nudo \u201csu\u2019n quert su in te burela\u201d. Ed il pranzo e la cena erano soltanto la pubblicit\u00e0 che interrompeva un\u2019 avvincente film d\u2019azione ricco di sorprese, girato nella location pi\u00f9 bella del mondo. Il cielo azzurro ed il Pelsa e lo Spiz de Medod\u00ec colorati d\u2019estate erano lo sfondo di questa vita libera e spensierata che avrei voluto durasse per sempre. Soltanto l\u2019arrivo della sera scandito dai rintocchi della campana grande mitigava appena quell\u2019infinita voglia di vivere e gioire. Un cenare veloce con le finestre aperte, accompagnati dal rumore del traffico che lentamente andava sfumando lasciando spazio alla voce del Biois. Poi, dopo le notizie del telegiornale, via di nuovo a riprendere ci\u00f2 che era stato interrotto, con l\u2019istinto a dirmi che di quel tempo che stavo vivendo non dovevo sprecarne nemmeno un minuto. Pure la notte andava assaporata: un lento spegnersi del giorno accompagnato da note di \u201cmetal ballads\u201d mescolate all\u2019eterno mormorare d\u2019acqua di torrente. Poi, il sonno quieto di un\u2019altra notte di musica e sogni vissuta all\u2019incrocio delle due vallate agordine\u2026Magiche Dolomiti!!<\/p>\n","protected":false},"excerpt":{"rendered":"<p>&#8230;DI MEZZA ESTATE&#8230; AUDIO &nbsp; E si era cos\u00ec giunti alla met\u00e0 di luglio, al centro delle vacanze estive. L&#8217;esatto punto di equilibrio fra ricordo e miraggio. Belluno, la vita in condominio e le Scuole Elementari Gabelli facevano parte di una vita ormai dimenticata. Un mondo lontano che pareva forse mai esistito, un tempo remoto,&hellip;<\/p>\n","protected":false},"author":4,"featured_media":151470,"comment_status":"closed","ping_status":"closed","sticky":false,"template":"","format":"standard","meta":{"_monsterinsights_skip_tracking":false,"_monsterinsights_sitenote_active":false,"_monsterinsights_sitenote_note":"","_monsterinsights_sitenote_category":0,"footnotes":""},"categories":[49,112],"tags":[],"class_list":["post-151469","post","type-post","status-publish","format-standard","has-post-thumbnail","hentry","category-news-18","category-racconti-soppelsa","category-49","category-112","description-off"],"img_url":"https:\/\/www.radiopiu.net\/wordpress\/wp-content\/uploads\/2020\/07\/705f5c34-fb0d-4a36-82fe-d391ca396d52.jpg","_links":{"self":[{"href":"https:\/\/www.radiopiu.net\/wordpress\/wp-json\/wp\/v2\/posts\/151469","targetHints":{"allow":["GET"]}}],"collection":[{"href":"https:\/\/www.radiopiu.net\/wordpress\/wp-json\/wp\/v2\/posts"}],"about":[{"href":"https:\/\/www.radiopiu.net\/wordpress\/wp-json\/wp\/v2\/types\/post"}],"author":[{"embeddable":true,"href":"https:\/\/www.radiopiu.net\/wordpress\/wp-json\/wp\/v2\/users\/4"}],"replies":[{"embeddable":true,"href":"https:\/\/www.radiopiu.net\/wordpress\/wp-json\/wp\/v2\/comments?post=151469"}],"version-history":[{"count":0,"href":"https:\/\/www.radiopiu.net\/wordpress\/wp-json\/wp\/v2\/posts\/151469\/revisions"}],"wp:featuredmedia":[{"embeddable":true,"href":"https:\/\/www.radiopiu.net\/wordpress\/wp-json\/wp\/v2\/media\/151470"}],"wp:attachment":[{"href":"https:\/\/www.radiopiu.net\/wordpress\/wp-json\/wp\/v2\/media?parent=151469"}],"wp:term":[{"taxonomy":"category","embeddable":true,"href":"https:\/\/www.radiopiu.net\/wordpress\/wp-json\/wp\/v2\/categories?post=151469"},{"taxonomy":"post_tag","embeddable":true,"href":"https:\/\/www.radiopiu.net\/wordpress\/wp-json\/wp\/v2\/tags?post=151469"}],"curies":[{"name":"wp","href":"https:\/\/api.w.org\/{rel}","templated":true}]}}