{"id":151639,"date":"2020-07-27T12:58:00","date_gmt":"2020-07-27T10:58:00","guid":{"rendered":"https:\/\/www.radiopiu.net\/wordpress\/?p=151639"},"modified":"2020-07-27T18:44:43","modified_gmt":"2020-07-27T16:44:43","slug":"38-focoladi-covid19-in-veneto-di-nuovo-in-diretta-il-presidente-zaia","status":"publish","type":"post","link":"https:\/\/www.radiopiu.net\/wordpress\/38-focoladi-covid19-in-veneto-di-nuovo-in-diretta-il-presidente-zaia\/","title":{"rendered":"38 FOCOLADI COVID19 IN VENETO, DI NUOVO IN DIRETTA IL PRESIDENTE ZAIA."},"content":{"rendered":"<blockquote>\n<h3>il 70% dei positivi \u00e8 asintomatico, l&#8217;et\u00e0 dei positivi s&#8217;abbassa a 40 anni. Se viene intercettato un vagone di stranieri positivi da noi, non possiamo considerarlo come focolaio veneto<\/h3>\n<\/blockquote>\n<p><strong>\u00a0VENEZIA<\/strong> Edizione straordinaria della conferenza stampa da Marghera, Zaia convoca la stampa e snocciola dati:\u00a0 1.184.670\u00a0 tamponi, 19.825\u00a0 positivi (18 maggio erano 18.950), isolamenti 2.717 (maggio 3.870). Dimessi\u00a0 3.741 (maggio 3.187). Ricoverati\u00a0 114, dei quali 31 positivi (il 18 maggio erano 541, dei quali 263 positivi). Terapie intensive: oggi 6 e tutti negativi (il 18 maggio erano 51, 22 positivi). Decessi 2064, erano 1.803 il 18 maggio. \u00a0i morti erano 1.803 e sono diventati 2.064: <em>&#8220;Non sono tuttavia persone ammalate negli ultimi giorni, bens\u00ec situazioni critiche ci sono trascinate per settimane. Non a caso, i morti in ospedale erano 1.322 il 18 maggio e sono oggi 1.444: sono quasi tutti ricoverati di allora che purtroppo non ce l\u2019hanno fatta&#8221;. <\/em>In Veneto ci sono 38 focolai, 19 importati, il resto domestici, prima hanno subito una decelerazione, poi hanno ripreso a crescere, molti importati dall&#8217;estero. Si attende<u><\/u> la validazione del tampone rapido, in vista dell&#8217;autunno. Esistono anche test di nuova generazione. Questa settimana sar\u00e0 emessa una nuova ordinanza. Il Dpcm scade il 31 luglio, cos\u00ec come lo stato emergenziale:<em> &#8220;Cercheremo di capire il Governo quali misure rinnover\u00e0 e se lo stato emergenziale sar\u00e0 prorogato o meno.\u00a0 A breve sar\u00e0 presentato il Piano di Sanit\u00e0 Pubblica 2020-2021&#8221;<\/em><\/p>\n<p>&nbsp;<\/p>\n<p>&nbsp;<\/p>\n<p>https:\/\/www.facebook.com\/zaiaufficiale\/videos\/1191934314490647\/<\/p>\n<p>&nbsp;<\/p>\n","protected":false},"excerpt":{"rendered":"<p>il 70% dei positivi \u00e8 asintomatico, l&#8217;et\u00e0 dei positivi s&#8217;abbassa a 40 anni. Se viene intercettato un vagone di stranieri positivi da noi, non possiamo considerarlo come focolaio veneto \u00a0VENEZIA Edizione straordinaria della conferenza stampa da Marghera, Zaia convoca la stampa e snocciola dati:\u00a0 1.184.670\u00a0 tamponi, 19.825\u00a0 positivi (18 maggio erano 18.950), isolamenti 2.717 (maggio&hellip;<\/p>\n","protected":false},"author":1,"featured_media":132785,"comment_status":"closed","ping_status":"closed","sticky":false,"template":"","format":"standard","meta":{"_monsterinsights_skip_tracking":false,"_monsterinsights_sitenote_active":false,"_monsterinsights_sitenote_note":"","_monsterinsights_sitenote_category":0,"footnotes":""},"categories":[49],"tags":[],"class_list":["post-151639","post","type-post","status-publish","format-standard","has-post-thumbnail","hentry","category-news-18","category-49","description-off"],"img_url":"https:\/\/www.radiopiu.net\/wordpress\/wp-content\/uploads\/2020\/04\/bottacin-e-zaia.jpg","_links":{"self":[{"href":"https:\/\/www.radiopiu.net\/wordpress\/wp-json\/wp\/v2\/posts\/151639","targetHints":{"allow":["GET"]}}],"collection":[{"href":"https:\/\/www.radiopiu.net\/wordpress\/wp-json\/wp\/v2\/posts"}],"about":[{"href":"https:\/\/www.radiopiu.net\/wordpress\/wp-json\/wp\/v2\/types\/post"}],"author":[{"embeddable":true,"href":"https:\/\/www.radiopiu.net\/wordpress\/wp-json\/wp\/v2\/users\/1"}],"replies":[{"embeddable":true,"href":"https:\/\/www.radiopiu.net\/wordpress\/wp-json\/wp\/v2\/comments?post=151639"}],"version-history":[{"count":0,"href":"https:\/\/www.radiopiu.net\/wordpress\/wp-json\/wp\/v2\/posts\/151639\/revisions"}],"wp:featuredmedia":[{"embeddable":true,"href":"https:\/\/www.radiopiu.net\/wordpress\/wp-json\/wp\/v2\/media\/132785"}],"wp:attachment":[{"href":"https:\/\/www.radiopiu.net\/wordpress\/wp-json\/wp\/v2\/media?parent=151639"}],"wp:term":[{"taxonomy":"category","embeddable":true,"href":"https:\/\/www.radiopiu.net\/wordpress\/wp-json\/wp\/v2\/categories?post=151639"},{"taxonomy":"post_tag","embeddable":true,"href":"https:\/\/www.radiopiu.net\/wordpress\/wp-json\/wp\/v2\/tags?post=151639"}],"curies":[{"name":"wp","href":"https:\/\/api.w.org\/{rel}","templated":true}]}}