{"id":151710,"date":"2020-07-28T05:48:47","date_gmt":"2020-07-28T03:48:47","guid":{"rendered":"https:\/\/www.radiopiu.net\/wordpress\/?p=151710"},"modified":"2020-07-28T05:49:18","modified_gmt":"2020-07-28T03:49:18","slug":"voltago-piange-alan-ciao-ragazzo-fai-buon-viaggio","status":"publish","type":"post","link":"https:\/\/www.radiopiu.net\/wordpress\/voltago-piange-alan-ciao-ragazzo-fai-buon-viaggio\/","title":{"rendered":"&#8220;Adesso correrai come il vento tra i cieli, supererai tutte le nuvole e arriverai al traguardo pi\u00f9 grande&#8221;."},"content":{"rendered":"<p>&nbsp;<\/p>\n<blockquote>\n<h3>VOLTAGO PIANGE ALAN, CIAO RAGAZZO FAI BUON VIAGGIO<\/h3>\n<\/blockquote>\n<p><strong><a class=\"dt-pswp-item\" href=\"https:\/\/www.radiopiu.net\/wordpress\/wp-content\/uploads\/2020\/07\/20121579_1976967722548116_7609029570142743418_o.jpg\" data-dt-img-description=\"\" data-large_image_width=\"960\" data-large_image_height=\"955\"><img loading=\"lazy\" decoding=\"async\" class=\" wp-image-151681 alignleft\" src=\"https:\/\/www.radiopiu.net\/wordpress\/wp-content\/uploads\/2020\/07\/20121579_1976967722548116_7609029570142743418_o-300x298.jpg\" alt=\"\" width=\"130\" height=\"129\" srcset=\"https:\/\/www.radiopiu.net\/wordpress\/wp-content\/uploads\/2020\/07\/20121579_1976967722548116_7609029570142743418_o-300x298.jpg 300w, https:\/\/www.radiopiu.net\/wordpress\/wp-content\/uploads\/2020\/07\/20121579_1976967722548116_7609029570142743418_o-150x150.jpg 150w, https:\/\/www.radiopiu.net\/wordpress\/wp-content\/uploads\/2020\/07\/20121579_1976967722548116_7609029570142743418_o-768x764.jpg 768w, https:\/\/www.radiopiu.net\/wordpress\/wp-content\/uploads\/2020\/07\/20121579_1976967722548116_7609029570142743418_o.jpg 960w\" sizes=\"auto, (max-width: 130px) 100vw, 130px\" \/><\/a>VOLTAGO<\/strong> Alan Scussel\u00a0 35 anni di Voltago se n&#8217;\u00e8 andato in punta dei piedi lasciando un&#8217;intera comunit\u00e0 e un&#8217;intera vallata sbigottita. Alan era un ragazzo buono, circondato da tanti amici, indimenticabile la sua presenza, sempre, al campo di Voltago non solo per dare calci ad un pallone, ma anche come forza di volontariato nel chiosco,\u00a0 sempre pronto a dare una mano agli amici, al paese. Non solo nel calcio ma in tutte le associazioni del paese i coordinatori hanno sempre saputo che su Alan potevano contare. Gli amici non hanno parole, come trovarle in questi drammatici eventi. In pochi giorni Alan ha lasciato i suoi cari, strappato alla vita dalla malattia,\u00a0 soprattutto lascia un caro ricordo tra i tanti che lo hanno conosciuto ed amato,\u00a0 come Gabriele Riva e tutti i ragazzi e le ragazze della squadra di corsa del <a class=\"dt-pswp-item\" href=\"https:\/\/www.radiopiu.net\/wordpress\/wp-content\/uploads\/2020\/07\/2ca5df1c-c89a-4bc1-8f16-57ded0e393a7.jpg\" data-dt-img-description=\"\" data-large_image_width=\"1440\" data-large_image_height=\"720\"><img loading=\"lazy\" decoding=\"async\" class=\"size-medium wp-image-151811 alignright\" src=\"https:\/\/www.radiopiu.net\/wordpress\/wp-content\/uploads\/2020\/07\/2ca5df1c-c89a-4bc1-8f16-57ded0e393a7-300x150.jpg\" alt=\"\" width=\"300\" height=\"150\" srcset=\"https:\/\/www.radiopiu.net\/wordpress\/wp-content\/uploads\/2020\/07\/2ca5df1c-c89a-4bc1-8f16-57ded0e393a7-300x150.jpg 300w, https:\/\/www.radiopiu.net\/wordpress\/wp-content\/uploads\/2020\/07\/2ca5df1c-c89a-4bc1-8f16-57ded0e393a7-1024x512.jpg 1024w, https:\/\/www.radiopiu.net\/wordpress\/wp-content\/uploads\/2020\/07\/2ca5df1c-c89a-4bc1-8f16-57ded0e393a7-768x384.jpg 768w, https:\/\/www.radiopiu.net\/wordpress\/wp-content\/uploads\/2020\/07\/2ca5df1c-c89a-4bc1-8f16-57ded0e393a7.jpg 1440w\" sizes=\"auto, (max-width: 300px) 100vw, 300px\" \/><\/a>Trofeo 16 Comuni:<em><strong> &#8220;Ciao Alan &#8211; ha scritto Gabriele &#8211; adesso correrai come il vento tra i cieli, supererai tutte le nuvole e arriverai al traguardo pi\u00f9 grande. Ti ricorderemo con grande affetto anche noi della tua squadra di Voltago\/Frassen\u00e8 del Trofeo 16 Comuni.&#8221;<\/strong> <\/em>O come Lia originaria di Voltago che lo piange da Genova<em> &#8220;Un nostro carissimo compaesano se n&#8217;\u00e8 andato in punta dei piedi lasciando un&#8217;intera comunit\u00e0 e vallata sbigottita chi ha frequentato il campo di calcio di Voltago lo ha sempre visto all&#8217;opera volontaria nel chiosco&#8230;un ragazzo dagli occhi e animo buono sempre pronto ad aiutare&#8230;qualche volta ti ho affiancato anch&#8217;io e mi ricordo la tua scrupolosit\u00e0&#8230;.ciao Alan vorrei non aver mai dovuto scrivere queste parole ma son certa che per chi ti ha conosciuto non sar\u00e0 facile dimenticarti&#8221;<\/em><\/p>\n<p>&nbsp;<\/p>\n<blockquote>\n<h3>IL TEMPO DEL SILENZIO PER CUSTODIRE DONI E SOFFERENZA<\/h3>\n<\/blockquote>\n<p><strong>VOLTAGO<\/strong> Una giornata triste per il paese, dalla canonica Don Fabiano Del Favero cos\u00ec si rivolge ai suoi parrocchiani nel ricordo di Alan Scussel.<\/p>\n<audio class=\"wp-audio-shortcode\" id=\"audio-151710-1\" preload=\"none\" style=\"width: 100%;\" controls=\"controls\"><source type=\"audio\/mpeg\" src=\"https:\/\/www.radiopiu.net\/wordpress\/wp-content\/uploads\/2020\/07\/fabiano-1.mp3?_=1\" \/><a href=\"https:\/\/www.radiopiu.net\/wordpress\/wp-content\/uploads\/2020\/07\/fabiano-1.mp3\">https:\/\/www.radiopiu.net\/wordpress\/wp-content\/uploads\/2020\/07\/fabiano-1.mp3<\/a><\/audio>\n<p>&nbsp;<\/p>\n<p><strong>DI GIANNI SANTOMASO<\/strong><\/p>\n<audio class=\"wp-audio-shortcode\" id=\"audio-151710-2\" preload=\"none\" style=\"width: 100%;\" controls=\"controls\"><source type=\"audio\/mpeg\" src=\"https:\/\/www.radiopiu.net\/wordpress\/wp-content\/uploads\/2020\/07\/GIANNI-ALAN-SCUSSEL.mp3?_=2\" \/><a href=\"https:\/\/www.radiopiu.net\/wordpress\/wp-content\/uploads\/2020\/07\/GIANNI-ALAN-SCUSSEL.mp3\">https:\/\/www.radiopiu.net\/wordpress\/wp-content\/uploads\/2020\/07\/GIANNI-ALAN-SCUSSEL.mp3<\/a><\/audio>\n<p>&nbsp;<\/p>\n<hr \/>\n<h3><\/h3>\n<blockquote>\n<h3>IL SALUTO AD ALAN DAI SUOI AMICI DELLA PROTEZIONE CIVILE<\/h3>\n<\/blockquote>\n<p>&nbsp;<\/p>\n<p><strong><a class=\"dt-pswp-item\" href=\"https:\/\/www.radiopiu.net\/wordpress\/wp-content\/uploads\/2020\/07\/bc680d2a-4859-492c-bea4-0f56d96ebf3c.jpg\" data-dt-img-description=\"\" data-large_image_width=\"768\" data-large_image_height=\"1024\"><img loading=\"lazy\" decoding=\"async\" class=\"size-medium wp-image-151752 alignleft\" src=\"https:\/\/www.radiopiu.net\/wordpress\/wp-content\/uploads\/2020\/07\/bc680d2a-4859-492c-bea4-0f56d96ebf3c-225x300.jpg\" alt=\"\" width=\"225\" height=\"300\" srcset=\"https:\/\/www.radiopiu.net\/wordpress\/wp-content\/uploads\/2020\/07\/bc680d2a-4859-492c-bea4-0f56d96ebf3c-225x300.jpg 225w, https:\/\/www.radiopiu.net\/wordpress\/wp-content\/uploads\/2020\/07\/bc680d2a-4859-492c-bea4-0f56d96ebf3c.jpg 768w\" sizes=\"auto, (max-width: 225px) 100vw, 225px\" \/><\/a>VOLTAGO <\/strong>La lettera della Protezione Civile di Voltago per ricordare l&#8217;amico Alan<\/p>\n<blockquote><p><em>La notizia che nessuno avrebbe voluto sentire, oggi ha fatto tremare e ha spezzato il cuore del nostro paese.<\/em><\/p>\n<p><em>Caro Amico, la tua dipartita ci ammutolisce. Eri un pilastro per il nostro gruppo; rispondevi prontamente ad ogni chiamata e con quel tuo sorriso contagioso ci sostenevi e ci aiutavi nei momenti difficili.<\/em><\/p>\n<p><em>Davi sempre prova di grande risolutezza. Siamo stati a Padova in occasione dell&#8217;alluvione e a Pergola con l&#8217;emergenza neve da dove siamo tornati a casa spossati ma con una benemerenza, perch\u00e9 come eravamo soliti dire: \u201cSe le da and\u00e0 a fa figure da ciocolatin le meio sta a casa\u201d.<\/em><\/p>\n<p><em><a class=\"dt-pswp-item\" href=\"https:\/\/www.radiopiu.net\/wordpress\/wp-content\/uploads\/2020\/07\/b39370cd-e2ee-42ac-8ad0-2954737ff648.jpg\" data-dt-img-description=\"\" data-large_image_width=\"540\" data-large_image_height=\"534\"><img loading=\"lazy\" decoding=\"async\" class=\" wp-image-151753 alignright\" src=\"https:\/\/www.radiopiu.net\/wordpress\/wp-content\/uploads\/2020\/07\/b39370cd-e2ee-42ac-8ad0-2954737ff648-300x297.jpg\" alt=\"\" width=\"240\" height=\"238\" srcset=\"https:\/\/www.radiopiu.net\/wordpress\/wp-content\/uploads\/2020\/07\/b39370cd-e2ee-42ac-8ad0-2954737ff648-300x297.jpg 300w, https:\/\/www.radiopiu.net\/wordpress\/wp-content\/uploads\/2020\/07\/b39370cd-e2ee-42ac-8ad0-2954737ff648-150x150.jpg 150w, https:\/\/www.radiopiu.net\/wordpress\/wp-content\/uploads\/2020\/07\/b39370cd-e2ee-42ac-8ad0-2954737ff648.jpg 540w\" sizes=\"auto, (max-width: 240px) 100vw, 240px\" \/><\/a>Oltre a queste trasferte, eri sempre disponibile per il tuo Comune e per i Comuni limitrofi, come quella volta ad Alleghe con la grande nevicata, poi in occasione di Vaia 2018, sempre bagnati fradici ma comunque felici per il semplice fatto di sostenere e di aiutare gli altri.<\/em><\/p>\n<p><em>Il nostro pensiero va alla tua famiglia, a parenti ed amici. Ti siamo profondamente grati del tempo trascorso insieme e stai pur certo che ogni tuo gesto lascer\u00e0 una traccia indelebile nei nostri cuori.<\/em><\/p>\n<p><em>Nessuno ci lascer\u00e0 mai finch\u00e9 vivr\u00e0 nei nostri ricordi. Sarai con noi e tra noi per sempre.<\/em><\/p>\n<p><em>Ciao Alan, se vedon! Sani e bon viaz.<\/em><\/p><\/blockquote>\n<p>&nbsp;<\/p>\n\n\t\t\t<style type='text\/css'>\n\t\t\t\t#gallery-1 {\n\t\t\t\t\tmargin: auto;\n\t\t\t\t}\n\t\t\t\t#gallery-1 .gallery-item {\n\t\t\t\t\tfloat: left;\n\t\t\t\t\tmargin-top: 10px;\n\t\t\t\t\ttext-align: center;\n\t\t\t\t\twidth: 33%;\n\t\t\t\t}\n\t\t\t\t#gallery-1 img {\n\t\t\t\t\tborder: 2px solid #cfcfcf;\n\t\t\t\t}\n\t\t\t\t#gallery-1 .gallery-caption {\n\t\t\t\t\tmargin-left: 0;\n\t\t\t\t}\n\t\t\t\t\/* see gallery_shortcode() in wp-includes\/media.php *\/\n\t\t\t<\/style>\n\t\t<div id='gallery-1' class='dt-gallery-container gallery galleryid-151710 gallery-columns-3 gallery-size-thumbnail'><dl class='gallery-item'>\n\t\t\t\t<dt class='gallery-icon landscape'>\n\t\t\t\t\t<a class=\"rollover rollover-zoom dt-pswp-item\" title=\"addac269-3003-4944-8000-dea4c445cba4\" data-dt-img-description=\"\" data-large_image_width=\"1448\" data-large_image_height=\"972\"href='https:\/\/www.radiopiu.net\/wordpress\/wp-content\/uploads\/2020\/07\/addac269-3003-4944-8000-dea4c445cba4.jpg'><img loading=\"lazy\" decoding=\"async\" width=\"150\" height=\"150\" src=\"https:\/\/www.radiopiu.net\/wordpress\/wp-content\/uploads\/2020\/07\/addac269-3003-4944-8000-dea4c445cba4-150x150.jpg\" class=\"attachment-thumbnail size-thumbnail\" alt=\"\" \/><\/a>\n\t\t\t\t<\/dt><\/dl><dl class='gallery-item'>\n\t\t\t\t<dt class='gallery-icon portrait'>\n\t\t\t\t\t<a class=\"rollover rollover-zoom dt-pswp-item\" title=\"c8aa1c54-9f6a-484c-afad-f9da19b30ed9\" data-dt-img-description=\"\" data-large_image_width=\"1200\" data-large_image_height=\"1600\"href='https:\/\/www.radiopiu.net\/wordpress\/wp-content\/uploads\/2020\/07\/c8aa1c54-9f6a-484c-afad-f9da19b30ed9.jpg'><img loading=\"lazy\" decoding=\"async\" width=\"150\" height=\"150\" src=\"https:\/\/www.radiopiu.net\/wordpress\/wp-content\/uploads\/2020\/07\/c8aa1c54-9f6a-484c-afad-f9da19b30ed9-150x150.jpg\" class=\"attachment-thumbnail size-thumbnail\" alt=\"\" \/><\/a>\n\t\t\t\t<\/dt><\/dl><dl class='gallery-item'>\n\t\t\t\t<dt class='gallery-icon portrait'>\n\t\t\t\t\t<a class=\"rollover rollover-zoom dt-pswp-item\" title=\"0a9c7181-eeee-4ff3-bcf0-1c6dc6f7a2aa\" data-dt-img-description=\"\" data-large_image_width=\"1200\" data-large_image_height=\"1600\"href='https:\/\/www.radiopiu.net\/wordpress\/wp-content\/uploads\/2020\/07\/0a9c7181-eeee-4ff3-bcf0-1c6dc6f7a2aa-rotated.jpg'><img loading=\"lazy\" decoding=\"async\" width=\"150\" height=\"150\" src=\"https:\/\/www.radiopiu.net\/wordpress\/wp-content\/uploads\/2020\/07\/0a9c7181-eeee-4ff3-bcf0-1c6dc6f7a2aa-150x150.jpg\" class=\"attachment-thumbnail size-thumbnail\" alt=\"\" \/><\/a>\n\t\t\t\t<\/dt><\/dl><br style=\"clear: both\" \/>\n\t\t\t<\/div>\n\n<p>&nbsp;<\/p>\n","protected":false},"excerpt":{"rendered":"<p>&nbsp; VOLTAGO PIANGE ALAN, CIAO RAGAZZO FAI BUON VIAGGIO VOLTAGO Alan Scussel\u00a0 35 anni di Voltago se n&#8217;\u00e8 andato in punta dei piedi lasciando un&#8217;intera comunit\u00e0 e un&#8217;intera vallata sbigottita. Alan era un ragazzo buono, circondato da tanti amici, indimenticabile la sua presenza, sempre, al campo di Voltago non solo per dare calci ad un&hellip;<\/p>\n","protected":false},"author":1,"featured_media":151811,"comment_status":"closed","ping_status":"closed","sticky":false,"template":"","format":"standard","meta":{"_monsterinsights_skip_tracking":false,"_monsterinsights_sitenote_active":false,"_monsterinsights_sitenote_note":"","_monsterinsights_sitenote_category":0,"footnotes":""},"categories":[51,49],"tags":[],"class_list":["post-151710","post","type-post","status-publish","format-standard","has-post-thumbnail","hentry","category-evidenza-top","category-news-18","category-51","category-49","description-off"],"img_url":"https:\/\/www.radiopiu.net\/wordpress\/wp-content\/uploads\/2020\/07\/2ca5df1c-c89a-4bc1-8f16-57ded0e393a7.jpg","_links":{"self":[{"href":"https:\/\/www.radiopiu.net\/wordpress\/wp-json\/wp\/v2\/posts\/151710","targetHints":{"allow":["GET"]}}],"collection":[{"href":"https:\/\/www.radiopiu.net\/wordpress\/wp-json\/wp\/v2\/posts"}],"about":[{"href":"https:\/\/www.radiopiu.net\/wordpress\/wp-json\/wp\/v2\/types\/post"}],"author":[{"embeddable":true,"href":"https:\/\/www.radiopiu.net\/wordpress\/wp-json\/wp\/v2\/users\/1"}],"replies":[{"embeddable":true,"href":"https:\/\/www.radiopiu.net\/wordpress\/wp-json\/wp\/v2\/comments?post=151710"}],"version-history":[{"count":0,"href":"https:\/\/www.radiopiu.net\/wordpress\/wp-json\/wp\/v2\/posts\/151710\/revisions"}],"wp:featuredmedia":[{"embeddable":true,"href":"https:\/\/www.radiopiu.net\/wordpress\/wp-json\/wp\/v2\/media\/151811"}],"wp:attachment":[{"href":"https:\/\/www.radiopiu.net\/wordpress\/wp-json\/wp\/v2\/media?parent=151710"}],"wp:term":[{"taxonomy":"category","embeddable":true,"href":"https:\/\/www.radiopiu.net\/wordpress\/wp-json\/wp\/v2\/categories?post=151710"},{"taxonomy":"post_tag","embeddable":true,"href":"https:\/\/www.radiopiu.net\/wordpress\/wp-json\/wp\/v2\/tags?post=151710"}],"curies":[{"name":"wp","href":"https:\/\/api.w.org\/{rel}","templated":true}]}}