{"id":151748,"date":"2020-07-28T05:49:58","date_gmt":"2020-07-28T03:49:58","guid":{"rendered":"https:\/\/www.radiopiu.net\/wordpress\/?p=151748"},"modified":"2020-07-28T05:49:57","modified_gmt":"2020-07-28T03:49:57","slug":"azione-vigliacca-in-valle-di-gares-sfregiato-il-teaz","status":"publish","type":"post","link":"https:\/\/www.radiopiu.net\/wordpress\/azione-vigliacca-in-valle-di-gares-sfregiato-il-teaz\/","title":{"rendered":"AZIONE VIGLIACCA IN VALLE DI GARES, SFREGIATO IL TEAZ"},"content":{"rendered":"<p><strong>CANALE D&#8217;AGORDO<\/strong> Hanno sfogato la loro rabbia in Valle di Gares sfregiando i cartelli, prendendosela con la struttura, un bene pubblico ricco di storia. L&#8217;assessore alla cultura di Canale D&#8217;Agordo Marilisa Lucchetta dichiara il suo sdegno.<\/p>\n<blockquote><p><em><span style=\"font-size: large;\"><a class=\"dt-pswp-item\" href=\"https:\/\/www.radiopiu.net\/wordpress\/wp-content\/uploads\/2020\/07\/image-1.jpg\" data-dt-img-description=\"\" data-large_image_width=\"696\" data-large_image_height=\"464\"><img loading=\"lazy\" decoding=\"async\" class=\"size-medium wp-image-151789 alignleft\" src=\"https:\/\/www.radiopiu.net\/wordpress\/wp-content\/uploads\/2020\/07\/image-1-300x200.jpg\" alt=\"\" width=\"300\" height=\"200\" srcset=\"https:\/\/www.radiopiu.net\/wordpress\/wp-content\/uploads\/2020\/07\/image-1-300x200.jpg 300w, https:\/\/www.radiopiu.net\/wordpress\/wp-content\/uploads\/2020\/07\/image-1.jpg 696w\" sizes=\"auto, (max-width: 300px) 100vw, 300px\" \/><\/a>Desidero esprimere sconcerto e viva riprovazione, anche a nome dell\u2019Amministrazione Comunale di Canale d\u2019Agordo, per gli atti di vandalismo pesante e gratuito che hanno sfregiato cartelli e strutture al Teaz De Valbona, in fondo alla Valle di Gares. Zona che riveste interesse anche in quanto gi\u00e0 nel 1600 il sito era annoverato come uno dei centri minerari delle Dolomiti dove si estraevano soprattutto rame e ferro: anche i cartelli che illustrano questa realt\u00e0 storica sono stati vandalizzati.<\/span><\/em><\/p>\n<p><em><span style=\"font-size: large;\">La struttura, realizzata anni fa a ridosso della malga preesistente in luogo dell\u2019antico \u201cteaz\u201d (tettoia per il ricovero degli animali in alpeggio), non ha certo trovato favore in tanta parte della cittadinanza, ma l\u2019atto vandalico \u00e8 sicuramente il modo pi\u00f9 incivile per esprimere il proprio dissenso. <\/span><\/em><\/p>\n<p><em><span style=\"font-size: large;\">Per l\u2019Amministrazione attuale la destinazione della struttura \u00e8 assai problematica e i danni consistenti che sono stati arrecati in modo scriteriato non aiutano certo a risolvere il problema. Ultimamente per\u00f2 qualcuno ha manifestato interesse per la gestione di malga e teaz e ci\u00f2 potrebbe rivitalizzare e riqualificare l\u2019area.<\/span><\/em><\/p>\n<p><em><span style=\"font-size: large;\">Purtroppo la situazione non \u00e8 delle pi\u00f9 rosee a causa di queste azioni veramente riprovevoli e vigliacche che vanno a danneggiare un bene della comunit\u00e0 tutta.<\/span><\/em><\/p>\n<p>&nbsp;<\/p><\/blockquote>\n<p><strong>LE FOTO<\/strong><\/p>\n\n\t\t\t<style type='text\/css'>\n\t\t\t\t#gallery-1 {\n\t\t\t\t\tmargin: auto;\n\t\t\t\t}\n\t\t\t\t#gallery-1 .gallery-item {\n\t\t\t\t\tfloat: left;\n\t\t\t\t\tmargin-top: 10px;\n\t\t\t\t\ttext-align: center;\n\t\t\t\t\twidth: 20%;\n\t\t\t\t}\n\t\t\t\t#gallery-1 img {\n\t\t\t\t\tborder: 2px solid #cfcfcf;\n\t\t\t\t}\n\t\t\t\t#gallery-1 .gallery-caption {\n\t\t\t\t\tmargin-left: 0;\n\t\t\t\t}\n\t\t\t\t\/* see gallery_shortcode() in wp-includes\/media.php *\/\n\t\t\t<\/style>\n\t\t<div id='gallery-1' class='dt-gallery-container gallery galleryid-151748 gallery-columns-5 gallery-size-thumbnail'><dl class='gallery-item'>\n\t\t\t\t<dt class='gallery-icon landscape'>\n\t\t\t\t\t<a class=\"rollover rollover-zoom dt-pswp-item\" title=\"21da18cb-5ece-4be9-aabd-b483fdefd905\" data-dt-img-description=\"\" data-large_image_width=\"259\" data-large_image_height=\"194\"href='https:\/\/www.radiopiu.net\/wordpress\/wp-content\/uploads\/2020\/07\/21da18cb-5ece-4be9-aabd-b483fdefd905.jpg'><img loading=\"lazy\" decoding=\"async\" width=\"150\" height=\"150\" src=\"https:\/\/www.radiopiu.net\/wordpress\/wp-content\/uploads\/2020\/07\/21da18cb-5ece-4be9-aabd-b483fdefd905-150x150.jpg\" class=\"attachment-thumbnail size-thumbnail\" alt=\"\" \/><\/a>\n\t\t\t\t<\/dt><\/dl><dl class='gallery-item'>\n\t\t\t\t<dt class='gallery-icon portrait'>\n\t\t\t\t\t<a class=\"rollover rollover-zoom dt-pswp-item\" title=\"55590eb0-0efc-4164-9b4f-328faf19218a\" data-dt-img-description=\"\" data-large_image_width=\"1200\" data-large_image_height=\"1600\"href='https:\/\/www.radiopiu.net\/wordpress\/wp-content\/uploads\/2020\/07\/55590eb0-0efc-4164-9b4f-328faf19218a.jpg'><img loading=\"lazy\" decoding=\"async\" width=\"150\" height=\"150\" src=\"https:\/\/www.radiopiu.net\/wordpress\/wp-content\/uploads\/2020\/07\/55590eb0-0efc-4164-9b4f-328faf19218a-150x150.jpg\" class=\"attachment-thumbnail size-thumbnail\" alt=\"\" \/><\/a>\n\t\t\t\t<\/dt><\/dl><dl class='gallery-item'>\n\t\t\t\t<dt class='gallery-icon portrait'>\n\t\t\t\t\t<a class=\"rollover rollover-zoom dt-pswp-item\" title=\"4449f475-c5f6-4470-a3a1-dcefb508d644\" data-dt-img-description=\"\" data-large_image_width=\"900\" data-large_image_height=\"1600\"href='https:\/\/www.radiopiu.net\/wordpress\/wp-content\/uploads\/2020\/07\/4449f475-c5f6-4470-a3a1-dcefb508d644.jpg'><img loading=\"lazy\" decoding=\"async\" width=\"150\" height=\"150\" src=\"https:\/\/www.radiopiu.net\/wordpress\/wp-content\/uploads\/2020\/07\/4449f475-c5f6-4470-a3a1-dcefb508d644-150x150.jpg\" class=\"attachment-thumbnail size-thumbnail\" alt=\"\" \/><\/a>\n\t\t\t\t<\/dt><\/dl><dl class='gallery-item'>\n\t\t\t\t<dt class='gallery-icon portrait'>\n\t\t\t\t\t<a class=\"rollover rollover-zoom dt-pswp-item\" title=\"2316efb9-2565-4dd0-a141-c08ca0049fd1\" data-dt-img-description=\"\" data-large_image_width=\"1200\" data-large_image_height=\"1600\"href='https:\/\/www.radiopiu.net\/wordpress\/wp-content\/uploads\/2020\/07\/2316efb9-2565-4dd0-a141-c08ca0049fd1.jpg'><img loading=\"lazy\" decoding=\"async\" width=\"150\" height=\"150\" src=\"https:\/\/www.radiopiu.net\/wordpress\/wp-content\/uploads\/2020\/07\/2316efb9-2565-4dd0-a141-c08ca0049fd1-150x150.jpg\" class=\"attachment-thumbnail size-thumbnail\" alt=\"\" \/><\/a>\n\t\t\t\t<\/dt><\/dl><dl class='gallery-item'>\n\t\t\t\t<dt class='gallery-icon portrait'>\n\t\t\t\t\t<a class=\"rollover rollover-zoom dt-pswp-item\" title=\"fe0896ce-8722-4519-9721-3a8f1daaffdd\" data-dt-img-description=\"\" data-large_image_width=\"1200\" data-large_image_height=\"1600\"href='https:\/\/www.radiopiu.net\/wordpress\/wp-content\/uploads\/2020\/07\/fe0896ce-8722-4519-9721-3a8f1daaffdd.jpg'><img loading=\"lazy\" decoding=\"async\" width=\"150\" height=\"150\" src=\"https:\/\/www.radiopiu.net\/wordpress\/wp-content\/uploads\/2020\/07\/fe0896ce-8722-4519-9721-3a8f1daaffdd-150x150.jpg\" class=\"attachment-thumbnail size-thumbnail\" alt=\"\" \/><\/a>\n\t\t\t\t<\/dt><\/dl><br style=\"clear: both\" \/>\n\t\t\t<\/div>\n\n","protected":false},"excerpt":{"rendered":"<p>CANALE D&#8217;AGORDO Hanno sfogato la loro rabbia in Valle di Gares sfregiando i cartelli, prendendosela con la struttura, un bene pubblico ricco di storia. L&#8217;assessore alla cultura di Canale D&#8217;Agordo Marilisa Lucchetta dichiara il suo sdegno. Desidero esprimere sconcerto e viva riprovazione, anche a nome dell\u2019Amministrazione Comunale di Canale d\u2019Agordo, per gli atti di vandalismo&hellip;<\/p>\n","protected":false},"author":1,"featured_media":151771,"comment_status":"closed","ping_status":"closed","sticky":false,"template":"","format":"standard","meta":{"_monsterinsights_skip_tracking":false,"_monsterinsights_sitenote_active":false,"_monsterinsights_sitenote_note":"","_monsterinsights_sitenote_category":0,"footnotes":""},"categories":[1,51,49],"tags":[],"class_list":["post-151748","post","type-post","status-publish","format-standard","has-post-thumbnail","hentry","category-senza-categoria","category-evidenza-top","category-news-18","category-1","category-51","category-49","description-off"],"img_url":"https:\/\/www.radiopiu.net\/wordpress\/wp-content\/uploads\/2020\/07\/4449f475-c5f6-4470-a3a1-dcefb508d644.jpg","_links":{"self":[{"href":"https:\/\/www.radiopiu.net\/wordpress\/wp-json\/wp\/v2\/posts\/151748","targetHints":{"allow":["GET"]}}],"collection":[{"href":"https:\/\/www.radiopiu.net\/wordpress\/wp-json\/wp\/v2\/posts"}],"about":[{"href":"https:\/\/www.radiopiu.net\/wordpress\/wp-json\/wp\/v2\/types\/post"}],"author":[{"embeddable":true,"href":"https:\/\/www.radiopiu.net\/wordpress\/wp-json\/wp\/v2\/users\/1"}],"replies":[{"embeddable":true,"href":"https:\/\/www.radiopiu.net\/wordpress\/wp-json\/wp\/v2\/comments?post=151748"}],"version-history":[{"count":0,"href":"https:\/\/www.radiopiu.net\/wordpress\/wp-json\/wp\/v2\/posts\/151748\/revisions"}],"wp:featuredmedia":[{"embeddable":true,"href":"https:\/\/www.radiopiu.net\/wordpress\/wp-json\/wp\/v2\/media\/151771"}],"wp:attachment":[{"href":"https:\/\/www.radiopiu.net\/wordpress\/wp-json\/wp\/v2\/media?parent=151748"}],"wp:term":[{"taxonomy":"category","embeddable":true,"href":"https:\/\/www.radiopiu.net\/wordpress\/wp-json\/wp\/v2\/categories?post=151748"},{"taxonomy":"post_tag","embeddable":true,"href":"https:\/\/www.radiopiu.net\/wordpress\/wp-json\/wp\/v2\/tags?post=151748"}],"curies":[{"name":"wp","href":"https:\/\/api.w.org\/{rel}","templated":true}]}}