{"id":151831,"date":"2020-07-29T06:23:07","date_gmt":"2020-07-29T04:23:07","guid":{"rendered":"https:\/\/www.radiopiu.net\/wordpress\/?p=151831"},"modified":"2020-07-29T06:23:45","modified_gmt":"2020-07-29T04:23:45","slug":"ad-alan-labbraccio-del-calcio-voltago","status":"publish","type":"post","link":"https:\/\/www.radiopiu.net\/wordpress\/ad-alan-labbraccio-del-calcio-voltago\/","title":{"rendered":"AD ALAN, L&#8217;ABBRACCIO DEL CALCIO VOLTAGO"},"content":{"rendered":"<blockquote>\n<h3>Dagli amici e amiche di Alan Scussel del calcio Voltago riceviamo e volentieri pubblichiamo.<\/h3>\n<\/blockquote>\n<p>&nbsp;<\/p>\n<p><em>Caro Alan,<\/em><br \/>\n<em><a class=\"dt-pswp-item\" href=\"https:\/\/www.radiopiu.net\/wordpress\/wp-content\/uploads\/2020\/07\/WhatsApp-Image-2017-05-20-at-19.10.15.jpeg\" data-dt-img-description=\"\" data-large_image_width=\"1280\" data-large_image_height=\"960\"><img loading=\"lazy\" decoding=\"async\" class=\"wp-image-151896 alignleft\" src=\"https:\/\/www.radiopiu.net\/wordpress\/wp-content\/uploads\/2020\/07\/WhatsApp-Image-2017-05-20-at-19.10.15-300x225.jpeg\" alt=\"\" width=\"155\" height=\"116\" srcset=\"https:\/\/www.radiopiu.net\/wordpress\/wp-content\/uploads\/2020\/07\/WhatsApp-Image-2017-05-20-at-19.10.15-300x225.jpeg 300w, https:\/\/www.radiopiu.net\/wordpress\/wp-content\/uploads\/2020\/07\/WhatsApp-Image-2017-05-20-at-19.10.15-1024x768.jpeg 1024w, https:\/\/www.radiopiu.net\/wordpress\/wp-content\/uploads\/2020\/07\/WhatsApp-Image-2017-05-20-at-19.10.15-768x576.jpeg 768w, https:\/\/www.radiopiu.net\/wordpress\/wp-content\/uploads\/2020\/07\/WhatsApp-Image-2017-05-20-at-19.10.15.jpeg 1280w\" sizes=\"auto, (max-width: 155px) 100vw, 155px\" \/><\/a>trovare le parole per salutarti \u00e8 difficile; \u00e8 difficile perch\u00e9 se pensiamo a te ci vengono in mente solo ricordi felici che ci tolgono le lacrime dagli occhi e ci riempiono il volto di sorrisi. Per noi del Calcio Voltago sei stato un punto di riferimento, una persona indispensabile dalla quale imparare tanto e prendere esempio: ogni volta che abbiamo organizzato qualche evento al campo non hai mai fatto mancare il tuo aiuto e i tuoi suggerimenti. Oltre alla tua costante disponibilit\u00e0 abbiamo apprezzato la tua voglia di fare le cose fatte bene e se la gente ha apprezzato il modo in cui abbiamo organizzato alcune manifestazioni lo dobbiamo soprattutto a te! <\/em><em>Sar\u00e0 difficile passare da quel chiosco a cui tanto tenevi e non vederti pi\u00f9, ma per noi rimarrai sempre l\u00ec, dietro al bancone con il sorriso. <\/em><em>Dimenticarti sar\u00e0 impossibile e siamo convinti che ogni volta che ognuno di noi arriver\u00e0 al campo di calcio di Voltago alzer\u00e0 gli occhi al cielo per dirti ciao e tu sarai l\u00ec a darci la forza per continuare a fare le cose fatte bene come ci hai insegnato tu! <\/em><em>Questo \u00e8 solo un arrivederci, prima o poi ci troveremo lass\u00f9 a bere insieme il giro della casa che tu sempre offrivi.<\/em><br \/>\n<em>Grazie di tutto amico caro!<\/em><br \/>\n<em><strong>Il Calcio Voltago<\/strong><\/em><\/p>\n","protected":false},"excerpt":{"rendered":"<p>Dagli amici e amiche di Alan Scussel del calcio Voltago riceviamo e volentieri pubblichiamo. &nbsp; Caro Alan, trovare le parole per salutarti \u00e8 difficile; \u00e8 difficile perch\u00e9 se pensiamo a te ci vengono in mente solo ricordi felici che ci tolgono le lacrime dagli occhi e ci riempiono il volto di sorrisi. Per noi del&hellip;<\/p>\n","protected":false},"author":1,"featured_media":151896,"comment_status":"closed","ping_status":"closed","sticky":false,"template":"","format":"standard","meta":{"_monsterinsights_skip_tracking":false,"_monsterinsights_sitenote_active":false,"_monsterinsights_sitenote_note":"","_monsterinsights_sitenote_category":0,"footnotes":""},"categories":[49],"tags":[],"class_list":["post-151831","post","type-post","status-publish","format-standard","has-post-thumbnail","hentry","category-news-18","category-49","description-off"],"img_url":"https:\/\/www.radiopiu.net\/wordpress\/wp-content\/uploads\/2020\/07\/WhatsApp-Image-2017-05-20-at-19.10.15.jpeg","_links":{"self":[{"href":"https:\/\/www.radiopiu.net\/wordpress\/wp-json\/wp\/v2\/posts\/151831","targetHints":{"allow":["GET"]}}],"collection":[{"href":"https:\/\/www.radiopiu.net\/wordpress\/wp-json\/wp\/v2\/posts"}],"about":[{"href":"https:\/\/www.radiopiu.net\/wordpress\/wp-json\/wp\/v2\/types\/post"}],"author":[{"embeddable":true,"href":"https:\/\/www.radiopiu.net\/wordpress\/wp-json\/wp\/v2\/users\/1"}],"replies":[{"embeddable":true,"href":"https:\/\/www.radiopiu.net\/wordpress\/wp-json\/wp\/v2\/comments?post=151831"}],"version-history":[{"count":0,"href":"https:\/\/www.radiopiu.net\/wordpress\/wp-json\/wp\/v2\/posts\/151831\/revisions"}],"wp:featuredmedia":[{"embeddable":true,"href":"https:\/\/www.radiopiu.net\/wordpress\/wp-json\/wp\/v2\/media\/151896"}],"wp:attachment":[{"href":"https:\/\/www.radiopiu.net\/wordpress\/wp-json\/wp\/v2\/media?parent=151831"}],"wp:term":[{"taxonomy":"category","embeddable":true,"href":"https:\/\/www.radiopiu.net\/wordpress\/wp-json\/wp\/v2\/categories?post=151831"},{"taxonomy":"post_tag","embeddable":true,"href":"https:\/\/www.radiopiu.net\/wordpress\/wp-json\/wp\/v2\/tags?post=151831"}],"curies":[{"name":"wp","href":"https:\/\/api.w.org\/{rel}","templated":true}]}}