{"id":151842,"date":"2020-07-28T23:59:25","date_gmt":"2020-07-28T21:59:25","guid":{"rendered":"https:\/\/www.radiopiu.net\/wordpress\/?p=151842"},"modified":"2020-07-29T06:14:12","modified_gmt":"2020-07-29T04:14:12","slug":"dopo-la-rinuncia-di-mario-carlin-unterberger-nuovo-penitenziere-di-renato-bona","status":"publish","type":"post","link":"https:\/\/www.radiopiu.net\/wordpress\/dopo-la-rinuncia-di-mario-carlin-unterberger-nuovo-penitenziere-di-renato-bona\/","title":{"rendered":"DOPO LA RINUNCIA DI MARIO CARLIN UNTERBERGER NUOVO PENITENZIERE di RENATO BONA"},"content":{"rendered":"<p><span class=\"_5yl5\"><strong>BELLUNO\u00a0<\/strong> Staffetta nella basilica cattedrale di Belluno per il delicato servizio di Penitenziere tra il novantottenne monsignor Mario Carlin e don Giovanni Unterberger. Con recente decreto infatti il vescovo di Belluno-Feltre monsignor Renato Marangoni ha accolto la rinuncia di Carlin ed ha provveduto alla nomina del successore con Unterberger che \u00e8 divenuto il nuovo canonico penitenziere. Ne ha dato notizia il sito telematico chiesabellunofeltre sottolineando il fatto che don Mario, classe 1922, \u201cha rinunciato dopo 27 anni di onorato servizio\u201d. Nato a Pieve di Cadore nel 1943, Unterberger \u00e8 dal 1966 sacerdote della Diocesi di Belluno-Feltre. Viene ricordato che ha conseguito la licenza in Teologia presso la Pontificia universit\u00e0 lateranense e la licenza in Scienze bibliche presso il Pontificio istituto Biblico di Roma. Dal 1976 e fino al 2014 ha svolto l\u2019incarico di direttore spirituale del seminario Gregoriano di Belluno. Nei corsi teologici e presso l\u2019Istituto superiore di scienze religiose \u00e8 stato per tanti anni docente di Sacra Scrittura. Dal 1990 \u00e8 canonico della basilica cattedrale. Ma chi \u00e8 e cosa fa il \u201cpenitenziere\u201d? Ancora dal sito: \u201cE\u2019 un prete che fa servizio in cattedrale ed \u00e8 incaricato in modo particolare per il ministero della riconciliazione: \u00e8 infatti autorizzato ad assolvere anche quei casi speciali per i quali il diritto prevede censure canoniche riservate all\u2019autorit\u00e0 del Vescovo\u201d. Vogliamo ora ricordare che in occasione del novantesimo compleanno di monsignor Carlin, il decano della Cattedrale bellunese, monsignor Ausilio Da Rif (in assenza del vescovo, oggi emerito, monsignor Giuseppe Andrich), introducendo la messa aveva risposto al saluto liturgico rivolto da \u201cmonsignore venerando\u201d esprimendogli la cordiale e intensa partecipazione all\u2019eucarestia e sottolineando, fra l\u2019altro, che: \u201cPi\u00f9 volte la Bibbia qualifica la lunga vita come un dono speciale del Signore. Tanto pi\u00f9 questo \u00e8 vero per lei che ha dedicato a Dio tutti i suoi anni: la preparazione in seminario, il ministero di cappellano, parroco di Fortogna, San Pietro di Cadore, Gron, Limana e Paderno, canonico penitenziere di questa cattedrale, fedele, assiduo, apprezzato\u201d. Si era quindi soffermato, mons, Da Rif, sul fatto che \u201cNel secolo scorso, verso il 1940, le deficienze del canonico penitenziere erano sottolineate dalle pasquinate, foglietti che apparivano sul suo confessionale, e la pi\u00f9 celebre diceva: \u2018Nelle feste del Signore, \u00e8 ammalato monsignore. Nelle feste di Maria, monsignore \u00e8 sempre via. Nelle feste del sovrano, monsignore \u00e8 sempre sano\u201d, perch\u00e9 nelle feste patriottiche non c\u2019era da confessare\u201d. Rivolto a don Carlin aveva rimarcato: \u201cCon lei la situazione \u00e8 veramente cambiata!\u201d. Affermando poi che \u201cQuello della confessione \u00e8 un ministero che egregiamente avvicina le anime a Cristo, che ci si pu\u00f2 augurare venga rivalutato nella Chiesa, rispetto a tante altre attivit\u00e0 utili, buone, ma marginali!\u201d. Non aveva trascurato, il decano della cattedrale, di evidenziare le benemerenze di Mario Carlin \u201canche per quanto ha fatto come delegato per l\u2019Emigrazione, delegato per la Vita consacrata e come assistente di vari gruppi di spiritualit\u00e0, qui oggi rappresentanti, con ritiri, incontri, pellegrinaggi\u201d. E sempre a proposito di penitenziere nella chiesa cattolica, ecco quanto riporta la libera enciclopedia Wikipedia: \u201cIl penitenziere, o penitenziero, o canonico penitenziere \u00e8 un sacerdote cattolico presente nelle cattedrali, di nomina propria del vescovo o arcivescovo diocesano, autorizzato a confessare in tutti quei casi speciali di norma sottratti alla competenza del sacerdote ordinario e riservati quindi all\u2019autorit\u00e0 episcopale. In particolare ai sensi del codice di diritto canonico vigente, si tratta di un presbitero facente parte del capitolo dei canonici e che, per delega del vescovo, e nei casi non riservati alla Santa Sede, ha la facolt\u00e0 di assolvere da peccati o da colpe che \u2018latae sententiae\u2019 farebbero incorrere nelle \u2018pene medicinali\u2019 o \u2018censure\u2019: scomunica, interdizione, sospensione a divinis. Il penitenziere \u00e8 anche un presbitero presente nelle quattro Basiliche papali maggiori di Roma (San Giovanni in Laterano, San Pietro in Vaticano, Santa Maria Maggiore e Basilica di San Paolo fuori le mura) a disposizione dei pellegrini. Si tratta di religiosi scelti da varie nazioni e appartenenti ai vari ordini religiosi. Risiedono nei pressi delle basiliche e sono subordinati al gran penitenziere per ci\u00f2 che riguarda il loro ufficio, mentre sono soggetti al superiore del loro ordine secolare per quanto riguarda la vita religiosa. Il gran penitenziere o penitenziere maggiore \u00e8 invece un cardinale preposto, secondo una nomina papale, al tribunale romano della Penitenzieria Apostolica. Le sue competenze sono stabilite dagli articoli 117-120 della Costituzione apostolica Pastor Bonus\u201d. <\/span><\/p>\n\n\t\t\t<style type='text\/css'>\n\t\t\t\t#gallery-1 {\n\t\t\t\t\tmargin: auto;\n\t\t\t\t}\n\t\t\t\t#gallery-1 .gallery-item {\n\t\t\t\t\tfloat: left;\n\t\t\t\t\tmargin-top: 10px;\n\t\t\t\t\ttext-align: center;\n\t\t\t\t\twidth: 33%;\n\t\t\t\t}\n\t\t\t\t#gallery-1 img {\n\t\t\t\t\tborder: 2px solid #cfcfcf;\n\t\t\t\t}\n\t\t\t\t#gallery-1 .gallery-caption {\n\t\t\t\t\tmargin-left: 0;\n\t\t\t\t}\n\t\t\t\t\/* see gallery_shortcode() in wp-includes\/media.php *\/\n\t\t\t<\/style>\n\t\t<div id='gallery-1' class='dt-gallery-container gallery galleryid-151842 gallery-columns-3 gallery-size-thumbnail'><dl class='gallery-item'>\n\t\t\t\t<dt class='gallery-icon portrait'>\n\t\t\t\t\t<a class=\"rollover rollover-zoom dt-pswp-item\" title=\"116248086_1730842933733861_6448643483700547863_n\" data-dt-img-description=\"\" data-large_image_width=\"207\" data-large_image_height=\"273\"href='https:\/\/www.radiopiu.net\/wordpress\/wp-content\/uploads\/2020\/07\/116248086_1730842933733861_6448643483700547863_n.png'><img loading=\"lazy\" decoding=\"async\" width=\"150\" height=\"150\" src=\"https:\/\/www.radiopiu.net\/wordpress\/wp-content\/uploads\/2020\/07\/116248086_1730842933733861_6448643483700547863_n-150x150.png\" class=\"attachment-thumbnail size-thumbnail\" alt=\"\" \/><\/a>\n\t\t\t\t<\/dt><\/dl><dl class='gallery-item'>\n\t\t\t\t<dt class='gallery-icon portrait'>\n\t\t\t\t\t<a class=\"rollover rollover-zoom dt-pswp-item\" title=\"116342151_652311985370908_335278301034803804_n\" data-dt-img-description=\"\" data-large_image_width=\"666\" data-large_image_height=\"714\"href='https:\/\/www.radiopiu.net\/wordpress\/wp-content\/uploads\/2020\/07\/116342151_652311985370908_335278301034803804_n.jpg'><img loading=\"lazy\" decoding=\"async\" width=\"150\" height=\"150\" src=\"https:\/\/www.radiopiu.net\/wordpress\/wp-content\/uploads\/2020\/07\/116342151_652311985370908_335278301034803804_n-150x150.jpg\" class=\"attachment-thumbnail size-thumbnail\" alt=\"\" \/><\/a>\n\t\t\t\t<\/dt><\/dl><dl class='gallery-item'>\n\t\t\t\t<dt class='gallery-icon portrait'>\n\t\t\t\t\t<a class=\"rollover rollover-zoom dt-pswp-item\" title=\"116426676_317473472711286_8094749572817858056_n\" data-dt-img-description=\"\" data-large_image_width=\"1536\" data-large_image_height=\"2048\"href='https:\/\/www.radiopiu.net\/wordpress\/wp-content\/uploads\/2020\/07\/116426676_317473472711286_8094749572817858056_n.jpg'><img loading=\"lazy\" decoding=\"async\" width=\"150\" height=\"150\" src=\"https:\/\/www.radiopiu.net\/wordpress\/wp-content\/uploads\/2020\/07\/116426676_317473472711286_8094749572817858056_n-150x150.jpg\" class=\"attachment-thumbnail size-thumbnail\" alt=\"\" \/><\/a>\n\t\t\t\t<\/dt><\/dl><br style=\"clear: both\" \/><dl class='gallery-item'>\n\t\t\t\t<dt class='gallery-icon portrait'>\n\t\t\t\t\t<a class=\"rollover rollover-zoom dt-pswp-item\" title=\"116430303_341156850230150_8190313161727728833_n\" data-dt-img-description=\"\" data-large_image_width=\"1453\" data-large_image_height=\"2048\"href='https:\/\/www.radiopiu.net\/wordpress\/wp-content\/uploads\/2020\/07\/116430303_341156850230150_8190313161727728833_n.jpg'><img loading=\"lazy\" decoding=\"async\" width=\"150\" height=\"150\" src=\"https:\/\/www.radiopiu.net\/wordpress\/wp-content\/uploads\/2020\/07\/116430303_341156850230150_8190313161727728833_n-150x150.jpg\" class=\"attachment-thumbnail size-thumbnail\" alt=\"\" \/><\/a>\n\t\t\t\t<\/dt><\/dl><dl class='gallery-item'>\n\t\t\t\t<dt class='gallery-icon portrait'>\n\t\t\t\t\t<a class=\"rollover rollover-zoom dt-pswp-item\" title=\"116234636_970213643444191_1520975265921848733_n\" data-dt-img-description=\"\" data-large_image_width=\"1859\" data-large_image_height=\"2048\"href='https:\/\/www.radiopiu.net\/wordpress\/wp-content\/uploads\/2020\/07\/116234636_970213643444191_1520975265921848733_n.jpg'><img loading=\"lazy\" decoding=\"async\" width=\"150\" height=\"150\" src=\"https:\/\/www.radiopiu.net\/wordpress\/wp-content\/uploads\/2020\/07\/116234636_970213643444191_1520975265921848733_n-150x150.jpg\" class=\"attachment-thumbnail size-thumbnail\" alt=\"\" \/><\/a>\n\t\t\t\t<\/dt><\/dl><dl class='gallery-item'>\n\t\t\t\t<dt class='gallery-icon landscape'>\n\t\t\t\t\t<a class=\"rollover rollover-zoom dt-pswp-item\" title=\"116216149_943316366187984_1223375702688010799_n\" data-dt-img-description=\"\" data-large_image_width=\"1464\" data-large_image_height=\"1073\"href='https:\/\/www.radiopiu.net\/wordpress\/wp-content\/uploads\/2020\/07\/116216149_943316366187984_1223375702688010799_n.jpg'><img loading=\"lazy\" decoding=\"async\" width=\"150\" height=\"150\" src=\"https:\/\/www.radiopiu.net\/wordpress\/wp-content\/uploads\/2020\/07\/116216149_943316366187984_1223375702688010799_n-150x150.jpg\" class=\"attachment-thumbnail size-thumbnail\" alt=\"\" \/><\/a>\n\t\t\t\t<\/dt><\/dl><br style=\"clear: both\" \/>\n\t\t\t<\/div>\n\n<p>&nbsp;<\/p>\n<p><span class=\"_5yl5\">NELLE FOTO (Renato Bona; sito chiesabellunofeltre; Bellunesi nel Mondo): il nuovo penitenziere della cattedrale basilica di Belluno, don Giovanni Unterberger; il suo predecessore Mario Carlin, che ha rinunciato all\u2019et\u00e0 di 98 anni; la cattedrale-basilica bellunese; il confessionale del penitenziere del Duomo; mons. Ausilio Da Rif (tra i vescovi Andrich e Marangoni) che per i 90 anni di Carlin aveva fra l\u2019altro sottolineato il ruolo del penitenziere.<\/span><\/p>\n","protected":false},"excerpt":{"rendered":"<p>BELLUNO\u00a0 Staffetta nella basilica cattedrale di Belluno per il delicato servizio di Penitenziere tra il novantottenne monsignor Mario Carlin e don Giovanni Unterberger. Con recente decreto infatti il vescovo di Belluno-Feltre monsignor Renato Marangoni ha accolto la rinuncia di Carlin ed ha provveduto alla nomina del successore con Unterberger che \u00e8 divenuto il nuovo canonico&hellip;<\/p>\n","protected":false},"author":1,"featured_media":151843,"comment_status":"closed","ping_status":"closed","sticky":false,"template":"","format":"standard","meta":{"_monsterinsights_skip_tracking":false,"_monsterinsights_sitenote_active":false,"_monsterinsights_sitenote_note":"","_monsterinsights_sitenote_category":0,"footnotes":""},"categories":[49],"tags":[],"class_list":["post-151842","post","type-post","status-publish","format-standard","has-post-thumbnail","hentry","category-news-18","category-49","description-off"],"img_url":"https:\/\/www.radiopiu.net\/wordpress\/wp-content\/uploads\/2020\/07\/116248086_1730842933733861_6448643483700547863_n.png","_links":{"self":[{"href":"https:\/\/www.radiopiu.net\/wordpress\/wp-json\/wp\/v2\/posts\/151842","targetHints":{"allow":["GET"]}}],"collection":[{"href":"https:\/\/www.radiopiu.net\/wordpress\/wp-json\/wp\/v2\/posts"}],"about":[{"href":"https:\/\/www.radiopiu.net\/wordpress\/wp-json\/wp\/v2\/types\/post"}],"author":[{"embeddable":true,"href":"https:\/\/www.radiopiu.net\/wordpress\/wp-json\/wp\/v2\/users\/1"}],"replies":[{"embeddable":true,"href":"https:\/\/www.radiopiu.net\/wordpress\/wp-json\/wp\/v2\/comments?post=151842"}],"version-history":[{"count":0,"href":"https:\/\/www.radiopiu.net\/wordpress\/wp-json\/wp\/v2\/posts\/151842\/revisions"}],"wp:featuredmedia":[{"embeddable":true,"href":"https:\/\/www.radiopiu.net\/wordpress\/wp-json\/wp\/v2\/media\/151843"}],"wp:attachment":[{"href":"https:\/\/www.radiopiu.net\/wordpress\/wp-json\/wp\/v2\/media?parent=151842"}],"wp:term":[{"taxonomy":"category","embeddable":true,"href":"https:\/\/www.radiopiu.net\/wordpress\/wp-json\/wp\/v2\/categories?post=151842"},{"taxonomy":"post_tag","embeddable":true,"href":"https:\/\/www.radiopiu.net\/wordpress\/wp-json\/wp\/v2\/tags?post=151842"}],"curies":[{"name":"wp","href":"https:\/\/api.w.org\/{rel}","templated":true}]}}