{"id":151862,"date":"2020-07-28T15:37:19","date_gmt":"2020-07-28T13:37:19","guid":{"rendered":"https:\/\/www.radiopiu.net\/wordpress\/?p=151862"},"modified":"2020-07-28T15:37:19","modified_gmt":"2020-07-28T13:37:19","slug":"land-art-al-gruppo-operativo-giovani-2020-nelloasi-naturalistica-del-lago-di-santa-croce-il-risultato-del-nuovo-lavoro-dei-ragazzi","status":"publish","type":"post","link":"https:\/\/www.radiopiu.net\/wordpress\/land-art-al-gruppo-operativo-giovani-2020-nelloasi-naturalistica-del-lago-di-santa-croce-il-risultato-del-nuovo-lavoro-dei-ragazzi\/","title":{"rendered":"LAND ART AL GRUPPO OPERATIVO GIOVANI 2020: NELL\u2019OASI NATURALISTICA DEL LAGO DI SANTA CROCE IL RISULTATO DEL NUOVO LAVORO DEI RAGAZZI"},"content":{"rendered":"<p><strong><a class=\"dt-pswp-item\" href=\"https:\/\/www.radiopiu.net\/wordpress\/wp-content\/uploads\/2020\/07\/75b7e13a-06d3-4897-bc28-e44e70c66412.jpg\" data-dt-img-description=\"\" data-large_image_width=\"2048\" data-large_image_height=\"1365\"><img loading=\"lazy\" decoding=\"async\" class=\"size-medium wp-image-151863 alignleft\" src=\"https:\/\/www.radiopiu.net\/wordpress\/wp-content\/uploads\/2020\/07\/75b7e13a-06d3-4897-bc28-e44e70c66412-300x200.jpg\" alt=\"\" width=\"300\" height=\"200\" srcset=\"https:\/\/www.radiopiu.net\/wordpress\/wp-content\/uploads\/2020\/07\/75b7e13a-06d3-4897-bc28-e44e70c66412-300x200.jpg 300w, https:\/\/www.radiopiu.net\/wordpress\/wp-content\/uploads\/2020\/07\/75b7e13a-06d3-4897-bc28-e44e70c66412-1024x683.jpg 1024w, https:\/\/www.radiopiu.net\/wordpress\/wp-content\/uploads\/2020\/07\/75b7e13a-06d3-4897-bc28-e44e70c66412-768x512.jpg 768w, https:\/\/www.radiopiu.net\/wordpress\/wp-content\/uploads\/2020\/07\/75b7e13a-06d3-4897-bc28-e44e70c66412-1536x1024.jpg 1536w, https:\/\/www.radiopiu.net\/wordpress\/wp-content\/uploads\/2020\/07\/75b7e13a-06d3-4897-bc28-e44e70c66412.jpg 2048w\" sizes=\"auto, (max-width: 300px) 100vw, 300px\" \/><\/a>ALPAGO\u00a0<\/strong>Quando arte e natura si incontrano sotto la maestria dell&#8217;artista Giorgio Vazza e con il supporto dei ragazzi del Gruppo Operativo Giovani, il risultato \u00e8 assicurato.<span class=\"Apple-converted-space\">\u00a0<\/span>E cos\u00ec da oggi nell\u2019oasi naturalistica del lago di Santa Croce trova posto una nuova opera, nata dalle mani dei partecipanti al Gruppo Operativo Giovani, coordinate dal maestro Vazza e supportate dall\u2019aiuto dagli adulti che hanno accompagnato i ragazzi in questo percorso.\u00a0Accanto a quelle degli anni precedenti (il Nido, il Pesce e l\u2019Uccello) ecco dunque il cavallo, ultimo prodotto del percorso formativo di Land Art, l\u2019arte che nasce appunto dal contatto diretto con il territorio e che di quello stesso territorio vuole trasmettere non solo un\u2019espressione figurativa, ma anche le suggestioni. Un\u2019esperienza quest\u2019anno ancora pi\u00f9 ricca e significativa, visto il periodo di \u201cchiusura\u201d forzata<span class=\"Apple-converted-space\">\u00a0 <\/span>e prolungata che proprio i ragazzi, pi\u00f9 di altri, hanno dovuto affrontare per l\u2019emergenza sanitaria.<span class=\"Apple-converted-space\">\u00a0<\/span>L\u2019 opera \u00e8 stata realizzata in continuit\u00e0 anche geografica con quelle degli scorsi anni nella zona dell\u2019oasi naturalistica lungo il sentiero che collega Bastia a Fara.\u00a0Questa mattina si \u00e8 tenuto anche un breve momento di incontro ed inaugurazione della nuova opera realizzata dai ragazzi.<span class=\"Apple-converted-space\">\u00a0<\/span>\u201c<em>Anche quest\u2019anno il progetto G.O.G. \u00e8 partito con il laboratorio artistico, appuntamento atteso non solo dai giovani partecipanti, ma da tutta la cittadinanza, curiosa di vedere le nuove creazioni<\/em>\u201d, commenta il vicesindaco del Comune di Alpago con delega alle politiche giovanili, che aggiunge: \u201c<em>Un ringraziamento sentito e doveroso da parte dell\u2019Amministrazione va in particolare a Giorgio Vazza, che anche in questa occasione si \u00e8 messo a disposizione regalandoci il suo tempo e la sua arte ed \u00e8 riuscito a sorprenderci ancora una volta, dando vita ad una creazione che non \u00e8 solo testimonianza delle sue capacit\u00e0 e di quelle die nostri giovani, ma rappresenta un vero e proprio oggetto di arredo artistico, un\u2019ulteriore occasione di attrattivit\u00e0 per il nostro territorio<\/em>\u201d.\u00a0\u201c<em>Il cavallo, animale con cui fin dall\u2019antichit\u00e0 l\u2019uomo ha sviluppato un rapporto quasi simbiotico &#8211; spiega Giorgio Vazza &#8211; con la sua forza e la sua energia diventa il simbolo di una libert\u00e0 ritrovata e della voglia di vivere. Un\u2019opera collettiva, tante mani al lavoro. Adulti e ragazzi insieme, in un dialogo tra generazioni, riscoprono il valore delle abilit\u00e0 manuali e della creativit\u00e0 che rendono l\u2019uomo libero<\/em>\u201d.<\/p>\n","protected":false},"excerpt":{"rendered":"<p>ALPAGO\u00a0Quando arte e natura si incontrano sotto la maestria dell&#8217;artista Giorgio Vazza e con il supporto dei ragazzi del Gruppo Operativo Giovani, il risultato \u00e8 assicurato.\u00a0E cos\u00ec da oggi nell\u2019oasi naturalistica del lago di Santa Croce trova posto una nuova opera, nata dalle mani dei partecipanti al Gruppo Operativo Giovani, coordinate dal maestro Vazza e&hellip;<\/p>\n","protected":false},"author":4,"featured_media":151863,"comment_status":"closed","ping_status":"closed","sticky":false,"template":"","format":"standard","meta":{"_monsterinsights_skip_tracking":false,"_monsterinsights_sitenote_active":false,"_monsterinsights_sitenote_note":"","_monsterinsights_sitenote_category":0,"footnotes":""},"categories":[49],"tags":[],"class_list":["post-151862","post","type-post","status-publish","format-standard","has-post-thumbnail","hentry","category-news-18","category-49","description-off"],"img_url":"https:\/\/www.radiopiu.net\/wordpress\/wp-content\/uploads\/2020\/07\/75b7e13a-06d3-4897-bc28-e44e70c66412.jpg","_links":{"self":[{"href":"https:\/\/www.radiopiu.net\/wordpress\/wp-json\/wp\/v2\/posts\/151862","targetHints":{"allow":["GET"]}}],"collection":[{"href":"https:\/\/www.radiopiu.net\/wordpress\/wp-json\/wp\/v2\/posts"}],"about":[{"href":"https:\/\/www.radiopiu.net\/wordpress\/wp-json\/wp\/v2\/types\/post"}],"author":[{"embeddable":true,"href":"https:\/\/www.radiopiu.net\/wordpress\/wp-json\/wp\/v2\/users\/4"}],"replies":[{"embeddable":true,"href":"https:\/\/www.radiopiu.net\/wordpress\/wp-json\/wp\/v2\/comments?post=151862"}],"version-history":[{"count":0,"href":"https:\/\/www.radiopiu.net\/wordpress\/wp-json\/wp\/v2\/posts\/151862\/revisions"}],"wp:featuredmedia":[{"embeddable":true,"href":"https:\/\/www.radiopiu.net\/wordpress\/wp-json\/wp\/v2\/media\/151863"}],"wp:attachment":[{"href":"https:\/\/www.radiopiu.net\/wordpress\/wp-json\/wp\/v2\/media?parent=151862"}],"wp:term":[{"taxonomy":"category","embeddable":true,"href":"https:\/\/www.radiopiu.net\/wordpress\/wp-json\/wp\/v2\/categories?post=151862"},{"taxonomy":"post_tag","embeddable":true,"href":"https:\/\/www.radiopiu.net\/wordpress\/wp-json\/wp\/v2\/tags?post=151862"}],"curies":[{"name":"wp","href":"https:\/\/api.w.org\/{rel}","templated":true}]}}