{"id":151865,"date":"2020-07-28T15:49:12","date_gmt":"2020-07-28T13:49:12","guid":{"rendered":"https:\/\/www.radiopiu.net\/wordpress\/?p=151865"},"modified":"2020-07-28T15:49:12","modified_gmt":"2020-07-28T13:49:12","slug":"progetto-beeaware-camere-di-volo-visibili-via-web","status":"publish","type":"post","link":"https:\/\/www.radiopiu.net\/wordpress\/progetto-beeaware-camere-di-volo-visibili-via-web\/","title":{"rendered":"PROGETTO BEEAWARE! \u201cCAMERE DI VOLO\u201d VISIBILI VIA WEB"},"content":{"rendered":"<p><strong><a class=\"dt-pswp-item\" href=\"https:\/\/www.radiopiu.net\/wordpress\/wp-content\/uploads\/2020\/07\/Inaugurazione-Camera-di-volo-Bee-Aware-3-scaled.jpg\" data-dt-img-description=\"\" data-large_image_width=\"2560\" data-large_image_height=\"1707\"><img loading=\"lazy\" decoding=\"async\" class=\"size-medium wp-image-151866 alignleft\" src=\"https:\/\/www.radiopiu.net\/wordpress\/wp-content\/uploads\/2020\/07\/Inaugurazione-Camera-di-volo-Bee-Aware-3-300x200.jpg\" alt=\"\" width=\"300\" height=\"200\" srcset=\"https:\/\/www.radiopiu.net\/wordpress\/wp-content\/uploads\/2020\/07\/Inaugurazione-Camera-di-volo-Bee-Aware-3-300x200.jpg 300w, https:\/\/www.radiopiu.net\/wordpress\/wp-content\/uploads\/2020\/07\/Inaugurazione-Camera-di-volo-Bee-Aware-3-1024x683.jpg 1024w, https:\/\/www.radiopiu.net\/wordpress\/wp-content\/uploads\/2020\/07\/Inaugurazione-Camera-di-volo-Bee-Aware-3-768x512.jpg 768w, https:\/\/www.radiopiu.net\/wordpress\/wp-content\/uploads\/2020\/07\/Inaugurazione-Camera-di-volo-Bee-Aware-3-1536x1024.jpg 1536w, https:\/\/www.radiopiu.net\/wordpress\/wp-content\/uploads\/2020\/07\/Inaugurazione-Camera-di-volo-Bee-Aware-3-2048x1365.jpg 2048w\" sizes=\"auto, (max-width: 300px) 100vw, 300px\" \/><\/a>BELLUNO\u00a0<\/strong>Taglio del nastro questa mattina al Parco Maraga per la \u201ccamera di volo\u201d realizzata dai Comuni di Belluno e di Limana con l\u2019associazione ApiDolomiti, nell\u2019ambito del progetto internazionale \u201cBeeAware! Comuni Alpini per la protezione delle api\u201d.\u00a0Le \u201ccamere di volo\u201d realizzate per il progetto sono due, posizionate a Belluno, al Parco Maraga, e a Limana, all&#8217;esterno della sede di ApiDolomiti a Villa di Limana. Sono delle arnie didattiche, monitorate in tempo reale con sensori che rilevano i principali parametri vitali dell\u2019alveare: temperatura, umidit\u00e0 interna ed esterna, e il peso delle colonie. Inoltre, sono anche dotate di una webcam che permette di seguire in tempo reale l&#8217;attivit\u00e0 all&#8217;interno dell&#8217;arnia.\u00a0Si potr\u00e0 cos\u00ec vedere in tutta sicurezza quanto accade nella camera di volo e monitorare i diversi parametri: per farlo, baster\u00e0 accedere al sito <a href=\"http:\/\/www.paesedelmiele.it\/\">www.paesedelmiele.it<\/a>. Inoltre, verranno installati dei monitor in Piazza Duomo a Belluno, all&#8217;ingresso delle scale mobili, e nella Biblioteca comunale di Limana.\u00a0BeeAware! coinvolge attivamente molti comuni alpini nella protezione delle api, con lo scopo di migliorare le basi vitali delle api mellifere e selvatiche. \u00c8 un progetto di CIPRA International &#8211; Commissione Internazionale per la Protezione delle Alpi in cooperazione con la Rete di comuni \u201cAlleanza nelle Alpi\u201d e l\u2019associazione \u201cCitt\u00e0 Alpina dell\u2019anno\u201d. <a class=\"dt-pswp-item\" href=\"https:\/\/www.radiopiu.net\/wordpress\/wp-content\/uploads\/2020\/07\/Inaugurazione-Camera-di-volo-Bee-Aware-1-scaled.jpg\" data-dt-img-description=\"\" data-large_image_width=\"2560\" data-large_image_height=\"1707\"><img loading=\"lazy\" decoding=\"async\" class=\"size-medium wp-image-151867 alignright\" src=\"https:\/\/www.radiopiu.net\/wordpress\/wp-content\/uploads\/2020\/07\/Inaugurazione-Camera-di-volo-Bee-Aware-1-300x200.jpg\" alt=\"\" width=\"300\" height=\"200\" srcset=\"https:\/\/www.radiopiu.net\/wordpress\/wp-content\/uploads\/2020\/07\/Inaugurazione-Camera-di-volo-Bee-Aware-1-300x200.jpg 300w, https:\/\/www.radiopiu.net\/wordpress\/wp-content\/uploads\/2020\/07\/Inaugurazione-Camera-di-volo-Bee-Aware-1-1024x683.jpg 1024w, https:\/\/www.radiopiu.net\/wordpress\/wp-content\/uploads\/2020\/07\/Inaugurazione-Camera-di-volo-Bee-Aware-1-768x512.jpg 768w, https:\/\/www.radiopiu.net\/wordpress\/wp-content\/uploads\/2020\/07\/Inaugurazione-Camera-di-volo-Bee-Aware-1-1536x1024.jpg 1536w, https:\/\/www.radiopiu.net\/wordpress\/wp-content\/uploads\/2020\/07\/Inaugurazione-Camera-di-volo-Bee-Aware-1-2048x1365.jpg 2048w\" sizes=\"auto, (max-width: 300px) 100vw, 300px\" \/><\/a>Il progetto \u00e8 finanziato da una Fondazione di protezione animale e dal Ministero federale dell\u2019ambiente, della tutela della natura e della sicurezza nucleare della Germania (BMU).<span class=\"Apple-converted-space\">\u00a0\u00a0<\/span>Il Comune di Belluno, capofila del progetto, ha stretto un accordo con il Comune di Limana, gi\u00e0 conosciuto come \u201cPaese del Miele\u201d, e con la cooperativa Apidolomiti, la quale ha messo a disposizione i propri soci qualificati in qualit\u00e0 di esperti nella gestione delle api, organizzando anche incontri di divulgazione.\u00a0La decima edizione della manifestazione \u201cPaese del Miele\u201d di Limana, organizzata dal Comune di Limana con ApiDolomiti e la locale Pro Loco,<span class=\"Apple-converted-space\">\u00a0 <\/span>ha gi\u00e0 consentito di promuovere l\u2019avvio del progetto e di sensibilizzare la popolazione al ruolo delle api nella conservazione delle natura.\u00a0Il costo dell&#8217;intera iniziativa \u00e8 stato finanziato da CIPRA con poco pi\u00f9 di 7mila euro e confinanziato dal Comune di Belluno per 3mila euro.<\/p>\n<p><strong>ALBERTO SIMIELE, ASSESSORE ALL&#8217;AMBIENTE DEL COMUNE DI BELLUNO<\/strong><\/p>\n<audio class=\"wp-audio-shortcode\" id=\"audio-151865-1\" preload=\"none\" style=\"width: 100%;\" controls=\"controls\"><source type=\"audio\/mpeg\" src=\"https:\/\/www.radiopiu.net\/wordpress\/wp-content\/uploads\/2020\/07\/Alberto-Simiele-Assessore-ambiente-Comune-Belluno-Inaugurazione-Camera-di-volo-Bee-Aware.mp3?_=1\" \/><a href=\"https:\/\/www.radiopiu.net\/wordpress\/wp-content\/uploads\/2020\/07\/Alberto-Simiele-Assessore-ambiente-Comune-Belluno-Inaugurazione-Camera-di-volo-Bee-Aware.mp3\">https:\/\/www.radiopiu.net\/wordpress\/wp-content\/uploads\/2020\/07\/Alberto-Simiele-Assessore-ambiente-Comune-Belluno-Inaugurazione-Camera-di-volo-Bee-Aware.mp3<\/a><\/audio>\n<p>&nbsp;<\/p>\n<p><strong>ALEX SEGAT, ASSESSORE ALL&#8217;AMBIENTE DEL COMUNE DI LIMANA<\/strong><\/p>\n<audio class=\"wp-audio-shortcode\" id=\"audio-151865-2\" preload=\"none\" style=\"width: 100%;\" controls=\"controls\"><source type=\"audio\/mpeg\" src=\"https:\/\/www.radiopiu.net\/wordpress\/wp-content\/uploads\/2020\/07\/Alex-Segat-Assessore-ambiente-Comune-Limana-Inaugurazione-Camera-di-volo-Bee-Aware.mp3?_=2\" \/><a href=\"https:\/\/www.radiopiu.net\/wordpress\/wp-content\/uploads\/2020\/07\/Alex-Segat-Assessore-ambiente-Comune-Limana-Inaugurazione-Camera-di-volo-Bee-Aware.mp3\">https:\/\/www.radiopiu.net\/wordpress\/wp-content\/uploads\/2020\/07\/Alex-Segat-Assessore-ambiente-Comune-Limana-Inaugurazione-Camera-di-volo-Bee-Aware.mp3<\/a><\/audio>\n<p>&nbsp;<\/p>\n<p><strong>ROBERTO PIOL, PRESIDENTE APIDOLOMITI<\/strong><\/p>\n<audio class=\"wp-audio-shortcode\" id=\"audio-151865-3\" preload=\"none\" style=\"width: 100%;\" controls=\"controls\"><source type=\"audio\/mpeg\" src=\"https:\/\/www.radiopiu.net\/wordpress\/wp-content\/uploads\/2020\/07\/Roberto-Piol-Presidente-ApiDolomiti-Inaugurazione-Camera-di-volo-Bee-Aware.mp3?_=3\" \/><a href=\"https:\/\/www.radiopiu.net\/wordpress\/wp-content\/uploads\/2020\/07\/Roberto-Piol-Presidente-ApiDolomiti-Inaugurazione-Camera-di-volo-Bee-Aware.mp3\">https:\/\/www.radiopiu.net\/wordpress\/wp-content\/uploads\/2020\/07\/Roberto-Piol-Presidente-ApiDolomiti-Inaugurazione-Camera-di-volo-Bee-Aware.mp3<\/a><\/audio>\n<p>&nbsp;<\/p>\n","protected":false},"excerpt":{"rendered":"<p>BELLUNO\u00a0Taglio del nastro questa mattina al Parco Maraga per la \u201ccamera di volo\u201d realizzata dai Comuni di Belluno e di Limana con l\u2019associazione ApiDolomiti, nell\u2019ambito del progetto internazionale \u201cBeeAware! Comuni Alpini per la protezione delle api\u201d.\u00a0Le \u201ccamere di volo\u201d realizzate per il progetto sono due, posizionate a Belluno, al Parco Maraga, e a Limana, all&#8217;esterno&hellip;<\/p>\n","protected":false},"author":4,"featured_media":151867,"comment_status":"closed","ping_status":"closed","sticky":false,"template":"","format":"standard","meta":{"_monsterinsights_skip_tracking":false,"_monsterinsights_sitenote_active":false,"_monsterinsights_sitenote_note":"","_monsterinsights_sitenote_category":0,"footnotes":""},"categories":[49],"tags":[],"class_list":["post-151865","post","type-post","status-publish","format-standard","has-post-thumbnail","hentry","category-news-18","category-49","description-off"],"img_url":"https:\/\/www.radiopiu.net\/wordpress\/wp-content\/uploads\/2020\/07\/Inaugurazione-Camera-di-volo-Bee-Aware-1-scaled.jpg","_links":{"self":[{"href":"https:\/\/www.radiopiu.net\/wordpress\/wp-json\/wp\/v2\/posts\/151865","targetHints":{"allow":["GET"]}}],"collection":[{"href":"https:\/\/www.radiopiu.net\/wordpress\/wp-json\/wp\/v2\/posts"}],"about":[{"href":"https:\/\/www.radiopiu.net\/wordpress\/wp-json\/wp\/v2\/types\/post"}],"author":[{"embeddable":true,"href":"https:\/\/www.radiopiu.net\/wordpress\/wp-json\/wp\/v2\/users\/4"}],"replies":[{"embeddable":true,"href":"https:\/\/www.radiopiu.net\/wordpress\/wp-json\/wp\/v2\/comments?post=151865"}],"version-history":[{"count":0,"href":"https:\/\/www.radiopiu.net\/wordpress\/wp-json\/wp\/v2\/posts\/151865\/revisions"}],"wp:featuredmedia":[{"embeddable":true,"href":"https:\/\/www.radiopiu.net\/wordpress\/wp-json\/wp\/v2\/media\/151867"}],"wp:attachment":[{"href":"https:\/\/www.radiopiu.net\/wordpress\/wp-json\/wp\/v2\/media?parent=151865"}],"wp:term":[{"taxonomy":"category","embeddable":true,"href":"https:\/\/www.radiopiu.net\/wordpress\/wp-json\/wp\/v2\/categories?post=151865"},{"taxonomy":"post_tag","embeddable":true,"href":"https:\/\/www.radiopiu.net\/wordpress\/wp-json\/wp\/v2\/tags?post=151865"}],"curies":[{"name":"wp","href":"https:\/\/api.w.org\/{rel}","templated":true}]}}