{"id":151878,"date":"2020-07-28T16:03:19","date_gmt":"2020-07-28T14:03:19","guid":{"rendered":"https:\/\/www.radiopiu.net\/wordpress\/?p=151878"},"modified":"2020-07-28T16:03:19","modified_gmt":"2020-07-28T14:03:19","slug":"desiree-dal-borgo-e-il-nuovo-presidente-di-admo","status":"publish","type":"post","link":"https:\/\/www.radiopiu.net\/wordpress\/desiree-dal-borgo-e-il-nuovo-presidente-di-admo\/","title":{"rendered":"DESIRE\u00c8 DAL BORGO \u00c8 IL NUOVO PRESIDENTE DI ADMO"},"content":{"rendered":"<p><strong><a class=\"dt-pswp-item\" href=\"https:\/\/www.radiopiu.net\/wordpress\/wp-content\/uploads\/2016\/03\/ADMO-LOGO.png\" data-dt-img-description=\"\" data-large_image_width=\"1678\" data-large_image_height=\"534\"><img loading=\"lazy\" decoding=\"async\" class=\"size-medium wp-image-17301 alignleft\" src=\"https:\/\/www.radiopiu.net\/wordpress\/wp-content\/uploads\/2016\/03\/ADMO-LOGO-300x95.png\" alt=\"\" width=\"300\" height=\"95\" \/><\/a>BELLUNO\u00a0<\/strong>L&#8217;ADMO, Associazione Donatori di Midollo Osseo si rinnova.\u00a0Marted\u00ec scorso 21 luglio, presso la sala della Pro Loco di Ponte Nelle Alpi, si \u00e8 riunito il Consiglio Direttivo di ADMO per aggiornare le cariche statutarie.<span class=\"Apple-converted-space\">\u00a0<\/span>Dopo un breve e caloroso saluto da parte del presidente uscente Benvenuto Pol e le raccomandazioni di rito, si \u00e8 proseguito nella discussione evidenziando le nuove sfide e le questioni di stringente attualit\u00e0 delle quali il nuovo Presidente e tutto il Direttivo ADMO dovranno occuparsi. L&#8217;Associazione \u00e8 coinvolta in un delicato passaggio di ruoli e funzioni tra le sezioni provinciali e quella veneta regionale. Tre figure storiche e fondamentali da tanti anni attive in ufficio a Belluno ci salutano e molto lavoro va riorganizzato. La particolare situazione dovuta ala pandemia ha rallentato rielezioni, raccolta fondi con &#8220;Una colomba per la vita&#8221;, i consueti incontri con le classi quinte delle scuole superiori e le nuove tipizzazioni. Fortunatamente tutti i nuovi donatori disponibili sono stati contattati e tipizzati. Ora non resta che cercarne di nuovi e, senza concerti, sagre, incontri sportivi \u00e8 pi\u00f9 difficile. Resta quindi sempre valido l&#8217;invito ai ragazzi dai 18 ai 35 anni di farsi vivi con ADMO Belluno, rendersi disponibili ad un piccolo prelievo di sangue, incrociare le dita e sperare di poter essere utili, di pi\u00f9, indispensabili, per la vita di qualcuno.\u00a0Ecco le nuove cariche di ADMO: Desire\u00e9 Dal Borgo \u00e8 la nuova presidente, alla quale va il grazie sentito di tutti per il suo impegno. Vice-presidenti: Brunella Dal Farra e Maurizio Mazzucco; segretario: Enzo Giovanelli; tesoriere: Brunella Dal Farra; delegati per ADMO coordinamento: Enzo Giovanelli e Andreina Costa; vengono altres\u00ec individuati gli addetto ai rapporti con l\u2019ULSS Dolomiti: Maurizio Mazzucco; addetto stampa: Pina Sabatini; addetto incontri con le scuole: Pina Sabatini; coordinatori per l\u2019 \u201coperazione colomba\u201d: Stefania De Martini e Michele Soppelsa; addetti ai social media: Thomas Cadorin, Luca Balbinot e Anna Levis.<\/p>\n","protected":false},"excerpt":{"rendered":"<p>BELLUNO\u00a0L&#8217;ADMO, Associazione Donatori di Midollo Osseo si rinnova.\u00a0Marted\u00ec scorso 21 luglio, presso la sala della Pro Loco di Ponte Nelle Alpi, si \u00e8 riunito il Consiglio Direttivo di ADMO per aggiornare le cariche statutarie.\u00a0Dopo un breve e caloroso saluto da parte del presidente uscente Benvenuto Pol e le raccomandazioni di rito, si \u00e8 proseguito nella&hellip;<\/p>\n","protected":false},"author":4,"featured_media":0,"comment_status":"closed","ping_status":"closed","sticky":false,"template":"","format":"standard","meta":{"_monsterinsights_skip_tracking":false,"_monsterinsights_sitenote_active":false,"_monsterinsights_sitenote_note":"","_monsterinsights_sitenote_category":0,"footnotes":""},"categories":[49],"tags":[],"class_list":["post-151878","post","type-post","status-publish","format-standard","hentry","category-news-18","category-49","description-off"],"img_url":false,"_links":{"self":[{"href":"https:\/\/www.radiopiu.net\/wordpress\/wp-json\/wp\/v2\/posts\/151878","targetHints":{"allow":["GET"]}}],"collection":[{"href":"https:\/\/www.radiopiu.net\/wordpress\/wp-json\/wp\/v2\/posts"}],"about":[{"href":"https:\/\/www.radiopiu.net\/wordpress\/wp-json\/wp\/v2\/types\/post"}],"author":[{"embeddable":true,"href":"https:\/\/www.radiopiu.net\/wordpress\/wp-json\/wp\/v2\/users\/4"}],"replies":[{"embeddable":true,"href":"https:\/\/www.radiopiu.net\/wordpress\/wp-json\/wp\/v2\/comments?post=151878"}],"version-history":[{"count":0,"href":"https:\/\/www.radiopiu.net\/wordpress\/wp-json\/wp\/v2\/posts\/151878\/revisions"}],"wp:attachment":[{"href":"https:\/\/www.radiopiu.net\/wordpress\/wp-json\/wp\/v2\/media?parent=151878"}],"wp:term":[{"taxonomy":"category","embeddable":true,"href":"https:\/\/www.radiopiu.net\/wordpress\/wp-json\/wp\/v2\/categories?post=151878"},{"taxonomy":"post_tag","embeddable":true,"href":"https:\/\/www.radiopiu.net\/wordpress\/wp-json\/wp\/v2\/tags?post=151878"}],"curies":[{"name":"wp","href":"https:\/\/api.w.org\/{rel}","templated":true}]}}