{"id":151882,"date":"2020-07-29T06:14:52","date_gmt":"2020-07-29T04:14:52","guid":{"rendered":"https:\/\/www.radiopiu.net\/wordpress\/?p=151882"},"modified":"2020-07-29T06:25:16","modified_gmt":"2020-07-29T04:25:16","slug":"dillo-a-radio-piu-la-regione-ascolti-il-popolo-che-protesta","status":"publish","type":"post","link":"https:\/\/www.radiopiu.net\/wordpress\/dillo-a-radio-piu-la-regione-ascolti-il-popolo-che-protesta\/","title":{"rendered":"DILLO A RADIO PIU,  &#8220;LA REGIONE ASCOLTI IL POPOLO CHE PROTESTA&#8221;"},"content":{"rendered":"<p><strong><a class=\"dt-pswp-item\" href=\"https:\/\/www.radiopiu.net\/wordpress\/wp-content\/uploads\/2016\/01\/logo-radiopic3b9.png\" data-dt-img-description=\"\" data-large_image_width=\"483\" data-large_image_height=\"374\"><img loading=\"lazy\" decoding=\"async\" class=\"size-medium wp-image-15787 alignleft\" src=\"https:\/\/www.radiopiu.net\/wordpress\/wp-content\/uploads\/2016\/01\/logo-radiopic3b9-300x232.png\" alt=\"\" width=\"300\" height=\"232\" \/><\/a>RADIO PIU&#8217;<\/strong> Riceviamo e volentieri pubblichiamo dal dottor Enzo Bozza, medico di base a Vodo di Cadore<\/p>\n<blockquote><p><em>Il comunicato stampa dell&#8217;assessorato alla Sanit\u00e0 della Regione di questi giorni, risponde all&#8217;iniziativa di un comitato di cittadini che attraverso un manifesto pubblico lamenta l&#8217;effetto dei tagli alla sanit\u00e0 dell&#8217;amministrazione Zaia, nel territorio Cadore-Agordino. La risposta a nome dell&#8217;assessore \u00e8 di quelle recise, puntuali e un tantino accusatoria, perch\u00e9 si mette l&#8217;accento sulla volont\u00e0 complottista ed elettorale dell&#8217;iniziativa cittadina di protesta, come al solito, la politica. La questione, invece, \u00e8 un&#8217;altra. Vorrei suggerire gentilmente all&#8217;assessore che prima di snocciolare le solite cifre che dovrebbero accontentare tutti con le statistiche tanto care alla politica, di quelle che ricordava Trilussa con i suoi versi sulla statistica per la quale abbiamo tre polli in due quindi un pollo e mezzo a testa, mentre nella realt\u00e0 uno ha due polli e l&#8217;altro neanche uno, sarebbe importante prendere atto del fatto che esiste un comitato cittadino che lamenta un problema, pertanto si tratta di un problema percepito dalla gente. Se un gruppo nutrito di persone lamenta un problema di assistenza tanto da promuovere un comitato cittadino e affigge manifesti per informare la popolazione del luogo, allora il problema esiste, e prima di giudicarlo tendenzioso e propagandistico dal punto di vista elettorale, bisognerebbe, quantomeno chiedersi e chiedere perch\u00e9 la gente ha questa percezione, anche perch\u00e9 \u00e8 gente del posto che vive la realt\u00e0 del Cadore e dell&#8217;Agordino sulla propria pelle, tutti i giorni. Forse la realt\u00e0 a Venezia appare un po&#8217;diversa, soprattutto se valutata a tavolino con le cifre alla mano. Il gentile suggerimento all&#8217;assessore \u00e8 lo stesso che avevo proposto qualche mese fa: venite a vedere, parlate con gli amministratori locali, toccate con mano perch\u00e9 valutare un problema sanitario con le sole cifre, allontana parecchio dalla realt\u00e0: se la medicina fosse fatta solo di numeri, potremmo, allora sostituire tutto il personale sanitario con i computer e i protocolli automatizzati. Con le cifre si fanno i ponti e le strade, con le persone la questione \u00e8 diversa, Prima di bollare una iniziativa popolare come faziosa e tendenziosa, il politico di turno dovrebbe incontrare la gente e chiedere e chiedersi perch\u00e9 la realt\u00e0 percepita sull&#8217;assistenza sanitaria non corrisponde a quanto descritto dalle cifre. \u00c8 il caso che a Venezia ricordino che la la realt\u00e0 montana \u00e8 molto diversa da qualsiasi altra realt\u00e0 cittadina. La viabilit\u00e0 stradale tra queste montagne e le intemperie dell&#8217;inverno, come la massiccia presenza di turisti stagionale, potrebbero proporre scenari da film come smaltire un ictus imbottigliati nel traffico dell&#8217;Alemagna o partorire tra i baranci assistiti dai caprioli. Capisco che a Venezia possa sembrare inverosimile ma la storia \u00e8 la stessa: la visione della montagna di chi \u00e8 in vacanza non \u00e8 mai la visione di chi ci abita. Provare per credere, venite ad abitare in Cadore e poi mi direte se Belluno vi sembrer\u00e0 cos\u00ec vicina. Saluti dai monti all&#8217;assessore.<\/em><\/p><\/blockquote>\n","protected":false},"excerpt":{"rendered":"<p>RADIO PIU&#8217; Riceviamo e volentieri pubblichiamo dal dottor Enzo Bozza, medico di base a Vodo di Cadore Il comunicato stampa dell&#8217;assessorato alla Sanit\u00e0 della Regione di questi giorni, risponde all&#8217;iniziativa di un comitato di cittadini che attraverso un manifesto pubblico lamenta l&#8217;effetto dei tagli alla sanit\u00e0 dell&#8217;amministrazione Zaia, nel territorio Cadore-Agordino. La risposta a nome&hellip;<\/p>\n","protected":false},"author":4,"featured_media":0,"comment_status":"closed","ping_status":"closed","sticky":false,"template":"","format":"standard","meta":{"_monsterinsights_skip_tracking":false,"_monsterinsights_sitenote_active":false,"_monsterinsights_sitenote_note":"","_monsterinsights_sitenote_category":0,"footnotes":""},"categories":[49],"tags":[],"class_list":["post-151882","post","type-post","status-publish","format-standard","hentry","category-news-18","category-49","description-off"],"img_url":false,"_links":{"self":[{"href":"https:\/\/www.radiopiu.net\/wordpress\/wp-json\/wp\/v2\/posts\/151882","targetHints":{"allow":["GET"]}}],"collection":[{"href":"https:\/\/www.radiopiu.net\/wordpress\/wp-json\/wp\/v2\/posts"}],"about":[{"href":"https:\/\/www.radiopiu.net\/wordpress\/wp-json\/wp\/v2\/types\/post"}],"author":[{"embeddable":true,"href":"https:\/\/www.radiopiu.net\/wordpress\/wp-json\/wp\/v2\/users\/4"}],"replies":[{"embeddable":true,"href":"https:\/\/www.radiopiu.net\/wordpress\/wp-json\/wp\/v2\/comments?post=151882"}],"version-history":[{"count":0,"href":"https:\/\/www.radiopiu.net\/wordpress\/wp-json\/wp\/v2\/posts\/151882\/revisions"}],"wp:attachment":[{"href":"https:\/\/www.radiopiu.net\/wordpress\/wp-json\/wp\/v2\/media?parent=151882"}],"wp:term":[{"taxonomy":"category","embeddable":true,"href":"https:\/\/www.radiopiu.net\/wordpress\/wp-json\/wp\/v2\/categories?post=151882"},{"taxonomy":"post_tag","embeddable":true,"href":"https:\/\/www.radiopiu.net\/wordpress\/wp-json\/wp\/v2\/tags?post=151882"}],"curies":[{"name":"wp","href":"https:\/\/api.w.org\/{rel}","templated":true}]}}