{"id":151893,"date":"2020-07-29T06:15:11","date_gmt":"2020-07-29T04:15:11","guid":{"rendered":"https:\/\/www.radiopiu.net\/wordpress\/?p=151893"},"modified":"2020-07-29T06:23:30","modified_gmt":"2020-07-29T04:23:30","slug":"il-furto-delle-piastre-del-gas-questo-per-ora-mancava","status":"publish","type":"post","link":"https:\/\/www.radiopiu.net\/wordpress\/il-furto-delle-piastre-del-gas-questo-per-ora-mancava\/","title":{"rendered":"IL FURTO DELLE PIASTRE DEL GAS&#8230; QUESTO PER ORA MANCAVA"},"content":{"rendered":"<p><strong><img loading=\"lazy\" decoding=\"async\" class=\"alignleft\" src=\"https:\/\/www.radiopiu.net\/wordpress\/wp-content\/uploads\/2020\/07\/download-32.jpg\" width=\"151\" height=\"85\" \/>SEDICO<\/strong>\u00a0 I Carabinieri di Sedico hanno ascoltato il presidente del Comitato Baita Pian dei Castaldi che ha sporto un denuncia in seguito ad un furto commesso tra il 19 luglio e oggi in localit\u00e0 Cormes. Ignoti si sono impossessati di due piastre a gas per uso alimentare. Erano custodite nella baita di propiet\u00e0 del Comune a Pian De Castaldi. Non \u00e8 ancora noto l&#8217;ammontare del danno.<\/p>\n","protected":false},"excerpt":{"rendered":"<p>SEDICO\u00a0 I Carabinieri di Sedico hanno ascoltato il presidente del Comitato Baita Pian dei Castaldi che ha sporto un denuncia in seguito ad un furto commesso tra il 19 luglio e oggi in localit\u00e0 Cormes. Ignoti si sono impossessati di due piastre a gas per uso alimentare. Erano custodite nella baita di propiet\u00e0 del Comune&hellip;<\/p>\n","protected":false},"author":1,"featured_media":151894,"comment_status":"closed","ping_status":"closed","sticky":false,"template":"","format":"standard","meta":{"_monsterinsights_skip_tracking":false,"_monsterinsights_sitenote_active":false,"_monsterinsights_sitenote_note":"","_monsterinsights_sitenote_category":0,"footnotes":""},"categories":[49],"tags":[],"class_list":["post-151893","post","type-post","status-publish","format-standard","has-post-thumbnail","hentry","category-news-18","category-49","description-off"],"img_url":"https:\/\/www.radiopiu.net\/wordpress\/wp-content\/uploads\/2020\/07\/download-32.jpg","_links":{"self":[{"href":"https:\/\/www.radiopiu.net\/wordpress\/wp-json\/wp\/v2\/posts\/151893","targetHints":{"allow":["GET"]}}],"collection":[{"href":"https:\/\/www.radiopiu.net\/wordpress\/wp-json\/wp\/v2\/posts"}],"about":[{"href":"https:\/\/www.radiopiu.net\/wordpress\/wp-json\/wp\/v2\/types\/post"}],"author":[{"embeddable":true,"href":"https:\/\/www.radiopiu.net\/wordpress\/wp-json\/wp\/v2\/users\/1"}],"replies":[{"embeddable":true,"href":"https:\/\/www.radiopiu.net\/wordpress\/wp-json\/wp\/v2\/comments?post=151893"}],"version-history":[{"count":0,"href":"https:\/\/www.radiopiu.net\/wordpress\/wp-json\/wp\/v2\/posts\/151893\/revisions"}],"wp:featuredmedia":[{"embeddable":true,"href":"https:\/\/www.radiopiu.net\/wordpress\/wp-json\/wp\/v2\/media\/151894"}],"wp:attachment":[{"href":"https:\/\/www.radiopiu.net\/wordpress\/wp-json\/wp\/v2\/media?parent=151893"}],"wp:term":[{"taxonomy":"category","embeddable":true,"href":"https:\/\/www.radiopiu.net\/wordpress\/wp-json\/wp\/v2\/categories?post=151893"},{"taxonomy":"post_tag","embeddable":true,"href":"https:\/\/www.radiopiu.net\/wordpress\/wp-json\/wp\/v2\/tags?post=151893"}],"curies":[{"name":"wp","href":"https:\/\/api.w.org\/{rel}","templated":true}]}}