{"id":151899,"date":"2020-07-29T06:14:23","date_gmt":"2020-07-29T04:14:23","guid":{"rendered":"https:\/\/www.radiopiu.net\/wordpress\/?p=151899"},"modified":"2020-07-29T06:24:02","modified_gmt":"2020-07-29T04:24:02","slug":"i-tagli-allospedale-di-agordo-la-risposta-allassessore-manuela-lanzarin","status":"publish","type":"post","link":"https:\/\/www.radiopiu.net\/wordpress\/i-tagli-allospedale-di-agordo-la-risposta-allassessore-manuela-lanzarin\/","title":{"rendered":"I TAGLI ALL&#8217;OSPEDALE DI AGORDO, LA RISPOSTA ALL&#8217;ASSESSORE MANUELA LANZARIN"},"content":{"rendered":"<p><strong><a class=\"dt-pswp-item\" href=\"https:\/\/www.radiopiu.net\/wordpress\/wp-content\/uploads\/2020\/07\/f7e5e18f-bad3-4649-99a6-248a3494b40b.jpg\" data-dt-img-description=\"\" data-large_image_width=\"703\" data-large_image_height=\"1024\"><img loading=\"lazy\" decoding=\"async\" class=\" wp-image-151900 alignleft\" src=\"https:\/\/www.radiopiu.net\/wordpress\/wp-content\/uploads\/2020\/07\/f7e5e18f-bad3-4649-99a6-248a3494b40b-206x300.jpg\" alt=\"\" width=\"172\" height=\"250\" srcset=\"https:\/\/www.radiopiu.net\/wordpress\/wp-content\/uploads\/2020\/07\/f7e5e18f-bad3-4649-99a6-248a3494b40b-206x300.jpg 206w, https:\/\/www.radiopiu.net\/wordpress\/wp-content\/uploads\/2020\/07\/f7e5e18f-bad3-4649-99a6-248a3494b40b.jpg 703w\" sizes=\"auto, (max-width: 172px) 100vw, 172px\" \/><\/a>AGORDO<\/strong> Dopo il Cadore ecco l&#8217;Agordino con il concreto rischio che anche questa parte della popolazione veneta venga etichettata come &#8220;pinocchi&#8221;, la parola &#8220;bugiardi&#8221; \u00e8 infatti gi\u00e0 stata dedicata all&#8217;associazione tutela salute dei cittadini e salvaguardia delle strutture ospedaliere del Cadore. Dall&#8217;Agordino \u00e8 stato stampato un manifesto in sette punti. Titolo &#8220;Questi sono i tagli operati dell&#8217;ospedale di Agordo dall&#8217;Amministrazione Zaia&#8221;.<br \/>\n<strong>1)<\/strong> Tagliati i posti letto,<strong> 2)<\/strong> Eliminata la chirugia d&#8217;urgenza, si fanno solo interventi programmati dal lunedi al giovedi <strong>3)<\/strong> soppressa la reperibilit\u00e0 ortopedica notturna <strong>4)<\/strong> il laboratorio anlisi \u00e8 stato smantellato e le strumentazioni portate a Belluno. Ad Agordo per le analisi \u00e8 stato installato il Poct che viene normalmente utilizzato <strong>5)<\/strong> La radiologia ha perso il primario, gran parte del personale medico non \u00e8 stato sostituito (rimasti solo 2 medici) \u00e8 stata tolta la reperibilit\u00e0 notturna <strong>6)<\/strong> L&#8217;elicottero non vola dalle 21 alle 6 del mattino e spesso non pu\u00f2 intervenire per il maltempo. Inoltre se impegnato in altro intervento non pu\u00f2 essere usato per una seconda urgenza Il pronto soccorso verr\u00e0 ristrutturato grazie ai Fondi di Confine dei Comuni Confinanti (2,5 milioni): la Regione partecipa per 500 mila euro. Ma per l&#8217;ospedale di Cortina investe 20 milioni di euro.<\/p>\n","protected":false},"excerpt":{"rendered":"<p>AGORDO Dopo il Cadore ecco l&#8217;Agordino con il concreto rischio che anche questa parte della popolazione veneta venga etichettata come &#8220;pinocchi&#8221;, la parola &#8220;bugiardi&#8221; \u00e8 infatti gi\u00e0 stata dedicata all&#8217;associazione tutela salute dei cittadini e salvaguardia delle strutture ospedaliere del Cadore. Dall&#8217;Agordino \u00e8 stato stampato un manifesto in sette punti. Titolo &#8220;Questi sono i tagli&hellip;<\/p>\n","protected":false},"author":1,"featured_media":151900,"comment_status":"closed","ping_status":"closed","sticky":false,"template":"","format":"standard","meta":{"_monsterinsights_skip_tracking":false,"_monsterinsights_sitenote_active":false,"_monsterinsights_sitenote_note":"","_monsterinsights_sitenote_category":0,"footnotes":""},"categories":[49],"tags":[],"class_list":["post-151899","post","type-post","status-publish","format-standard","has-post-thumbnail","hentry","category-news-18","category-49","description-off"],"img_url":"https:\/\/www.radiopiu.net\/wordpress\/wp-content\/uploads\/2020\/07\/f7e5e18f-bad3-4649-99a6-248a3494b40b.jpg","_links":{"self":[{"href":"https:\/\/www.radiopiu.net\/wordpress\/wp-json\/wp\/v2\/posts\/151899","targetHints":{"allow":["GET"]}}],"collection":[{"href":"https:\/\/www.radiopiu.net\/wordpress\/wp-json\/wp\/v2\/posts"}],"about":[{"href":"https:\/\/www.radiopiu.net\/wordpress\/wp-json\/wp\/v2\/types\/post"}],"author":[{"embeddable":true,"href":"https:\/\/www.radiopiu.net\/wordpress\/wp-json\/wp\/v2\/users\/1"}],"replies":[{"embeddable":true,"href":"https:\/\/www.radiopiu.net\/wordpress\/wp-json\/wp\/v2\/comments?post=151899"}],"version-history":[{"count":0,"href":"https:\/\/www.radiopiu.net\/wordpress\/wp-json\/wp\/v2\/posts\/151899\/revisions"}],"wp:featuredmedia":[{"embeddable":true,"href":"https:\/\/www.radiopiu.net\/wordpress\/wp-json\/wp\/v2\/media\/151900"}],"wp:attachment":[{"href":"https:\/\/www.radiopiu.net\/wordpress\/wp-json\/wp\/v2\/media?parent=151899"}],"wp:term":[{"taxonomy":"category","embeddable":true,"href":"https:\/\/www.radiopiu.net\/wordpress\/wp-json\/wp\/v2\/categories?post=151899"},{"taxonomy":"post_tag","embeddable":true,"href":"https:\/\/www.radiopiu.net\/wordpress\/wp-json\/wp\/v2\/tags?post=151899"}],"curies":[{"name":"wp","href":"https:\/\/api.w.org\/{rel}","templated":true}]}}