{"id":151909,"date":"2020-07-28T23:59:47","date_gmt":"2020-07-28T21:59:47","guid":{"rendered":"https:\/\/www.radiopiu.net\/wordpress\/?p=151909"},"modified":"2020-07-28T18:31:46","modified_gmt":"2020-07-28T16:31:46","slug":"nel-ricordo-di-giuseppe-e-silvino-morti-a-la-muda-di-la-valle-agordina","status":"publish","type":"post","link":"https:\/\/www.radiopiu.net\/wordpress\/nel-ricordo-di-giuseppe-e-silvino-morti-a-la-muda-di-la-valle-agordina\/","title":{"rendered":"GIUSEPPE E SILVINO MORTI A LA MUDA DI LA VALLE AGORDINA &#8220;SENZA ASSISTENZA RELIGIOSA&#8221;"},"content":{"rendered":"<p><strong>di Mirko Mezzacasa\u00a0<\/strong><\/p>\n<p><strong><a class=\"dt-pswp-item\" href=\"https:\/\/www.radiopiu.net\/wordpress\/wp-content\/uploads\/2020\/07\/1bbff02d-24e5-4d31-867c-0bba098f6a09.jpg\" data-dt-img-description=\"\" data-large_image_width=\"1599\" data-large_image_height=\"799\"><img loading=\"lazy\" decoding=\"async\" class=\"size-medium wp-image-151915 alignleft\" src=\"https:\/\/www.radiopiu.net\/wordpress\/wp-content\/uploads\/2020\/07\/1bbff02d-24e5-4d31-867c-0bba098f6a09-300x150.jpg\" alt=\"\" width=\"300\" height=\"150\" srcset=\"https:\/\/www.radiopiu.net\/wordpress\/wp-content\/uploads\/2020\/07\/1bbff02d-24e5-4d31-867c-0bba098f6a09-300x150.jpg 300w, https:\/\/www.radiopiu.net\/wordpress\/wp-content\/uploads\/2020\/07\/1bbff02d-24e5-4d31-867c-0bba098f6a09-1024x512.jpg 1024w, https:\/\/www.radiopiu.net\/wordpress\/wp-content\/uploads\/2020\/07\/1bbff02d-24e5-4d31-867c-0bba098f6a09-768x384.jpg 768w, https:\/\/www.radiopiu.net\/wordpress\/wp-content\/uploads\/2020\/07\/1bbff02d-24e5-4d31-867c-0bba098f6a09-1536x768.jpg 1536w, https:\/\/www.radiopiu.net\/wordpress\/wp-content\/uploads\/2020\/07\/1bbff02d-24e5-4d31-867c-0bba098f6a09.jpg 1599w\" sizes=\"auto, (max-width: 300px) 100vw, 300px\" \/><\/a>LA VALLE<\/strong> Chiss\u00e0 che fine avranno fatto i poveri resti di Giuseppe soldato della Brigata Calabria e, di Silvino in armi alla 46^ Fanteria, entrambi chiamati a prestare il loro dovere per la Patria durante la Prima Guerra Mondiale. Nei giorni orribili della furia Austro-Tedesca contro gli italiani, erano i giorni della ritirata,\u00a0 trovarono la morte alle porte dell&#8217;Agordino, a La Muda in Comune di La Valle dove in questo periodo sono in corso i lavori per la canalizzazione delle acque della Val Scure a lato della regionale 203 agordina gi\u00e0 strada nazionale. I loro resti furono sepolti in quel prato ma da allora nessuno si \u00e8 mai interessato, n\u00e8 un fiore n\u00e8 un capitello. Il dottor Corrado Da Roit\u00a0 di La Valle Agordina, appassionato di storia locale e che alle stampe ha dato importanti libri-documenti su diversi argomenti, pi\u00f9 di quindici anni fa aveva tentato di ricordare alle nuove generazioni quei tristi episodi. Lo aveva poi scritto sul libro &#8220;Sul Campo dell&#8217;Onore, Caduti di La Valle della Grande Guerra&#8221;\u00a0 edito da Grafiche Longaronesi nel 2005, non solo lo aveva comunicato al Comando Onor Caduti di Roma e anche all&#8217;allora sindaco del paese Silvio De Zorzi, mai nessuno ha voluto interessarsi di quei due soldati. <em>&#8220;Ho provato a farlo capire a tutti e in tutte le maniere, ma non ci sono riuscito, lo avevo anche scritto sul bollettino parrocchiale&#8221;<\/em> ammette con una nota di tristezza il medico lavallese.\u00a0 La ricerca storica del dottor Da Roit inizia nelle stanze dell&#8217;anagrafe della parrocchia di La Valle dove il parroco Amedeo Valt\u00a0 teneva un registro che riportava i Caduti della Guerra sotto il titolo <em>&#8220;Sul Campo dell&#8217;Onore&#8221;<\/em>, una fonte certa, un pezzo di storia scritto dal parroco originario della Valle del Biois morto a La Valle di Spagnola nel 1918. Corrado Da Roit oggi ricorda quei giorni\u00a0 con le truppe in ritirata e la Conca Agordina non ne fu esente,\u00a0 da Taibon a Sedico passando per La Muda. Era il novembre del 1918, tra gli inseguitori delle ultime retroguardie austro-tedesche anche il soldato Silvino Lalli che mor\u00ec di febbre (sempre per l&#8217;epidemia Spagnola) il 5 novembre del 1918 a 32 anni. Era nato in Abruzzo a Schiavi nel 1886. In quei giorni venne fatto invece prigioniero il soldato Giuseppe Oliva della Brigata Calabria che riusc\u00ec a liberarsi e fuggire fino alla Muda dove incontr\u00f2 la morte inseguendo il nemico. Sia Oliva che Lalli vennero sepolti in un campo sotto alla strada e il parroco Amedeo Valt sul registro dei morti annot\u00f2 con chiarezza in una nota di fondo pagina: <em>&#8220;In frazione Muda a sud-est dei fabbricati dei signori Feroni, sotto la strada nazionale giace sepolto Oliva Giuseppe, soldato della Brigata Calabria, gi\u00e0 prigioniero degli austriaci morto in seguito a forte digestione perch\u00e9 sfinito il 7 novembre 1918 e Lalli Silvino, soldato del 46\u00b0 Fanteria, 4^ Compagnia, morto il 7 novembre del 1918 a la Muda dove arrivava inseguendo gli austriaci. Causa della morte la febbre Spagnola. Morirono senza assistenza religiosa&#8221;.<\/em><br \/>\nFatti i dovuti conti in frazione Muda, a sud est di casa Feroni, sotto la strada nazionale \u00e8 dove sono in corso i lavori con relativo movimento terra ma anche dove\u00a0 \u00e8 sepolta la condotta del gas metano di Gsp. Negli anni era stato anche ipotizzato che i resti dei poveri soldati fossero stati traslati nell&#8217;allora cimitero di Agre, ma\u00a0 quel cimitero con chiesetta accanto \u00e8 stato definitivamente chiuso molti anni prima nel 1874 e poi mai pi\u00f9 riaperto, nemmeno per la Grande Guerra del &#8217;18, nemmeno per l&#8217;epidemia della Spagnola.<\/p>\n<p>&nbsp;<\/p>\n","protected":false},"excerpt":{"rendered":"<p>di Mirko Mezzacasa\u00a0 LA VALLE Chiss\u00e0 che fine avranno fatto i poveri resti di Giuseppe soldato della Brigata Calabria e, di Silvino in armi alla 46^ Fanteria, entrambi chiamati a prestare il loro dovere per la Patria durante la Prima Guerra Mondiale. Nei giorni orribili della furia Austro-Tedesca contro gli italiani, erano i giorni della&hellip;<\/p>\n","protected":false},"author":1,"featured_media":151915,"comment_status":"closed","ping_status":"closed","sticky":false,"template":"","format":"standard","meta":{"_monsterinsights_skip_tracking":false,"_monsterinsights_sitenote_active":false,"_monsterinsights_sitenote_note":"","_monsterinsights_sitenote_category":0,"footnotes":""},"categories":[51,49],"tags":[],"class_list":["post-151909","post","type-post","status-publish","format-standard","has-post-thumbnail","hentry","category-evidenza-top","category-news-18","category-51","category-49","description-off"],"img_url":"https:\/\/www.radiopiu.net\/wordpress\/wp-content\/uploads\/2020\/07\/1bbff02d-24e5-4d31-867c-0bba098f6a09.jpg","_links":{"self":[{"href":"https:\/\/www.radiopiu.net\/wordpress\/wp-json\/wp\/v2\/posts\/151909","targetHints":{"allow":["GET"]}}],"collection":[{"href":"https:\/\/www.radiopiu.net\/wordpress\/wp-json\/wp\/v2\/posts"}],"about":[{"href":"https:\/\/www.radiopiu.net\/wordpress\/wp-json\/wp\/v2\/types\/post"}],"author":[{"embeddable":true,"href":"https:\/\/www.radiopiu.net\/wordpress\/wp-json\/wp\/v2\/users\/1"}],"replies":[{"embeddable":true,"href":"https:\/\/www.radiopiu.net\/wordpress\/wp-json\/wp\/v2\/comments?post=151909"}],"version-history":[{"count":0,"href":"https:\/\/www.radiopiu.net\/wordpress\/wp-json\/wp\/v2\/posts\/151909\/revisions"}],"wp:featuredmedia":[{"embeddable":true,"href":"https:\/\/www.radiopiu.net\/wordpress\/wp-json\/wp\/v2\/media\/151915"}],"wp:attachment":[{"href":"https:\/\/www.radiopiu.net\/wordpress\/wp-json\/wp\/v2\/media?parent=151909"}],"wp:term":[{"taxonomy":"category","embeddable":true,"href":"https:\/\/www.radiopiu.net\/wordpress\/wp-json\/wp\/v2\/categories?post=151909"},{"taxonomy":"post_tag","embeddable":true,"href":"https:\/\/www.radiopiu.net\/wordpress\/wp-json\/wp\/v2\/tags?post=151909"}],"curies":[{"name":"wp","href":"https:\/\/api.w.org\/{rel}","templated":true}]}}