{"id":152022,"date":"2020-07-29T15:18:38","date_gmt":"2020-07-29T13:18:38","guid":{"rendered":"https:\/\/www.radiopiu.net\/wordpress\/?p=152022"},"modified":"2020-07-29T15:18:38","modified_gmt":"2020-07-29T13:18:38","slug":"il-giro-podistico-di-falcade-confermato-per-il-13-agosto","status":"publish","type":"post","link":"https:\/\/www.radiopiu.net\/wordpress\/il-giro-podistico-di-falcade-confermato-per-il-13-agosto\/","title":{"rendered":"IL GIRO PODISTICO DI FALCADE CONFERMATO PER IL 13 AGOSTO"},"content":{"rendered":"<p><strong><a class=\"dt-pswp-item\" href=\"https:\/\/www.radiopiu.net\/wordpress\/wp-content\/uploads\/2020\/07\/giro-podistico-falcade-2019.jpg\" data-dt-img-description=\"\" data-large_image_width=\"1500\" data-large_image_height=\"1000\"><img loading=\"lazy\" decoding=\"async\" class=\"size-medium wp-image-152025 alignleft\" src=\"https:\/\/www.radiopiu.net\/wordpress\/wp-content\/uploads\/2020\/07\/giro-podistico-falcade-2019-300x200.jpg\" alt=\"\" width=\"300\" height=\"200\" srcset=\"https:\/\/www.radiopiu.net\/wordpress\/wp-content\/uploads\/2020\/07\/giro-podistico-falcade-2019-300x200.jpg 300w, https:\/\/www.radiopiu.net\/wordpress\/wp-content\/uploads\/2020\/07\/giro-podistico-falcade-2019-1024x683.jpg 1024w, https:\/\/www.radiopiu.net\/wordpress\/wp-content\/uploads\/2020\/07\/giro-podistico-falcade-2019-768x512.jpg 768w, https:\/\/www.radiopiu.net\/wordpress\/wp-content\/uploads\/2020\/07\/giro-podistico-falcade-2019.jpg 1500w\" sizes=\"auto, (max-width: 300px) 100vw, 300px\" \/><\/a>FALCADE\u00a0<\/strong>Non si ferma il Giro podistico di Falcade. La manifestazione proposta dallo Sci club Val Biois, giunta alla\u00a026.ma\u00a0edizione. Si svolger\u00e0 il prossimo gioved\u00ec 13 agosto sulla Piana.\u00a0Vista la la situazione genera legata all\u2019emergenza sanitaria Covid-19, il Giro verr\u00e0 svolto in forma ridotta rispetto al passato, in ottemperanza alle normative vigenti. Le iscrizioni saranno limitate a 50 concorrenti per ogni categoria; le categorie saranno le seguenti: Cuccioli (maschile\/femminile, nati nel 2009 e 2010); Ragazzi (maschile\/femminile, 2007 e 2008); Allievi (maschile\/femminile, 2005 e 2006); Giovani e Aspiranti (maschile\/femminile, dal 2001 al 2004); Seniores (maschile\/femminile, 2000 e anni antecedenti). La manifestazione vedr\u00e0 dunque un totale complessivo di 250 partecipanti. L\u2019organizzazione si riserva un eventuale ampliamento del numero dei partecipanti, comunicandolo nei giorni precedenti. La\u00a0 manifestazione si svolger\u00e0 al mattino, con i seguenti orari e sulle seguenti distanze: Cuccioli ore 9.30 \u2013 km 1.5; Ragazzi ore 10 \u2013 km 2.5; Allievi ore 10.30 &#8211; km 2.5; Giovani\/Aspiranti ore 11 \u2013 km 3; Seniores 11.30 \u2013 km 3.\u00a0 Il\u00a0 percorso si snoder\u00e0 tra la piana di Falcade e la destra orografica del torrente Biois rispecchiando il percorso della pista di fondo, per una distanza di circa 3 km. La quota d&#8217;iscrizione \u00e8 fissata a 10 euro. Le iscrizioni devono essere effettuate presso l&#8217;ufficio turistico di Falcade entro mercoled\u00ec 12 agosto e comunque fino al raggiungimento del numero massimo consentito. Non verr\u00e0 effettuato il cronometraggio dei tempi, le classifiche verranno stilate in base all&#8217;ordine di arrivo cronologico. Verranno premiati all&#8217;arrivo con medaglia, tutti i partecipanti delle categorie fino a Giovani\/Aspiranti ed inoltre i primi tre classificati di ognuna delle stesse categorie. Per la categoria Seniores verranno premiati all&#8217;arrivo i primi 5 classificati maschili\/femminili.\u00a0Non verranno effettuate cerimonie di premiazione. Non verr\u00e0 effettuata, a cura dell&#8217;organizzazione, nessuna somministrazione di cibi o bevande. Per garantire la sicurezza di tutti\u00a0 i partecipanti viene imposto l&#8217;obbligo dell&#8217;uso della mascherina prima della partenza e dopo l&#8217;arrivo. Ogni concorrente quindi deve avere con se mascherina personale prima, durante (non indossata) e dopo la gara. Viene inoltre richiesto ad ogni concorrente di presentarsi in partenza nell&#8217;orario prestabilito e non in largo anticipo in maniera di evitare assembramenti.<\/p>\n","protected":false},"excerpt":{"rendered":"<p>FALCADE\u00a0Non si ferma il Giro podistico di Falcade. La manifestazione proposta dallo Sci club Val Biois, giunta alla\u00a026.ma\u00a0edizione. Si svolger\u00e0 il prossimo gioved\u00ec 13 agosto sulla Piana.\u00a0Vista la la situazione genera legata all\u2019emergenza sanitaria Covid-19, il Giro verr\u00e0 svolto in forma ridotta rispetto al passato, in ottemperanza alle normative vigenti. Le iscrizioni saranno limitate a&hellip;<\/p>\n","protected":false},"author":4,"featured_media":152025,"comment_status":"closed","ping_status":"closed","sticky":false,"template":"","format":"standard","meta":{"_monsterinsights_skip_tracking":false,"_monsterinsights_sitenote_active":false,"_monsterinsights_sitenote_note":"","_monsterinsights_sitenote_category":0,"footnotes":""},"categories":[49,72],"tags":[],"class_list":["post-152022","post","type-post","status-publish","format-standard","has-post-thumbnail","hentry","category-news-18","category-sport","category-49","category-72","description-off"],"img_url":"https:\/\/www.radiopiu.net\/wordpress\/wp-content\/uploads\/2020\/07\/giro-podistico-falcade-2019.jpg","_links":{"self":[{"href":"https:\/\/www.radiopiu.net\/wordpress\/wp-json\/wp\/v2\/posts\/152022","targetHints":{"allow":["GET"]}}],"collection":[{"href":"https:\/\/www.radiopiu.net\/wordpress\/wp-json\/wp\/v2\/posts"}],"about":[{"href":"https:\/\/www.radiopiu.net\/wordpress\/wp-json\/wp\/v2\/types\/post"}],"author":[{"embeddable":true,"href":"https:\/\/www.radiopiu.net\/wordpress\/wp-json\/wp\/v2\/users\/4"}],"replies":[{"embeddable":true,"href":"https:\/\/www.radiopiu.net\/wordpress\/wp-json\/wp\/v2\/comments?post=152022"}],"version-history":[{"count":0,"href":"https:\/\/www.radiopiu.net\/wordpress\/wp-json\/wp\/v2\/posts\/152022\/revisions"}],"wp:featuredmedia":[{"embeddable":true,"href":"https:\/\/www.radiopiu.net\/wordpress\/wp-json\/wp\/v2\/media\/152025"}],"wp:attachment":[{"href":"https:\/\/www.radiopiu.net\/wordpress\/wp-json\/wp\/v2\/media?parent=152022"}],"wp:term":[{"taxonomy":"category","embeddable":true,"href":"https:\/\/www.radiopiu.net\/wordpress\/wp-json\/wp\/v2\/categories?post=152022"},{"taxonomy":"post_tag","embeddable":true,"href":"https:\/\/www.radiopiu.net\/wordpress\/wp-json\/wp\/v2\/tags?post=152022"}],"curies":[{"name":"wp","href":"https:\/\/api.w.org\/{rel}","templated":true}]}}