{"id":152083,"date":"2020-07-29T23:59:12","date_gmt":"2020-07-29T21:59:12","guid":{"rendered":"https:\/\/www.radiopiu.net\/wordpress\/?p=152083"},"modified":"2020-07-30T05:26:38","modified_gmt":"2020-07-30T03:26:38","slug":"iniziati-i-lavori-per-la-messa-in-sicurezza-di-via-aivata-e-sovrastante-regionale-203-agordina","status":"publish","type":"post","link":"https:\/\/www.radiopiu.net\/wordpress\/iniziati-i-lavori-per-la-messa-in-sicurezza-di-via-aivata-e-sovrastante-regionale-203-agordina\/","title":{"rendered":"INIZIATI I LAVORI PER LA MESSA IN SICUREZZA DI VIA AIVATA E SOVRASTANTE REGIONALE 203 AGORDINA"},"content":{"rendered":"<p><strong><a class=\"dt-pswp-item\" href=\"https:\/\/www.radiopiu.net\/wordpress\/wp-content\/uploads\/2020\/07\/0737ba82-42f5-4ae0-980e-6ec5e66ea471.jpg\" data-dt-img-description=\"\" data-large_image_width=\"1600\" data-large_image_height=\"1200\"><img loading=\"lazy\" decoding=\"async\" class=\" wp-image-149722 alignleft\" src=\"https:\/\/www.radiopiu.net\/wordpress\/wp-content\/uploads\/2020\/07\/0737ba82-42f5-4ae0-980e-6ec5e66ea471-300x225.jpg\" alt=\"\" width=\"167\" height=\"125\" srcset=\"https:\/\/www.radiopiu.net\/wordpress\/wp-content\/uploads\/2020\/07\/0737ba82-42f5-4ae0-980e-6ec5e66ea471-300x225.jpg 300w, https:\/\/www.radiopiu.net\/wordpress\/wp-content\/uploads\/2020\/07\/0737ba82-42f5-4ae0-980e-6ec5e66ea471-1024x768.jpg 1024w, https:\/\/www.radiopiu.net\/wordpress\/wp-content\/uploads\/2020\/07\/0737ba82-42f5-4ae0-980e-6ec5e66ea471-768x576.jpg 768w, https:\/\/www.radiopiu.net\/wordpress\/wp-content\/uploads\/2020\/07\/0737ba82-42f5-4ae0-980e-6ec5e66ea471-1536x1152.jpg 1536w, https:\/\/www.radiopiu.net\/wordpress\/wp-content\/uploads\/2020\/07\/0737ba82-42f5-4ae0-980e-6ec5e66ea471.jpg 1600w\" sizes=\"auto, (max-width: 167px) 100vw, 167px\" \/><\/a>TAIBON\u00a0<\/strong> Via Aivata sar\u00e0 messa in sicurezza e in tempi brevi, prima delle prossime piene del Cordevole.\u00a0 Dal Genio Civile ecco la pronta risposta al Comune di Taibon e al suo sindaco, SIlvia Tormen che aveva sollevato il problema nel recente consiglio comunale del 15 luglio e qualche giorno prima aveva segnalato le preoccupazioni a chi di competenza che a quanto pare le ha fatte proprie stanziando 400 mila euro e appaltando in somma urgenza i lavori alla Edil Costuzioni di Sedico. L&#8217;inizio dei problemi tanto per cambiare risale al 2018 quando nei giorni di Vaia la furia del Cordevole ha raggirato i possenti muri a difesa della strada comunale di via Aivata (che porta in paese) ma sopratutto a difesa del pendio che sostiene la regionale 203 agordina e le abitazioni costruite a lato stradone. L&#8217;acqua torrentizia\u00a0 ha scalzato\u00a0 i muri di sostegno iniziando ad erodere il pendio, da due anni chi abita in zona ha continuato ad osservare con giustificata preoccupazione anche perch\u00e9 i teli verdi anti pioggia che erano stati sistemati sembravano una panacea al male, prima ancora che gli effetti meteo li riducessero nei minimi termini. Poco meno di un mese fa la situazione si \u00e8 ulteriormente aggravata, il muraglione si \u00e8 vistosamente fessurato per gran parte della sua lunghezza orizzontale. Il sindaco ha fatto emergere il problema, ne ha discusso in consiglio comunale e da due giorni sono iniziati i lavori, intanto lungo il greto del Cordevole per la regimazione delle acque, successivamente per rimettere in sicurezza la zona da rischi idraulici ed idrogeologici.<\/p>\n\n\t\t\t<style type='text\/css'>\n\t\t\t\t#gallery-1 {\n\t\t\t\t\tmargin: auto;\n\t\t\t\t}\n\t\t\t\t#gallery-1 .gallery-item {\n\t\t\t\t\tfloat: left;\n\t\t\t\t\tmargin-top: 10px;\n\t\t\t\t\ttext-align: center;\n\t\t\t\t\twidth: 33%;\n\t\t\t\t}\n\t\t\t\t#gallery-1 img {\n\t\t\t\t\tborder: 2px solid #cfcfcf;\n\t\t\t\t}\n\t\t\t\t#gallery-1 .gallery-caption {\n\t\t\t\t\tmargin-left: 0;\n\t\t\t\t}\n\t\t\t\t\/* see gallery_shortcode() in wp-includes\/media.php *\/\n\t\t\t<\/style>\n\t\t<div id='gallery-1' class='dt-gallery-container gallery galleryid-152083 gallery-columns-3 gallery-size-thumbnail'><dl class='gallery-item'>\n\t\t\t\t<dt class='gallery-icon landscape'>\n\t\t\t\t\t<a class=\"rollover rollover-zoom dt-pswp-item\" title=\"257ace40-5596-4671-9f5f-ceffef1d461c\" data-dt-img-description=\"\" data-large_image_width=\"1599\" data-large_image_height=\"1200\"href='https:\/\/www.radiopiu.net\/wordpress\/wp-content\/uploads\/2020\/07\/257ace40-5596-4671-9f5f-ceffef1d461c.jpg'><img loading=\"lazy\" decoding=\"async\" width=\"150\" height=\"150\" src=\"https:\/\/www.radiopiu.net\/wordpress\/wp-content\/uploads\/2020\/07\/257ace40-5596-4671-9f5f-ceffef1d461c-150x150.jpg\" class=\"attachment-thumbnail size-thumbnail\" alt=\"\" \/><\/a>\n\t\t\t\t<\/dt><\/dl><dl class='gallery-item'>\n\t\t\t\t<dt class='gallery-icon landscape'>\n\t\t\t\t\t<a class=\"rollover rollover-zoom dt-pswp-item\" title=\"93328726-33e2-411d-9552-3707b35814cd\" data-dt-img-description=\"\" data-large_image_width=\"1599\" data-large_image_height=\"1200\"href='https:\/\/www.radiopiu.net\/wordpress\/wp-content\/uploads\/2020\/07\/93328726-33e2-411d-9552-3707b35814cd.jpg'><img loading=\"lazy\" decoding=\"async\" width=\"150\" height=\"150\" src=\"https:\/\/www.radiopiu.net\/wordpress\/wp-content\/uploads\/2020\/07\/93328726-33e2-411d-9552-3707b35814cd-150x150.jpg\" class=\"attachment-thumbnail size-thumbnail\" alt=\"\" \/><\/a>\n\t\t\t\t<\/dt><\/dl><dl class='gallery-item'>\n\t\t\t\t<dt class='gallery-icon landscape'>\n\t\t\t\t\t<a class=\"rollover rollover-zoom dt-pswp-item\" title=\"7259dd91-1a5f-4cb0-ba21-f8ec2c3d2f50\" data-dt-img-description=\"\" data-large_image_width=\"1599\" data-large_image_height=\"1200\"href='https:\/\/www.radiopiu.net\/wordpress\/wp-content\/uploads\/2020\/07\/7259dd91-1a5f-4cb0-ba21-f8ec2c3d2f50.jpg'><img loading=\"lazy\" decoding=\"async\" width=\"150\" height=\"150\" src=\"https:\/\/www.radiopiu.net\/wordpress\/wp-content\/uploads\/2020\/07\/7259dd91-1a5f-4cb0-ba21-f8ec2c3d2f50-150x150.jpg\" class=\"attachment-thumbnail size-thumbnail\" alt=\"\" \/><\/a>\n\t\t\t\t<\/dt><\/dl><br style=\"clear: both\" \/>\n\t\t\t<\/div>\n\n<p>&nbsp;<\/p>\n<h2><span style=\"color: #ff0000;\">ARTICOLO DEL 18 LUGLIO 2020<\/span><\/h2>\n<blockquote>\n<h3>VIA AIVATA, NEL CANTIERE DIMENTICATO SI AGGIUNGE LA FESSURAZIONE DEL MURO DI CONTENIMENTO<\/h3>\n<\/blockquote>\n<p><strong>di Mirko Mezzacasa<\/strong><\/p>\n<p><strong>TAIBON<\/strong> Gi\u00e0 lo scorso anno avevamo segnalato il grave problema in via Aivata, la strada comunale che dalla regionale 203 agordina (da Agordo) permette l&#8217;ingresso al paese di Taibon. Due anni fa il Cordevole ha creato gravi danni oltre l&#8217;opera di arginatura che ha fatto &#8220;cilecca&#8221;. Per due anni nessuno si \u00e8 interessato, per la verit\u00e0, la zona in frana \u00e8 stata coperta con dei tendoni verdi quasi a nascondere la magagna, diventati nella stagione calda il nido ideale per vipere, bisce e altre specie di animali. Dunque gli argini non hanno retto, il Cordevole ha scalzato il terreno dietro le opera di difesa cos\u00ec come in prossimit\u00e0 del Municipio di Taibon ed a Nogarola. Ma in via Aivata non \u00e8 stato mosso un dito per risolvere il problema. Ora gli enti competenti non potranno pi\u00f9\u00a0 fare a finta di nulla, il grande muraglione in sinistra orografica si \u00e8 fessurato orizzontalmente, ora a rischio c&#8217;\u00e8 la viabilit\u00e0 comunale, la sovrastante strada regionale 203 agordina e le abitazioni che insistono lungo la via. Il problema \u00e8 stato portato all&#8217;attenzione del consiglio comunale di Taibon dal sindaco Silvia Tormen<\/p>\n<p>&nbsp;<\/p>\n\n\t\t\t<style type='text\/css'>\n\t\t\t\t#gallery-2 {\n\t\t\t\t\tmargin: auto;\n\t\t\t\t}\n\t\t\t\t#gallery-2 .gallery-item {\n\t\t\t\t\tfloat: left;\n\t\t\t\t\tmargin-top: 10px;\n\t\t\t\t\ttext-align: center;\n\t\t\t\t\twidth: 25%;\n\t\t\t\t}\n\t\t\t\t#gallery-2 img {\n\t\t\t\t\tborder: 2px solid #cfcfcf;\n\t\t\t\t}\n\t\t\t\t#gallery-2 .gallery-caption {\n\t\t\t\t\tmargin-left: 0;\n\t\t\t\t}\n\t\t\t\t\/* see gallery_shortcode() in wp-includes\/media.php *\/\n\t\t\t<\/style>\n\t\t<div id='gallery-2' class='dt-gallery-container gallery galleryid-152083 gallery-columns-4 gallery-size-thumbnail'><dl class='gallery-item'>\n\t\t\t\t<dt class='gallery-icon landscape'>\n\t\t\t\t\t<a class=\"rollover rollover-zoom dt-pswp-item\" title=\"5c6d9919-bbdc-49e5-b2fb-d16082d312a7\" data-dt-img-description=\"\" data-large_image_width=\"1599\" data-large_image_height=\"1200\"href='https:\/\/www.radiopiu.net\/wordpress\/wp-content\/uploads\/2020\/07\/5c6d9919-bbdc-49e5-b2fb-d16082d312a7.jpg'><img loading=\"lazy\" decoding=\"async\" width=\"150\" height=\"150\" src=\"https:\/\/www.radiopiu.net\/wordpress\/wp-content\/uploads\/2020\/07\/5c6d9919-bbdc-49e5-b2fb-d16082d312a7-150x150.jpg\" class=\"attachment-thumbnail size-thumbnail\" alt=\"\" \/><\/a>\n\t\t\t\t<\/dt><\/dl><dl class='gallery-item'>\n\t\t\t\t<dt class='gallery-icon landscape'>\n\t\t\t\t\t<a class=\"rollover rollover-zoom dt-pswp-item\" title=\"2e151f33-067b-4a4f-a254-4305f9cbb7cd\" data-dt-img-description=\"\" data-large_image_width=\"1599\" data-large_image_height=\"1200\"href='https:\/\/www.radiopiu.net\/wordpress\/wp-content\/uploads\/2020\/07\/2e151f33-067b-4a4f-a254-4305f9cbb7cd.jpg'><img loading=\"lazy\" decoding=\"async\" width=\"150\" height=\"150\" src=\"https:\/\/www.radiopiu.net\/wordpress\/wp-content\/uploads\/2020\/07\/2e151f33-067b-4a4f-a254-4305f9cbb7cd-150x150.jpg\" class=\"attachment-thumbnail size-thumbnail\" alt=\"\" \/><\/a>\n\t\t\t\t<\/dt><\/dl><dl class='gallery-item'>\n\t\t\t\t<dt class='gallery-icon landscape'>\n\t\t\t\t\t<a class=\"rollover rollover-zoom dt-pswp-item\" title=\"e6ba8804-8d8f-4092-ac9f-2758b4dd6b3c\" data-dt-img-description=\"\" data-large_image_width=\"1600\" data-large_image_height=\"1200\"href='https:\/\/www.radiopiu.net\/wordpress\/wp-content\/uploads\/2020\/07\/e6ba8804-8d8f-4092-ac9f-2758b4dd6b3c.jpg'><img loading=\"lazy\" decoding=\"async\" width=\"150\" height=\"150\" src=\"https:\/\/www.radiopiu.net\/wordpress\/wp-content\/uploads\/2020\/07\/e6ba8804-8d8f-4092-ac9f-2758b4dd6b3c-150x150.jpg\" class=\"attachment-thumbnail size-thumbnail\" alt=\"\" \/><\/a>\n\t\t\t\t<\/dt><\/dl><dl class='gallery-item'>\n\t\t\t\t<dt class='gallery-icon landscape'>\n\t\t\t\t\t<a class=\"rollover rollover-zoom dt-pswp-item\" title=\"f22ff44e-db11-4fea-9454-58c8993ae273\" data-dt-img-description=\"\" data-large_image_width=\"1600\" data-large_image_height=\"1200\"href='https:\/\/www.radiopiu.net\/wordpress\/wp-content\/uploads\/2020\/07\/f22ff44e-db11-4fea-9454-58c8993ae273.jpg'><img loading=\"lazy\" decoding=\"async\" width=\"150\" height=\"150\" src=\"https:\/\/www.radiopiu.net\/wordpress\/wp-content\/uploads\/2020\/07\/f22ff44e-db11-4fea-9454-58c8993ae273-150x150.jpg\" class=\"attachment-thumbnail size-thumbnail\" alt=\"\" \/><\/a>\n\t\t\t\t<\/dt><\/dl><br style=\"clear: both\" \/>\n\t\t\t<\/div>\n\n<p><strong>AUDIO sindaco Silvia Tormen 15 luglio 2020<\/strong><\/p>\n<audio class=\"wp-audio-shortcode\" id=\"audio-152083-1\" preload=\"none\" style=\"width: 100%;\" controls=\"controls\"><source type=\"audio\/mpeg\" src=\"https:\/\/www.radiopiu.net\/wordpress\/wp-content\/uploads\/2020\/07\/SILVIA-AIVATA.mp3?_=1\" \/><a href=\"https:\/\/www.radiopiu.net\/wordpress\/wp-content\/uploads\/2020\/07\/SILVIA-AIVATA.mp3\">https:\/\/www.radiopiu.net\/wordpress\/wp-content\/uploads\/2020\/07\/SILVIA-AIVATA.mp3<\/a><\/audio>\n<p>&nbsp;<\/p>\n","protected":false},"excerpt":{"rendered":"<p>TAIBON\u00a0 Via Aivata sar\u00e0 messa in sicurezza e in tempi brevi, prima delle prossime piene del Cordevole.\u00a0 Dal Genio Civile ecco la pronta risposta al Comune di Taibon e al suo sindaco, SIlvia Tormen che aveva sollevato il problema nel recente consiglio comunale del 15 luglio e qualche giorno prima aveva segnalato le preoccupazioni a&hellip;<\/p>\n","protected":false},"author":1,"featured_media":152092,"comment_status":"closed","ping_status":"closed","sticky":false,"template":"","format":"standard","meta":{"_monsterinsights_skip_tracking":false,"_monsterinsights_sitenote_active":false,"_monsterinsights_sitenote_note":"","_monsterinsights_sitenote_category":0,"footnotes":""},"categories":[51,49],"tags":[],"class_list":["post-152083","post","type-post","status-publish","format-standard","has-post-thumbnail","hentry","category-evidenza-top","category-news-18","category-51","category-49","description-off"],"img_url":"https:\/\/www.radiopiu.net\/wordpress\/wp-content\/uploads\/2020\/07\/257ace40-5596-4671-9f5f-ceffef1d461c.jpg","_links":{"self":[{"href":"https:\/\/www.radiopiu.net\/wordpress\/wp-json\/wp\/v2\/posts\/152083","targetHints":{"allow":["GET"]}}],"collection":[{"href":"https:\/\/www.radiopiu.net\/wordpress\/wp-json\/wp\/v2\/posts"}],"about":[{"href":"https:\/\/www.radiopiu.net\/wordpress\/wp-json\/wp\/v2\/types\/post"}],"author":[{"embeddable":true,"href":"https:\/\/www.radiopiu.net\/wordpress\/wp-json\/wp\/v2\/users\/1"}],"replies":[{"embeddable":true,"href":"https:\/\/www.radiopiu.net\/wordpress\/wp-json\/wp\/v2\/comments?post=152083"}],"version-history":[{"count":0,"href":"https:\/\/www.radiopiu.net\/wordpress\/wp-json\/wp\/v2\/posts\/152083\/revisions"}],"wp:featuredmedia":[{"embeddable":true,"href":"https:\/\/www.radiopiu.net\/wordpress\/wp-json\/wp\/v2\/media\/152092"}],"wp:attachment":[{"href":"https:\/\/www.radiopiu.net\/wordpress\/wp-json\/wp\/v2\/media?parent=152083"}],"wp:term":[{"taxonomy":"category","embeddable":true,"href":"https:\/\/www.radiopiu.net\/wordpress\/wp-json\/wp\/v2\/categories?post=152083"},{"taxonomy":"post_tag","embeddable":true,"href":"https:\/\/www.radiopiu.net\/wordpress\/wp-json\/wp\/v2\/tags?post=152083"}],"curies":[{"name":"wp","href":"https:\/\/api.w.org\/{rel}","templated":true}]}}