{"id":152114,"date":"2020-07-29T19:13:35","date_gmt":"2020-07-29T17:13:35","guid":{"rendered":"https:\/\/www.radiopiu.net\/wordpress\/?p=152114"},"modified":"2020-07-29T19:13:35","modified_gmt":"2020-07-29T17:13:35","slug":"escursionista-sinfortuna-a-cortina-un-giovane-si-fa-male-nel-bosco-e-viene-portato-allospedale-in-elicottero","status":"publish","type":"post","link":"https:\/\/www.radiopiu.net\/wordpress\/escursionista-sinfortuna-a-cortina-un-giovane-si-fa-male-nel-bosco-e-viene-portato-allospedale-in-elicottero\/","title":{"rendered":"ESCURSIONISTA S&#8217;INFORTUNA A CORTINA, UN GIOVANE SI FA MALE NEL BOSCO E VIENE PORTATO ALL&#8217;OSPEDALE IN ELICOTTERO"},"content":{"rendered":"<div><strong><a class=\"dt-pswp-item\" href=\"https:\/\/www.radiopiu.net\/wordpress\/wp-content\/uploads\/2018\/08\/soccorsoalpino.jpg\" data-dt-img-description=\"\" data-large_image_width=\"1200\" data-large_image_height=\"1200\"><img loading=\"lazy\" decoding=\"async\" class=\"size-medium wp-image-59164 alignleft\" src=\"https:\/\/www.radiopiu.net\/wordpress\/wp-content\/uploads\/2018\/08\/soccorsoalpino-300x300.jpg\" alt=\"\" width=\"300\" height=\"300\" srcset=\"https:\/\/www.radiopiu.net\/wordpress\/wp-content\/uploads\/2018\/08\/soccorsoalpino-300x300.jpg 300w, https:\/\/www.radiopiu.net\/wordpress\/wp-content\/uploads\/2018\/08\/soccorsoalpino-150x150.jpg 150w, https:\/\/www.radiopiu.net\/wordpress\/wp-content\/uploads\/2018\/08\/soccorsoalpino-768x768.jpg 768w, https:\/\/www.radiopiu.net\/wordpress\/wp-content\/uploads\/2018\/08\/soccorsoalpino-1024x1024.jpg 1024w, https:\/\/www.radiopiu.net\/wordpress\/wp-content\/uploads\/2018\/08\/soccorsoalpino.jpg 1200w\" sizes=\"auto, (max-width: 300px) 100vw, 300px\" \/><\/a>CORTINA\u00a0<\/strong>Alle 13.40 circa il Soccorso alpino do Cortina \u00e8 stato allertato per un escursionista infortunatosi, mentre con la moglie scendeva dal sentiero sulle piste da sci sotto la Croda Negra. Una squadra del Soccorso alpino della Guardia di finanza ha quindi\u00a0 raggiunto in fuoristrada l&#8217;uomo, P.M., 68 anni, di Perugia, impossibilitato a camminare per un possibile trauma alla caviglia seguito a una scivolata, e lo ha accompagnato fino al Passo Falzarego, da dove si \u00e8 allontanato autonomamente.<\/div>\n<div><strong>VAL DI ZOLDO\u00a0<\/strong>Attorno alle 16 il Soccorso alpino della Val di Zoldo \u00e8 partito per andare a recuperare un giovane che si era fatto male nei boschi tra Dont e Cercen\u00e0. A.B., 23 anni, torinese, partito per un lungo giro, aveva smarrito il percorso ritrovandosi in un tratto boschivo alquanto impervio ed era caduto, con conseguenti escoriazioni e una probabile distorsione alla spalla. Una squadra lo ha individuato risalendo alla sua posizione grazie alle indicazioni ricevute dall&#8217;escursioniata e lo ha raggiunto, 100 metri sopra il sentiero. Dopo avergli immobilizzato la spalla, i soccorritori lo hanno accompagnato sul sentiero e da l\u00ec verso l&#8217;abitato di Foppa, luogo pi\u00f9 accessibile per l&#8217;elicottero del Suem di Pieve di Cadore. Imbarcato con un verricello, il ragazzo \u00e8 stato trasportato all&#8217;ospedale di Belluno<\/div>\n","protected":false},"excerpt":{"rendered":"<p>CORTINA\u00a0Alle 13.40 circa il Soccorso alpino do Cortina \u00e8 stato allertato per un escursionista infortunatosi, mentre con la moglie scendeva dal sentiero sulle piste da sci sotto la Croda Negra. Una squadra del Soccorso alpino della Guardia di finanza ha quindi\u00a0 raggiunto in fuoristrada l&#8217;uomo, P.M., 68 anni, di Perugia, impossibilitato a camminare per un&hellip;<\/p>\n","protected":false},"author":4,"featured_media":59164,"comment_status":"closed","ping_status":"closed","sticky":false,"template":"","format":"standard","meta":{"_monsterinsights_skip_tracking":false,"_monsterinsights_sitenote_active":false,"_monsterinsights_sitenote_note":"","_monsterinsights_sitenote_category":0,"footnotes":""},"categories":[49],"tags":[],"class_list":["post-152114","post","type-post","status-publish","format-standard","has-post-thumbnail","hentry","category-news-18","category-49","description-off"],"img_url":"https:\/\/www.radiopiu.net\/wordpress\/wp-content\/uploads\/2018\/08\/soccorsoalpino.jpg","_links":{"self":[{"href":"https:\/\/www.radiopiu.net\/wordpress\/wp-json\/wp\/v2\/posts\/152114","targetHints":{"allow":["GET"]}}],"collection":[{"href":"https:\/\/www.radiopiu.net\/wordpress\/wp-json\/wp\/v2\/posts"}],"about":[{"href":"https:\/\/www.radiopiu.net\/wordpress\/wp-json\/wp\/v2\/types\/post"}],"author":[{"embeddable":true,"href":"https:\/\/www.radiopiu.net\/wordpress\/wp-json\/wp\/v2\/users\/4"}],"replies":[{"embeddable":true,"href":"https:\/\/www.radiopiu.net\/wordpress\/wp-json\/wp\/v2\/comments?post=152114"}],"version-history":[{"count":0,"href":"https:\/\/www.radiopiu.net\/wordpress\/wp-json\/wp\/v2\/posts\/152114\/revisions"}],"wp:featuredmedia":[{"embeddable":true,"href":"https:\/\/www.radiopiu.net\/wordpress\/wp-json\/wp\/v2\/media\/59164"}],"wp:attachment":[{"href":"https:\/\/www.radiopiu.net\/wordpress\/wp-json\/wp\/v2\/media?parent=152114"}],"wp:term":[{"taxonomy":"category","embeddable":true,"href":"https:\/\/www.radiopiu.net\/wordpress\/wp-json\/wp\/v2\/categories?post=152114"},{"taxonomy":"post_tag","embeddable":true,"href":"https:\/\/www.radiopiu.net\/wordpress\/wp-json\/wp\/v2\/tags?post=152114"}],"curies":[{"name":"wp","href":"https:\/\/api.w.org\/{rel}","templated":true}]}}