{"id":152118,"date":"2020-07-31T05:50:35","date_gmt":"2020-07-31T03:50:35","guid":{"rendered":"https:\/\/www.radiopiu.net\/wordpress\/?p=152118"},"modified":"2020-07-31T09:29:19","modified_gmt":"2020-07-31T07:29:19","slug":"giornale-radiopiu-31-luglio-2020-direttore-mirko-mezzacasa","status":"publish","type":"post","link":"https:\/\/www.radiopiu.net\/wordpress\/giornale-radiopiu-31-luglio-2020-direttore-mirko-mezzacasa\/","title":{"rendered":"GIORNALE RADIOPIU 31 LUGLIO 2020 DIRETTORE MIRKO MEZZACASA"},"content":{"rendered":"<h3><strong>PER RICEVERE QUESTO NOTIZIARIO DIRETTAMENTE SUL TUO CELLULARE ISCRIVITI AL CANALE TELEGRAM\u00a0<\/strong><strong>\u201cRADIO PIU\u00a0 INFORMAZIONE<\/strong><\/h3>\n<p><em>ATTENZIONE: LA NUOVA APP PER IOS-IPHONE<\/em><\/p>\n<div>\n<div><a href=\"https:\/\/apps.apple.com\/it\/app\/radio-pi%C3%B9-emittente-agordina\/id1515939845\">https:\/\/apps.apple.com\/it\/app\/radio-pi%C3%B9-emittente-agordina\/id1515939845<\/a><\/div>\n<\/div>\n<div><\/div>\n<div>\n<div dir=\"auto\"><em>ATTENZIONE: LA NUOVA APP RADIO\u00a0 PER ANDROID<\/em><\/div>\n<\/div>\n<p><a href=\"https:\/\/play.google.com\/store\/apps\/details?id=net.radiopiu.iniko\" target=\"_blank\" rel=\"noopener noreferrer\">https:\/\/play.google.com\/store\/apps\/details?id=net.radiopiu.iniko \u00a0<\/a><\/p>\n<p>&nbsp;<\/p>\n<hr \/>\n<p>&nbsp;<\/p>\n<div class=\"page-title-head hgroup\"><\/div>\n<p><strong>SAN TOMASO AGORDINO<\/strong> nelle LOCALITA&#8217; ROI E COSTA l&#8217;acqua erogata dall&#8217;acquedotto non \u00e8 potabile e non pu\u00f2 essere usata per scopi alimentari. Verr\u00e0 effettuato servizio sostitutivo con autobotte.<\/p>\n<p>&nbsp;<\/p>\n<hr \/>\n<p>&nbsp;<\/p>\n<blockquote>\n<h3>SCIVOLA SUL SENTIERO, ELITRASPORTATO ALL&#8217;OSPEDALE DI AGORDO<\/h3>\n<\/blockquote>\n<p><strong><a class=\"dt-pswp-item\" href=\"https:\/\/www.radiopiu.net\/wordpress\/wp-content\/uploads\/2020\/04\/salt_20190824_170014_036.jpg\" data-dt-img-description=\"\" data-large_image_width=\"1240\" data-large_image_height=\"930\"><img loading=\"lazy\" decoding=\"async\" class=\"size-medium wp-image-129118 alignleft\" src=\"https:\/\/www.radiopiu.net\/wordpress\/wp-content\/uploads\/2020\/04\/salt_20190824_170014_036-300x225.jpg\" alt=\"\" width=\"300\" height=\"225\" srcset=\"https:\/\/www.radiopiu.net\/wordpress\/wp-content\/uploads\/2020\/04\/salt_20190824_170014_036-300x225.jpg 300w, https:\/\/www.radiopiu.net\/wordpress\/wp-content\/uploads\/2020\/04\/salt_20190824_170014_036-1024x768.jpg 1024w, https:\/\/www.radiopiu.net\/wordpress\/wp-content\/uploads\/2020\/04\/salt_20190824_170014_036-768x576.jpg 768w, https:\/\/www.radiopiu.net\/wordpress\/wp-content\/uploads\/2020\/04\/salt_20190824_170014_036.jpg 1240w\" sizes=\"auto, (max-width: 300px) 100vw, 300px\" \/><\/a>BORCA DI CADORE<\/strong> Incidente sul sentiero numero 780 che scende dalla Val d&#8217;Arcia e si congiunge con quello che porta al Passo Staulanza. Un escursionista, T.D.M., 35 anni, di Treviso, si \u00e8 procurato un trauma alla gamba dopo essere scivolato. Dopo averlo individuato assieme alla compagna seduto in prossimit\u00e0 di un bivio, l&#8217;eliambulanza ha sbarcato in hovering nelle vicinanze medico e tecnico di elisoccorso. Una volta stabilizzato, l&#8217;uomo \u00e8 stato issato a bordo con un verricello di 20 metri per essere poi accompagnato all&#8217;ospedale di Agordo.<\/p>\n<p>&nbsp;<\/p>\n<p>&nbsp;<\/p>\n<p>&nbsp;<\/p>\n<hr \/>\n<p>&nbsp;<\/p>\n<blockquote>\n<h3>VAGA NEL BOSCO SOTTO LA PIOGGIA, ANZIANO RITROVATO IERI INTIRIZZITO E STANCO<\/h3>\n<\/blockquote>\n<p><img loading=\"lazy\" decoding=\"async\" class=\"alignleft\" src=\"https:\/\/www.radiopiu.net\/wordpress\/wp-content\/uploads\/2015\/05\/1207856-soccorso_alpino.jpg\" width=\"254\" height=\"142\" \/><strong>DANTA DI CADORE <\/strong>Mercoledi sera attorno alle 20.30 il Soccorso alpino della Val Comelico \u00e8 stato allertato per un anziano che aveva smarrito l&#8217;orientamento nella zona delle Torbiere e si trovava al riparo dalla pioggia sotto un albero. Ottenute le coordinate Gps del punto in cui si trovava, una squadra si \u00e8 portata sul posto, per appurare per\u00f2, dopo mezz&#8217;ora di ricerca e inutili richiami, che erano sbagliate probabilmente a causa della scarsa copertura. Altre squadre si sono allora aggiunte, compreso il Sagf, \u00e8 hanno allargato l&#8217;area dell&#8217; perlustrazione, finch\u00e9 attorno alle 22 si \u00e8 potuti risalire alla geolocalizzazione corretta e i soccorritori che si trovavano pi\u00f9 vicini lo hanno individuato e raggiunto. Intirrizzito e stanco, l&#8217;ottantacinquenne di Scorz\u00e8 (VE), \u00e8 stato riaccompagnato alla strada e da l\u00ec caricato a bordo di un mezzo, per poi tornare a casa. L&#8217;intervento si \u00e8 concluso verso mezzanotte.<\/p>\n<p>&nbsp;<\/p>\n<hr \/>\n<p>&nbsp;<\/p>\n<blockquote>\n<h3>FUORI STRADA CONTRO UN LAMPIONE<\/h3>\n<\/blockquote>\n<p><strong>FONZASO<\/strong> Una donna del luogo \u00e8 rimasta ferita in modo non grave finendo fuori strada\u00a0 e abbattendo un lampione con la sua Volkwagen, vigili del fuoco e carabinieri hanno ripristinato la strada ed effettuato i rilievi.<\/p>\n<p>&nbsp;<\/p>\n<p>&nbsp;<\/p>\n<hr \/>\n<blockquote>\n<h3><\/h3>\n<h3>AURONZO MERCOLEDI\u00a0 SERA &#8220;SOTTO ATTACCO&#8221;<\/h3>\n<\/blockquote>\n<p><strong><a class=\"dt-pswp-item\" href=\"https:\/\/www.radiopiu.net\/wordpress\/wp-content\/uploads\/2020\/07\/baa026fc-73c8-4950-b0b1-b19e6dba0db4.jpg\" data-dt-img-description=\"\" data-large_image_width=\"762\" data-large_image_height=\"1600\"><img loading=\"lazy\" decoding=\"async\" class=\"size-medium wp-image-152220 alignleft\" src=\"https:\/\/www.radiopiu.net\/wordpress\/wp-content\/uploads\/2020\/07\/baa026fc-73c8-4950-b0b1-b19e6dba0db4-143x300.jpg\" alt=\"\" width=\"143\" height=\"300\" srcset=\"https:\/\/www.radiopiu.net\/wordpress\/wp-content\/uploads\/2020\/07\/baa026fc-73c8-4950-b0b1-b19e6dba0db4-143x300.jpg 143w, https:\/\/www.radiopiu.net\/wordpress\/wp-content\/uploads\/2020\/07\/baa026fc-73c8-4950-b0b1-b19e6dba0db4-488x1024.jpg 488w, https:\/\/www.radiopiu.net\/wordpress\/wp-content\/uploads\/2020\/07\/baa026fc-73c8-4950-b0b1-b19e6dba0db4-732x1536.jpg 732w, https:\/\/www.radiopiu.net\/wordpress\/wp-content\/uploads\/2020\/07\/baa026fc-73c8-4950-b0b1-b19e6dba0db4.jpg 762w\" sizes=\"auto, (max-width: 143px) 100vw, 143px\" \/><\/a>AURONZO<\/strong> Ieri \u00e8 tornato a splendere il sole ad Auronzo e nel Cadore dopo la pioggia e i danni della notte. L&#8217;assessore\u00a0 Gianpaolo Bottacin: <em>&#8220;Sar\u00e0 necessario &#8211; dice &#8211;\u00a0 ripulire subito il rio da alberi\/ramaglie e materiali vari a monte del paese per evitare problematiche con nuovi fenomeni temporaleschi. Intanto continuano anche gli interventi di ripristino in paese. Nel frattempo i servizi forestali valutano un intervento di sistemazione pi\u00f9 radicale del corso d&#8217;acqua&#8221;.<\/em> Per l&#8217;assessore l&#8217;evento accaduto ad Auronzo \u00e8 stato eccezionale perch\u00e9 sono caduti\u00a0 135 mm di pioggia, 114 nell&#8217;arco di meno di due ore. Non si hanno riscontri passati di eventi del genere. La pioggia caduta il giorno di Vaia era stata di 117 mm pur nell&#8217;arco di 4 ore<\/p>\n<blockquote><p>&nbsp;<\/p><\/blockquote>\n<p><strong>CANALE D&#8217;AGORDO<\/strong> Strada per la Valle di Gares riaperta dopo una notte di lavoro.\u00a0 La boa al pont de le Ferade alle 3 del mattino faceva paura. Gi\u00e0 attorno alle 5.30 i mezzi del Comune avevano liberato la sede stradale con la sovrintendenza del sindaco Flavio Colcergnan presente sul posto. Una colata significatica come confermano le fotografie realizzate da Silvio De Pra e condivise anche sulla pagina facebook &#8220;Sei di Canale d&#8217;Agordo Se&#8221;.<\/p>\n<p><em>&#8220;Procederemo con dei lavori in somma urgenza sia ad Auronzo nei prossimi giorni &#8211; conclude Bottacin &#8211;\u00a0 che a Gares. Faccio per\u00f2 presente che con quantitativi d&#8217;acqua tali, risulta impossibile escludere qualsiasi rischio di allagamento&#8221;<\/em><\/p>\n<p><strong>FOTO SILVIO DE PRA\u00a0<\/strong><\/p>\n\n\t\t\t<style type='text\/css'>\n\t\t\t\t#gallery-1 {\n\t\t\t\t\tmargin: auto;\n\t\t\t\t}\n\t\t\t\t#gallery-1 .gallery-item {\n\t\t\t\t\tfloat: left;\n\t\t\t\t\tmargin-top: 10px;\n\t\t\t\t\ttext-align: center;\n\t\t\t\t\twidth: 25%;\n\t\t\t\t}\n\t\t\t\t#gallery-1 img {\n\t\t\t\t\tborder: 2px solid #cfcfcf;\n\t\t\t\t}\n\t\t\t\t#gallery-1 .gallery-caption {\n\t\t\t\t\tmargin-left: 0;\n\t\t\t\t}\n\t\t\t\t\/* see gallery_shortcode() in wp-includes\/media.php *\/\n\t\t\t<\/style>\n\t\t<div id='gallery-1' class='dt-gallery-container gallery galleryid-152118 gallery-columns-4 gallery-size-thumbnail'><dl class='gallery-item'>\n\t\t\t\t<dt class='gallery-icon landscape'>\n\t\t\t\t\t<a class=\"rollover rollover-zoom dt-pswp-item\" title=\"116288771_4183337835040896_8998284133830999376_n\" data-dt-img-description=\"\" data-large_image_width=\"960\" data-large_image_height=\"720\"href='https:\/\/www.radiopiu.net\/wordpress\/wp-content\/uploads\/2020\/07\/116288771_4183337835040896_8998284133830999376_n.jpg'><img loading=\"lazy\" decoding=\"async\" width=\"150\" height=\"150\" src=\"https:\/\/www.radiopiu.net\/wordpress\/wp-content\/uploads\/2020\/07\/116288771_4183337835040896_8998284133830999376_n-150x150.jpg\" class=\"attachment-thumbnail size-thumbnail\" alt=\"\" \/><\/a>\n\t\t\t\t<\/dt><\/dl><dl class='gallery-item'>\n\t\t\t\t<dt class='gallery-icon landscape'>\n\t\t\t\t\t<a class=\"rollover rollover-zoom dt-pswp-item\" title=\"116797940_4183337611707585_2715016713183235259_n\" data-dt-img-description=\"\" data-large_image_width=\"960\" data-large_image_height=\"720\"href='https:\/\/www.radiopiu.net\/wordpress\/wp-content\/uploads\/2020\/07\/116797940_4183337611707585_2715016713183235259_n.jpg'><img loading=\"lazy\" decoding=\"async\" width=\"150\" height=\"150\" src=\"https:\/\/www.radiopiu.net\/wordpress\/wp-content\/uploads\/2020\/07\/116797940_4183337611707585_2715016713183235259_n-150x150.jpg\" class=\"attachment-thumbnail size-thumbnail\" alt=\"\" \/><\/a>\n\t\t\t\t<\/dt><\/dl><dl class='gallery-item'>\n\t\t\t\t<dt class='gallery-icon landscape'>\n\t\t\t\t\t<a class=\"rollover rollover-zoom dt-pswp-item\" title=\"116344560_4183337395040940_5282040927990212041_n\" data-dt-img-description=\"\" data-large_image_width=\"960\" data-large_image_height=\"720\"href='https:\/\/www.radiopiu.net\/wordpress\/wp-content\/uploads\/2020\/07\/116344560_4183337395040940_5282040927990212041_n.jpg'><img loading=\"lazy\" decoding=\"async\" width=\"150\" height=\"150\" src=\"https:\/\/www.radiopiu.net\/wordpress\/wp-content\/uploads\/2020\/07\/116344560_4183337395040940_5282040927990212041_n-150x150.jpg\" class=\"attachment-thumbnail size-thumbnail\" alt=\"\" \/><\/a>\n\t\t\t\t<\/dt><\/dl><dl class='gallery-item'>\n\t\t\t\t<dt class='gallery-icon landscape'>\n\t\t\t\t\t<a class=\"rollover rollover-zoom dt-pswp-item\" title=\"116344439_4183338088374204_8578926931693027575_n\" data-dt-img-description=\"\" data-large_image_width=\"960\" data-large_image_height=\"720\"href='https:\/\/www.radiopiu.net\/wordpress\/wp-content\/uploads\/2020\/07\/116344439_4183338088374204_8578926931693027575_n.jpg'><img loading=\"lazy\" decoding=\"async\" width=\"150\" height=\"150\" src=\"https:\/\/www.radiopiu.net\/wordpress\/wp-content\/uploads\/2020\/07\/116344439_4183338088374204_8578926931693027575_n-150x150.jpg\" class=\"attachment-thumbnail size-thumbnail\" alt=\"\" \/><\/a>\n\t\t\t\t<\/dt><\/dl><br style=\"clear: both\" \/>\n\t\t\t<\/div>\n\n<div class=\"_xlr\">\n<p><span id=\"fbPhotoSnowliftCaption\" class=\"fbPhotosPhotoCaption\" tabindex=\"0\" aria-live=\"polite\" data-ft=\"{&quot;tn&quot;:&quot;K&quot;}\"><span class=\"hasCaption\"><a class=\"dt-pswp-item\" href=\"https:\/\/www.radiopiu.net\/wordpress\/wp-content\/uploads\/2020\/07\/116436996_181531493358188_3467340138479280384_o.jpg\" data-dt-img-description=\"\" data-large_image_width=\"1080\" data-large_image_height=\"541\"><img loading=\"lazy\" decoding=\"async\" class=\"wp-image-152359 alignleft\" src=\"https:\/\/www.radiopiu.net\/wordpress\/wp-content\/uploads\/2020\/07\/116436996_181531493358188_3467340138479280384_o-300x150.jpg\" alt=\"\" width=\"174\" height=\"87\" srcset=\"https:\/\/www.radiopiu.net\/wordpress\/wp-content\/uploads\/2020\/07\/116436996_181531493358188_3467340138479280384_o-300x150.jpg 300w, https:\/\/www.radiopiu.net\/wordpress\/wp-content\/uploads\/2020\/07\/116436996_181531493358188_3467340138479280384_o-1024x513.jpg 1024w, https:\/\/www.radiopiu.net\/wordpress\/wp-content\/uploads\/2020\/07\/116436996_181531493358188_3467340138479280384_o-768x385.jpg 768w, https:\/\/www.radiopiu.net\/wordpress\/wp-content\/uploads\/2020\/07\/116436996_181531493358188_3467340138479280384_o.jpg 1080w\" sizes=\"auto, (max-width: 174px) 100vw, 174px\" \/><\/a><strong>DAI POMPIERI VOLONTARI DI CANALE D&#8217;AGORDO<\/strong> Ieri mattina alle 4.40 siamo stati allertati dalla sala operativa di Belluno per una frana che ha interessato la strada per salire in Val di Gares. Una nostra squadra si \u00e8 diretta con il pickup e gruppo fari, e l autobotte sul posto. Insieme alla squadra permanente di Agordo e a due pale meccaniche s\u00ec \u00e8 provveduto a liberare la strada e pulirla cos\u00ec da consentire il traffico e mettere in sicurezza il luogo. L intervento si \u00e8 concluso poco dopo le 7 e 30.<\/span><\/span><\/p>\n<div id=\"fbPhotoSnowliftProductMiniListHscroll\" class=\"fbCommerceProductMiniListHscroll\"><\/div>\n<\/div>\n<p><strong>IL SERVIZIO DI GIANNI SANTOMASO DAL CORRIERE DELLE ALPI<\/strong><\/p>\n<audio class=\"wp-audio-shortcode\" id=\"audio-152118-1\" preload=\"none\" style=\"width: 100%;\" controls=\"controls\"><source type=\"audio\/mpeg\" src=\"https:\/\/www.radiopiu.net\/wordpress\/wp-content\/uploads\/2020\/07\/GIANNI-FRANA-GARES.mp3?_=1\" \/><a href=\"https:\/\/www.radiopiu.net\/wordpress\/wp-content\/uploads\/2020\/07\/GIANNI-FRANA-GARES.mp3\">https:\/\/www.radiopiu.net\/wordpress\/wp-content\/uploads\/2020\/07\/GIANNI-FRANA-GARES.mp3<\/a><\/audio>\n<p>&nbsp;<\/p>\n<blockquote>\n<h2>Protezione Civile provinciale allertata per il maltempo ad Auronzo<\/h2>\n<\/blockquote>\n<p><strong>BELLUNO<\/strong> Sono una ventina gli uomini della Protezione Civile provinciale che si sono attivati ad Auronzo di Cadore fin dalla serata di mercoled\u00ec, quando si \u00e8 cominciato a capire l\u2019entit\u00e0 del nubifragio che si stava abbattendo sul paese delle Tre Cime. Il consigliere delegato\u00a0 Massimo Bortoluzzi gi\u00e0 mercoledi sera si era messo in contatto con diversi sindaci per capire l\u2019entit\u00e0 del nubifragio. Ieri mattina ha effettuato una serie di telefonate per monitorare la situazione in tutto il Cadore, da Cortina al Comelico, passando per il cantiere di Cancia, che non risulta aver subito danni dal maltempo. Numerose le telefonate anche in Agordino, per avere notizie sugli effetti dei temporali a Canale d\u2019Agordo. <em>&#8220;La fragilit\u00e0 del nostro territorio emerge ancora una volta in tutta la sua forza &#8211; continua il consigliere -. Per fortuna abbiamo i soldi del demanio idrico, che la Regione ci trasferisce totalmente, per poter intervenire sui dissesti. Il problema \u00e8 che con la legge Delrio e il depotenziamento delle Province, non abbiamo le risorse umane per poter gestire tutte queste problematiche che puntualmente si presentano a ogni episodio di maltempo\u00bb.<\/em><\/p>\n<blockquote>\n<h3 class=\"documentFirstHeading\"><span id=\"parent-fieldname-title\" class=\"\">PIOGGE DI ECCEZIONALE INTENSITA&#8217; AD AURONZO<\/span><\/h3>\n<\/blockquote>\n<div class=\"data\"><strong>AURONZO\u00a0<\/strong>\u00a0 In un&#8217;ora sono caduti 99,6 mm di pioggia, dei quali 52.4 mm in 30 minuti, 33.4 mm in 15 minuti e 23.8 mm in 10 minuti. La fase pi\u00f9 intensa dell&#8217;evento si \u00e8 verificata fra le ore 20.15 e le ore 21.10, con due picchi di intensit\u00e0, il primo verso le 20.30 (23.4 mm in 10 minuti), il secondo attorno alle 21 (23.8 mm in 10 minuti). La precipitazione si \u00e8 attenuata sensibilmente verso le 21.10, per cessare, temporaneamente, alle 22.15. La presenza di due picchi di intensit\u00e0 testimonia il passaggio di due celle temporalesche, confermato anche dalle immagini radar. La prima cella temporalesca si \u00e8 formata nella zona delle Tre Cime di Lavaredo verso le 19.30, da un addensamento proveniente dalla Valle di Landro. Tale cella \u00e8 scesa poi lungo la Val Marzon, ha raggiunto la massima potenza nella zona di Giralba e poi ha investito l&#8217;abitato di Auronzo ed il Passo di Sant&#8217;Antonio. Quando questa prima cella temporalesca si stava spostando verso Santo Stefano, ormai attenuata, si \u00e8 formata una seconda cella nella zona di Giralba, che poi ha colpito di nuovo il paese di Auronzo, soprattutto la parte pi\u00f9 alta, dov&#8217;\u00e8 posta la stazione meteorologica. Si \u00e8 trattato di un evento straordinario, non solo per Auronzo, ma per l&#8217;intero territorio dolomitico, dove tali intensit\u00e0 pluviometriche sono molto rare, a differenza della zona prealpina e della pianura, dove accadono pi\u00f9 frequentemente. Fino a ieri per Auronzo, nella serie storica di 34 anni di misure della stazione meteorologica (attiva dal 1985), il temporale nettamente pi\u00f9 intenso, gi\u00e0 straordinario, era quello del 30 luglio 2012, con 40 mm in 30 minuti e 43 mm in un&#8217;ora. In assoluto il temporale pi\u00f9 forte per la zona dolomitica, \u00e8 stato quello del 9 agosto 2014 a Santo Stefano, con 47 mm in 30 minuti e 77 mm in un&#8217;ora.<\/div>\n<div><\/div>\n<div><\/div>\n<div><\/div>\n<hr \/>\n<div><\/div>\n<blockquote>\n<h3>DOPO DEL VECCHIO E MONSIGNOR MOTTES, LA CITTADINANZA ONORARIA A LUIGI FRANCAVILLA<\/h3>\n<p><em>il primo cittadino onorario di Agordo \u00e8 stato il generale Dal Fabbro che ha seguito la ricostruzione post bellica negli anni dopo la prima guerra mondiale<\/em><\/p>\n<p><strong><a class=\"dt-pswp-item\" href=\"https:\/\/www.radiopiu.net\/wordpress\/wp-content\/uploads\/2020\/07\/luigi-francavilla.jpg\" data-dt-img-description=\"\" data-large_image_width=\"480\" data-large_image_height=\"480\"><img loading=\"lazy\" decoding=\"async\" class=\"size-medium wp-image-152333 alignleft\" src=\"https:\/\/www.radiopiu.net\/wordpress\/wp-content\/uploads\/2020\/07\/luigi-francavilla-300x300.jpg\" alt=\"\" width=\"300\" height=\"300\" srcset=\"https:\/\/www.radiopiu.net\/wordpress\/wp-content\/uploads\/2020\/07\/luigi-francavilla-300x300.jpg 300w, https:\/\/www.radiopiu.net\/wordpress\/wp-content\/uploads\/2020\/07\/luigi-francavilla-150x150.jpg 150w, https:\/\/www.radiopiu.net\/wordpress\/wp-content\/uploads\/2020\/07\/luigi-francavilla.jpg 480w\" sizes=\"auto, (max-width: 300px) 100vw, 300px\" \/><\/a><\/strong><\/p>\n<p><strong>AGORDO Il Cavalier Luigi Francavilla cittadino onorario di Agordo: n<\/strong>el consiglio comunale di ieri sera, il Sindaco\u00a0 Roberto Chissal\u00e8 ha comunicato che a settembre\u00a0il <b>\u00a0presidente onorario di Luxottica<\/b>, da una vita braccio destro di Leonardo Del Vecchio, sar\u00e0 nominato cittadino onorario della citt\u00e0.<\/p>\n<p>Nato nel 1937, \u00e8 entrato nel Gruppo Luxottica nel 1968, ed \u00e8 Consigliere della Societ\u00e0 dal 1985, Vice Presidente dal 1991 al 2020. \u00c8 stato nominato Presidente Onorario in data 15 maggio 2020. Nel corso della sua lunga carriera nel Gruppo \u00e8 stato, tra gli altri incarichi, Chief Quality Officer, Product &amp; Design Director, Technical General Manager. Nell\u2019aprile del 2000 ha ricevuto una laurea ad honorem in \u201cBusiness Administration\u201d da parte della Constantinian University di Providence, Rhode Island, U.S.A. Nel 2011 \u00e8 stato nominato Grande Ufficiale della Repubblica Italiana e nel 2012 Cavaliere del Lavoro. Nell\u2019ambito del Gruppo Luxottica \u00e8 Presidente di Luxottica S.r.l. e di Luxottica Tristar (Dongguan) Optical Co Ltd, tra le principali controllate operative del Gruppo. \u00a0Nel 2016 \u00e8 stato inoltre insignito della cittadinanza onoraria di Dongguan (Cina), la pi\u00f9 alta onorificenza concessa finora dalla prefettura cinese ad una personalit\u00e0 straniera non asiatica.<\/p>\n<p><strong>DAL CONSIGLIO COMUNALE DI AGORDO<\/strong><\/p><\/blockquote>\n<audio class=\"wp-audio-shortcode\" id=\"audio-152118-2\" preload=\"none\" style=\"width: 100%;\" controls=\"controls\"><source type=\"audio\/mpeg\" src=\"https:\/\/www.radiopiu.net\/wordpress\/wp-content\/uploads\/2020\/07\/CHISSALE-FRANCAVILLA-CITTADINO-ONORARIO.mp3?_=2\" \/><a href=\"https:\/\/www.radiopiu.net\/wordpress\/wp-content\/uploads\/2020\/07\/CHISSALE-FRANCAVILLA-CITTADINO-ONORARIO.mp3\">https:\/\/www.radiopiu.net\/wordpress\/wp-content\/uploads\/2020\/07\/CHISSALE-FRANCAVILLA-CITTADINO-ONORARIO.mp3<\/a><\/audio>\n<p>&nbsp;<\/p>\n<p>&nbsp;<\/p>\n<blockquote>\n<hr \/>\n<\/blockquote>\n<blockquote><p>&nbsp;<\/p>\n<h3><a class=\"dt-pswp-item\" href=\"https:\/\/www.radiopiu.net\/wordpress\/wp-content\/uploads\/2020\/03\/CONSIGLIO-AGORDO.jpg\" data-dt-img-description=\"\" data-large_image_width=\"1477\" data-large_image_height=\"832\"><img loading=\"lazy\" decoding=\"async\" class=\" wp-image-122996 alignleft\" src=\"https:\/\/www.radiopiu.net\/wordpress\/wp-content\/uploads\/2020\/03\/CONSIGLIO-AGORDO-300x169.jpg\" alt=\"\" width=\"224\" height=\"126\" srcset=\"https:\/\/www.radiopiu.net\/wordpress\/wp-content\/uploads\/2020\/03\/CONSIGLIO-AGORDO-300x169.jpg 300w, https:\/\/www.radiopiu.net\/wordpress\/wp-content\/uploads\/2020\/03\/CONSIGLIO-AGORDO-1024x577.jpg 1024w, https:\/\/www.radiopiu.net\/wordpress\/wp-content\/uploads\/2020\/03\/CONSIGLIO-AGORDO-768x433.jpg 768w, https:\/\/www.radiopiu.net\/wordpress\/wp-content\/uploads\/2020\/03\/CONSIGLIO-AGORDO.jpg 1477w\" sizes=\"auto, (max-width: 224px) 100vw, 224px\" \/><\/a>VARIAZIONE AL BILANCIO, CLAUDIO SITO SPIEGA IN CONSIGLIO COMUNALE I NUOVI INVESTIMENTI PER LA CITTA&#8217;: STRUTTURE SPORTIVE, ASFALTATURE E PARCHEGGI.<\/h3>\n<\/blockquote>\n<div>\n<p><strong>IL SERVIZIO DI\u00a0<\/strong><b>GIANNI SANTOMASO DAL CORRIERE DELLE ALPI<\/b><\/p>\n<audio class=\"wp-audio-shortcode\" id=\"audio-152118-3\" preload=\"none\" style=\"width: 100%;\" controls=\"controls\"><source type=\"audio\/mpeg\" src=\"https:\/\/www.radiopiu.net\/wordpress\/wp-content\/uploads\/2020\/07\/GIANNI-CONSIGLIO-COMUNALE-AGORDO.mp3?_=3\" \/><a href=\"https:\/\/www.radiopiu.net\/wordpress\/wp-content\/uploads\/2020\/07\/GIANNI-CONSIGLIO-COMUNALE-AGORDO.mp3\">https:\/\/www.radiopiu.net\/wordpress\/wp-content\/uploads\/2020\/07\/GIANNI-CONSIGLIO-COMUNALE-AGORDO.mp3<\/a><\/audio>\n<p>&nbsp;<\/p>\n<p>&nbsp;<\/p>\n<hr \/>\n<blockquote>\n<h3><\/h3>\n<h3>NUOVA VITA ALLO STADIO DEL GHIACCIO DI AGORDO<\/h3>\n<\/blockquote>\n<p><strong><a class=\"dt-pswp-item\" href=\"https:\/\/www.radiopiu.net\/wordpress\/wp-content\/uploads\/2020\/07\/PALAGHIACCIO-AGORDO.jpg\" data-dt-img-description=\"\" data-large_image_width=\"1024\" data-large_image_height=\"576\"><img loading=\"lazy\" decoding=\"async\" class=\"size-medium wp-image-152339 alignleft\" src=\"https:\/\/www.radiopiu.net\/wordpress\/wp-content\/uploads\/2020\/07\/PALAGHIACCIO-AGORDO-300x169.jpg\" alt=\"\" width=\"300\" height=\"169\" srcset=\"https:\/\/www.radiopiu.net\/wordpress\/wp-content\/uploads\/2020\/07\/PALAGHIACCIO-AGORDO-300x169.jpg 300w, https:\/\/www.radiopiu.net\/wordpress\/wp-content\/uploads\/2020\/07\/PALAGHIACCIO-AGORDO-768x432.jpg 768w, https:\/\/www.radiopiu.net\/wordpress\/wp-content\/uploads\/2020\/07\/PALAGHIACCIO-AGORDO.jpg 1024w\" sizes=\"auto, (max-width: 300px) 100vw, 300px\" \/><\/a>L&#8217;INTERVISTA A CRISTINA BIEN, ASSESSORE DEL COMUNE DI AGORDO<\/strong><\/p>\n<audio class=\"wp-audio-shortcode\" id=\"audio-152118-4\" preload=\"none\" style=\"width: 100%;\" controls=\"controls\"><source type=\"audio\/mpeg\" src=\"https:\/\/www.radiopiu.net\/wordpress\/wp-content\/uploads\/2020\/07\/BIEN-PALAGHIACCIO.mp3?_=4\" \/><a href=\"https:\/\/www.radiopiu.net\/wordpress\/wp-content\/uploads\/2020\/07\/BIEN-PALAGHIACCIO.mp3\">https:\/\/www.radiopiu.net\/wordpress\/wp-content\/uploads\/2020\/07\/BIEN-PALAGHIACCIO.mp3<\/a><\/audio>\n<p>&nbsp;<\/p>\n<p>&nbsp;<\/p>\n<hr \/>\n<p>&nbsp;<\/p>\n<\/div>\n<blockquote>\n<h3>CSA LUXOTTICA: OLTRE 2600 ISCRITTI, 335MILA EURO IN CONTRIBUTI E ANCHE SE I BILANCI SONO IN ROSSO NON E&#8217; ALLARME ROSSO<\/h3>\n<\/blockquote>\n<p><strong><a class=\"dt-pswp-item\" href=\"https:\/\/www.radiopiu.net\/wordpress\/wp-content\/uploads\/2020\/07\/4cdcf2c3-2dcb-41f1-a740-6dc1025e2003.jpg\" data-dt-img-description=\"\" data-large_image_width=\"1600\" data-large_image_height=\"737\"><img loading=\"lazy\" decoding=\"async\" class=\"size-medium wp-image-152210 alignleft\" src=\"https:\/\/www.radiopiu.net\/wordpress\/wp-content\/uploads\/2020\/07\/4cdcf2c3-2dcb-41f1-a740-6dc1025e2003-300x138.jpg\" alt=\"\" width=\"300\" height=\"138\" srcset=\"https:\/\/www.radiopiu.net\/wordpress\/wp-content\/uploads\/2020\/07\/4cdcf2c3-2dcb-41f1-a740-6dc1025e2003-300x138.jpg 300w, https:\/\/www.radiopiu.net\/wordpress\/wp-content\/uploads\/2020\/07\/4cdcf2c3-2dcb-41f1-a740-6dc1025e2003-1024x472.jpg 1024w, https:\/\/www.radiopiu.net\/wordpress\/wp-content\/uploads\/2020\/07\/4cdcf2c3-2dcb-41f1-a740-6dc1025e2003-768x354.jpg 768w, https:\/\/www.radiopiu.net\/wordpress\/wp-content\/uploads\/2020\/07\/4cdcf2c3-2dcb-41f1-a740-6dc1025e2003-1536x708.jpg 1536w, https:\/\/www.radiopiu.net\/wordpress\/wp-content\/uploads\/2020\/07\/4cdcf2c3-2dcb-41f1-a740-6dc1025e2003.jpg 1600w\" sizes=\"auto, (max-width: 300px) 100vw, 300px\" \/><\/a><\/strong><\/p>\n<div>\n<p><strong>BELLUNO\u00a0 <\/strong>Nella sede della Cisl di via Vittorio Veneto\u00a0 sono stati\u00a0 presentati i risultati raggiunti negli ultimi 12 mesi dalla Cassa Solidariet\u00e0 Aziendale Lavoratori Luxottica. Contributi erogati e numero di associati in crescita per CSA, istituita dai lavoratori, su proposta delle organizzazioni sindacali, nel 1996. A presentare i numeri Fabrizio Campedel e Paolo Chissal\u00e8, rispettivamente Presidente e componente del Consiglio di amministrazione della Cassa.<\/p>\n<p><strong>MORENO GIOLI<\/strong><\/p>\n<audio class=\"wp-audio-shortcode\" id=\"audio-152118-5\" preload=\"none\" style=\"width: 100%;\" controls=\"controls\"><source type=\"audio\/mpeg\" src=\"https:\/\/www.radiopiu.net\/wordpress\/wp-content\/uploads\/2020\/07\/dioli.mp3?_=5\" \/><a href=\"https:\/\/www.radiopiu.net\/wordpress\/wp-content\/uploads\/2020\/07\/dioli.mp3\">https:\/\/www.radiopiu.net\/wordpress\/wp-content\/uploads\/2020\/07\/dioli.mp3<\/a><\/audio>\n<p><strong>PAOLO CHISSALE&#8217;<\/strong><\/p>\n<audio class=\"wp-audio-shortcode\" id=\"audio-152118-6\" preload=\"none\" style=\"width: 100%;\" controls=\"controls\"><source type=\"audio\/mpeg\" src=\"https:\/\/www.radiopiu.net\/wordpress\/wp-content\/uploads\/2020\/07\/PAOLO-CHISSALE.mp3?_=6\" \/><a href=\"https:\/\/www.radiopiu.net\/wordpress\/wp-content\/uploads\/2020\/07\/PAOLO-CHISSALE.mp3\">https:\/\/www.radiopiu.net\/wordpress\/wp-content\/uploads\/2020\/07\/PAOLO-CHISSALE.mp3<\/a><\/audio>\n<p><strong>FABRIZIO CAMPEDEL<\/strong><\/p>\n<audio class=\"wp-audio-shortcode\" id=\"audio-152118-7\" preload=\"none\" style=\"width: 100%;\" controls=\"controls\"><source type=\"audio\/mpeg\" src=\"https:\/\/www.radiopiu.net\/wordpress\/wp-content\/uploads\/2020\/07\/FABRIZIO-CAMPEDEL.mp3?_=7\" \/><a href=\"https:\/\/www.radiopiu.net\/wordpress\/wp-content\/uploads\/2020\/07\/FABRIZIO-CAMPEDEL.mp3\">https:\/\/www.radiopiu.net\/wordpress\/wp-content\/uploads\/2020\/07\/FABRIZIO-CAMPEDEL.mp3<\/a><\/audio>\n<p>&nbsp;<\/p>\n<hr \/>\n<p>&nbsp;<\/p>\n<blockquote>\n<h3>ESSILORLUXOTTICA PRENDE ATTO DELLA DOMANDA DI ARBITRATO PRESENTATA DA HAL E GRANDVISION E PORTA AVANTI L\u2019AZIONE LEGALE NEI LORO CONFRONTI<\/h3>\n<\/blockquote>\n<p><strong><a class=\"dt-pswp-item\" href=\"https:\/\/www.radiopiu.net\/wordpress\/wp-content\/uploads\/2020\/06\/ESSILORLUXOTTICA.png\" data-dt-img-description=\"\" data-large_image_width=\"798\" data-large_image_height=\"214\"><img loading=\"lazy\" decoding=\"async\" class=\"size-medium wp-image-146319 alignleft\" src=\"https:\/\/www.radiopiu.net\/wordpress\/wp-content\/uploads\/2020\/06\/ESSILORLUXOTTICA-300x80.png\" alt=\"\" width=\"300\" height=\"80\" srcset=\"https:\/\/www.radiopiu.net\/wordpress\/wp-content\/uploads\/2020\/06\/ESSILORLUXOTTICA-300x80.png 300w, https:\/\/www.radiopiu.net\/wordpress\/wp-content\/uploads\/2020\/06\/ESSILORLUXOTTICA-768x206.png 768w, https:\/\/www.radiopiu.net\/wordpress\/wp-content\/uploads\/2020\/06\/ESSILORLUXOTTICA.png 798w\" sizes=\"auto, (max-width: 300px) 100vw, 300px\" \/><\/a>CHARENTON-LE-PONT, FRANCIA\u00a0<\/strong>EssilorLuxottica \u00e8 stata informata da HAL e GrandVision dell\u2019intenzione di avviare un arbitrato contro la Societ\u00e0. EssilorLuxottica considera queste inattese azioni legali promosse nei suoi confronti come un palese tentativo da parte di HAL e GrandVision di sminuire le violazioni dei termini del contratto di acquisizione e l\u2019incapacit\u00e0 di GrandVision di fornire a EssilorLuxottica le informazioni richieste. EssilorLuxottica agisce nel pieno rispetto del Block Trade Agreement e del Support Agreement e qualsiasi insinuazione che afferma il contrario \u00e8 priva di fondamento. La Societ\u00e0 va avanti con il procedimento sommario avviato in Olanda per ottenere informazioni da HAL e GrandVision. L&#8217;udienza \u00e8 prevista per il 10 agosto 2020. Ad oggi, EssilorLuxottica deve ancora ricevere le informazioni richieste da GrandVision e HAL. La riluttanza di GrandVision e HAL a fornire tali informazioni non ha fatto altro che aumentare le preoccupazioni della Societ\u00e0 sui reali motivi di questa mancanza e sulla misura in cui GrandVision ha violato gli accordi.<\/p>\n<p>&nbsp;<\/p>\n<p>&nbsp;<\/p>\n<hr \/>\n<p>&nbsp;<\/p>\n<p>&nbsp;<\/p>\n<blockquote>\n<h3>NEL CONSIGLIO DELL&#8217;UNIONE MONTANA AGORDINA SI \u00c8 PARLATO DELLA GESTIONE DEGLI IMPIANTI SPORTIVI<\/h3>\n<\/blockquote>\n<p><a class=\"dt-pswp-item\" href=\"https:\/\/www.radiopiu.net\/wordpress\/wp-content\/uploads\/2020\/05\/PISCINA-AGORDO.jpg\" data-dt-img-description=\"\" data-large_image_width=\"1600\" data-large_image_height=\"737\"><img loading=\"lazy\" decoding=\"async\" class=\"size-medium wp-image-140455 alignleft\" src=\"https:\/\/www.radiopiu.net\/wordpress\/wp-content\/uploads\/2020\/05\/PISCINA-AGORDO-300x138.jpg\" alt=\"\" width=\"300\" height=\"138\" srcset=\"https:\/\/www.radiopiu.net\/wordpress\/wp-content\/uploads\/2020\/05\/PISCINA-AGORDO-300x138.jpg 300w, https:\/\/www.radiopiu.net\/wordpress\/wp-content\/uploads\/2020\/05\/PISCINA-AGORDO-1024x472.jpg 1024w, https:\/\/www.radiopiu.net\/wordpress\/wp-content\/uploads\/2020\/05\/PISCINA-AGORDO-768x354.jpg 768w, https:\/\/www.radiopiu.net\/wordpress\/wp-content\/uploads\/2020\/05\/PISCINA-AGORDO-1536x708.jpg 1536w, https:\/\/www.radiopiu.net\/wordpress\/wp-content\/uploads\/2020\/05\/PISCINA-AGORDO.jpg 1600w\" sizes=\"auto, (max-width: 300px) 100vw, 300px\" \/><\/a>di Gianni Santomaso<\/p>\n<audio class=\"wp-audio-shortcode\" id=\"audio-152118-8\" preload=\"none\" style=\"width: 100%;\" controls=\"controls\"><source type=\"audio\/mpeg\" src=\"https:\/\/www.radiopiu.net\/wordpress\/wp-content\/uploads\/2020\/07\/GIANNI-UNIONE-MONTANA-IMPIANTI-SPORTIVI.mp3?_=8\" \/><a href=\"https:\/\/www.radiopiu.net\/wordpress\/wp-content\/uploads\/2020\/07\/GIANNI-UNIONE-MONTANA-IMPIANTI-SPORTIVI.mp3\">https:\/\/www.radiopiu.net\/wordpress\/wp-content\/uploads\/2020\/07\/GIANNI-UNIONE-MONTANA-IMPIANTI-SPORTIVI.mp3<\/a><\/audio>\n<p>&nbsp;<\/p>\n<hr \/>\n<p>&nbsp;<\/p>\n<div class=\"page-title title-left solid-bg breadcrumbs-mobile-off page-title-responsive-enabled\">\n<div class=\"wf-wrap\">\n<div class=\"page-title-head hgroup\">\n<h3 class=\"entry-title\">\u00a0200 I POSITIVI IN PI\u00d9 NELLE ULTIME 24 ORE NEL VENETO. UN DECESSO E 7 PERSONE RICOVERATE DA IERI SERA. A BELLUNO NESSUNA VARIAZIONE IN 24 ORE<\/h3>\n<\/div>\n<div class=\"page-title-breadcrumbs\">\n<p><strong>di Mirko Mezzacasa\u00a0<\/strong><\/p>\n<p>Focolaio di coronavirus nel centro di accoglienza per richiedenti asilo dell&#8217;ex caserma Serena di Treviso: 133\u00a0 migranti contagiati su\u00a0 293 ospiti della struttura, nessuno pu\u00f2\u00a0 uscire il centro \u00e8 stato blindato e controllato a vista dalle forze dell&#8217;ordine. La quarantena vale per tutti dopo che un primo migrante \u00e8 risultato sintomatico positivo\u00a0 \u00e8 un focolaio di enormi proporzioni tra gli ospiti. Nei prossimi giorni i richiedenti asilo dell&#8217;hub di Treviso verranno monitorati ora per ora. Il caso di Treviso rende pesante l&#8217;ultimo bollettino di Azienda Zero, 200 nuovi casi in 24 ore, 32 le infezioni in provincia di Venezia, 976 le persone attualmente positive, 3604 in isolamento domiciliare. Scendono a 122 i ricoverati, 6 in terapia intensiva. Nessuna variazione in provincia di Belluno eccetto un caso di positiva riscontrato su una persona impegnata per lavoro in Alto Adige,\u00a0 gli attualmente positivi sono\u00a0 16.<\/p>\n<\/div>\n<\/div>\n<\/div>\n<div id=\"main\" class=\"sidebar-right sidebar-divider-vertical\">\n<div class=\"wf-wrap\">\n<div class=\"wf-container-main\">\n<div id=\"content\" class=\"content\" role=\"main\">\n<article id=\"post-152312\" class=\"post-152312 post type-post status-publish format-standard has-post-thumbnail category-news-18 category-49 description-off\">\n<div class=\"entry-content\">\n<p><strong>I NUMERI\u00a0 IN VENETO:<\/strong>\u00a0TOTALE POSITIVI \u00a020090 (+200)\u00a0 ATTUALMENTE POSITIVI 976 (+192)\u00a0 DECESSI\u00a0 2074 (+1) NEGATIVIZZATI 17040 (+7) RICOVERATI\u00a0 122 (+7 \u2013 35 POSITIVI 87 NEGATIVIZZATI), NEGLI OSPEDALI DI COMUNITA\u2019 RICOVERATI 19 (0 \u2013 4 POSITIVI,\u00a0 15 NEGATIVIZZATI), IN TERAPIA INTENSIVA 6 (0 \u2013 3 POSITIVI, \u00a03 NEGATIVIZZATI). DIMESSI 3758 (+2) NEGLI OSPEDALI AREA NON CRITICA 320 (0) \u00a0<strong>I NUMERI IN PROVINCIA:<\/strong>\u00a0TOTALE CONTAGI 1212 (0) , ATTUALMENTE POSITIVI 16 (0) , DECEDUTI 113 (0), NEGATIVIZZATI 1083 (0) RICOVERATI IN OSPEDALE AL SAN MARTINO 0<\/p>\n<\/div>\n<\/article>\n<\/div>\n<\/div>\n<\/div>\n<\/div>\n<p>&nbsp;<\/p>\n<p>&nbsp;<\/p>\n<hr \/>\n<blockquote class=\"wp-embedded-content\" data-secret=\"6QjA88QO3G\"><p><a href=\"https:\/\/www.radiopiu.net\/wordpress\/coronavirus-aggiornamento-nazionale-30-luglio\/\">CORONAVIRUS: AGGIORNAMENTO NAZIONALE 30 LUGLIO<\/a><\/p><\/blockquote>\n<p><iframe loading=\"lazy\" class=\"wp-embedded-content\" sandbox=\"allow-scripts\" security=\"restricted\" style=\"position: absolute; clip: rect(1px, 1px, 1px, 1px);\" title=\"&#8220;CORONAVIRUS: AGGIORNAMENTO NAZIONALE 30 LUGLIO&#8221; &#8212; Radio Pi\u00f9\" src=\"https:\/\/www.radiopiu.net\/wordpress\/coronavirus-aggiornamento-nazionale-30-luglio\/embed\/#?secret=6QjA88QO3G\" data-secret=\"6QjA88QO3G\" width=\"600\" height=\"338\" frameborder=\"0\" marginwidth=\"0\" marginheight=\"0\" scrolling=\"no\"><\/iframe><\/p>\n<p>&nbsp;<\/p>\n<hr \/>\n<p>&nbsp;<\/p>\n<blockquote class=\"wp-embedded-content\" data-secret=\"7G3SIjhbJo\"><p><a href=\"https:\/\/www.radiopiu.net\/wordpress\/sono-200-i-positivi-in-piu-nelle-ultime-24-ore-nel-veneto-un-decesso-e-7-persone-ricoverate-da-ieri-sera-a-belluno-nessuna-variazione-in-24-ore\/\">SONO 200 I POSITIVI IN PI\u00d9 NELLE ULTIME 24 ORE NEL VENETO. UN DECESSO E 7 PERSONE RICOVERATE DA IERI SERA. A BELLUNO NESSUNA VARIAZIONE IN 24 ORE<\/a><\/p><\/blockquote>\n<p><iframe loading=\"lazy\" class=\"wp-embedded-content\" sandbox=\"allow-scripts\" security=\"restricted\" style=\"position: absolute; clip: rect(1px, 1px, 1px, 1px);\" title=\"&#8220;SONO 200 I POSITIVI IN PI\u00d9 NELLE ULTIME 24 ORE NEL VENETO. UN DECESSO E 7 PERSONE RICOVERATE DA IERI SERA. A BELLUNO NESSUNA VARIAZIONE IN 24 ORE&#8221; &#8212; Radio Pi\u00f9\" src=\"https:\/\/www.radiopiu.net\/wordpress\/sono-200-i-positivi-in-piu-nelle-ultime-24-ore-nel-veneto-un-decesso-e-7-persone-ricoverate-da-ieri-sera-a-belluno-nessuna-variazione-in-24-ore\/embed\/#?secret=7G3SIjhbJo\" data-secret=\"7G3SIjhbJo\" width=\"600\" height=\"338\" frameborder=\"0\" marginwidth=\"0\" marginheight=\"0\" scrolling=\"no\"><\/iframe><\/p>\n<p>&nbsp;<\/p>\n<hr \/>\n<p>&nbsp;<\/p>\n<blockquote>\n<h3>DATI E GRAFICI A CURA DI TIZIANO DE COL<\/h3>\n<\/blockquote>\n<p>&nbsp;<\/p>\n\n\t\t\t<style type='text\/css'>\n\t\t\t\t#gallery-2 {\n\t\t\t\t\tmargin: auto;\n\t\t\t\t}\n\t\t\t\t#gallery-2 .gallery-item {\n\t\t\t\t\tfloat: left;\n\t\t\t\t\tmargin-top: 10px;\n\t\t\t\t\ttext-align: center;\n\t\t\t\t\twidth: 33%;\n\t\t\t\t}\n\t\t\t\t#gallery-2 img {\n\t\t\t\t\tborder: 2px solid #cfcfcf;\n\t\t\t\t}\n\t\t\t\t#gallery-2 .gallery-caption {\n\t\t\t\t\tmargin-left: 0;\n\t\t\t\t}\n\t\t\t\t\/* see gallery_shortcode() in wp-includes\/media.php *\/\n\t\t\t<\/style>\n\t\t<div id='gallery-2' class='dt-gallery-container gallery galleryid-152118 gallery-columns-3 gallery-size-thumbnail'><dl class='gallery-item'>\n\t\t\t\t<dt class='gallery-icon portrait'>\n\t\t\t\t\t<a class=\"rollover rollover-zoom dt-pswp-item\" title=\"f2afdff0-afa5-4042-a5a5-5546299c6afa\" data-dt-img-description=\"\" data-large_image_width=\"480\" data-large_image_height=\"714\"href='https:\/\/www.radiopiu.net\/wordpress\/wp-content\/uploads\/2020\/07\/f2afdff0-afa5-4042-a5a5-5546299c6afa.jpg'><img loading=\"lazy\" decoding=\"async\" width=\"150\" height=\"150\" src=\"https:\/\/www.radiopiu.net\/wordpress\/wp-content\/uploads\/2020\/07\/f2afdff0-afa5-4042-a5a5-5546299c6afa-150x150.jpg\" class=\"attachment-thumbnail size-thumbnail\" alt=\"\" \/><\/a>\n\t\t\t\t<\/dt><\/dl><dl class='gallery-item'>\n\t\t\t\t<dt class='gallery-icon landscape'>\n\t\t\t\t\t<a class=\"rollover rollover-zoom dt-pswp-item\" title=\"62a1851e-e0d4-453b-8c7a-3d574e5ddd54\" data-dt-img-description=\"\" data-large_image_width=\"480\" data-large_image_height=\"335\"href='https:\/\/www.radiopiu.net\/wordpress\/wp-content\/uploads\/2020\/07\/62a1851e-e0d4-453b-8c7a-3d574e5ddd54.jpg'><img loading=\"lazy\" decoding=\"async\" width=\"150\" height=\"150\" src=\"https:\/\/www.radiopiu.net\/wordpress\/wp-content\/uploads\/2020\/07\/62a1851e-e0d4-453b-8c7a-3d574e5ddd54-150x150.jpg\" class=\"attachment-thumbnail size-thumbnail\" alt=\"\" \/><\/a>\n\t\t\t\t<\/dt><\/dl><dl class='gallery-item'>\n\t\t\t\t<dt class='gallery-icon landscape'>\n\t\t\t\t\t<a class=\"rollover rollover-zoom dt-pswp-item\" title=\"a348c605-f257-4d22-b29a-8c430a1e7e22\" data-dt-img-description=\"\" data-large_image_width=\"1339\" data-large_image_height=\"908\"href='https:\/\/www.radiopiu.net\/wordpress\/wp-content\/uploads\/2020\/07\/a348c605-f257-4d22-b29a-8c430a1e7e22.jpg'><img loading=\"lazy\" decoding=\"async\" width=\"150\" height=\"150\" src=\"https:\/\/www.radiopiu.net\/wordpress\/wp-content\/uploads\/2020\/07\/a348c605-f257-4d22-b29a-8c430a1e7e22-150x150.jpg\" class=\"attachment-thumbnail size-thumbnail\" alt=\"\" \/><\/a>\n\t\t\t\t<\/dt><\/dl><br style=\"clear: both\" \/>\n\t\t\t<\/div>\n\n<p>&nbsp;<\/p>\n<p>&nbsp;<\/p>\n<hr \/>\n<p>&nbsp;<\/p>\n<blockquote>\n<h3>BELLUNESE POSITIVO, LAVORA IN ALTO ADIGE<\/h3>\n<\/blockquote>\n<p><b><a class=\"dt-pswp-item\" href=\"https:\/\/www.radiopiu.net\/wordpress\/wp-content\/uploads\/2020\/03\/covid-ulss.jpg\" data-dt-img-description=\"\" data-large_image_width=\"800\" data-large_image_height=\"600\"><img loading=\"lazy\" decoding=\"async\" class=\" wp-image-121260 alignleft\" src=\"https:\/\/www.radiopiu.net\/wordpress\/wp-content\/uploads\/2020\/03\/covid-ulss-300x225.jpg\" alt=\"\" width=\"211\" height=\"158\" srcset=\"https:\/\/www.radiopiu.net\/wordpress\/wp-content\/uploads\/2020\/03\/covid-ulss-300x225.jpg 300w, https:\/\/www.radiopiu.net\/wordpress\/wp-content\/uploads\/2020\/03\/covid-ulss-768x576.jpg 768w, https:\/\/www.radiopiu.net\/wordpress\/wp-content\/uploads\/2020\/03\/covid-ulss.jpg 800w\" sizes=\"auto, (max-width: 211px) 100vw, 211px\" \/><\/a>BELLUNO\u00a0<\/b>Nelle ultime 24 ore \u00e8 stata registrata una positivit\u00e0 COVID su segnalazione dell\u2019Azienda Sanitaria di Bolzano. Si tratta di una persona residente nel nostro territorio, da tempo in Alto Adige per lavoro. La positivit\u00e0 \u00e8 stata riscontrata nell\u2019ambito dei controlli di routine a seguito di una precedente positivit\u00e0 in un collega di lavoro. il soggetto, asintomatico, \u00e8 rientrato a domicilio senza venire in contatto con persona alcuna. Attualmente non vi sono indagini epidemiologiche in corso.\u00a0Continua l\u2019attivit\u00e0 di gestione degli ingressi dall\u2019estero secondo normativa.<\/p>\n<p>&nbsp;<\/p>\n<p>&nbsp;<\/p>\n<hr \/>\n<p>&nbsp;<\/p>\n<blockquote>\n<h3>VARIANTI CADORE, IL MINISTRO FRANCESCHINI CONFERMA D&#8217;AVER FIRMATO I DECRETI<\/h3>\n<\/blockquote>\n<p><a class=\"dt-pswp-item\" href=\"https:\/\/www.radiopiu.net\/wordpress\/wp-content\/uploads\/2020\/07\/download-33.jpg\" data-dt-img-description=\"\" data-large_image_width=\"306\" data-large_image_height=\"165\"><img loading=\"lazy\" decoding=\"async\" class=\"wp-image-152203 alignleft\" src=\"https:\/\/www.radiopiu.net\/wordpress\/wp-content\/uploads\/2020\/07\/download-33-300x162.jpg\" alt=\"\" width=\"119\" height=\"64\" srcset=\"https:\/\/www.radiopiu.net\/wordpress\/wp-content\/uploads\/2020\/07\/download-33-300x162.jpg 300w, https:\/\/www.radiopiu.net\/wordpress\/wp-content\/uploads\/2020\/07\/download-33.jpg 306w\" sizes=\"auto, (max-width: 119px) 100vw, 119px\" \/><\/a><strong>ROMA<\/strong> Il deputato bellunese Roger De Menech ha incontrato il ministro per i Beni Culturali Dario Franceschini per fare il punto sui grandi eventi e sulle manifestazioni che coinvolgono il territorio provinciale. L\u2019adeguamento, il potenziamento e la messa in sicurezza della viabilit\u00e0 provinciale sono un <em>\u00abtassello importante per i Mondiali di Sci del 2021 e per le Olimpiadi del 2026\u00bb<\/em>. Con il ministro Franceschini, il deputato ha parlato anche degli eventi culturali e della rete museale bellunese. <em>\u00abIl paesaggio delle Dolomiti, abbinato al patrimonio storico e culturale devono essere valorizzati con eventi e iniziative per farne un motore di attrazione e sviluppo\u00bb.<\/em><\/p>\n<div style=\"width: 848px;\" class=\"wp-video\"><video class=\"wp-video-shortcode\" id=\"video-152118-1\" width=\"848\" height=\"480\" preload=\"metadata\" controls=\"controls\"><source type=\"video\/mp4\" src=\"https:\/\/www.radiopiu.net\/wordpress\/wp-content\/uploads\/2020\/07\/roger-fracechini.mp4?_=1\" \/><a href=\"https:\/\/www.radiopiu.net\/wordpress\/wp-content\/uploads\/2020\/07\/roger-fracechini.mp4\">https:\/\/www.radiopiu.net\/wordpress\/wp-content\/uploads\/2020\/07\/roger-fracechini.mp4<\/a><\/video><\/div>\n<p>&nbsp;<\/p>\n<hr \/>\n<p>&nbsp;<\/p>\n<blockquote>\n<h3>CAMERA DEI DEPUTATI DE MENECH CONFERMATO VICE IN COMMISSIONE DIFESA<\/h3>\n<\/blockquote>\n<h3><strong style=\"font-size: 14px;\">\u00a0ROMA<\/strong><span style=\"font-size: 14px; font-weight: normal;\">\u00a0 Il deputato bellunese Roger De Menech \u00e8 stato confermato alla vice presidenza della IV Commissione Difesa della Camera. L\u2019elezione \u00e8 avvenuta ieri e va a rafforzare la presenza e il peso dei deputati veneti nella maggioranza parlamentare. <\/span><em style=\"font-size: 14px; font-weight: normal;\">\u00abI dossier principali, al momento riguardano il ruolo del personale militare sul territorio nazionale dove, oltre all\u2019addestramento, i militari sono chiamati in supporto ad operazioni di controllo\u00bb, ricorda De Menech. \u00abInoltre, si afferma il tema della specializzazione richiesta a tutti i livelli per la gestione di attrezzature e strumentazioni oggi fortemente condizionati dalle tecnologie digitali. Per Belluno rimane intatto il tema delle caserme e dei luoghi militari dismessi a cui bisogna dare una destinazione. Da luoghi in abbandono potrebbero diventare leve di sviluppo e attrazione per tutto il territorio\u00bb.<\/em><\/h3>\n<p>&nbsp;<\/p>\n<p>&nbsp;<\/p>\n<hr \/>\n<p>&nbsp;<\/p>\n<blockquote>\n<h3>EDILIZIA SCOLASTICA, \u00a0BOND (FI): EMERGENZA SIA OPPORTUNITA\u2019 PER RIPENSARE SPAZI \u00a0A MISURA DI STUDENTI<\/h3>\n<\/blockquote>\n<p><strong><a class=\"dt-pswp-item\" href=\"https:\/\/www.radiopiu.net\/wordpress\/wp-content\/uploads\/2020\/05\/Dario-Bond.jpg\" data-dt-img-description=\"\" data-large_image_width=\"165\" data-large_image_height=\"228\"><img loading=\"lazy\" decoding=\"async\" class=\"size-full wp-image-138833 alignleft\" src=\"https:\/\/www.radiopiu.net\/wordpress\/wp-content\/uploads\/2020\/05\/Dario-Bond.jpg\" alt=\"\" width=\"165\" height=\"228\" \/><\/a>ROMA\u00a0<\/strong>\u201c<em>Abbiamo gi\u00e0 una situazione poco chiara sul rientro a scuola dei ragazzi che diventa ancora pi\u00f9 grave se consideriamo che un edificio su quattro non \u00e8 adatto al rispetto delle regole anti-Covid. La ministra Azzolina come pensa di risolvere questo problema?<\/em>\u201d. A porre l\u2019interrogativo alla ministra all\u2019Istruzione \u00e8 il deputato di Forza Italia, Dario Bond, che aggiunge: \u201c<em>il report dell\u2019Osservatorio \u2018Con i bambini\u2019 questa settimana, indagando lo stato dell\u2019edilizia scolastica in vista del rientro a settembre, mette il dito nella piaga di un problema esistente a prescindere dall\u2019emergenza Covid sul quale occorre intervenire oggi con un piano alternativo e con ancora pi\u00f9 tempestivit\u00e0. E\u2019 impensabile sottovalutare che tanti edifici scolastici in uso non siano stati nati come scuole.\u00a0 Adattarli \u00e8 stata gi\u00e0 un\u2019operazione forzata a monte, riadattarli ora alle regole anti-Covid dando la possibilit\u00e0 di ricavare spazi alternativi, sar\u00e0 ancora pi\u00f9 complicato. Nelle aree interne, oltre la met\u00e0 del patrimonio edilizio scolastico \u00e8 stato costruito tra il 1921 e il 1975. Ma si avranno grandi problemi di gestione anche a Napoli, Milano e Bologna. Si guardi allora all\u2019emergenza come un\u2019opportunit\u00e0 ripensando allo sviluppo del paese che metta al centro gli studenti con aule e spazi sicuri e compatibili con una didattica innovativa<\/em>\u201d.<\/p>\n<p>&nbsp;<\/p>\n<p>&nbsp;<\/p>\n<hr \/>\n<p>&nbsp;<\/p>\n<blockquote>\n<h3>MARCO DE BASTIANI SOSTITUIR\u00c0 IL COMPIANTO FULVIO FRONDAROLI<\/h3>\n<\/blockquote>\n<p><strong><a class=\"dt-pswp-item\" href=\"https:\/\/www.radiopiu.net\/wordpress\/wp-content\/uploads\/2015\/08\/sanita_medico.jpg\" data-dt-img-description=\"\" data-large_image_width=\"800\" data-large_image_height=\"450\"><img loading=\"lazy\" decoding=\"async\" class=\"size-medium wp-image-8643 alignleft\" src=\"https:\/\/www.radiopiu.net\/wordpress\/wp-content\/uploads\/2015\/08\/sanita_medico-300x169.jpg\" alt=\"\" width=\"300\" height=\"169\" \/><\/a>FELTRE\u00a0<\/strong>L\u2019Ulss Dolomiti informa che gli assistiti del compianto dottor Fulvio Frondaroli, medico di famiglia dell \u2019ambito territoriale dei Comuni di Feltre, Pedavena, Seren del Grappa, Alano di Piave, Quero Vas, saranno assegnati d\u2019ufficio dall\u20198 agosto 2020 alla dottoressa Margherita Prior e successivamente al dott. Marco De Bastiani ai quali verr\u00e0 conferito un incarico provvisorio di medico di assistenza primaria.\u00a0Dopo il decesso del dottor Frondaroli, la Direzione Amministrativa territoriale si \u00e8 immediatamente attivata per assegnare un incarico provvisorio, considerando anche che la sostituta del medico, Nicole Barp, che ha assistito i pazienti nell\u2019ultimo periodo, cessa l\u2019incarico il 7 agosto, senza possibilit\u00e0 di rinnovo. Tra i medici in graduatoria, ha dato disponibilit\u00e0 a prendere servizio per un incarico provvisorio il dott. Marco De Bastiani che, tuttavia, necessita di rendere all\u2019Ulss Marca trevigiana dove attualmente ha un incarico, un preavviso di 60 giorni. Nelle more dell\u2019entrata in servizio nell\u2019ambito feltrino, quindi, \u00e8 stato assegnato un incarico provvisorio alla dottoressa Margherita Prior, al fine di assicurare la continuit\u00e0 dell\u2019assistenza.\u00a0I 1.412 assistiti del dott. Frondaroli, quindi, potranno continuare a rivolgersi ai consueti ambulatori, anche all\u2019interno della Medicina di gruppo Vallata Feltrina e potranno continuare ad utilizzare la tessera sanitaria cartacea attualmente in possesso<b>.<\/b><\/p>\n<p>&nbsp;<\/p>\n<p>&nbsp;<\/p>\n<hr \/>\n<p>&nbsp;<\/p>\n<blockquote>\n<h3>DILLO A RADIO PIU&#8217;&#8230;LE OPERE INCOMPIUTE DI VENETO STRADE<\/h3>\n<\/blockquote>\n<p><strong><a class=\"dt-pswp-item\" href=\"https:\/\/www.radiopiu.net\/wordpress\/wp-content\/uploads\/2020\/07\/Lincompiuta-di-Veneto-Strade.jpg\" data-dt-img-description=\"\" data-large_image_width=\"1488\" data-large_image_height=\"1984\"><img loading=\"lazy\" decoding=\"async\" class=\"size-medium wp-image-152235 alignleft\" src=\"https:\/\/www.radiopiu.net\/wordpress\/wp-content\/uploads\/2020\/07\/Lincompiuta-di-Veneto-Strade-225x300.jpg\" alt=\"\" width=\"225\" height=\"300\" srcset=\"https:\/\/www.radiopiu.net\/wordpress\/wp-content\/uploads\/2020\/07\/Lincompiuta-di-Veneto-Strade-225x300.jpg 225w, https:\/\/www.radiopiu.net\/wordpress\/wp-content\/uploads\/2020\/07\/Lincompiuta-di-Veneto-Strade-768x1024.jpg 768w, https:\/\/www.radiopiu.net\/wordpress\/wp-content\/uploads\/2020\/07\/Lincompiuta-di-Veneto-Strade-1152x1536.jpg 1152w, https:\/\/www.radiopiu.net\/wordpress\/wp-content\/uploads\/2020\/07\/Lincompiuta-di-Veneto-Strade.jpg 1488w\" sizes=\"auto, (max-width: 225px) 100vw, 225px\" \/><\/a>RADIO PIU&#8217;\u00a0<\/strong>Riceviamo e pubblichiamo una lettera riguardante la pulizia delle scarpate lungo la Strada Regionale 203 Agordina.<\/p>\n<p><em>Da diverse settimane pensavo a quando Veneto Strade avrebbe deciso di pulire le scarpate lungo la strada Regionale 203. L\u2019invasione delle erbacce nonch\u00e9 la crescita di nuovi arbusti ed alberi offrono uno spettacolo indecoroso oltre che terreno fertile per bisce (vipere comprese) quanto mai pericolose nei tratti che attraversano i centri abitati.Stamattina vedo finalmente i mezzi in azione e penso \u201cfinalmente\u201d anche se siamo ormai a met\u00e0 estate. La mia soddisfazione per\u00f2 dura ben poco quando vedo il lavoro svolto. Viene tagliata solo una minima striscia (forse un metro) nell\u2019 immediata prossimit\u00e0 del ciglio della strada tralasciando tutta la rimanente scarpata . \u201cPedo el tacon del bus\u201d si potrebbe dire. Che senso ha mi chiedo e lo chiedo direttamente agli operatori dei mezzi che in tutta sincerit\u00e0 e con loro stessa condivisione dicono che questo \u00e8 quello che prevede l\u2019appalto (a ditta esterna) di Veneto Strade, loro non possono andare oltre. Non ho motivo ne mi compete verificare se ci\u00f2 risponde al vero. Ma una riflessione mi viene spontanea ovvero: che senso ha fare una pulizia solo parziale delle scarpate? Forse Veneto Strade ora con mezzi propri far\u00e0 il resto oppure ritengono il lavoro ultimato fino al prossimo anno? Lo so, si dir\u00e0, ancora con i soliti paragoni con quanto si vede al di la dei confini provinciali. Non ci sono paragoni da fare. Sappiamo le diverse e pi\u00f9 favorevoli condizioni economiche di quei territori. Ma qui stiamo parlando di qualche euro in pi\u00f9 per consentire (almeno nei tratti che attraversano i centri abitati) di fare una pulizia degna di tale nome ed offrire ai residenti e ai tanti turisti che (magari si trovano in coda fermi per salire verso l\u2019alto agordino) uno spettacolo un po pi\u00f9 decoroso .<\/em><\/p>\n<p><strong>Lettera Firmata\u00a0\u00a0<\/strong><\/p>\n<p>&nbsp;<\/p>\n<hr \/>\n<p>&nbsp;<\/p>\n<blockquote>\n<h3 style=\"text-align: left;\" align=\"CENTER\"><span style=\"font-family: Arial, serif;\"><span style=\"font-size: medium;\"><b>Bim Gsp, al via i lavori di potenziamento della rete fognaria di Pedavena.\u00a0<\/b><\/span><\/span><\/h3>\n<\/blockquote>\n<p><strong><a class=\"dt-pswp-item\" href=\"https:\/\/www.radiopiu.net\/wordpress\/wp-content\/uploads\/2015\/06\/bimgsp.jpg\" data-dt-img-description=\"\" data-large_image_width=\"300\" data-large_image_height=\"168\"><img loading=\"lazy\" decoding=\"async\" class=\" wp-image-6703 alignleft\" src=\"https:\/\/www.radiopiu.net\/wordpress\/wp-content\/uploads\/2015\/06\/bimgsp-300x168.jpg\" alt=\"\" width=\"207\" height=\"116\" \/><\/a>BELLUNO<\/strong>\u00a0<span style=\"font-family: Arial, serif;\"><span style=\"font-size: medium;\">Partiranno luned\u00ec 3 agosto i lavori di adeguamento della rete fognaria a servizio del comune di Pedavena. L\u2019intervento, coordinato da Bim Gsp e del valore complessivo di oltre 380 mila euro, prevede la sostituzione di diverse porzioni di fognatura, ormai datate e inadeguate a garantire un corretto funzionamento della rete, la posa di nuove tratte e la realizzazione di due sfiori, necessari ad alleggerire, in caso di forti piogge, le portate convogliate in condotta. <\/span><\/span><span style=\"font-size: medium; font-family: Arial, serif;\">La prima fase partir\u00e0 il 3 agosto e si concluder\u00e0 a fine mese. <\/span><span style=\"font-family: Arial, serif;\"><span style=\"font-size: medium;\">La seconda fase \u00e8\u00a0 programmata nella prima quindicina di settembre e la terza <\/span><\/span><span style=\"font-family: Arial, serif;\"><span style=\"font-size: medium;\">nella seconda quindicina. Infine l<\/span><\/span><span style=\"font-family: Arial, serif;\"><span style=\"font-size: medium;\">a quarta e ultima fase, cruciale per garantire la completa funzionalit\u00e0 delle opere in progetto, dai primi di ottobre\u00a0 a fine novembre.\u00a0 <\/span><\/span><span style=\"font-family: Arial, serif;\"><span style=\"font-size: medium;\">Programmate, infine, per la primavera 2021, dopo la pausa invernale, le sistemazioni finali delle aree interessate dai lavori. <\/span><\/span><\/p>\n<p>&nbsp;<\/p>\n<hr \/>\n<p>&nbsp;<\/p>\n<blockquote>\n<h3>SALE DA GIOCO ECCO L&#8217;ORDINANZA CON I NUOVI ORARI E IL REGOLAMENTO DELLE &#8220;MACCHINETTE&#8221;<\/h3>\n<\/blockquote>\n<p><strong><a class=\"dt-pswp-item\" href=\"https:\/\/www.radiopiu.net\/wordpress\/wp-content\/uploads\/2018\/04\/AZZARDOD.jpg\" data-dt-img-description=\"\" data-large_image_width=\"558\" data-large_image_height=\"480\"><img loading=\"lazy\" decoding=\"async\" class=\"wp-image-46268 alignleft\" src=\"https:\/\/www.radiopiu.net\/wordpress\/wp-content\/uploads\/2018\/04\/AZZARDOD-300x258.jpg\" alt=\"\" width=\"160\" height=\"138\" srcset=\"https:\/\/www.radiopiu.net\/wordpress\/wp-content\/uploads\/2018\/04\/AZZARDOD-300x258.jpg 300w, https:\/\/www.radiopiu.net\/wordpress\/wp-content\/uploads\/2018\/04\/AZZARDOD.jpg 558w\" sizes=\"auto, (max-width: 160px) 100vw, 160px\" \/><\/a>BELLUNO<\/strong> Il provvedimento stabilisce sia gli orari di apertura delle sale slot che quelli di funzionamento degli \u201capparecchi da intrattenimento e svago con vincita in denaro\u201d (le \u201cmacchinette\u201d da gioco) ospitati in locali diversi dalle sale gioco. In entrambi i casi, gli orari di esercizio vanno dalle 10.00 alle 13.00, dalle 16.00 alle 18.00 e dalle 20.00 alle 23.00 di tutti i giorni, festivi compresi; durante le ore di non funzionamento, gli apparecchi ospitati nei locali diversi dalle sale slot dovranno essere spenti con l&#8217;apposito interruttore. In caso di violazione dell&#8217;ordinanza, la multa va dai 500 ai 1500 euro per ogni apparecchio di gioco; in caso di reiterazione \u2013 violazione commessa due volte nell&#8217;arco di 365 giorni -, \u00e8 prevista anche la sospensione dell&#8217;attivit\u00e0 da uno a quattro giorni. Il provvedimento entra in vigore alla mezzanotte di luned\u00ec 3 agosto. Il Dipartimento delle Dipendenze dell\u2019Azienda ULSS n. 1 Dolomiti nel maggio 2019 certificava la presenza di 70 casi seguiti, con l&#8217;aumento costante di soggetti affetti da ludopatia, e la nascita di alcuni gruppi di auto-mutuo-aiuto. Per contrastare il fenomeno della \u201cmigrazione\u201d dei giocatori verso altre localit\u00e0 della provincia dove potrebbero trovare maggior flessibilit\u00e0 negli orari di apertura delle sale slot o di funzionamento degli apparecchi da gioco in altri locali, l&#8217;ordinanza del capoluogo verr\u00e0 prossimamente adottata \u2013 mantenendo gli stessi orari \u2013 anche da altri comuni del Bellunese.<\/p>\n<p>&nbsp;<\/p>\n<hr \/>\n<blockquote>\n<h3><\/h3>\n<h3>QUANDO APRE LA SEGGIOVIA DEL NEVEGAL? APRE?<\/h3>\n<\/blockquote>\n<p><strong><a class=\"dt-pswp-item\" href=\"https:\/\/www.radiopiu.net\/wordpress\/wp-content\/uploads\/2020\/07\/GoodRide-Nevegal-6.jpg\" data-dt-img-description=\"\" data-large_image_width=\"1280\" data-large_image_height=\"853\"><img loading=\"lazy\" decoding=\"async\" class=\"size-medium wp-image-150920 alignleft\" src=\"https:\/\/www.radiopiu.net\/wordpress\/wp-content\/uploads\/2020\/07\/GoodRide-Nevegal-6-300x200.jpg\" alt=\"\" width=\"300\" height=\"200\" srcset=\"https:\/\/www.radiopiu.net\/wordpress\/wp-content\/uploads\/2020\/07\/GoodRide-Nevegal-6-300x200.jpg 300w, https:\/\/www.radiopiu.net\/wordpress\/wp-content\/uploads\/2020\/07\/GoodRide-Nevegal-6-1024x682.jpg 1024w, https:\/\/www.radiopiu.net\/wordpress\/wp-content\/uploads\/2020\/07\/GoodRide-Nevegal-6-768x512.jpg 768w, https:\/\/www.radiopiu.net\/wordpress\/wp-content\/uploads\/2020\/07\/GoodRide-Nevegal-6.jpg 1280w\" sizes=\"auto, (max-width: 300px) 100vw, 300px\" \/><\/a>BELLUNO<\/strong> Posta in arrivo in Municipio a Belluno, destinatario il sindaco Jacopo Massaro, il Presidente del Consiglio Comunale Francesco Rasera Berna e i capi gruppo. Mittenti Erika Dal Farra e Fabio Rufus Bristot. I due consiglieri vogliono semplicemente sapere <em>&#8220;Se la seggiovia di Col dei Pez in Nevegal aprir\u00e0 per il mese di agosto e settembre garantendo una funzione comunque importante per la residua parte della stagione estiva 2020, in parte compromessa a giugno e luglio con la mancata apertura dell\u2019impianto&#8221;<\/em> Bristot e la Dal Farra sottolineano \u00a0che ad oggi,\u00a0 con un ritardo di oltre un mese rispetto all\u2019apertura di altri impianti similari in provincia di Belluno \u00e8 ancora tutto chiuso. <em>&#8220;Dal 2012\u00a0 c&#8217;era il\u00a0 tempo sufficiente per creare prospettive serie di sviluppo o almeno di mero mantenimento delle attuali potenzialit\u00e0 turistiche del Nevegal. Sottolineamo invece\u00a0 la politica degli annunci sia in ordine alla costituzione della New.Co sia in relazione agli investimenti promessi nel corso del 2020 e garantiti per la cifra di 1 milione di euro. Prendiamo invece atto che tutto \u00a0si \u00e8 concentrato e ridotto ad un mero pizzino scritto a mano nel quale si emendava l\u2019oggetto sociale della Bellunum, inserendo anche la gestione degli impianti a fune in servizio pubblico del Nevegal, \u00a0questa azione portava a far dire al Sindaco in modo stentoreo che sarebbe stata \u201cgarantita la stagione del Colle\u201d<\/em><\/p>\n<p>&nbsp;<\/p>\n<p>&nbsp;<\/p>\n<hr \/>\n<blockquote>\n<h3>I CONSIGLI COMUNALI IN AGORDINO<\/h3>\n<\/blockquote>\n<p><strong>TAIBON<\/strong> Il Comune di Taibon domani\u00a0 mattina alle 9.30 consegner\u00e0 un riconoscimento al costituito gruppo comunale dei volontari della Protezione Civile, sar\u00e0 altres\u00ec approvato l&#8217;atto costitutivo e il regolamento.<\/p>\n<p><strong>CANALE D&#8217;AGORDO\u00a0<\/strong>Il sindaco di Canale D&#8217;Agordo Flavio Colcergnan ha convocato i consiglieri comunali per\u00a0 domani\u00a0 alle 8:05. 4 i punti all&#8217;ordine del giorno che verranno discussi in sala &#8220;Musal&#8221; a porte chiuse. Tra i punti la gestione dell&#8217;esercizio finanziario 2019 e la ratifica della deliberazione di giunta del 15 luglio 2020 sugli stanziamenti del bilancio di previsione 2020\/2021.<\/p>\n<p><img loading=\"lazy\" decoding=\"async\" class=\"wp-image-150933 alignright\" src=\"https:\/\/i2.wp.com\/www.radiopiu.net\/wordpress\/wp-content\/uploads\/2020\/07\/download-3.png?resize=197%2C109&amp;ssl=1\" sizes=\"auto, (max-width: 197px) 100vw, 197px\" srcset=\"https:\/\/i2.wp.com\/www.radiopiu.net\/wordpress\/wp-content\/uploads\/2020\/07\/download-3.png?resize=300%2C166&amp;ssl=1 300w, https:\/\/i2.wp.com\/www.radiopiu.net\/wordpress\/wp-content\/uploads\/2020\/07\/download-3.png?w=302&amp;ssl=1 302w\" alt=\"\" width=\"197\" height=\"109\" data-recalc-dims=\"1\" \/><\/p>\n<p class=\"photoswipe-wrapper\"><strong>FALCADE<\/strong> Il consiglio comunale \u00e8 convocato per stamane\u00a0 alle 8 di mattina (a porte chiuse), il sindaco Michele Costa firma un ordine del giorno in sei punti, tra i principali le variazioni e l\u2019assestamento di bilanci, le modifiche al programma di forniture e servizi per il biennio 2020-21 e l\u2019approvazione del regolamento di disciplina dell\u2019imposta municipale propria Imu. Nel corso del consiglio \u00e8 previsto lo scioglimento della convenzione di segreteria tra i Comuni di Veggiano, Falcade, Vallada, e Colle Santa Lucia per la gestione associata dell&#8217;ufficio di Segretario Comunale<\/p>\n<p>&nbsp;<\/p>\n<hr \/>\n<p>&nbsp;<\/p>\n<blockquote>\n<h3>BELLUNO: PONTE SUL GRESAL, LAVORI VERSO LA CONCLUSIONE<\/h3>\n<\/blockquote>\n<p><strong>BELLUNO\u00a0<\/strong>Sopralluogo al cantiere di rigenerazione urbana del ponte sul torrente Gresal, tra i comuni di Belluno e Sedico, da parte dei tecnici e assessore del Comune di Belluno e rappresentanti della Sovrintendenza, dei progettisti e dell&#8217;impresa.\u00a0\u00ab<em>I lavori di ripristino e di consolidamento dell&#8217;opera, su cui un tempo correva la strada regia e che una volta ultimato l&#8217;intervento ospiter\u00e0 la pista ciclabile che unir\u00e0 i due comuni, sono praticamente ultimati<\/em>\u00bb, annuncia l&#8217;assessore alla rigenerazione urbana. Il sopralluogo con la Sovrintendenza \u00e8 stata l&#8217;occasione per verificare lo stato dei lavori e per discutere della realizzazione dei parapetti, ultima opera che manca per il completamento dell&#8217;intervento: \u00abI parapetti sono l&#8217;ultima infrastruttura mancante per mettere in completa sicurezza il ponte. Il confronto con la Sovrintendenza \u00e8 stato importante per definire il tipo di intervento e la tipologia di parapetto che si dovr\u00e0 realizzare e porta cos\u00ec a sintesi una importante collaborazione avviata da tempo tra i due enti e rinforzata proprio da un costruttivo confronto svoltosi questa settimana con il nuovo soprintendente Fabrizio Mangani\u00bb.\u00a0In corso d&#8217;opera si sono registrati degli aumenti di costo legati ad imprevisti connessi ad aspetti strutturali e ad altre condizioni non preventivabili: \u00ab<em>Ora dovremo quindi cercare risorse aggiuntive \u2013 circa 40\/50mila euro \u2013 per la realizzazione di questo intervento, dopodich\u00e9 l&#8217;opera sar\u00e0 definitivamente ultimata<\/em>\u00bb, aggiunge l&#8217;assessore.\u00a0Per l&#8217;esponente di Palazzo Rosso, \u00ab<em>si tratta di un passo importante che porta a conclusione il primo cantiere del Progetto Belluno di rigenerazione urbana<\/em>\u00bb.\u00a0Il recupero del ponte \u00e8 parte integrante della realizzazione della ciclovia Antole \u2013 Casoni, inserita nel Progetto Belluno, che prevede la realizzazione di circa 800 metri di pista ciclopedonale e il ripristino e messa in sicurezza dell&#8217;antico ponte. Il costo dell&#8217;intervento \u00e8 di circa 600mila euro, dei quali 200mila coperti dal fondo del Bando Periferie e i restanti equamente divisi tra i Comuni di Belluno e di Sedico, Bim Infrastrutture e Bim GSP (vista la presenza sulla struttura di linee dell&#8217;acquedotto e del gas).<\/p>\n<p><strong>FRANCO FRISON, ASSESSORE ALLA RIGENERAZIONE URBANA DI BELLUNO<\/strong><\/p>\n<audio class=\"wp-audio-shortcode\" id=\"audio-152118-9\" preload=\"none\" style=\"width: 100%;\" controls=\"controls\"><source type=\"audio\/mpeg\" src=\"https:\/\/www.radiopiu.net\/wordpress\/wp-content\/uploads\/2020\/07\/Franco-Frison-Assessore-rigenerazione-urbana-Sopralluogo-cantiere-ponte-sul-Gresal.mp3?_=9\" \/><a href=\"https:\/\/www.radiopiu.net\/wordpress\/wp-content\/uploads\/2020\/07\/Franco-Frison-Assessore-rigenerazione-urbana-Sopralluogo-cantiere-ponte-sul-Gresal.mp3\">https:\/\/www.radiopiu.net\/wordpress\/wp-content\/uploads\/2020\/07\/Franco-Frison-Assessore-rigenerazione-urbana-Sopralluogo-cantiere-ponte-sul-Gresal.mp3<\/a><\/audio>\n<p><strong>LE FOTO DAL SOPRALLUOGO\u00a0<\/strong><\/p>\n\n\t\t\t<style type='text\/css'>\n\t\t\t\t#gallery-3 {\n\t\t\t\t\tmargin: auto;\n\t\t\t\t}\n\t\t\t\t#gallery-3 .gallery-item {\n\t\t\t\t\tfloat: left;\n\t\t\t\t\tmargin-top: 10px;\n\t\t\t\t\ttext-align: center;\n\t\t\t\t\twidth: 16%;\n\t\t\t\t}\n\t\t\t\t#gallery-3 img {\n\t\t\t\t\tborder: 2px solid #cfcfcf;\n\t\t\t\t}\n\t\t\t\t#gallery-3 .gallery-caption {\n\t\t\t\t\tmargin-left: 0;\n\t\t\t\t}\n\t\t\t\t\/* see gallery_shortcode() in wp-includes\/media.php *\/\n\t\t\t<\/style>\n\t\t<div id='gallery-3' class='dt-gallery-container gallery galleryid-152118 gallery-columns-6 gallery-size-thumbnail'><dl class='gallery-item'>\n\t\t\t\t<dt class='gallery-icon landscape'>\n\t\t\t\t\t<a class=\"rollover rollover-zoom dt-pswp-item\" title=\"Sopralluogo cantiere ponte sul Gresal (1)\" data-dt-img-description=\"\" data-large_image_width=\"2560\" data-large_image_height=\"1707\"href='https:\/\/www.radiopiu.net\/wordpress\/wp-content\/uploads\/2020\/07\/Sopralluogo-cantiere-ponte-sul-Gresal-1-scaled.jpg'><img loading=\"lazy\" decoding=\"async\" width=\"150\" height=\"150\" src=\"https:\/\/www.radiopiu.net\/wordpress\/wp-content\/uploads\/2020\/07\/Sopralluogo-cantiere-ponte-sul-Gresal-1-150x150.jpg\" class=\"attachment-thumbnail size-thumbnail\" alt=\"\" \/><\/a>\n\t\t\t\t<\/dt><\/dl><dl class='gallery-item'>\n\t\t\t\t<dt class='gallery-icon landscape'>\n\t\t\t\t\t<a class=\"rollover rollover-zoom dt-pswp-item\" title=\"Sopralluogo cantiere ponte sul Gresal (2)\" data-dt-img-description=\"\" data-large_image_width=\"2560\" data-large_image_height=\"1707\"href='https:\/\/www.radiopiu.net\/wordpress\/wp-content\/uploads\/2020\/07\/Sopralluogo-cantiere-ponte-sul-Gresal-2-scaled.jpg'><img loading=\"lazy\" decoding=\"async\" width=\"150\" height=\"150\" src=\"https:\/\/www.radiopiu.net\/wordpress\/wp-content\/uploads\/2020\/07\/Sopralluogo-cantiere-ponte-sul-Gresal-2-150x150.jpg\" class=\"attachment-thumbnail size-thumbnail\" alt=\"\" \/><\/a>\n\t\t\t\t<\/dt><\/dl><dl class='gallery-item'>\n\t\t\t\t<dt class='gallery-icon landscape'>\n\t\t\t\t\t<a class=\"rollover rollover-zoom dt-pswp-item\" title=\"Sopralluogo cantiere ponte sul Gresal (3)\" data-dt-img-description=\"\" data-large_image_width=\"2560\" data-large_image_height=\"1707\"href='https:\/\/www.radiopiu.net\/wordpress\/wp-content\/uploads\/2020\/07\/Sopralluogo-cantiere-ponte-sul-Gresal-3-scaled.jpg'><img loading=\"lazy\" decoding=\"async\" width=\"150\" height=\"150\" src=\"https:\/\/www.radiopiu.net\/wordpress\/wp-content\/uploads\/2020\/07\/Sopralluogo-cantiere-ponte-sul-Gresal-3-150x150.jpg\" class=\"attachment-thumbnail size-thumbnail\" alt=\"\" \/><\/a>\n\t\t\t\t<\/dt><\/dl><dl class='gallery-item'>\n\t\t\t\t<dt class='gallery-icon portrait'>\n\t\t\t\t\t<a class=\"rollover rollover-zoom dt-pswp-item\" title=\"Sopralluogo cantiere ponte sul Gresal (4)\" data-dt-img-description=\"\" data-large_image_width=\"1707\" data-large_image_height=\"2560\"href='https:\/\/www.radiopiu.net\/wordpress\/wp-content\/uploads\/2020\/07\/Sopralluogo-cantiere-ponte-sul-Gresal-4-scaled.jpg'><img loading=\"lazy\" decoding=\"async\" width=\"150\" height=\"150\" src=\"https:\/\/www.radiopiu.net\/wordpress\/wp-content\/uploads\/2020\/07\/Sopralluogo-cantiere-ponte-sul-Gresal-4-150x150.jpg\" class=\"attachment-thumbnail size-thumbnail\" alt=\"\" \/><\/a>\n\t\t\t\t<\/dt><\/dl><dl class='gallery-item'>\n\t\t\t\t<dt class='gallery-icon landscape'>\n\t\t\t\t\t<a class=\"rollover rollover-zoom dt-pswp-item\" title=\"Sopralluogo cantiere ponte sul Gresal (5)\" data-dt-img-description=\"\" data-large_image_width=\"2560\" data-large_image_height=\"1707\"href='https:\/\/www.radiopiu.net\/wordpress\/wp-content\/uploads\/2020\/07\/Sopralluogo-cantiere-ponte-sul-Gresal-5-scaled.jpg'><img loading=\"lazy\" decoding=\"async\" width=\"150\" height=\"150\" src=\"https:\/\/www.radiopiu.net\/wordpress\/wp-content\/uploads\/2020\/07\/Sopralluogo-cantiere-ponte-sul-Gresal-5-150x150.jpg\" class=\"attachment-thumbnail size-thumbnail\" alt=\"\" \/><\/a>\n\t\t\t\t<\/dt><\/dl><dl class='gallery-item'>\n\t\t\t\t<dt class='gallery-icon landscape'>\n\t\t\t\t\t<a class=\"rollover rollover-zoom dt-pswp-item\" title=\"Sopralluogo cantiere ponte sul Gresal (6)\" data-dt-img-description=\"\" data-large_image_width=\"2560\" data-large_image_height=\"1707\"href='https:\/\/www.radiopiu.net\/wordpress\/wp-content\/uploads\/2020\/07\/Sopralluogo-cantiere-ponte-sul-Gresal-6-scaled.jpg'><img loading=\"lazy\" decoding=\"async\" width=\"150\" height=\"150\" src=\"https:\/\/www.radiopiu.net\/wordpress\/wp-content\/uploads\/2020\/07\/Sopralluogo-cantiere-ponte-sul-Gresal-6-150x150.jpg\" class=\"attachment-thumbnail size-thumbnail\" alt=\"\" \/><\/a>\n\t\t\t\t<\/dt><\/dl><br style=\"clear: both\" \/><dl class='gallery-item'>\n\t\t\t\t<dt class='gallery-icon portrait'>\n\t\t\t\t\t<a class=\"rollover rollover-zoom dt-pswp-item\" title=\"Sopralluogo cantiere ponte sul Gresal (7)\" data-dt-img-description=\"\" data-large_image_width=\"1707\" data-large_image_height=\"2560\"href='https:\/\/www.radiopiu.net\/wordpress\/wp-content\/uploads\/2020\/07\/Sopralluogo-cantiere-ponte-sul-Gresal-7-scaled.jpg'><img loading=\"lazy\" decoding=\"async\" width=\"150\" height=\"150\" src=\"https:\/\/www.radiopiu.net\/wordpress\/wp-content\/uploads\/2020\/07\/Sopralluogo-cantiere-ponte-sul-Gresal-7-150x150.jpg\" class=\"attachment-thumbnail size-thumbnail\" alt=\"\" \/><\/a>\n\t\t\t\t<\/dt><\/dl><dl class='gallery-item'>\n\t\t\t\t<dt class='gallery-icon portrait'>\n\t\t\t\t\t<a class=\"rollover rollover-zoom dt-pswp-item\" title=\"Sopralluogo cantiere ponte sul Gresal (8)\" data-dt-img-description=\"\" data-large_image_width=\"1707\" data-large_image_height=\"2560\"href='https:\/\/www.radiopiu.net\/wordpress\/wp-content\/uploads\/2020\/07\/Sopralluogo-cantiere-ponte-sul-Gresal-8-scaled.jpg'><img loading=\"lazy\" decoding=\"async\" width=\"150\" height=\"150\" src=\"https:\/\/www.radiopiu.net\/wordpress\/wp-content\/uploads\/2020\/07\/Sopralluogo-cantiere-ponte-sul-Gresal-8-150x150.jpg\" class=\"attachment-thumbnail size-thumbnail\" alt=\"\" \/><\/a>\n\t\t\t\t<\/dt><\/dl><dl class='gallery-item'>\n\t\t\t\t<dt class='gallery-icon landscape'>\n\t\t\t\t\t<a class=\"rollover rollover-zoom dt-pswp-item\" title=\"Sopralluogo cantiere ponte sul Gresal (9)\" data-dt-img-description=\"\" data-large_image_width=\"2560\" data-large_image_height=\"1707\"href='https:\/\/www.radiopiu.net\/wordpress\/wp-content\/uploads\/2020\/07\/Sopralluogo-cantiere-ponte-sul-Gresal-9-scaled.jpg'><img loading=\"lazy\" decoding=\"async\" width=\"150\" height=\"150\" src=\"https:\/\/www.radiopiu.net\/wordpress\/wp-content\/uploads\/2020\/07\/Sopralluogo-cantiere-ponte-sul-Gresal-9-150x150.jpg\" class=\"attachment-thumbnail size-thumbnail\" alt=\"\" \/><\/a>\n\t\t\t\t<\/dt><\/dl><dl class='gallery-item'>\n\t\t\t\t<dt class='gallery-icon landscape'>\n\t\t\t\t\t<a class=\"rollover rollover-zoom dt-pswp-item\" title=\"Sopralluogo cantiere ponte sul Gresal (10)\" data-dt-img-description=\"\" data-large_image_width=\"2560\" data-large_image_height=\"1707\"href='https:\/\/www.radiopiu.net\/wordpress\/wp-content\/uploads\/2020\/07\/Sopralluogo-cantiere-ponte-sul-Gresal-10-scaled.jpg'><img loading=\"lazy\" decoding=\"async\" width=\"150\" height=\"150\" src=\"https:\/\/www.radiopiu.net\/wordpress\/wp-content\/uploads\/2020\/07\/Sopralluogo-cantiere-ponte-sul-Gresal-10-150x150.jpg\" class=\"attachment-thumbnail size-thumbnail\" alt=\"\" \/><\/a>\n\t\t\t\t<\/dt><\/dl><dl class='gallery-item'>\n\t\t\t\t<dt class='gallery-icon landscape'>\n\t\t\t\t\t<a class=\"rollover rollover-zoom dt-pswp-item\" title=\"Sopralluogo cantiere ponte sul Gresal (11)\" data-dt-img-description=\"\" data-large_image_width=\"2560\" data-large_image_height=\"1707\"href='https:\/\/www.radiopiu.net\/wordpress\/wp-content\/uploads\/2020\/07\/Sopralluogo-cantiere-ponte-sul-Gresal-11-scaled.jpg'><img loading=\"lazy\" decoding=\"async\" width=\"150\" height=\"150\" src=\"https:\/\/www.radiopiu.net\/wordpress\/wp-content\/uploads\/2020\/07\/Sopralluogo-cantiere-ponte-sul-Gresal-11-150x150.jpg\" class=\"attachment-thumbnail size-thumbnail\" alt=\"\" \/><\/a>\n\t\t\t\t<\/dt><\/dl><dl class='gallery-item'>\n\t\t\t\t<dt class='gallery-icon landscape'>\n\t\t\t\t\t<a class=\"rollover rollover-zoom dt-pswp-item\" title=\"Sopralluogo cantiere ponte sul Gresal (12)\" data-dt-img-description=\"\" data-large_image_width=\"2560\" data-large_image_height=\"1707\"href='https:\/\/www.radiopiu.net\/wordpress\/wp-content\/uploads\/2020\/07\/Sopralluogo-cantiere-ponte-sul-Gresal-12-scaled.jpg'><img loading=\"lazy\" decoding=\"async\" width=\"150\" height=\"150\" src=\"https:\/\/www.radiopiu.net\/wordpress\/wp-content\/uploads\/2020\/07\/Sopralluogo-cantiere-ponte-sul-Gresal-12-150x150.jpg\" class=\"attachment-thumbnail size-thumbnail\" alt=\"\" \/><\/a>\n\t\t\t\t<\/dt><\/dl><br style=\"clear: both\" \/>\n\t\t\t<\/div>\n\n<p>&nbsp;<\/p>\n<p>&nbsp;<\/p>\n<hr \/>\n<p>&nbsp;<\/p>\n<blockquote><p><strong>FELTRE<\/strong>\u00a0 Modificati gli orari di apertura dell&#8217;Ufficio del Commercio: dal luned\u00ec al venerd\u00ec dalle 10 alle 12.30,\u00a0marted\u00ec pomeriggio dalle14.30 alle 16.<\/p><\/blockquote>\n<p>&nbsp;<\/p>\n<p>&nbsp;<\/p>\n<hr \/>\n<p>&nbsp;<\/p>\n<blockquote>\n<h3 class=\"photoswipe-wrapper\">IL RITORNO DEL CIRCO PATUF SUL BROI DI AGORDO CON LA COLLABORAZIONE DI AD AGORDO PROLOCO E COMUNE DI AGORDO<\/h3>\n<\/blockquote>\n<p><strong><span style=\"color: #ff0000;\">L&#8217;ASSESSORE CHIARA FONTANIVE<\/span><\/strong><\/p>\n<audio class=\"wp-audio-shortcode\" id=\"audio-152118-10\" preload=\"none\" style=\"width: 100%;\" controls=\"controls\"><source type=\"audio\/mpeg\" src=\"https:\/\/www.radiopiu.net\/wordpress\/wp-content\/uploads\/2020\/07\/CHIARA.mp3?_=10\" \/><a href=\"https:\/\/www.radiopiu.net\/wordpress\/wp-content\/uploads\/2020\/07\/CHIARA.mp3\">https:\/\/www.radiopiu.net\/wordpress\/wp-content\/uploads\/2020\/07\/CHIARA.mp3<\/a><\/audio>\n<p>&nbsp;<\/p>\n<p><strong><a class=\"dt-pswp-item\" href=\"https:\/\/www.radiopiu.net\/wordpress\/wp-content\/uploads\/2017\/07\/circo-patuf\u00a9sonia-de-boni_9567.jpg\" data-dt-img-description=\"\" data-large_image_width=\"2000\" data-large_image_height=\"1333\"><img loading=\"lazy\" decoding=\"async\" class=\"size-medium wp-image-34317 alignleft\" src=\"https:\/\/www.radiopiu.net\/wordpress\/wp-content\/uploads\/2017\/07\/circo-patuf\u00a9sonia-de-boni_9567-300x200.jpg\" alt=\"\" width=\"300\" height=\"200\" \/><\/a>AGORDO <\/strong>Da questo weekend, grazie all\u2019organizzazione del <em>Comune di Agordo<\/em> con la promozione di <em>AD Agordo Pro Loco<\/em>, sar\u00e0 nuovamente possibile partecipare agli spettacoli del Circo Patuf dell\u2019Associazione Culturale Patapufete, compagnia che unisce teatro e circo contemporaneo, attraverso spettacoli itineranti. I temi toccati nelle precedenti rappresentazioni sono di tono sociale come l\u2019immigrazione e i conflitti, mentre questa edizione sar\u00e0 uno spettacolo tutto nuovo pieno di storie da raccontare, tra assurde risate e poetiche acrobazie.\u00a0 Anche quest\u2019anno la location sar\u00e0 il \u201cBroi\u201d di Agordo, l\u2019ampio spazio erboso che si presta ad accogliere l\u2019intrattenimento degli artisti per una decina di giorni. Gli spettacoli saranno tutte le sere alle ore 21.00 dal 31 luglio al 9 agosto sotto il tendone sanificato e conforme a tutte le disposizione anti Covid-19. Per questo la prenotazione sar\u00e0 obbligatoria (posti limitati) al numero 392 734 2915 (chiamate o whatsapp).<\/p>\n<blockquote><p><span style=\"color: #0000ff;\"><strong>IERI ALLA RADIO IN COLLABORAZIONE CON GIORNALE E CAFFE&#8217; DERSUT DI TAIBON AGORDINO\u00a0<\/strong><\/span><br \/>\n<strong>di Claudio Fontanive\u00a0<\/strong><\/p><\/blockquote>\n<audio class=\"wp-audio-shortcode\" id=\"audio-152118-11\" preload=\"none\" style=\"width: 100%;\" controls=\"controls\"><source type=\"audio\/mpeg\" src=\"https:\/\/www.radiopiu.net\/wordpress\/wp-content\/uploads\/2020\/07\/circo-patud.mp3?_=11\" \/><a href=\"https:\/\/www.radiopiu.net\/wordpress\/wp-content\/uploads\/2020\/07\/circo-patud.mp3\">https:\/\/www.radiopiu.net\/wordpress\/wp-content\/uploads\/2020\/07\/circo-patud.mp3<\/a><\/audio>\n<p>&nbsp;<\/p>\n<p>&nbsp;<\/p>\n<hr \/>\n<p>&nbsp;<\/p>\n<blockquote>\n<h3>DOMENICA MATTINA ALLE 11: IN DIRETTA DIFFERITA<\/h3>\n<\/blockquote>\n<h3><a class=\"dt-pswp-item\" href=\"https:\/\/www.radiopiu.net\/wordpress\/wp-content\/uploads\/2020\/07\/107664234_888260738334098_5785740884384157881_n.jpg\" data-dt-img-description=\"\" data-large_image_width=\"400\" data-large_image_height=\"284\"><img loading=\"lazy\" decoding=\"async\" class=\"wp-image-152279 alignleft\" src=\"https:\/\/www.radiopiu.net\/wordpress\/wp-content\/uploads\/2020\/07\/107664234_888260738334098_5785740884384157881_n-300x213.jpg\" alt=\"\" width=\"179\" height=\"127\" srcset=\"https:\/\/www.radiopiu.net\/wordpress\/wp-content\/uploads\/2020\/07\/107664234_888260738334098_5785740884384157881_n-300x213.jpg 300w, https:\/\/www.radiopiu.net\/wordpress\/wp-content\/uploads\/2020\/07\/107664234_888260738334098_5785740884384157881_n.jpg 400w\" sizes=\"auto, (max-width: 179px) 100vw, 179px\" \/><\/a><\/h3>\n<p><strong>AGORDO<\/strong>\u00a0 Dal Mont Alt di Framont di Agordo Agordo Musica, Asolo Musica, CAI sezione di Agordo e RadioPi\u00f9 Emittente Agordina presentano ASPETTANDO MUSICA NELL&#8217;AGORDINO : IMPROVVISAZIONI IN QUOTA Con Andrea Bernardi, Agordo Musica Anna Magro e Dario Dell&#8217;Osbel, CAI sezione di Agordo e la partecipazione straordinaria di Paolo Forte alla fisarmonica. Alla radio e in streaming in tutto il mondo domenica mattina dalle 11. <strong>AI MICROFONI DI RADIO PIU IL FISARMONICISTA PAOLO FORTE CON ANDREA BERNARDI<\/strong><\/p>\n<\/div>\n<div>\n<audio class=\"wp-audio-shortcode\" id=\"audio-152118-12\" preload=\"none\" style=\"width: 100%;\" controls=\"controls\"><source type=\"audio\/mpeg\" src=\"https:\/\/www.radiopiu.net\/wordpress\/wp-content\/uploads\/2020\/07\/intervista-paolo-forte.mp3?_=12\" \/><a href=\"https:\/\/www.radiopiu.net\/wordpress\/wp-content\/uploads\/2020\/07\/intervista-paolo-forte.mp3\">https:\/\/www.radiopiu.net\/wordpress\/wp-content\/uploads\/2020\/07\/intervista-paolo-forte.mp3<\/a><\/audio>\n<p>&nbsp;<\/p>\n<blockquote>\n<h3>E DOMENICA IN PIAZZA AD AGORDO&#8230;. LES MAGOTS<\/h3>\n<\/blockquote>\n<p><a class=\"dt-pswp-item\" href=\"https:\/\/www.radiopiu.net\/wordpress\/wp-content\/uploads\/2020\/07\/maxresdefault.jpg\" data-dt-img-description=\"\" data-large_image_width=\"1280\" data-large_image_height=\"720\"><img loading=\"lazy\" decoding=\"async\" class=\"size-medium wp-image-151984 alignleft\" src=\"https:\/\/www.radiopiu.net\/wordpress\/wp-content\/uploads\/2020\/07\/maxresdefault-300x169.jpg\" alt=\"\" width=\"300\" height=\"169\" srcset=\"https:\/\/www.radiopiu.net\/wordpress\/wp-content\/uploads\/2020\/07\/maxresdefault-300x169.jpg 300w, https:\/\/www.radiopiu.net\/wordpress\/wp-content\/uploads\/2020\/07\/maxresdefault-1024x576.jpg 1024w, https:\/\/www.radiopiu.net\/wordpress\/wp-content\/uploads\/2020\/07\/maxresdefault-768x432.jpg 768w, https:\/\/www.radiopiu.net\/wordpress\/wp-content\/uploads\/2020\/07\/maxresdefault.jpg 1280w\" sizes=\"auto, (max-width: 300px) 100vw, 300px\" \/><\/a><\/p>\n<p>&nbsp;<\/p>\n<p>&nbsp;<\/p>\n<blockquote><p>&nbsp;<\/p><\/blockquote>\n<audio class=\"wp-audio-shortcode\" id=\"audio-152118-13\" preload=\"none\" style=\"width: 100%;\" controls=\"controls\"><source type=\"audio\/mpeg\" src=\"https:\/\/www.radiopiu.net\/wordpress\/wp-content\/uploads\/2020\/07\/intervista-magots.mp3?_=13\" \/><a href=\"https:\/\/www.radiopiu.net\/wordpress\/wp-content\/uploads\/2020\/07\/intervista-magots.mp3\">https:\/\/www.radiopiu.net\/wordpress\/wp-content\/uploads\/2020\/07\/intervista-magots.mp3<\/a><\/audio>\n<p>&nbsp;<\/p>\n<hr \/>\n<p>&nbsp;<\/p>\n<blockquote>\n<h3>APRE AD ARABBA LA MOSTRA FOTOGRAFICA \u201cEMIGRAZIONE DALLE DOLOMITI NEL NOVECENTO\u201d A CURA DI LUCIANA PALLA<\/h3>\n<\/blockquote>\n<p><strong><a class=\"dt-pswp-item\" href=\"https:\/\/www.radiopiu.net\/wordpress\/wp-content\/uploads\/2020\/07\/mostra_dolomiti.jpeg\" data-dt-img-description=\"\" data-large_image_width=\"982\" data-large_image_height=\"1389\"><img loading=\"lazy\" decoding=\"async\" class=\"size-medium wp-image-152028 alignleft\" src=\"https:\/\/www.radiopiu.net\/wordpress\/wp-content\/uploads\/2020\/07\/mostra_dolomiti-212x300.jpeg\" alt=\"\" width=\"212\" height=\"300\" srcset=\"https:\/\/www.radiopiu.net\/wordpress\/wp-content\/uploads\/2020\/07\/mostra_dolomiti-212x300.jpeg 212w, https:\/\/www.radiopiu.net\/wordpress\/wp-content\/uploads\/2020\/07\/mostra_dolomiti-724x1024.jpeg 724w, https:\/\/www.radiopiu.net\/wordpress\/wp-content\/uploads\/2020\/07\/mostra_dolomiti-768x1086.jpeg 768w, https:\/\/www.radiopiu.net\/wordpress\/wp-content\/uploads\/2020\/07\/mostra_dolomiti.jpeg 982w\" sizes=\"auto, (max-width: 212px) 100vw, 212px\" \/><\/a>LIVINALLONGO <\/strong>Arabba Fodom Turismo e L\u2019Istituto Culturale Ladino \u201cCesa de Jan\u201d offrono l\u2019opportunit\u00e0 di visitare la mostra \u201cEmigrazione dalle Dolomiti nel Novecento\u201d, a cura di Luciana Palla.<span class=\"Apple-converted-space\">\u00a0\u00a0<\/span>Un interessante percorso fatto di fotografie, documenti e filmati che esplorano alcuni aspetti del nostro territorio a volte poco conosciuti. L\u2019esposizione, a ingresso libero, sar\u00e0 visitabile dal 29 luglio al 5 settembre 2020 presso la sala piano terra dell\u2019ufficio turistico di Arabba: dalle 8.45 alle 12.00 e dalle 15.30 alle 18.30.<\/p>\n<p>&nbsp;<\/p>\n<p>&nbsp;<\/p>\n<p>&nbsp;<\/p>\n<p>&nbsp;<\/p>\n<p>&nbsp;<\/p>\n<p>&nbsp;<\/p>\n<hr \/>\n<blockquote>\n<h3>DA VENERD\u00cc SULLE SPONDE DEL LAGO DI SANTA CROCE IL \u201cLAGO PHOTO FEST ALPAGO\u201d<\/h3>\n<\/blockquote>\n<p><strong><a class=\"dt-pswp-item\" href=\"https:\/\/www.radiopiu.net\/wordpress\/wp-content\/uploads\/2020\/07\/6f809879-9ee7-421a-b10f-83a3009e0e5a.jpg\" data-dt-img-description=\"\" data-large_image_width=\"1522\" data-large_image_height=\"980\"><img loading=\"lazy\" decoding=\"async\" class=\"size-medium wp-image-152260 alignleft\" src=\"https:\/\/www.radiopiu.net\/wordpress\/wp-content\/uploads\/2020\/07\/6f809879-9ee7-421a-b10f-83a3009e0e5a-300x193.jpg\" alt=\"\" width=\"300\" height=\"193\" srcset=\"https:\/\/www.radiopiu.net\/wordpress\/wp-content\/uploads\/2020\/07\/6f809879-9ee7-421a-b10f-83a3009e0e5a-300x193.jpg 300w, https:\/\/www.radiopiu.net\/wordpress\/wp-content\/uploads\/2020\/07\/6f809879-9ee7-421a-b10f-83a3009e0e5a-1024x659.jpg 1024w, https:\/\/www.radiopiu.net\/wordpress\/wp-content\/uploads\/2020\/07\/6f809879-9ee7-421a-b10f-83a3009e0e5a-768x495.jpg 768w, https:\/\/www.radiopiu.net\/wordpress\/wp-content\/uploads\/2020\/07\/6f809879-9ee7-421a-b10f-83a3009e0e5a.jpg 1522w\" sizes=\"auto, (max-width: 300px) 100vw, 300px\" \/><\/a>ALPAGO\u00a0<\/strong>Il Lago di Santa Croce si arricchisce di un&#8217;altra importante proposta, a tutto vantaggio dell&#8217;offerta rivolta a residenti e vacanzieri, non soltanto per quest&#8217;estate 2020. Apre infatti i battenti venerd\u00ec 31 luglio (vernissage alle ore 18 presso la spiaggia di Farra) il \u201cLago Photo Fest Alpago\u201d, un&#8217;iniziativa promossa dall&#8217;Associazione Lab77 di Belluno in collaborazione con l&#8217;Amministrazione comunale di Alpago. Alcuni scatti artistici realizzati da fotografi bellunesi, ma provenienti anche da fuori provincia, saranno esposti lungo un percorso che si affaccia sulle sponde del lago, partendo dall&#8217;oasi naturalistica in localit\u00e0 Sbarai &#8211; in cui sono gi\u00e0 presenti dei progetti di Land Art &#8211; passando per la \u201cspiaggia\u201d di Farra, per arrivare sino al piccolo e suggestivo borgo di Poiatte.\u00a0<a class=\"dt-pswp-item\" href=\"https:\/\/www.radiopiu.net\/wordpress\/wp-content\/uploads\/2020\/07\/48017e39-a0a6-4ce5-91d2-b24dddb12b8f.jpg\" data-dt-img-description=\"\" data-large_image_width=\"1600\" data-large_image_height=\"777\"><img loading=\"lazy\" decoding=\"async\" class=\"size-medium wp-image-152261 alignright\" src=\"https:\/\/www.radiopiu.net\/wordpress\/wp-content\/uploads\/2020\/07\/48017e39-a0a6-4ce5-91d2-b24dddb12b8f-300x146.jpg\" alt=\"\" width=\"300\" height=\"146\" srcset=\"https:\/\/www.radiopiu.net\/wordpress\/wp-content\/uploads\/2020\/07\/48017e39-a0a6-4ce5-91d2-b24dddb12b8f-300x146.jpg 300w, https:\/\/www.radiopiu.net\/wordpress\/wp-content\/uploads\/2020\/07\/48017e39-a0a6-4ce5-91d2-b24dddb12b8f-1024x497.jpg 1024w, https:\/\/www.radiopiu.net\/wordpress\/wp-content\/uploads\/2020\/07\/48017e39-a0a6-4ce5-91d2-b24dddb12b8f-768x373.jpg 768w, https:\/\/www.radiopiu.net\/wordpress\/wp-content\/uploads\/2020\/07\/48017e39-a0a6-4ce5-91d2-b24dddb12b8f-1536x746.jpg 1536w, https:\/\/www.radiopiu.net\/wordpress\/wp-content\/uploads\/2020\/07\/48017e39-a0a6-4ce5-91d2-b24dddb12b8f.jpg 1600w\" sizes=\"auto, (max-width: 300px) 100vw, 300px\" \/><\/a>\u201c<em>Il Lago Photo Fest nasce dalla volont\u00e0 di promuovere un territorio stupendo a cui sono legato fin da ragazzino<\/em>\u201d, sottolinea il curatore della rassegna Fabio Cavessago. \u00a0Questo l&#8217;elenco degli espositori: Francesco Galifi, Francesca Zanette, Luca Benatelli Massimo Gasparini, Roberta De Min, Stefania Tais, Mirko Bressaglia, Davide Busetto, Irene Pampanin, Egidio Alpago, Raja Bashir, Paolo Lapponi. Lago Photo Fest apre il 31 luglio e rester\u00e0 attivo per un anno.<\/p>\n<p>&nbsp;<\/p>\n<hr \/>\n<p>&nbsp;<\/p>\n<blockquote>\n<h3><b>III EDIZIONE DEL FESTIVAL INTERNAZIONALE DI MUSICA ANTICA IN VAL DI ZOLDO<\/b><\/h3>\n<\/blockquote>\n<p><strong><a class=\"dt-pswp-item\" href=\"https:\/\/www.radiopiu.net\/wordpress\/wp-content\/uploads\/2020\/07\/Foto_Tobias-Lindner3-scaled.jpg\" data-dt-img-description=\"\" data-large_image_width=\"1707\" data-large_image_height=\"2560\"><img loading=\"lazy\" decoding=\"async\" class=\"wp-image-152306 alignleft\" src=\"https:\/\/www.radiopiu.net\/wordpress\/wp-content\/uploads\/2020\/07\/Foto_Tobias-Lindner3-200x300.jpg\" alt=\"\" width=\"94\" height=\"141\" srcset=\"https:\/\/www.radiopiu.net\/wordpress\/wp-content\/uploads\/2020\/07\/Foto_Tobias-Lindner3-200x300.jpg 200w, https:\/\/www.radiopiu.net\/wordpress\/wp-content\/uploads\/2020\/07\/Foto_Tobias-Lindner3-683x1024.jpg 683w, https:\/\/www.radiopiu.net\/wordpress\/wp-content\/uploads\/2020\/07\/Foto_Tobias-Lindner3-768x1152.jpg 768w, https:\/\/www.radiopiu.net\/wordpress\/wp-content\/uploads\/2020\/07\/Foto_Tobias-Lindner3-1024x1536.jpg 1024w, https:\/\/www.radiopiu.net\/wordpress\/wp-content\/uploads\/2020\/07\/Foto_Tobias-Lindner3-1365x2048.jpg 1365w, https:\/\/www.radiopiu.net\/wordpress\/wp-content\/uploads\/2020\/07\/Foto_Tobias-Lindner3-scaled.jpg 1707w\" sizes=\"auto, (max-width: 94px) 100vw, 94px\" \/><\/a>VAL DI ZOLDO\u00a0<\/strong>La terza edizione del Festival Internazionale di Musica Antica \u201cArte e Musica tra Pelmo e Civetta\u201d in Val di Zoldo, dopo la solenne inaugurazione con la Venice Baroque Orchestra diretta dal direttore artistico Andrea Marcon, giunge al suo secondo appuntamento: un prezioso concerto dell\u2019organista bavarese Tobias Lindner, che avr\u00e0 luogo domenica 2 agosto a Pieve di Zoldo nella chiesa di San Floriano alle ore 17, con replica alle ore 19, per permettere a un pi\u00f9 vasto pubblico di assistervi.<\/p>\n<p>&nbsp;<\/p>\n<p>&nbsp;<\/p>\n<hr \/>\n<p>&nbsp;<\/p>\n<blockquote>\n<h3>FRANCO MURER. ARTE E PIETA\u2019 IN UN SENTIERO DEL BOSCO<\/h3>\n<p><strong><a class=\"dt-pswp-item\" href=\"https:\/\/www.radiopiu.net\/wordpress\/wp-content\/uploads\/2019\/08\/553085_385905871470280_1626001170_n.jpg\" data-dt-img-description=\"\" data-large_image_width=\"855\" data-large_image_height=\"569\"><img loading=\"lazy\" decoding=\"async\" class=\"alignleft wp-image-94070 size-thumbnail\" src=\"https:\/\/www.radiopiu.net\/wordpress\/wp-content\/uploads\/2019\/08\/553085_385905871470280_1626001170_n-150x150.jpg\" alt=\"\" width=\"150\" height=\"150\" \/><\/a>di\u00a0Renato\u00a0<\/strong><b>Bona\u00a0<\/b><\/p>\n<p>Il mese di agosto \u00e8 legato, nel Bellunese (e non solo), al ricordo della storica elezione del secondo pontefice bellunese della storia dopo Gregorio XVI: Albino Luciani, asceso al soglio di Pietro col nome di Giovanni Paolo I (in onore di papa Roncalli e di papa Montini) e divenuto subito il \u201cPapa bellunese del sorriso\u201d (modestamente, definizione di chi stende queste note). La ricorrenza nel caso specifico richiama un evento religioso-culturale di grande importanza: la realizzazione, da parte dell\u2019artista falcadino Franco Murer, di una splendida Via Crucis lungo la via Cavallera di Canale d\u2019Agordo, con le 15 stazioni in cui si possono ammirare altrettante formelle di notevole rilievo artistico e di elevato valore spirituale. Nell\u2019occasione era stato dato alle stampe un prezioso volume-catalogo (ne posseggo una copia con un disegno e dedica in cui Franco Murer mi conferma la sua amicizia \u2013 ndr.) ad iniziativa di edizioni Erma: \u201cFranco Murer. Arte e Piet\u00e0 in un sentiero del bosco\u201d, a cura di Nadia Grassi, con consulenza tecnica di Paolo Tieto, fotografie della stessa Grassi e di Fontanive; con presentazione di Paolo Tieto, testimonianze del sindaco Rinaldo De Rocco e del pubblicista Dario Fontanive, riflessioni di Papa Luciani a cura della nipote Pia Luciani; in copertina particolare della XV stazione: Ges\u00f9 \u00e8 risorto; stampa della bellunese tipolitografia editoria Dbs di Rasai di Seren del Grappa; sito internet a cura di Sveva Murer, figlia di Franco. Nella sua presentazione il sindaco De Rocco aveva orgogliosamente ricordato che \u201cforse \u00e8 stata una delle emozioni pi\u00f9 forti della mia vita quella sera di trent\u2019anni fa, quando nella citt\u00e0 tedesca di Oerlinhausen dove mi trovavo a lavorare assieme alla mia famiglia vidi alla televisione affacciarsi dal balcone di Piazza San Pietro per la prima volta, presentandosi al mondo, Giovanni Paolo I al secolo Albino Luciani. S\u00ec proprio quell\u2019uomo che da ragazzo saliva con mio padre in Valle di Gares per accompagnare le mucche al pascolo\u2026\u201d. Poi ha ricordato l\u2019iter sollecito della sua idea per ricordare Luciani, che in soli 4 mesi ha portato alla realizzazione della Via Crucis. A sua volta Paolo Tieto aveva giustamente messo in luce la figura e l\u2019opera dell\u2019autore delle 15 formelle: Franco Murer il quale \u201cnel conferire aspetto alle quindici scene sacre, si \u00e8 ispirato alle narrazioni evangeliche, Attenendosi sempre scrupolosamente fedele non solo al racconto, inteso come fatto storico, ma allo stesso spirito intrinseco ad esso, ovverosia al carattere soprannaturale del memorabile evento. Ci\u00f2 chiaramente servendosi della personale competenza ed abilit\u00e0, del proprio saper fare nell\u2019impiego di carta e penna, di crete e gessi prima di pervenire, come appunto nel presente specifico caso, alla fusione in bronzo\u2026 con questo ampio, variegato, impegnativo lavoro Franco Murer ha dato ai suoi conterranei e agli appassionati tutti dell\u2019arte, oltre alla inconfutabile testimonianza delle proprie notevoli capacit\u00e0 operative nel campo della creativit\u00e0 oggettiva, una significativa testimonianza di quanto la figurazione sacra continui oggi a godere del consenso e dell\u2019ammirazione di tanta, tanta parte del\u2019umanit\u00e0. La quale continua a trovare in essa sempre nuovi motivi di riflessione, di conforto, di crescita spirituale, atti a guidare il pensiero oltre quegli spazi dell\u2019ultimo orizzonte, verso l\u2019Eterno\u201d. Ed eccoci al mio personale amico e gi\u00e0 valente collaboratore Dario Fontanive, conterraneo di Luciani, il quale descrive la Via Cavallera di Canale d\u2019Agordo e ne racconta la storia perch\u00e9 \u00e8 lungo questo percorso immerso nel verde , di facile accesso, che \u201csono stati disposti a distanza irregolare 15 grandi massi di dolomia bianca che ospitano altrettante formelle artistiche bronzee che rappresentano la passione di Cristo\u201d. E ricorda che \u201csi \u00e8 pensato di sostenere i costi di quest\u2019opera (inaugurata il 22 agosto 2008 \u2013 ndr.) attraverso una sottoscrizione pubblica, dando modo a tutti i fedeli e devoti di Papa Luciani di poter contribuire concretamente alla realizzazione di questa importante testimonianza destinata a rimanere nel tempo\u201d. Concludiamo con Pia Luciani che ha proposto alcune riflessioni dello zio Albino, Papa Giovanni Paolo I, fra le quali abbiamo scelto questa: \u201cA Canale io sono stato fanciullo di famiglia povera. Ma quando, entrando in Chiesa, sentivo l\u2019organo suonare a piene canne, dimenticavo i miei poveri abiti, avevo l\u2019impressione che l\u2019organo salutasse me ed i miei piccoli compagni come altrettanti principi. Di qui la prima, vaga intuizione, che la Chiesa cattolica non \u00e8 solo qualcosa di grande, ma che fa grandi anche i piccoli e i poveri onorandoli e innalzandoli\u201d. (da: prefazione al libro sull\u2019Organo Callido di Canale d\u2019Agordo, Belluno, 1977).<\/p>\n\n\t\t\t<style type='text\/css'>\n\t\t\t\t#gallery-4 {\n\t\t\t\t\tmargin: auto;\n\t\t\t\t}\n\t\t\t\t#gallery-4 .gallery-item {\n\t\t\t\t\tfloat: left;\n\t\t\t\t\tmargin-top: 10px;\n\t\t\t\t\ttext-align: center;\n\t\t\t\t\twidth: 16%;\n\t\t\t\t}\n\t\t\t\t#gallery-4 img {\n\t\t\t\t\tborder: 2px solid #cfcfcf;\n\t\t\t\t}\n\t\t\t\t#gallery-4 .gallery-caption {\n\t\t\t\t\tmargin-left: 0;\n\t\t\t\t}\n\t\t\t\t\/* see gallery_shortcode() in wp-includes\/media.php *\/\n\t\t\t<\/style>\n\t\t<div id='gallery-4' class='dt-gallery-container gallery galleryid-152118 gallery-columns-6 gallery-size-thumbnail'><dl class='gallery-item'>\n\t\t\t\t<dt class='gallery-icon portrait'>\n\t\t\t\t\t<a class=\"rollover rollover-zoom dt-pswp-item\" title=\"116345037_220679682519998_4781643683034498111_n\" data-dt-img-description=\"\" data-large_image_width=\"228\" data-large_image_height=\"304\"href='https:\/\/www.radiopiu.net\/wordpress\/wp-content\/uploads\/2020\/07\/116345037_220679682519998_4781643683034498111_n.jpg'><img loading=\"lazy\" decoding=\"async\" width=\"150\" height=\"150\" src=\"https:\/\/www.radiopiu.net\/wordpress\/wp-content\/uploads\/2020\/07\/116345037_220679682519998_4781643683034498111_n-150x150.jpg\" class=\"attachment-thumbnail size-thumbnail\" alt=\"\" \/><\/a>\n\t\t\t\t<\/dt><\/dl><dl class='gallery-item'>\n\t\t\t\t<dt class='gallery-icon portrait'>\n\t\t\t\t\t<a class=\"rollover rollover-zoom dt-pswp-item\" title=\"116796852_1226952424333349_282205709041460508_n\" data-dt-img-description=\"\" data-large_image_width=\"2055\" data-large_image_height=\"2560\"href='https:\/\/www.radiopiu.net\/wordpress\/wp-content\/uploads\/2020\/07\/116796852_1226952424333349_282205709041460508_n-scaled.jpg'><img loading=\"lazy\" decoding=\"async\" width=\"150\" height=\"150\" src=\"https:\/\/www.radiopiu.net\/wordpress\/wp-content\/uploads\/2020\/07\/116796852_1226952424333349_282205709041460508_n-150x150.jpg\" class=\"attachment-thumbnail size-thumbnail\" alt=\"\" \/><\/a>\n\t\t\t\t<\/dt><\/dl><dl class='gallery-item'>\n\t\t\t\t<dt class='gallery-icon portrait'>\n\t\t\t\t\t<a class=\"rollover rollover-zoom dt-pswp-item\" title=\"116573211_1275102789501260_1315417915798820494_n\" data-dt-img-description=\"\" data-large_image_width=\"1927\" data-large_image_height=\"2560\"href='https:\/\/www.radiopiu.net\/wordpress\/wp-content\/uploads\/2020\/07\/116573211_1275102789501260_1315417915798820494_n-scaled.jpg'><img loading=\"lazy\" decoding=\"async\" width=\"150\" height=\"150\" src=\"https:\/\/www.radiopiu.net\/wordpress\/wp-content\/uploads\/2020\/07\/116573211_1275102789501260_1315417915798820494_n-150x150.jpg\" class=\"attachment-thumbnail size-thumbnail\" alt=\"\" \/><\/a>\n\t\t\t\t<\/dt><\/dl><dl class='gallery-item'>\n\t\t\t\t<dt class='gallery-icon landscape'>\n\t\t\t\t\t<a class=\"rollover rollover-zoom dt-pswp-item\" title=\"116412789_3501579459866205_4924830284873275211_n\" data-dt-img-description=\"\" data-large_image_width=\"2560\" data-large_image_height=\"1641\"href='https:\/\/www.radiopiu.net\/wordpress\/wp-content\/uploads\/2020\/07\/116412789_3501579459866205_4924830284873275211_n-scaled.jpg'><img loading=\"lazy\" decoding=\"async\" width=\"150\" height=\"150\" src=\"https:\/\/www.radiopiu.net\/wordpress\/wp-content\/uploads\/2020\/07\/116412789_3501579459866205_4924830284873275211_n-150x150.jpg\" class=\"attachment-thumbnail size-thumbnail\" alt=\"\" \/><\/a>\n\t\t\t\t<\/dt><\/dl><dl class='gallery-item'>\n\t\t\t\t<dt class='gallery-icon portrait'>\n\t\t\t\t\t<a class=\"rollover rollover-zoom dt-pswp-item\" title=\"116434777_729814384519215_4543464548870403471_n\" data-dt-img-description=\"\" data-large_image_width=\"1070\" data-large_image_height=\"1115\"href='https:\/\/www.radiopiu.net\/wordpress\/wp-content\/uploads\/2020\/07\/116434777_729814384519215_4543464548870403471_n.jpg'><img loading=\"lazy\" decoding=\"async\" width=\"150\" height=\"150\" src=\"https:\/\/www.radiopiu.net\/wordpress\/wp-content\/uploads\/2020\/07\/116434777_729814384519215_4543464548870403471_n-150x150.jpg\" class=\"attachment-thumbnail size-thumbnail\" alt=\"\" \/><\/a>\n\t\t\t\t<\/dt><\/dl><dl class='gallery-item'>\n\t\t\t\t<dt class='gallery-icon portrait'>\n\t\t\t\t\t<a class=\"rollover rollover-zoom dt-pswp-item\" title=\"116336383_346098683217556_2819983594367095256_n\" data-dt-img-description=\"\" data-large_image_width=\"2034\" data-large_image_height=\"2560\"href='https:\/\/www.radiopiu.net\/wordpress\/wp-content\/uploads\/2020\/07\/116336383_346098683217556_2819983594367095256_n-scaled.jpg'><img loading=\"lazy\" decoding=\"async\" width=\"150\" height=\"150\" src=\"https:\/\/www.radiopiu.net\/wordpress\/wp-content\/uploads\/2020\/07\/116336383_346098683217556_2819983594367095256_n-150x150.jpg\" class=\"attachment-thumbnail size-thumbnail\" alt=\"\" \/><\/a>\n\t\t\t\t<\/dt><\/dl><br style=\"clear: both\" \/><dl class='gallery-item'>\n\t\t\t\t<dt class='gallery-icon portrait'>\n\t\t\t\t\t<a class=\"rollover rollover-zoom dt-pswp-item\" title=\"116428887_636207233657233_6468765694041839992_n\" data-dt-img-description=\"\" data-large_image_width=\"1983\" data-large_image_height=\"2560\"href='https:\/\/www.radiopiu.net\/wordpress\/wp-content\/uploads\/2020\/07\/116428887_636207233657233_6468765694041839992_n-scaled.jpg'><img loading=\"lazy\" decoding=\"async\" width=\"150\" height=\"150\" src=\"https:\/\/www.radiopiu.net\/wordpress\/wp-content\/uploads\/2020\/07\/116428887_636207233657233_6468765694041839992_n-150x150.jpg\" class=\"attachment-thumbnail size-thumbnail\" alt=\"\" \/><\/a>\n\t\t\t\t<\/dt><\/dl><dl class='gallery-item'>\n\t\t\t\t<dt class='gallery-icon portrait'>\n\t\t\t\t\t<a class=\"rollover rollover-zoom dt-pswp-item\" title=\"116477471_574680986769722_6809906696528619872_n\" data-dt-img-description=\"\" data-large_image_width=\"1186\" data-large_image_height=\"2560\"href='https:\/\/www.radiopiu.net\/wordpress\/wp-content\/uploads\/2020\/07\/116477471_574680986769722_6809906696528619872_n-scaled.jpg'><img loading=\"lazy\" decoding=\"async\" width=\"150\" height=\"150\" src=\"https:\/\/www.radiopiu.net\/wordpress\/wp-content\/uploads\/2020\/07\/116477471_574680986769722_6809906696528619872_n-150x150.jpg\" class=\"attachment-thumbnail size-thumbnail\" alt=\"\" \/><\/a>\n\t\t\t\t<\/dt><\/dl><dl class='gallery-item'>\n\t\t\t\t<dt class='gallery-icon portrait'>\n\t\t\t\t\t<a class=\"rollover rollover-zoom dt-pswp-item\" title=\"116470083_2721297324861632_6793596087074800910_n\" data-dt-img-description=\"\" data-large_image_width=\"1990\" data-large_image_height=\"2560\"href='https:\/\/www.radiopiu.net\/wordpress\/wp-content\/uploads\/2020\/07\/116470083_2721297324861632_6793596087074800910_n-scaled.jpg'><img loading=\"lazy\" decoding=\"async\" width=\"150\" height=\"150\" src=\"https:\/\/www.radiopiu.net\/wordpress\/wp-content\/uploads\/2020\/07\/116470083_2721297324861632_6793596087074800910_n-150x150.jpg\" class=\"attachment-thumbnail size-thumbnail\" alt=\"\" \/><\/a>\n\t\t\t\t<\/dt><\/dl><dl class='gallery-item'>\n\t\t\t\t<dt class='gallery-icon portrait'>\n\t\t\t\t\t<a class=\"rollover rollover-zoom dt-pswp-item\" title=\"116687292_606108906980356_2359484995656218544_n\" data-dt-img-description=\"\" data-large_image_width=\"1927\" data-large_image_height=\"2560\"href='https:\/\/www.radiopiu.net\/wordpress\/wp-content\/uploads\/2020\/07\/116687292_606108906980356_2359484995656218544_n-scaled.jpg'><img loading=\"lazy\" decoding=\"async\" width=\"150\" height=\"150\" src=\"https:\/\/www.radiopiu.net\/wordpress\/wp-content\/uploads\/2020\/07\/116687292_606108906980356_2359484995656218544_n-150x150.jpg\" class=\"attachment-thumbnail size-thumbnail\" alt=\"\" \/><\/a>\n\t\t\t\t<\/dt><\/dl><dl class='gallery-item'>\n\t\t\t\t<dt class='gallery-icon landscape'>\n\t\t\t\t\t<a class=\"rollover rollover-zoom dt-pswp-item\" title=\"116440256_597604330898798_4692548796040733676_n\" data-dt-img-description=\"\" data-large_image_width=\"217\" data-large_image_height=\"180\"href='https:\/\/www.radiopiu.net\/wordpress\/wp-content\/uploads\/2020\/07\/116440256_597604330898798_4692548796040733676_n.jpg'><img loading=\"lazy\" decoding=\"async\" width=\"150\" height=\"150\" src=\"https:\/\/www.radiopiu.net\/wordpress\/wp-content\/uploads\/2020\/07\/116440256_597604330898798_4692548796040733676_n-150x150.jpg\" class=\"attachment-thumbnail size-thumbnail\" alt=\"\" \/><\/a>\n\t\t\t\t<\/dt><\/dl><dl class='gallery-item'>\n\t\t\t\t<dt class='gallery-icon portrait'>\n\t\t\t\t\t<a class=\"rollover rollover-zoom dt-pswp-item\" title=\"116434541_1016000115523324_542071627522630263_n\" data-dt-img-description=\"\" data-large_image_width=\"1961\" data-large_image_height=\"2560\"href='https:\/\/www.radiopiu.net\/wordpress\/wp-content\/uploads\/2020\/07\/116434541_1016000115523324_542071627522630263_n-scaled.jpg'><img loading=\"lazy\" decoding=\"async\" width=\"150\" height=\"150\" src=\"https:\/\/www.radiopiu.net\/wordpress\/wp-content\/uploads\/2020\/07\/116434541_1016000115523324_542071627522630263_n-150x150.jpg\" class=\"attachment-thumbnail size-thumbnail\" alt=\"\" \/><\/a>\n\t\t\t\t<\/dt><\/dl><br style=\"clear: both\" \/>\n\t\t\t<\/div>\n\n<p>NELLE FOTO:Albino Luciani il \u201cPapa bellunese del sorriso\u201d; il maestro Franco Murer; la copertina del libro-catalogo realizzato nel 30. dell\u2019elezione di Giovanni Paolo I; la pagina con immagine e dedica per l\u2019autore di queste note; la via Cavallera; una delle stazioni della Via Crucis; formella in cera; particolare della formella in bronzo della terza stazione, con la prima caduta; Ges\u00f9 muore in croce, dodicesima stazione, particolare; Ges\u00f9 spogliato; il corpo deposto nel sepolcro; Ges\u00f9 risorge.<\/p><\/blockquote>\n<p>&nbsp;<\/p>\n<p>&nbsp;<\/p>\n<p>&nbsp;<\/p>\n<hr \/>\n<\/div>\n<p>&nbsp;<\/p>\n<blockquote>\n<h3>SODDISFAZIONE, ORGOGLIO E FELICITA&#8217; PER ALESSIA<\/h3>\n<\/blockquote>\n<p><a class=\"dt-pswp-item\" href=\"https:\/\/www.radiopiu.net\/wordpress\/wp-content\/uploads\/2020\/07\/f02f5fe2-3d7d-478e-b048-8ced7233b81e.jpg\" data-dt-img-description=\"\" data-large_image_width=\"768\" data-large_image_height=\"1024\"><img loading=\"lazy\" decoding=\"async\" class=\" wp-image-152206 alignleft\" src=\"https:\/\/www.radiopiu.net\/wordpress\/wp-content\/uploads\/2020\/07\/f02f5fe2-3d7d-478e-b048-8ced7233b81e-225x300.jpg\" alt=\"\" width=\"123\" height=\"164\" srcset=\"https:\/\/www.radiopiu.net\/wordpress\/wp-content\/uploads\/2020\/07\/f02f5fe2-3d7d-478e-b048-8ced7233b81e-225x300.jpg 225w, https:\/\/www.radiopiu.net\/wordpress\/wp-content\/uploads\/2020\/07\/f02f5fe2-3d7d-478e-b048-8ced7233b81e.jpg 768w\" sizes=\"auto, (max-width: 123px) 100vw, 123px\" \/><\/a><strong>SEDICO<\/strong> I complimenti alla dottoressa sono stati tanti, a questi si \u00e8 unita la nota di soddisfazione di Alessia Bona che ha portato a termine l&#8217;importante ciclo di studi, l&#8217;orgoglio dei genitori, il giornalista Roberto Bona con la moglie Viviana e la felicit\u00e0 del fratello Francesco. Non potrebbe essere diversamente con le neo laureata in casa. Alessia Bona \u00e8 dottoressa in Beni culturali con la\u00a0 tesi sul bellunese Dino Buzzati discussa all&#8217;Universit\u00e0 di Ravenna. Anche da qui tanti complimenti Alessia.<\/p>\n<p>&nbsp;<\/p>\n<p>&nbsp;<\/p>\n<p>&nbsp;<\/p>\n<hr \/>\n<h3><\/h3>\n<blockquote>\n<h2>IERI ALLA RADIO, EPCENTER 22^PUNTATA CON FRANCESCO ZILLIO<\/h2>\n<\/blockquote>\n<p><iframe loading=\"lazy\" title=\"Ep center puntata 22\" width=\"1200\" height=\"675\" src=\"https:\/\/www.youtube.com\/embed\/8SgJRb0dQBY?feature=oembed\" frameborder=\"0\" allow=\"accelerometer; autoplay; clipboard-write; encrypted-media; gyroscope; picture-in-picture\" allowfullscreen><\/iframe><\/p>\n<p>&nbsp;<\/p>\n<h2>SUL SITO DI RADIO PIU&#8217; LA VIDEO GALLERY<\/h2>\n<blockquote class=\"wp-embedded-content\" data-secret=\"BCgGadAGEC\"><p><a href=\"https:\/\/www.radiopiu.net\/wordpress\/ep-center-video-gallery\/\">EP CENTER video gallery<\/a><\/p><\/blockquote>\n<p><iframe loading=\"lazy\" class=\"wp-embedded-content\" sandbox=\"allow-scripts\" security=\"restricted\" style=\"position: absolute; clip: rect(1px, 1px, 1px, 1px);\" title=\"&#8220;EP CENTER video gallery&#8221; &#8212; Radio Pi\u00f9\" src=\"https:\/\/www.radiopiu.net\/wordpress\/ep-center-video-gallery\/embed\/#?secret=BCgGadAGEC\" data-secret=\"BCgGadAGEC\" width=\"600\" height=\"338\" frameborder=\"0\" marginwidth=\"0\" marginheight=\"0\" scrolling=\"no\"><\/iframe><\/p>\n<p>&nbsp;<\/p>\n<hr \/>\n<h3><\/h3>\n<p>&nbsp;<\/p>\n<p>&nbsp;<\/p>\n<h3 class=\"photoswipe-wrapper\"><img loading=\"lazy\" decoding=\"async\" class=\"aligncenter wp-image-61958 size-full\" src=\"https:\/\/i2.wp.com\/www.radiopiu.net\/wordpress\/wp-content\/uploads\/2018\/09\/appuntamenti.jpeg?resize=800%2C100&amp;ssl=1\" sizes=\"auto, (max-width: 800px) 100vw, 800px\" srcset=\"https:\/\/i2.wp.com\/www.radiopiu.net\/wordpress\/wp-content\/uploads\/2018\/09\/appuntamenti.jpeg?w=800&amp;ssl=1 800w, https:\/\/i2.wp.com\/www.radiopiu.net\/wordpress\/wp-content\/uploads\/2018\/09\/appuntamenti.jpeg?resize=300%2C38&amp;ssl=1 300w, https:\/\/i2.wp.com\/www.radiopiu.net\/wordpress\/wp-content\/uploads\/2018\/09\/appuntamenti.jpeg?resize=768%2C96&amp;ssl=1 768w\" alt=\"\" width=\"800\" height=\"100\" \/><\/h3>\n<p>&nbsp;<\/p>\n<blockquote><p>&nbsp;<\/p><\/blockquote>\n<p><strong>FONZASO<\/strong> Lunedi alle 11 in via Monte Vallorca (sopra il negozio tempo di sport) sar\u00e0 presentato lo spazio culturale Dolomiti Hub <a href=\"http:\/\/dolomitihub.it\/\" target=\"_blank\" rel=\"noopener noreferrer\">dolomitihub.it<\/a>\u00a0 |\u00a0\u00a0<a href=\"mailto:info@dolomitihub.it\" target=\"_blank\" rel=\"noopener noreferrer\">info@dolomitihub.it<\/a><\/p>\n<p>&nbsp;<\/p>\n<p><strong>BELLUNO<\/strong> Dopo mesi di inattivit\u00e0, causa lockdown, il coro Monti dl Sole ha iniziato\u00a0 la propria attivit\u00e0 con le consuete prove settimanali. Domani alle 20,45 proporr\u00e0 una rassegna corale all&#8217;aperto, nella piazza di Longano, organizzata dal comitato colturale e ricreativo di Longano, giunta ormai alla 13^ edizione. Presenter\u00e0 la serata Michela Da Canal. In caso di maltempo il concerto verr\u00e0 rinviato.<\/p>\n<p>&nbsp;<\/p>\n<hr \/>\n<blockquote>\n<h3>&#8220;LIVE&#8221; SABATO SECONDO APPUNTAMENTO A LONGARONE<\/h3>\n<\/blockquote>\n<p><strong><img loading=\"lazy\" decoding=\"async\" class=\"alignleft\" src=\"https:\/\/www.radiopiu.net\/wordpress\/wp-content\/uploads\/2020\/07\/446199a0-ccb6-4daa-88f9-ee34f5a4944a-1.jpg\" width=\"191\" height=\"239\" \/>LONGARONE<\/strong> Domani avr\u00e0 luogo la seconda serata della manifestazione &#8220;Concerti tipi di note&#8221; che prevede due imperdibili concerti: <strong>&#8211; Misty Peaks<\/strong> (nascono, crescono e suonano canzoni indie-rock tra i monti Bellunesi. Il loro sound \u00e8 un rock cantautorale di matrice acustica che non disdegna ascendenze pi\u00f9 elettriche su alcuni passaggi); &#8211; <strong>Maydave &#8211;<\/strong> Mos\u00e8 Andrich &#8211; Filippo Viel (i I tre artisti si uniranno in un concerto di brani inediti, arrangiati per l&#8217;occasione: un racconto della vita quotidiana che si dipana tra gioie e dolori, albe e tramonti, con lo scopo di fermare il tempo e, per un momento, darsi pace). PRENOTAZIONI: Telefono: 0437-770119<br \/>\nemail: info@prolocolongarone.it whatsapp: 340-8363020<\/p>\n<p>&nbsp;<\/p>\n<p>&nbsp;<\/p>\n<hr \/>\n<blockquote>\n<h3>CINEMA SOTTO LE STELLE A SEDICO, MA NON SOLO CINEMA.<\/h3>\n<\/blockquote>\n<h3>LO SPECIALE ALLA RADIO CON IL PRESIDENTE DELLA PROLOCO CLAUDIO MEZZAVILLA<\/h3>\n<p><strong>di CLAUDIO FONTANIVE<\/strong><\/p>\n<audio class=\"wp-audio-shortcode\" id=\"audio-152118-14\" preload=\"none\" style=\"width: 100%;\" controls=\"controls\"><source type=\"audio\/mpeg\" src=\"https:\/\/www.radiopiu.net\/wordpress\/wp-content\/uploads\/2020\/07\/claudio-mezzavilla-scade-29-luglio.mp3?_=14\" \/><a href=\"https:\/\/www.radiopiu.net\/wordpress\/wp-content\/uploads\/2020\/07\/claudio-mezzavilla-scade-29-luglio.mp3\">https:\/\/www.radiopiu.net\/wordpress\/wp-content\/uploads\/2020\/07\/claudio-mezzavilla-scade-29-luglio.mp3<\/a><\/audio>\n<p>&nbsp;<\/p>\n<p class=\"photoswipe-wrapper\"><a class=\"dt-pswp-item pspw-wrap-ready\" href=\"https:\/\/i1.wp.com\/www.radiopiu.net\/wordpress\/wp-content\/uploads\/2020\/07\/CINEMA-SOTTO-LE-STELLE-SEDICO.jpg?ssl=1\" data-dt-img-description=\"\" data-large_image_width=\"1141\" data-large_image_height=\"1600\"><img loading=\"lazy\" decoding=\"async\" class=\" wp-image-150537 alignleft\" src=\"https:\/\/i1.wp.com\/www.radiopiu.net\/wordpress\/wp-content\/uploads\/2020\/07\/CINEMA-SOTTO-LE-STELLE-SEDICO.jpg?resize=157%2C220&amp;ssl=1\" sizes=\"auto, (max-width: 157px) 100vw, 157px\" srcset=\"https:\/\/i1.wp.com\/www.radiopiu.net\/wordpress\/wp-content\/uploads\/2020\/07\/CINEMA-SOTTO-LE-STELLE-SEDICO.jpg?resize=214%2C300&amp;ssl=1 214w, https:\/\/i1.wp.com\/www.radiopiu.net\/wordpress\/wp-content\/uploads\/2020\/07\/CINEMA-SOTTO-LE-STELLE-SEDICO.jpg?resize=730%2C1024&amp;ssl=1 730w, https:\/\/i1.wp.com\/www.radiopiu.net\/wordpress\/wp-content\/uploads\/2020\/07\/CINEMA-SOTTO-LE-STELLE-SEDICO.jpg?resize=768%2C1077&amp;ssl=1 768w, https:\/\/i1.wp.com\/www.radiopiu.net\/wordpress\/wp-content\/uploads\/2020\/07\/CINEMA-SOTTO-LE-STELLE-SEDICO.jpg?resize=1095%2C1536&amp;ssl=1 1095w, https:\/\/i1.wp.com\/www.radiopiu.net\/wordpress\/wp-content\/uploads\/2020\/07\/CINEMA-SOTTO-LE-STELLE-SEDICO.jpg?w=1141&amp;ssl=1 1141w\" alt=\"\" width=\"157\" height=\"220\" data-recalc-dims=\"1\" \/><\/a>Con la Proloco di Sedico, i mercoled\u00ec sera a Villa Patt di Sedico.\u00a0 Per chi lo desidera c\u2019\u00e8 la possibilit\u00e0 di prenotare i biglietti online, al proposito riportiamo i link della varie serate, ingresso 5 euro adulti, 2 euro bambini con chiosco, pop corn e patatine.Domenica 2 agosto presentazione dei libri dell\u2019associazione Feudo Mel: Saluti da Mel di Paolo Brunella-Dario Tonet e Ogni Maledetto Museo di Michele Da Rold. Nel corso della presentazione consegna della borsa di merito Beniamino Triches agli studenti universitari con l\u2019amministrazione comunale.<\/p>\n<p><strong>05\/08\/2020 LA PELLE DELL\u2019ORSO<\/strong>\u00a0Anni 50 domenico vive nelle Dolomiti, il padre consumato dal vino e dalla solitudine si mette sulle tracce dell\u2019orso che minaccia la tranquillit\u00e0 della valle, padre e figlio si immergono nei boschi sempre pi\u00f9 a fondo:\u00a0<a href=\"https:\/\/docs.google.com\/forms\/d\/e\/1FAIpQLSdlVyzeY3aBwq0XTiPi4LajY2jIdzDsRvaDIq7zSKIEWT8obA\/viewform\">CLICCA QUI<\/a><\/p>\n<p><strong>12\/08\/2020 BIANCO COME IL NERO \u2013 L\u2019AURORA<\/strong>\u00a0doppio appuntamento nel primo lo scenario della Grande Guerra durante il 1917 (l\u2019an de la fam) la gente di montagna cerca di resistere alla tragedia con l\u2019aiuto dei frati della certosa. In l\u2019Aurora una donna bella fuori ma malinconica dentro che si chiude in un mondo di immersioni in apnea e creazioni sartoriali nel laboratorio dove lavora:<a href=\"https:\/\/docs.google.com\/forms\/d\/e\/1FAIpQLSdXMb0Hr099eyzGSoVYTl8WpsZW3TKfCQXQAcF__f3NRouX5Q\/viewform\">\u00a0CLICCA QUI<\/a><\/p>\n<p><strong>19\/08\/2020 ROCKETMAN<\/strong>\u00a0Un timido pianista di provincia costruisce la propria carriera e il proprio personaggio fino a divenire una delle pi\u00f9 note stelle della musica internazionale. Lui \u00e8 Reginald Dwight ovvero Elton John\u00a0<a href=\"https:\/\/docs.google.com\/forms\/d\/e\/1FAIpQLSf32PztPJJRQslTRKR5qlhJRoHr-LQLsAXpTy6U6XSL_Ykf-A\/viewform\">CLICCA QUI<\/a><\/p>\n<p>&nbsp;<\/p>\n<p>&nbsp;<\/p>\n<p>&nbsp;<\/p>\n<hr \/>\n<p>&nbsp;<\/p>\n<blockquote>\n<h3>RITROVARSI IN SINISTRA PIAVE<\/h3>\n<\/blockquote>\n<p><strong><a class=\"dt-pswp-item\" href=\"https:\/\/www.radiopiu.net\/wordpress\/wp-content\/uploads\/2020\/07\/RITROVARSI-IN-SINISTRA-PIAVE-locandina-definitiva-scaled.jpg\" data-dt-img-description=\"\" data-large_image_width=\"1293\" data-large_image_height=\"2560\"><img loading=\"lazy\" decoding=\"async\" class=\"size-medium wp-image-151675 alignleft\" src=\"https:\/\/www.radiopiu.net\/wordpress\/wp-content\/uploads\/2020\/07\/RITROVARSI-IN-SINISTRA-PIAVE-locandina-definitiva-151x300.jpg\" alt=\"\" width=\"151\" height=\"300\" srcset=\"https:\/\/www.radiopiu.net\/wordpress\/wp-content\/uploads\/2020\/07\/RITROVARSI-IN-SINISTRA-PIAVE-locandina-definitiva-151x300.jpg 151w, https:\/\/www.radiopiu.net\/wordpress\/wp-content\/uploads\/2020\/07\/RITROVARSI-IN-SINISTRA-PIAVE-locandina-definitiva-517x1024.jpg 517w, https:\/\/www.radiopiu.net\/wordpress\/wp-content\/uploads\/2020\/07\/RITROVARSI-IN-SINISTRA-PIAVE-locandina-definitiva-768x1521.jpg 768w, https:\/\/www.radiopiu.net\/wordpress\/wp-content\/uploads\/2020\/07\/RITROVARSI-IN-SINISTRA-PIAVE-locandina-definitiva-776x1536.jpg 776w, https:\/\/www.radiopiu.net\/wordpress\/wp-content\/uploads\/2020\/07\/RITROVARSI-IN-SINISTRA-PIAVE-locandina-definitiva-1034x2048.jpg 1034w, https:\/\/www.radiopiu.net\/wordpress\/wp-content\/uploads\/2020\/07\/RITROVARSI-IN-SINISTRA-PIAVE-locandina-definitiva-scaled.jpg 1293w\" sizes=\"auto, (max-width: 151px) 100vw, 151px\" \/><\/a>BORGO VALBELLUNA<\/strong>\u00a0 Il Comune di Limana, Assessorato alla Cultura, ha messo in calendario\u00a0 8 eventi, a partire da oggi. Il programma prevede suggestivi concerti, rappresentazioni teatrali, letture ad alta voce e proiezioni\u00a0 inematografiche, sia nella parte alta del Comune, presso le malghe Montegal e I Van e l&#8217;ostello la Casermetta di Valmorel, sia nella parte bassa del limanese, ovvero presso il cortile esterno della Biblioteca Comunale, il Quartiere Europa, il giardino della Casa di Soggiorno per anziani ed il parchetto di Sampoi di Limana. Gli\u00a0 eventi si terranno tutti all\u2019aperto con ingresso gratuito, ma per ragioni di sicurezza \u00e8 obbligatoria la prenotazione, telefonando presso l&#8217;ufficio cultura al n. 0437\/970868, oppure inviando una mail con i nomi dei partecipanti al seguente indirizzo di posta elettronica: biblioteca.limana@valbelluna.bl.it<\/p>\n<h3><\/h3>\n<p>&nbsp;<\/p>\n<p>&nbsp;<\/p>\n<p>&nbsp;<\/p>\n<hr \/>\n<blockquote>\n<h3><\/h3>\n<\/blockquote>\n<blockquote>\n<h3>SILVIA TESSARI IN CONCERTO<\/h3>\n<\/blockquote>\n<p><strong>FALCADE<\/strong> Il 12 agosto alle 21 alla casa della giovent\u00f9 di Caviola &#8220;Inno alla gioia&#8221;, concerto della pianista Silvia Tessari. Prenotazione obbligatoria via telefono (anche messaggio) al 347 8870898. In caso di raggiungimento del numero massimo consentito sar\u00e0 previsto un secondo concerto per lo stesso giorno alle 18.<\/p>\n<p>&nbsp;<\/p>\n<hr \/>\n<blockquote>\n<h3><\/h3>\n<h3>NEOWISE LA GRANDE COMETA DEL 2020<\/h3>\n<\/blockquote>\n<p><strong>CENCENIGHE<\/strong> Venerdi 7 agosto alle 20.30 nella sala culturale del Municipio conferenza con audiovisivi di Claudio Pra, organizza la Biblioteca Comunale, Proloco, Comune di Cencenighe.<\/p>\n<p>&nbsp;<\/p>\n<hr \/>\n<blockquote>\n<h3><\/h3>\n<\/blockquote>\n<div class=\"page\" title=\"Page 1\">\n<div class=\"layoutArea\">\n<div class=\"column\">\n<blockquote>\n<h3><\/h3>\n<\/blockquote>\n<\/div>\n<\/div>\n<\/div>\n<blockquote>\n<h3>EL CANAL DE AGORDO<\/h3>\n<\/blockquote>\n<p><strong>AGORDO<\/strong>\u00a0Scavare nel passato, storia ed archeologia da San Gottardo a Pont del Cristo. La mostra \u00e8 allestita al Museo mineralogico e paleontologico di via 5 maggio con ingresso libero. Fino al 6 settembre il venerdi, sabato e domenica dalle 10 alle 12.30 e dalle 16 alle 19. Info: archeoagordo.arca@gmail.com<\/p>\n<p>&nbsp;<\/p>\n<hr \/>\n<p>&nbsp;<\/p>\n<blockquote>\n<h2 class=\"tw-data-text tw-text-large XcVN5d tw-ta\" dir=\"ltr\" data-placeholder=\"Traduzione\"><span lang=\"en\">appointments recommended by radio pi\u00f9<\/span><\/h2>\n<\/blockquote>\n\n\t\t\t<style type='text\/css'>\n\t\t\t\t#gallery-5 {\n\t\t\t\t\tmargin: auto;\n\t\t\t\t}\n\t\t\t\t#gallery-5 .gallery-item {\n\t\t\t\t\tfloat: left;\n\t\t\t\t\tmargin-top: 10px;\n\t\t\t\t\ttext-align: center;\n\t\t\t\t\twidth: 20%;\n\t\t\t\t}\n\t\t\t\t#gallery-5 img {\n\t\t\t\t\tborder: 2px solid #cfcfcf;\n\t\t\t\t}\n\t\t\t\t#gallery-5 .gallery-caption {\n\t\t\t\t\tmargin-left: 0;\n\t\t\t\t}\n\t\t\t\t\/* see gallery_shortcode() in wp-includes\/media.php *\/\n\t\t\t<\/style>\n\t\t<div id='gallery-5' class='dt-gallery-container gallery galleryid-152118 gallery-columns-5 gallery-size-thumbnail'><dl class='gallery-item'>\n\t\t\t\t<dt class='gallery-icon portrait'>\n\t\t\t\t\t<a class=\"rollover rollover-zoom dt-pswp-item\" title=\"yogaandraz\" data-dt-img-description=\"\" data-large_image_width=\"905\" data-large_image_height=\"1280\"href='https:\/\/www.radiopiu.net\/wordpress\/wp-content\/uploads\/2020\/07\/yogaandraz.jpg'><img loading=\"lazy\" decoding=\"async\" width=\"150\" height=\"150\" src=\"https:\/\/www.radiopiu.net\/wordpress\/wp-content\/uploads\/2020\/07\/yogaandraz-150x150.jpg\" class=\"attachment-thumbnail size-thumbnail\" alt=\"\" \/><\/a>\n\t\t\t\t<\/dt><\/dl><dl class='gallery-item'>\n\t\t\t\t<dt class='gallery-icon portrait'>\n\t\t\t\t\t<a class=\"rollover rollover-zoom dt-pswp-item\" title=\"RITROVARSI IN SINISTRA PIAVE locandina definitiva\" data-dt-img-description=\"\" data-large_image_width=\"1293\" data-large_image_height=\"2560\"href='https:\/\/www.radiopiu.net\/wordpress\/wp-content\/uploads\/2020\/07\/RITROVARSI-IN-SINISTRA-PIAVE-locandina-definitiva-scaled.jpg'><img loading=\"lazy\" decoding=\"async\" width=\"150\" height=\"150\" src=\"https:\/\/www.radiopiu.net\/wordpress\/wp-content\/uploads\/2020\/07\/RITROVARSI-IN-SINISTRA-PIAVE-locandina-definitiva-150x150.jpg\" class=\"attachment-thumbnail size-thumbnail\" alt=\"\" \/><\/a>\n\t\t\t\t<\/dt><\/dl><dl class='gallery-item'>\n\t\t\t\t<dt class='gallery-icon portrait'>\n\t\t\t\t\t<a class=\"rollover rollover-zoom dt-pswp-item\" title=\"82799889_285851282792527_7947034300049837793_n\" data-dt-img-description=\"\" data-large_image_width=\"678\" data-large_image_height=\"960\"href='https:\/\/www.radiopiu.net\/wordpress\/wp-content\/uploads\/2020\/07\/82799889_285851282792527_7947034300049837793_n.jpg'><img loading=\"lazy\" decoding=\"async\" width=\"150\" height=\"150\" src=\"https:\/\/www.radiopiu.net\/wordpress\/wp-content\/uploads\/2020\/07\/82799889_285851282792527_7947034300049837793_n-150x150.jpg\" class=\"attachment-thumbnail size-thumbnail\" alt=\"\" \/><\/a>\n\t\t\t\t<\/dt><\/dl><dl class='gallery-item'>\n\t\t\t\t<dt class='gallery-icon landscape'>\n\t\t\t\t\t<a class=\"rollover rollover-zoom dt-pswp-item\" title=\"987da034-0d4d-4831-a578-694c73f67a5b\" data-dt-img-description=\"\" data-large_image_width=\"1600\" data-large_image_height=\"1600\"href='https:\/\/www.radiopiu.net\/wordpress\/wp-content\/uploads\/2020\/07\/987da034-0d4d-4831-a578-694c73f67a5b.jpg'><img loading=\"lazy\" decoding=\"async\" width=\"150\" height=\"150\" src=\"https:\/\/www.radiopiu.net\/wordpress\/wp-content\/uploads\/2020\/07\/987da034-0d4d-4831-a578-694c73f67a5b-150x150.jpg\" class=\"attachment-thumbnail size-thumbnail\" alt=\"\" srcset=\"https:\/\/www.radiopiu.net\/wordpress\/wp-content\/uploads\/2020\/07\/987da034-0d4d-4831-a578-694c73f67a5b-150x150.jpg 150w, https:\/\/www.radiopiu.net\/wordpress\/wp-content\/uploads\/2020\/07\/987da034-0d4d-4831-a578-694c73f67a5b-300x300.jpg 300w, https:\/\/www.radiopiu.net\/wordpress\/wp-content\/uploads\/2020\/07\/987da034-0d4d-4831-a578-694c73f67a5b-1024x1024.jpg 1024w, https:\/\/www.radiopiu.net\/wordpress\/wp-content\/uploads\/2020\/07\/987da034-0d4d-4831-a578-694c73f67a5b-768x768.jpg 768w, https:\/\/www.radiopiu.net\/wordpress\/wp-content\/uploads\/2020\/07\/987da034-0d4d-4831-a578-694c73f67a5b-1536x1536.jpg 1536w, https:\/\/www.radiopiu.net\/wordpress\/wp-content\/uploads\/2020\/07\/987da034-0d4d-4831-a578-694c73f67a5b.jpg 1600w\" sizes=\"auto, (max-width: 150px) 100vw, 150px\" \/><\/a>\n\t\t\t\t<\/dt><\/dl><dl class='gallery-item'>\n\t\t\t\t<dt class='gallery-icon portrait'>\n\t\t\t\t\t<a class=\"rollover rollover-zoom dt-pswp-item\" title=\"fb0f2285-210f-4bba-8573-b8ff07a91fa8\" data-dt-img-description=\"\" data-large_image_width=\"726\" data-large_image_height=\"1024\"href='https:\/\/www.radiopiu.net\/wordpress\/wp-content\/uploads\/2020\/07\/fb0f2285-210f-4bba-8573-b8ff07a91fa8.jpg'><img loading=\"lazy\" decoding=\"async\" width=\"150\" height=\"150\" src=\"https:\/\/www.radiopiu.net\/wordpress\/wp-content\/uploads\/2020\/07\/fb0f2285-210f-4bba-8573-b8ff07a91fa8-150x150.jpg\" class=\"attachment-thumbnail size-thumbnail\" alt=\"\" \/><\/a>\n\t\t\t\t<\/dt><\/dl><br style=\"clear: both\" \/><dl class='gallery-item'>\n\t\t\t\t<dt class='gallery-icon portrait'>\n\t\t\t\t\t<a class=\"rollover rollover-zoom dt-pswp-item\" title=\"446199a0-ccb6-4daa-88f9-ee34f5a4944a\" data-dt-img-description=\"\" data-large_image_width=\"1080\" data-large_image_height=\"1350\"href='https:\/\/www.radiopiu.net\/wordpress\/wp-content\/uploads\/2020\/07\/446199a0-ccb6-4daa-88f9-ee34f5a4944a.jpg'><img loading=\"lazy\" decoding=\"async\" width=\"150\" height=\"150\" src=\"https:\/\/www.radiopiu.net\/wordpress\/wp-content\/uploads\/2020\/07\/446199a0-ccb6-4daa-88f9-ee34f5a4944a-150x150.jpg\" class=\"attachment-thumbnail size-thumbnail\" alt=\"\" \/><\/a>\n\t\t\t\t<\/dt><\/dl><dl class='gallery-item'>\n\t\t\t\t<dt class='gallery-icon portrait'>\n\t\t\t\t\t<a class=\"rollover rollover-zoom dt-pswp-item\" title=\"8decb5e4-5a09-4396-8808-991f536b16f0\" data-dt-img-description=\"\" data-large_image_width=\"1130\" data-large_image_height=\"1600\"href='https:\/\/www.radiopiu.net\/wordpress\/wp-content\/uploads\/2020\/07\/8decb5e4-5a09-4396-8808-991f536b16f0.jpg'><img loading=\"lazy\" decoding=\"async\" width=\"150\" height=\"150\" src=\"https:\/\/www.radiopiu.net\/wordpress\/wp-content\/uploads\/2020\/07\/8decb5e4-5a09-4396-8808-991f536b16f0-150x150.jpg\" class=\"attachment-thumbnail size-thumbnail\" alt=\"\" \/><\/a>\n\t\t\t\t<\/dt><\/dl><dl class='gallery-item'>\n\t\t\t\t<dt class='gallery-icon portrait'>\n\t\t\t\t\t<a class=\"rollover rollover-zoom dt-pswp-item\" title=\"LOCANDINA MOSTRA ARCA 2019 Patrocinio\" data-dt-img-description=\"\" data-large_image_width=\"1810\" data-large_image_height=\"2560\"href='https:\/\/www.radiopiu.net\/wordpress\/wp-content\/uploads\/2020\/07\/LOCANDINA-MOSTRA-ARCA-2020-scaled.jpg'><img loading=\"lazy\" decoding=\"async\" width=\"150\" height=\"150\" src=\"https:\/\/www.radiopiu.net\/wordpress\/wp-content\/uploads\/2020\/07\/LOCANDINA-MOSTRA-ARCA-2020-150x150.jpg\" class=\"attachment-thumbnail size-thumbnail\" alt=\"\" \/><\/a>\n\t\t\t\t<\/dt><\/dl><dl class='gallery-item'>\n\t\t\t\t<dt class='gallery-icon portrait'>\n\t\t\t\t\t<a class=\"rollover rollover-zoom dt-pswp-item\" title=\"0995c87e-41e6-46f0-81e9-380485c41502\" data-dt-img-description=\"\" data-large_image_width=\"1447\" data-large_image_height=\"2048\"href='https:\/\/www.radiopiu.net\/wordpress\/wp-content\/uploads\/2020\/07\/0995c87e-41e6-46f0-81e9-380485c41502.jpg'><img loading=\"lazy\" decoding=\"async\" width=\"150\" height=\"150\" src=\"https:\/\/www.radiopiu.net\/wordpress\/wp-content\/uploads\/2020\/07\/0995c87e-41e6-46f0-81e9-380485c41502-150x150.jpg\" class=\"attachment-thumbnail size-thumbnail\" alt=\"\" \/><\/a>\n\t\t\t\t<\/dt><\/dl><dl class='gallery-item'>\n\t\t\t\t<dt class='gallery-icon portrait'>\n\t\t\t\t\t<a class=\"rollover rollover-zoom dt-pswp-item\" title=\"4dd872a2-f52d-4a12-9746-816401dfe394\" data-dt-img-description=\"\" data-large_image_width=\"1131\" data-large_image_height=\"1600\"href='https:\/\/www.radiopiu.net\/wordpress\/wp-content\/uploads\/2020\/07\/4dd872a2-f52d-4a12-9746-816401dfe394.jpg'><img loading=\"lazy\" decoding=\"async\" width=\"150\" height=\"150\" src=\"https:\/\/www.radiopiu.net\/wordpress\/wp-content\/uploads\/2020\/07\/4dd872a2-f52d-4a12-9746-816401dfe394-150x150.jpg\" class=\"attachment-thumbnail size-thumbnail\" alt=\"\" \/><\/a>\n\t\t\t\t<\/dt><\/dl><br style=\"clear: both\" \/><dl class='gallery-item'>\n\t\t\t\t<dt class='gallery-icon portrait'>\n\t\t\t\t\t<a class=\"rollover rollover-zoom dt-pswp-item\" title=\"concerto Tessari\" data-dt-img-description=\"\" data-large_image_width=\"1239\" data-large_image_height=\"1754\"href='https:\/\/www.radiopiu.net\/wordpress\/wp-content\/uploads\/2020\/07\/concerto-Tessari.jpg'><img loading=\"lazy\" decoding=\"async\" width=\"150\" height=\"150\" src=\"https:\/\/www.radiopiu.net\/wordpress\/wp-content\/uploads\/2020\/07\/concerto-Tessari-150x150.jpg\" class=\"attachment-thumbnail size-thumbnail\" alt=\"\" \/><\/a>\n\t\t\t\t<\/dt><\/dl><dl class='gallery-item'>\n\t\t\t\t<dt class='gallery-icon portrait'>\n\t\t\t\t\t<a class=\"rollover rollover-zoom dt-pswp-item\" title=\"ALLA SCOPERTA DI CANALE\" data-dt-img-description=\"\" data-large_image_width=\"620\" data-large_image_height=\"873\"href='https:\/\/www.radiopiu.net\/wordpress\/wp-content\/uploads\/2020\/07\/ALLA-SCOPERTA-DI-CANALE-.jpg'><img loading=\"lazy\" decoding=\"async\" width=\"150\" height=\"150\" src=\"https:\/\/www.radiopiu.net\/wordpress\/wp-content\/uploads\/2020\/07\/ALLA-SCOPERTA-DI-CANALE--150x150.jpg\" class=\"attachment-thumbnail size-thumbnail\" alt=\"\" \/><\/a>\n\t\t\t\t<\/dt><\/dl><dl class='gallery-item'>\n\t\t\t\t<dt class='gallery-icon portrait'>\n\t\t\t\t\t<a class=\"rollover rollover-zoom dt-pswp-item\" title=\"trekking_fotografico_DEF\" data-dt-img-description=\"\" data-large_image_width=\"905\" data-large_image_height=\"1280\"href='https:\/\/www.radiopiu.net\/wordpress\/wp-content\/uploads\/2020\/07\/trekking_fotografico_DEF.png'><img loading=\"lazy\" decoding=\"async\" width=\"150\" height=\"150\" src=\"https:\/\/www.radiopiu.net\/wordpress\/wp-content\/uploads\/2020\/07\/trekking_fotografico_DEF-150x150.png\" class=\"attachment-thumbnail size-thumbnail\" alt=\"\" \/><\/a>\n\t\t\t\t<\/dt><\/dl><dl class='gallery-item'>\n\t\t\t\t<dt class='gallery-icon portrait'>\n\t\t\t\t\t<a class=\"rollover rollover-zoom dt-pswp-item\" title=\"Locandina eventi 2\" data-dt-img-description=\"\" data-large_image_width=\"905\" data-large_image_height=\"1280\"href='https:\/\/www.radiopiu.net\/wordpress\/wp-content\/uploads\/2020\/07\/Locandina-eventi-2.png'><img loading=\"lazy\" decoding=\"async\" width=\"150\" height=\"150\" src=\"https:\/\/www.radiopiu.net\/wordpress\/wp-content\/uploads\/2020\/07\/Locandina-eventi-2-150x150.png\" class=\"attachment-thumbnail size-thumbnail\" alt=\"\" \/><\/a>\n\t\t\t\t<\/dt><\/dl><dl class='gallery-item'>\n\t\t\t\t<dt class='gallery-icon portrait'>\n\t\t\t\t\t<a class=\"rollover rollover-zoom dt-pswp-item\" title=\"newsletter Week 4 Kids Summer\" data-dt-img-description=\"\" data-large_image_width=\"1280\" data-large_image_height=\"2560\"href='https:\/\/www.radiopiu.net\/wordpress\/wp-content\/uploads\/2020\/07\/newsletter-Week-4-Kids-Summer-scaled.jpg'><img loading=\"lazy\" decoding=\"async\" width=\"150\" height=\"150\" src=\"https:\/\/www.radiopiu.net\/wordpress\/wp-content\/uploads\/2020\/07\/newsletter-Week-4-Kids-Summer-150x150.jpg\" class=\"attachment-thumbnail size-thumbnail\" alt=\"\" \/><\/a>\n\t\t\t\t<\/dt><\/dl><br style=\"clear: both\" \/>\n\t\t\t<\/div>\n\n<p>&nbsp;<\/p>\n<hr \/>\n<p>&nbsp;<\/p>\n<h2>IERI ALLA RADIO<\/h2>\n<blockquote class=\"wp-embedded-content\" data-secret=\"n0sa7rL0ab\"><p><a href=\"https:\/\/www.radiopiu.net\/wordpress\/il-destino-del-faraone\/\">IL DESTINO DEL FARAONE<\/a><\/p><\/blockquote>\n<p><iframe loading=\"lazy\" class=\"wp-embedded-content\" sandbox=\"allow-scripts\" security=\"restricted\" style=\"position: absolute; clip: rect(1px, 1px, 1px, 1px);\" title=\"&#8220;IL DESTINO DEL FARAONE&#8221; &#8212; Radio Pi\u00f9\" src=\"https:\/\/www.radiopiu.net\/wordpress\/il-destino-del-faraone\/embed\/#?secret=n0sa7rL0ab\" data-secret=\"n0sa7rL0ab\" width=\"600\" height=\"338\" frameborder=\"0\" marginwidth=\"0\" marginheight=\"0\" scrolling=\"no\"><\/iframe><\/p>\n<h2><span style=\"color: #ff0000;\">DUE MINUTI UN LIBRO<\/span><\/h2>\n<blockquote class=\"wp-embedded-content\" data-secret=\"RMRHSdPDxI\"><p><a href=\"https:\/\/www.radiopiu.net\/wordpress\/circuiti-inceppati\/\">CIRCUITI INCEPPATI<\/a><\/p><\/blockquote>\n<p><iframe loading=\"lazy\" class=\"wp-embedded-content\" sandbox=\"allow-scripts\" security=\"restricted\" style=\"position: absolute; clip: rect(1px, 1px, 1px, 1px);\" title=\"&#8220;CIRCUITI INCEPPATI&#8221; &#8212; Radio Pi\u00f9\" src=\"https:\/\/www.radiopiu.net\/wordpress\/circuiti-inceppati\/embed\/#?secret=RMRHSdPDxI\" data-secret=\"RMRHSdPDxI\" width=\"600\" height=\"338\" frameborder=\"0\" marginwidth=\"0\" marginheight=\"0\" scrolling=\"no\"><\/iframe><\/p>\n<p><strong>LE ALTRE PUNTATE<\/strong><\/p>\n<blockquote class=\"wp-embedded-content\" data-secret=\"OZekWWuBb6\"><p><a href=\"https:\/\/www.radiopiu.net\/wordpress\/due-minuti-un-libro\/\">Due minuti un libro<\/a><\/p><\/blockquote>\n<p><iframe loading=\"lazy\" class=\"wp-embedded-content\" sandbox=\"allow-scripts\" security=\"restricted\" style=\"position: absolute; clip: rect(1px, 1px, 1px, 1px);\" title=\"&#8220;Due minuti un libro&#8221; &#8212; Radio Pi\u00f9\" src=\"https:\/\/www.radiopiu.net\/wordpress\/due-minuti-un-libro\/embed\/#?secret=OZekWWuBb6\" data-secret=\"OZekWWuBb6\" width=\"600\" height=\"338\" frameborder=\"0\" marginwidth=\"0\" marginheight=\"0\" scrolling=\"no\"><\/iframe><\/p>\n<p>&nbsp;<\/p>\n<hr \/>\n<p>&nbsp;<\/p>\n<h2><a class=\"dt-pswp-item\" href=\"https:\/\/www.radiopiu.net\/wordpress\/wp-content\/uploads\/2020\/06\/4f376fe2-d9cd-4dc8-b8ec-9bd773546a4e.jpg\" data-dt-img-description=\"\" data-large_image_width=\"960\" data-large_image_height=\"720\"><img loading=\"lazy\" decoding=\"async\" class=\"wp-image-146572 alignleft\" src=\"https:\/\/www.radiopiu.net\/wordpress\/wp-content\/uploads\/2020\/06\/4f376fe2-d9cd-4dc8-b8ec-9bd773546a4e-300x225.jpg\" alt=\"\" width=\"132\" height=\"99\" srcset=\"https:\/\/www.radiopiu.net\/wordpress\/wp-content\/uploads\/2020\/06\/4f376fe2-d9cd-4dc8-b8ec-9bd773546a4e-300x225.jpg 300w, https:\/\/www.radiopiu.net\/wordpress\/wp-content\/uploads\/2020\/06\/4f376fe2-d9cd-4dc8-b8ec-9bd773546a4e-768x576.jpg 768w, https:\/\/www.radiopiu.net\/wordpress\/wp-content\/uploads\/2020\/06\/4f376fe2-d9cd-4dc8-b8ec-9bd773546a4e.jpg 960w\" sizes=\"auto, (max-width: 132px) 100vw, 132px\" \/><\/a><\/h2>\n<h2><\/h2>\n<h2><span style=\"color: #333399;\">DON CESARE, IL PENSIERO DEL GIORNO. ALLA RADIO ALLE 7 DEL MATTINO E ALLE 19.30 DELLA SERA.<\/span><\/h2>\n<p>&nbsp;<\/p>\n<audio class=\"wp-audio-shortcode\" id=\"audio-152118-15\" preload=\"none\" style=\"width: 100%;\" controls=\"controls\"><source type=\"audio\/mpeg\" src=\"https:\/\/www.radiopiu.net\/wordpress\/wp-content\/uploads\/2020\/07\/CESARE-4.mp3?_=15\" \/><a href=\"https:\/\/www.radiopiu.net\/wordpress\/wp-content\/uploads\/2020\/07\/CESARE-4.mp3\">https:\/\/www.radiopiu.net\/wordpress\/wp-content\/uploads\/2020\/07\/CESARE-4.mp3<\/a><\/audio>\n<p>&nbsp;<\/p>\n<hr \/>\n<p>&nbsp;<\/p>\n<h2><span style=\"color: #808000;\">AGORDINOMERON&#8230;LA RACCOLTA<\/span><\/h2>\n<blockquote class=\"wp-embedded-content\" data-secret=\"vafuHD9qHq\"><p><a href=\"https:\/\/www.radiopiu.net\/wordpress\/agordinomeron\/\">AGORDINOMERON, IL TERRITORIO SI RACCONTA Da un&#8217;idea di Gianni Santomaso<\/a><\/p><\/blockquote>\n<p><iframe loading=\"lazy\" class=\"wp-embedded-content\" sandbox=\"allow-scripts\" security=\"restricted\" style=\"position: absolute; clip: rect(1px, 1px, 1px, 1px);\" title=\"&#8220;AGORDINOMERON, IL TERRITORIO SI RACCONTA Da un&#8217;idea di Gianni Santomaso&#8221; &#8212; Radio Pi\u00f9\" src=\"https:\/\/www.radiopiu.net\/wordpress\/agordinomeron\/embed\/#?secret=vafuHD9qHq\" data-secret=\"vafuHD9qHq\" width=\"600\" height=\"338\" frameborder=\"0\" marginwidth=\"0\" marginheight=\"0\" scrolling=\"no\"><\/iframe><\/p>\n<p>&nbsp;<\/p>\n<hr \/>\n<p>&nbsp;<\/p>\n<h2><span style=\"color: #ff00ff;\">ZAINO DA VIAGGIO AL FEMMINILE DI PAOLA LANCIATO<\/span><\/h2>\n<h2><span style=\"color: #ff00ff;\">L&#8217;INTERA RACCOLTA<\/span><\/h2>\n<blockquote class=\"wp-embedded-content\" data-secret=\"WzKCuKkkgo\"><p><a href=\"https:\/\/www.radiopiu.net\/wordpress\/zaino-femminile-lanciato\/\">Zaino da viaggio al femminile<\/a><\/p><\/blockquote>\n<p><iframe loading=\"lazy\" class=\"wp-embedded-content\" sandbox=\"allow-scripts\" security=\"restricted\" style=\"position: absolute; clip: rect(1px, 1px, 1px, 1px);\" title=\"&#8220;Zaino da viaggio al femminile&#8221; &#8212; Radio Pi\u00f9\" src=\"https:\/\/www.radiopiu.net\/wordpress\/zaino-femminile-lanciato\/embed\/#?secret=WzKCuKkkgo\" data-secret=\"WzKCuKkkgo\" width=\"600\" height=\"338\" frameborder=\"0\" marginwidth=\"0\" marginheight=\"0\" scrolling=\"no\"><\/iframe><\/p>\n<hr \/>\n<p>&nbsp;<\/p>\n<h2><span style=\"color: #00ccff;\">I RACCONTI DI PAOLO SOPPELSA&#8230;LA RACCOLTA COMPLETA<\/span><\/h2>\n<blockquote class=\"wp-embedded-content\" data-secret=\"QQYNIsAX5K\"><p><a href=\"https:\/\/www.radiopiu.net\/wordpress\/i-racconti-di-paolo-soppelsa\/\">I racconti di Paolo Soppelsa<\/a><\/p><\/blockquote>\n<p><iframe loading=\"lazy\" class=\"wp-embedded-content\" sandbox=\"allow-scripts\" security=\"restricted\" style=\"position: absolute; clip: rect(1px, 1px, 1px, 1px);\" title=\"&#8220;I racconti di Paolo Soppelsa&#8221; &#8212; Radio Pi\u00f9\" src=\"https:\/\/www.radiopiu.net\/wordpress\/i-racconti-di-paolo-soppelsa\/embed\/#?secret=QQYNIsAX5K\" data-secret=\"QQYNIsAX5K\" width=\"600\" height=\"338\" frameborder=\"0\" marginwidth=\"0\" marginheight=\"0\" scrolling=\"no\"><\/iframe><\/p>\n<hr \/>\n<p>&nbsp;<\/p>\n<p>&nbsp;<\/p>\n<p><strong class=\"photoswipe-wrapper\"><a class=\"dt-pswp-item pspw-wrap-ready\" href=\"https:\/\/i0.wp.com\/www.radiopiu.net\/wordpress\/wp-content\/uploads\/2018\/09\/viabilita.jpeg?ssl=1\" data-dt-img-description=\"\" data-large_image_width=\"800\" data-large_image_height=\"100\"><img loading=\"lazy\" decoding=\"async\" class=\"aligncenter wp-image-61954 size-full jetpack-lazy-image jetpack-lazy-image--handled\" src=\"https:\/\/i0.wp.com\/www.radiopiu.net\/wordpress\/wp-content\/uploads\/2018\/09\/viabilita.jpeg?resize=800%2C100&amp;ssl=1\" sizes=\"auto, (max-width: 800px) 100vw, 800px\" srcset=\"https:\/\/i0.wp.com\/www.radiopiu.net\/wordpress\/wp-content\/uploads\/2018\/09\/viabilita.jpeg?w=800&amp;ssl=1 800w, https:\/\/i0.wp.com\/www.radiopiu.net\/wordpress\/wp-content\/uploads\/2018\/09\/viabilita.jpeg?resize=300%2C38&amp;ssl=1 300w, https:\/\/i0.wp.com\/www.radiopiu.net\/wordpress\/wp-content\/uploads\/2018\/09\/viabilita.jpeg?resize=768%2C96&amp;ssl=1 768w\" alt=\"\" width=\"800\" height=\"100\" data-lazy-loaded=\"1\" \/><\/a><\/strong><\/p>\n<p>&nbsp;<\/p>\n<div class=\"page-title-head hgroup\">\n<blockquote>\n<h3 class=\"entry-title\"><\/h3>\n<\/blockquote>\n<\/div>\n<p>STRADA PROVINCIALE 346 DEL PASSO SAN PELLEGRINO,\u00a0 fino AL 31 LUGLIO, DALLE 8 ALLE 18, SENSO UNICO ALTERNATO REGOLATO DA SEMAFORO O MOVIERI TRA LA LOCALITA&#8217; LA MORA E CANALE D&#8217;AGORDO PER SPOSTAMENTO CAVO TELECOM<\/p>\n<p>SELVA DI CADORE \u00a0FINO AL 7 AGOSTO DALLE 7 ALLE 18 \u00a0E DAL 24 AGOSTO AL 15 SETTEMBRE SEMPRE DALLE 7 ALLE 18 (FESTIVI E PRE FESTIVI ESCLUSI) SENSO UNICO ALTERNATO CON MOVIERI O SEMAFORO IN LOCALIT\u00c0 SOLATOR. DAL CHILOMETRO 4.400 AL CHILOMETRO 5.100<\/p>\n<p>REGIONALE 48 DELLE DOLOMITI FINO AL 31 LUGLIO SENSO UNICO IN LOCALITA\u2019 LIVINE\u2019 DI LIVINALLONGO<\/p>\n<p>SP 251 FINO AL 31 LUGLIO TRA PESCUL E SELVA DI CADORE SENSO UNICO ALTERNATO REGOLATO DA SEMAFORO, ESCLUSI SABATO E DOMENICA PER POSA FIBRE OTTICHE<\/p>\n<p>PROVINCIALE 641 DI PASSO FEDAIA, FINO AL 7 AGOSTO, INCLUSI SABATO, DOMENICA, FESTIVI E PREFESTIVI, SENSO UNICO IN LOCALIT\u00c0 ROCCA PIETORE PER SOSTITUZIONI BARRIERE LATERALI<\/p>\n<p>FINO AL 7 AGOSTO SABATO E DOMENICA COMPRESI LUNGO LA 641 DI PASSO FEDAIA IN LOCALIT\u00e0 CAPANNA BILL E COL DI ROCCA, SENSO UNICO ALTERNATO CON SEMAFORO<\/p>\n<p>STRADA REGIONALE 203 AGORDINA TRA PERON E CANDATEN, FINO 31 LUGLIO ESCLUSI SABATI E DOMENICHE, DALLE 7:30 ALLE 9 E E DALLE 16:30 ALLE 18 SENSO UNICO ALTERNATO REGOLATO DA MOVIERI. NEGLI ALTRI ORARI SENSO UNICO ALTERNATO REGOLATO DA SEMAFORO PER INTERRAMENTO CAVIDOTTO E-DISTRIBUZIONE<\/p>\n<p>STRADA PROVINCIALE 619 DI VIGO DI CADORE, FINO\u00a0 AL 7 AGOSTO, ESCLUSI SABATI E DOMENICHE, SENSO UNICO ALTERNATO REGOLATO DA IMPIANTO SEMAFORICO O MOVIERI PER MESSA IN SICUREZZA DELLA STRADA<\/p>\n<p>&nbsp;<\/p>\n<p>&nbsp;<\/p>\n<hr \/>\n<p>&nbsp;<\/p>\n<p class=\"photoswipe-wrapper\"><a class=\"dt-pswp-item pspw-wrap-ready\" href=\"https:\/\/i0.wp.com\/www.radiopiu.net\/wordpress\/wp-content\/uploads\/2018\/09\/WhatsApp-Image-2018-09-20-at-16.04.06.jpeg?ssl=1\" data-dt-img-description=\"\" data-large_image_width=\"800\" data-large_image_height=\"100\"><img loading=\"lazy\" decoding=\"async\" class=\"aligncenter wp-image-61378 size-full jetpack-lazy-image jetpack-lazy-image--handled\" src=\"https:\/\/i0.wp.com\/www.radiopiu.net\/wordpress\/wp-content\/uploads\/2018\/09\/WhatsApp-Image-2018-09-20-at-16.04.06.jpeg?resize=800%2C100&amp;ssl=1\" sizes=\"auto, (max-width: 800px) 100vw, 800px\" srcset=\"https:\/\/i0.wp.com\/www.radiopiu.net\/wordpress\/wp-content\/uploads\/2018\/09\/WhatsApp-Image-2018-09-20-at-16.04.06.jpeg?w=800&amp;ssl=1 800w, https:\/\/i0.wp.com\/www.radiopiu.net\/wordpress\/wp-content\/uploads\/2018\/09\/WhatsApp-Image-2018-09-20-at-16.04.06.jpeg?resize=300%2C38&amp;ssl=1 300w, https:\/\/i0.wp.com\/www.radiopiu.net\/wordpress\/wp-content\/uploads\/2018\/09\/WhatsApp-Image-2018-09-20-at-16.04.06.jpeg?resize=768%2C96&amp;ssl=1 768w\" alt=\"\" width=\"800\" height=\"100\" data-lazy-loaded=\"1\" \/><\/a><\/p>\n<p>&nbsp;<\/p>\n<p><center><b>Venerdi 31<\/b><\/center><b>Tempo atteso: <\/b>Al mattino sole e cielo sereno o poco nuvoloso per qualche velatura del cielo e primi modesti cumuli. Al pomeriggio parziale riduzione del soleggiamento per attivit\u00e0 cumuliforme, spesso modesta, localmente moderata e occasionalmente intensa sulle Dolomiti nel tardo pomeriggio\/sera, quando l&#8217;insidia convettiva sar\u00e0 spordicamente presente. Clima sempre molto caldo.<br \/>\n<b>Precipitazioni: <\/b>Assenti in giornata, mentre vi sar\u00e0 una probabilit\u00e0 piuttosto bassa nel tardo pomeriggio\/serata (10\/20%) per eventuali isolati e brevi temporali di calore. In ogni caso su molti settori del territorio montano non cadr\u00e0 nessuna precipitazione.<br \/>\n<b>Temperature: <\/b>Pressoch\u00e9 stazionarie rispetto a gioved\u00ec, salvo lieve calo delle minime in quota; valori sempre elevati con punte di 31\/32\u00b0C nei fondovalle prealpini e di 26\/29\u00b0C a 1000\/1200 m. Su Prealpi a 1500 m min 16\u00b0C max 22\u00b0C, a 2000 m min 14\u00b0C max 17\u00b0C. Su Dolomiti a 2000 m min 13\u00b0C max 18\u00b0C, a 3000 m min 8\u00b0C max 11\u00b0C.<br \/>\n<b>Venti: <\/b>Nelle valli generalmente deboli per brezze, localmente e a tratti moderati; in quota perlopi\u00f9 deboli da nord-ovest, a tratti moderati sulle cime pi\u00f9 alte, a 5-10 km\/h a 2000 m e 10-15 km\/h a 3000 m.<\/p>\n<hr \/>\n<p><center><b>Sabato 1<\/b><\/center><b>Tempo atteso: <\/b>Splendida mattinata estiva con sole e cielo terso. Al pomeriggio lieve riduzione del soleggiamento per lo sviluppo di modesti cumuli. Pi\u00f9 tardi (tardo pomeriggio\/sera) ed in singoli casi non saranno da escludere addensamenti intensi associati a locali fenomeni convettivi. Clima sempre molto caldo, anche un po&#8217; afoso nei fondovalle prealpini.<br \/>\n<b>Precipitazioni: <\/b>Assenti (0%) fino nel tardo pomeriggio. Poi, seppur bassa, non esclusa la probabilit\u00e0 di qualche singolo temporale di calore (10\/20%).<br \/>\n<b>Temperature: <\/b>Senza variazioni di rilievo o in leggero aumento in giornata per la presenza di aria pi\u00f9 secca e il forte soleggiamento. Sono previste punte di 32\/33\u00b0C nei fondovalle prealpini e di 27\/30\u00b0C a 1000\/1200 m. Su Prealpi a 1500 m min 16\u00b0C max 23\u00b0C, a 2000 m min 13\u00b0C max 18\u00b0C. Su Dolomiti a 2000 m min 13\u00b0C max 19\u00b0C, a 3000 m min 8\u00b0C max 11\u00b0C.<br \/>\n<b>Venti: <\/b>Nelle valli generalmente deboli per brezze, localmente e a tratti moderati; in quota perlopi\u00f9 deboli da nord-ovest, a tratti moderati sulle cime pi\u00f9 alte, a 5-10 km\/h a 2000 m e 10-15 km\/h a 3000 m.<\/p>\n<hr \/>\n<p><center><b>Domenica 2<\/b><\/center>Al mattino tratti soleggiati e rapido aumento della nuvolosit\u00e0 cumuliforme, la quale potr\u00e0 gi\u00e0 essere associata a qualche rovescio o temporale. Nel pomeriggio\/sera ulteriore intensificazione della nuvolosit\u00e0 con nuovi rovesci e temporali. Temperature in contenuta diminuzione, eccetto aumento delle minime nelle valli. Venti deboli\/moderati da ovest sud-ovest in quota; deboli di direzione variabile nelle valli, non esclusa qualche forte raffica di vento in caso di temporale.<\/p>\n<hr \/>\n<p><center><b>Lunedi 3<\/b><\/center>Tempo variabile\/instabile con cielo in prevalenza nuvoloso a tratti molto nuvoloso. Il livello d&#8217;instabilit\u00e0 dipender\u00e0 dai momenti soleggiati, pi\u00f9 ampi saranno e pi\u00f9 significativa sar\u00e0 l&#8217;instabilit\u00e0. Temperature in generale calo. Venti deboli di direzione variabile nelle valli; deboli\/moderati da sud-ovest al mattino e da nord\/ovest al pomeriggio in quota. Previsore: R.L.Th.<\/p>\n<p>&nbsp;<\/p>\n<hr \/>\n<p>&nbsp;<\/p>\n<p><iframe loading=\"lazy\" title=\"Spot Buttalibene TV\" width=\"1200\" height=\"675\" src=\"https:\/\/www.youtube.com\/embed\/fjHWpfyAevE?feature=oembed\" frameborder=\"0\" allow=\"accelerometer; autoplay; clipboard-write; encrypted-media; gyroscope; picture-in-picture\" allowfullscreen><\/iframe><\/p>\n<p>&nbsp;<\/p>\n<hr \/>\n<p>&nbsp;<\/p>\n<p class=\"photoswipe-wrapper\"><a class=\"dt-pswp-item pspw-wrap-ready\" href=\"https:\/\/i1.wp.com\/www.radiopiu.net\/wordpress\/wp-content\/uploads\/2018\/09\/sport.jpg?ssl=1\" data-dt-img-description=\"\" data-large_image_width=\"800\" data-large_image_height=\"100\"><img loading=\"lazy\" decoding=\"async\" class=\"wp-image-60761 size-full aligncenter\" src=\"https:\/\/i1.wp.com\/www.radiopiu.net\/wordpress\/wp-content\/uploads\/2018\/09\/sport.jpg?resize=800%2C100&amp;ssl=1\" sizes=\"auto, (max-width: 800px) 100vw, 800px\" srcset=\"https:\/\/i1.wp.com\/www.radiopiu.net\/wordpress\/wp-content\/uploads\/2018\/09\/sport.jpg?w=800&amp;ssl=1 800w, https:\/\/i1.wp.com\/www.radiopiu.net\/wordpress\/wp-content\/uploads\/2018\/09\/sport.jpg?resize=300%2C38&amp;ssl=1 300w, https:\/\/i1.wp.com\/www.radiopiu.net\/wordpress\/wp-content\/uploads\/2018\/09\/sport.jpg?resize=768%2C96&amp;ssl=1 768w\" alt=\"\" width=\"800\" height=\"100\" data-recalc-dims=\"1\" \/><\/a><\/p>\n<p>&nbsp;<\/p>\n<blockquote>\n<h3>IL CSI PRENDE LA DECISIONE PER I CAMPIONATI OPEN CSI BLOCCATI PER LA PANDEMIA<\/h3>\n<\/blockquote>\n<p><strong><a class=\"dt-pswp-item\" href=\"https:\/\/www.radiopiu.net\/wordpress\/wp-content\/uploads\/2019\/07\/pallone-calcio-2019.jpg\" data-dt-img-description=\"\" data-large_image_width=\"4460\" data-large_image_height=\"2977\"><img loading=\"lazy\" decoding=\"async\" class=\"size-medium wp-image-91405 alignleft\" src=\"https:\/\/www.radiopiu.net\/wordpress\/wp-content\/uploads\/2019\/07\/pallone-calcio-2019-300x200.jpg\" alt=\"\" width=\"300\" height=\"200\" srcset=\"https:\/\/www.radiopiu.net\/wordpress\/wp-content\/uploads\/2019\/07\/pallone-calcio-2019-300x200.jpg 300w, https:\/\/www.radiopiu.net\/wordpress\/wp-content\/uploads\/2019\/07\/pallone-calcio-2019-768x513.jpg 768w, https:\/\/www.radiopiu.net\/wordpress\/wp-content\/uploads\/2019\/07\/pallone-calcio-2019-1024x684.jpg 1024w\" sizes=\"auto, (max-width: 300px) 100vw, 300px\" \/><\/a>BELLUNO<\/strong> Si \u00e8 tenuta la riunione delle Societ\u00e0 che partecipano al campionato Open, presenti in 17 delle 20 iscritte lo scorso torneo con 3 assenti giustificate. Messe ai voti le quattro proposte evidenziate dall\u2019apertura del dibattito hanno dato questo esito: Cancellare il campionato con 7 voti a favore (la maggioranza sulle 4 scelte proposte). Quindi lo scorso Torneo viene cancellato (con disappunto Societ\u00e0 Sottocastello), si \u00e8 astenuta dalla votazione la societ\u00e0: Pizzeria al Parco. Iscrizione al prossimo Campionato entro il 30 agosto la quota di iscrizione viene dimezzata, quale rimborso interruzione dell\u2019attivit\u00e0 dello scorso Campionato, l\u2019affiliazione va versata per un fattore contabile, poi viene stornata alle squadre, quindi pagata dal CSI, le tessere hanno un costo di 9 euro da versare, poi la segreteria vi storner\u00e0 2 euro a tesserato, quindi costo reale 7 euro. Tutte queste valutazioni sui costi sono state decise dal Consiglio Provinciale del CSI di Belluno in intesa col CSI di Feltre. Inizio Campionato 2020\/21 presumibilmente sabato 12 settembre.<\/p>\n","protected":false},"excerpt":{"rendered":"<p>PER RICEVERE QUESTO NOTIZIARIO DIRETTAMENTE SUL TUO CELLULARE ISCRIVITI AL CANALE TELEGRAM\u00a0\u201cRADIO PIU\u00a0 INFORMAZIONE ATTENZIONE: LA NUOVA APP PER IOS-IPHONE https:\/\/apps.apple.com\/it\/app\/radio-pi%C3%B9-emittente-agordina\/id1515939845 ATTENZIONE: LA NUOVA APP RADIO\u00a0 PER ANDROID https:\/\/play.google.com\/store\/apps\/details?id=net.radiopiu.iniko \u00a0 &nbsp; &nbsp; SAN TOMASO AGORDINO nelle LOCALITA&#8217; ROI E COSTA l&#8217;acqua erogata dall&#8217;acquedotto non \u00e8 potabile e non pu\u00f2 essere usata per scopi alimentari. Verr\u00e0&hellip;<\/p>\n","protected":false},"author":4,"featured_media":152221,"comment_status":"closed","ping_status":"closed","sticky":false,"template":"","format":"standard","meta":{"_monsterinsights_skip_tracking":false,"_monsterinsights_sitenote_active":false,"_monsterinsights_sitenote_note":"","_monsterinsights_sitenote_category":0,"footnotes":""},"categories":[1,86,49],"tags":[],"class_list":["post-152118","post","type-post","status-publish","format-standard","has-post-thumbnail","hentry","category-senza-categoria","category-gr","category-news-18","category-1","category-86","category-49","description-off"],"img_url":"https:\/\/www.radiopiu.net\/wordpress\/wp-content\/uploads\/2020\/07\/5aa40656-1a85-4f10-b7a8-a3d137790d93.jpg","_links":{"self":[{"href":"https:\/\/www.radiopiu.net\/wordpress\/wp-json\/wp\/v2\/posts\/152118","targetHints":{"allow":["GET"]}}],"collection":[{"href":"https:\/\/www.radiopiu.net\/wordpress\/wp-json\/wp\/v2\/posts"}],"about":[{"href":"https:\/\/www.radiopiu.net\/wordpress\/wp-json\/wp\/v2\/types\/post"}],"author":[{"embeddable":true,"href":"https:\/\/www.radiopiu.net\/wordpress\/wp-json\/wp\/v2\/users\/4"}],"replies":[{"embeddable":true,"href":"https:\/\/www.radiopiu.net\/wordpress\/wp-json\/wp\/v2\/comments?post=152118"}],"version-history":[{"count":0,"href":"https:\/\/www.radiopiu.net\/wordpress\/wp-json\/wp\/v2\/posts\/152118\/revisions"}],"wp:featuredmedia":[{"embeddable":true,"href":"https:\/\/www.radiopiu.net\/wordpress\/wp-json\/wp\/v2\/media\/152221"}],"wp:attachment":[{"href":"https:\/\/www.radiopiu.net\/wordpress\/wp-json\/wp\/v2\/media?parent=152118"}],"wp:term":[{"taxonomy":"category","embeddable":true,"href":"https:\/\/www.radiopiu.net\/wordpress\/wp-json\/wp\/v2\/categories?post=152118"},{"taxonomy":"post_tag","embeddable":true,"href":"https:\/\/www.radiopiu.net\/wordpress\/wp-json\/wp\/v2\/tags?post=152118"}],"curies":[{"name":"wp","href":"https:\/\/api.w.org\/{rel}","templated":true}]}}