{"id":152148,"date":"2020-07-30T05:44:10","date_gmt":"2020-07-30T03:44:10","guid":{"rendered":"https:\/\/www.radiopiu.net\/wordpress\/?p=152148"},"modified":"2020-07-30T05:44:10","modified_gmt":"2020-07-30T03:44:10","slug":"i-funerali-di-alan-scussel-si-terrano-al-campo-di-calcio-di-voltago","status":"publish","type":"post","link":"https:\/\/www.radiopiu.net\/wordpress\/i-funerali-di-alan-scussel-si-terrano-al-campo-di-calcio-di-voltago\/","title":{"rendered":"I FUNERALI DI ALAN SCUSSEL SI TERRANO AL CAMPO DI CALCIO DI VOLTAGO"},"content":{"rendered":"<h2><\/h2>\n<blockquote>\n<h2><a class=\"dt-pswp-item\" href=\"https:\/\/www.radiopiu.net\/wordpress\/wp-content\/uploads\/2020\/07\/14045689_1202256706461412_5164219032697227603_n.jpg\" data-dt-img-description=\"\" data-large_image_width=\"540\" data-large_image_height=\"960\"><img loading=\"lazy\" decoding=\"async\" class=\"size-medium wp-image-151951 alignleft\" src=\"https:\/\/www.radiopiu.net\/wordpress\/wp-content\/uploads\/2020\/07\/14045689_1202256706461412_5164219032697227603_n-169x300.jpg\" alt=\"\" width=\"169\" height=\"300\" srcset=\"https:\/\/www.radiopiu.net\/wordpress\/wp-content\/uploads\/2020\/07\/14045689_1202256706461412_5164219032697227603_n-169x300.jpg 169w, https:\/\/www.radiopiu.net\/wordpress\/wp-content\/uploads\/2020\/07\/14045689_1202256706461412_5164219032697227603_n.jpg 540w\" sizes=\"auto, (max-width: 169px) 100vw, 169px\" \/><\/a><\/h2>\n<\/blockquote>\n<p><strong>VOLTAGO<\/strong> Il tempo trascorre tra sguardi tristi in paese, il pensiero di tutti va al ricordo di Alan Scussel morto a 35 anni all&#8217;ospedale San Martino. La domanda che tutti si pongono \u00e8 quel perch\u00e8, senza risposta. Il paese \u00e8 in attesa di conoscere la data dei funerali mentre \u00e8 ormai certo che si terr\u00e0 al campo sportivo Da Campo la &#8220;seconda casa&#8221; di Alan come &#8220;seconda casa&#8221; era la sede della protezione civile. Ieri il professor Cirnelli di Portogruaro ha eseguito l&#8217;autopsia i cui risultati si conosceranno entro tre mesi. La famiglia attende ora il nulla osta dalla Procura per poter riavere il proprio figlio, riportarlo a Voltago dove riposer\u00e0 nel locale cimitero.<\/p>\n","protected":false},"excerpt":{"rendered":"<p>VOLTAGO Il tempo trascorre tra sguardi tristi in paese, il pensiero di tutti va al ricordo di Alan Scussel morto a 35 anni all&#8217;ospedale San Martino. La domanda che tutti si pongono \u00e8 quel perch\u00e8, senza risposta. Il paese \u00e8 in attesa di conoscere la data dei funerali mentre \u00e8 ormai certo che si terr\u00e0&hellip;<\/p>\n","protected":false},"author":1,"featured_media":151754,"comment_status":"closed","ping_status":"closed","sticky":false,"template":"","format":"standard","meta":{"_monsterinsights_skip_tracking":false,"_monsterinsights_sitenote_active":false,"_monsterinsights_sitenote_note":"","_monsterinsights_sitenote_category":0,"footnotes":""},"categories":[104,49],"tags":[],"class_list":["post-152148","post","type-post","status-publish","format-standard","has-post-thumbnail","hentry","category-evidenza_3","category-news-18","category-104","category-49","description-off"],"img_url":"https:\/\/www.radiopiu.net\/wordpress\/wp-content\/uploads\/2020\/07\/addac269-3003-4944-8000-dea4c445cba4.jpg","_links":{"self":[{"href":"https:\/\/www.radiopiu.net\/wordpress\/wp-json\/wp\/v2\/posts\/152148","targetHints":{"allow":["GET"]}}],"collection":[{"href":"https:\/\/www.radiopiu.net\/wordpress\/wp-json\/wp\/v2\/posts"}],"about":[{"href":"https:\/\/www.radiopiu.net\/wordpress\/wp-json\/wp\/v2\/types\/post"}],"author":[{"embeddable":true,"href":"https:\/\/www.radiopiu.net\/wordpress\/wp-json\/wp\/v2\/users\/1"}],"replies":[{"embeddable":true,"href":"https:\/\/www.radiopiu.net\/wordpress\/wp-json\/wp\/v2\/comments?post=152148"}],"version-history":[{"count":0,"href":"https:\/\/www.radiopiu.net\/wordpress\/wp-json\/wp\/v2\/posts\/152148\/revisions"}],"wp:featuredmedia":[{"embeddable":true,"href":"https:\/\/www.radiopiu.net\/wordpress\/wp-json\/wp\/v2\/media\/151754"}],"wp:attachment":[{"href":"https:\/\/www.radiopiu.net\/wordpress\/wp-json\/wp\/v2\/media?parent=152148"}],"wp:term":[{"taxonomy":"category","embeddable":true,"href":"https:\/\/www.radiopiu.net\/wordpress\/wp-json\/wp\/v2\/categories?post=152148"},{"taxonomy":"post_tag","embeddable":true,"href":"https:\/\/www.radiopiu.net\/wordpress\/wp-json\/wp\/v2\/tags?post=152148"}],"curies":[{"name":"wp","href":"https:\/\/api.w.org\/{rel}","templated":true}]}}