{"id":152241,"date":"2020-07-30T23:59:46","date_gmt":"2020-07-30T21:59:46","guid":{"rendered":"https:\/\/www.radiopiu.net\/wordpress\/?p=152241"},"modified":"2020-07-31T06:03:04","modified_gmt":"2020-07-31T04:03:04","slug":"franco-murer-arte-e-pieta-in-un-sentiero-del-bosco-di-renato-bona","status":"publish","type":"post","link":"https:\/\/www.radiopiu.net\/wordpress\/franco-murer-arte-e-pieta-in-un-sentiero-del-bosco-di-renato-bona\/","title":{"rendered":"FRANCO MURER. ARTE E PIETA\u2019  IN UN SENTIERO DEL BOSCO di Renato Bona"},"content":{"rendered":"<p><strong><a class=\"dt-pswp-item\" href=\"https:\/\/www.radiopiu.net\/wordpress\/wp-content\/uploads\/2019\/08\/553085_385905871470280_1626001170_n.jpg\" data-dt-img-description=\"\" data-large_image_width=\"855\" data-large_image_height=\"569\"><img loading=\"lazy\" decoding=\"async\" class=\"alignleft wp-image-94070 size-thumbnail\" src=\"https:\/\/www.radiopiu.net\/wordpress\/wp-content\/uploads\/2019\/08\/553085_385905871470280_1626001170_n-150x150.jpg\" alt=\"\" width=\"150\" height=\"150\" \/><\/a>di\u00a0Renato\u00a0<\/strong><b>Bona\u00a0<\/b><\/p>\n<p>Il mese di agosto \u00e8 legato, nel Bellunese (e non solo), al ricordo della storica elezione del secondo pontefice bellunese della storia dopo Gregorio XVI: Albino Luciani, asceso al soglio di Pietro col nome di Giovanni Paolo I (in onore di papa Roncalli e di papa Montini) e divenuto subito il \u201cPapa bellunese del sorriso\u201d (modestamente, definizione di chi stende queste note). La ricorrenza nel caso specifico richiama un evento religioso-culturale di grande importanza: la realizzazione, da parte dell\u2019artista falcadino Franco Murer, di una splendida Via Crucis lungo la via Cavallera di Canale d\u2019Agordo, con le 15 stazioni in cui si possono ammirare altrettante formelle di notevole rilievo artistico e di elevato valore spirituale. Nell\u2019occasione era stato dato alle stampe un prezioso volume-catalogo (ne posseggo una copia con un disegno e dedica in cui Franco Murer mi conferma la sua amicizia \u2013 ndr.) ad iniziativa di edizioni Erma: \u201cFranco Murer. Arte e Piet\u00e0 in un sentiero del bosco\u201d, a cura di Nadia Grassi, con consulenza tecnica di Paolo Tieto, fotografie della stessa Grassi e di Fontanive; con presentazione di Paolo Tieto, testimonianze del sindaco Rinaldo De Rocco e del pubblicista Dario Fontanive, riflessioni di Papa Luciani a cura della nipote Pia Luciani; in copertina particolare della XV stazione: Ges\u00f9 \u00e8 risorto; stampa della bellunese tipolitografia editoria Dbs di Rasai di Seren del Grappa; sito internet a cura di Sveva Murer, figlia di Franco. Nella sua presentazione il sindaco De Rocco aveva orgogliosamente ricordato che \u201cforse \u00e8 stata una delle emozioni pi\u00f9 forti della mia vita quella sera di trent\u2019anni fa, quando nella citt\u00e0 tedesca di Oerlinhausen dove mi trovavo a lavorare assieme alla mia famiglia vidi alla televisione affacciarsi dal balcone di Piazza San Pietro per la prima volta, presentandosi al mondo, Giovanni Paolo I al secolo Albino Luciani. S\u00ec proprio quell\u2019uomo che da ragazzo saliva con mio padre in Valle di Gares per accompagnare le mucche al pascolo\u2026\u201d. Poi ha ricordato l\u2019iter sollecito della sua idea per ricordare Luciani, che in soli 4 mesi ha portato alla realizzazione della Via Crucis. A sua volta Paolo Tieto aveva giustamente messo in luce la figura e l\u2019opera dell\u2019autore delle 15 formelle: Franco Murer il quale \u201cnel conferire aspetto alle quindici scene sacre, si \u00e8 ispirato alle narrazioni evangeliche, Attenendosi sempre scrupolosamente fedele non solo al racconto, inteso come fatto storico, ma allo stesso spirito intrinseco ad esso, ovverosia al carattere soprannaturale del memorabile evento. Ci\u00f2 chiaramente servendosi della personale competenza ed abilit\u00e0, del proprio saper fare nell\u2019impiego di carta e penna, di crete e gessi prima di pervenire, come appunto nel presente specifico caso, alla fusione in bronzo\u2026 con questo ampio, variegato, impegnativo lavoro Franco Murer ha dato ai suoi conterranei e agli appassionati tutti dell\u2019arte, oltre alla inconfutabile testimonianza delle proprie notevoli capacit\u00e0 operative nel campo della creativit\u00e0 oggettiva, una significativa testimonianza di quanto la figurazione sacra continui oggi a godere del consenso e dell\u2019ammirazione di tanta, tanta parte del\u2019umanit\u00e0. La quale continua a trovare in essa sempre nuovi motivi di riflessione, di conforto, di crescita spirituale, atti a guidare il pensiero oltre quegli spazi dell\u2019ultimo orizzonte, verso l\u2019Eterno\u201d. Ed eccoci al mio personale amico e gi\u00e0 valente collaboratore Dario Fontanive, conterraneo di Luciani, il quale descrive la Via Cavallera di Canale d\u2019Agordo e ne racconta la storia perch\u00e9 \u00e8 lungo questo percorso immerso nel verde , di facile accesso, che \u201csono stati disposti a distanza irregolare 15 grandi massi di dolomia bianca che ospitano altrettante formelle artistiche bronzee che rappresentano la passione di Cristo\u201d. E ricorda che \u201csi \u00e8 pensato di sostenere i costi di quest\u2019opera (inaugurata il 22 agosto 2008 \u2013 ndr.) attraverso una sottoscrizione pubblica, dando modo a tutti i fedeli e devoti di Papa Luciani di poter contribuire concretamente alla realizzazione di questa importante testimonianza destinata a rimanere nel tempo\u201d. Concludiamo con Pia Luciani che ha proposto alcune riflessioni dello zio Albino, Papa Giovanni Paolo I, fra le quali abbiamo scelto questa: \u201cA Canale io sono stato fanciullo di famiglia povera. Ma quando, entrando in Chiesa, sentivo l\u2019organo suonare a piene canne, dimenticavo i miei poveri abiti, avevo l\u2019impressione che l\u2019organo salutasse me ed i miei piccoli compagni come altrettanti principi. Di qui la prima, vaga intuizione, che la Chiesa cattolica non \u00e8 solo qualcosa di grande, ma che fa grandi anche i piccoli e i poveri onorandoli e innalzandoli\u201d. (da: prefazione al libro sull\u2019Organo Callido di Canale d\u2019Agordo, Belluno, 1977).<\/p>\n\n\t\t\t<style type='text\/css'>\n\t\t\t\t#gallery-1 {\n\t\t\t\t\tmargin: auto;\n\t\t\t\t}\n\t\t\t\t#gallery-1 .gallery-item {\n\t\t\t\t\tfloat: left;\n\t\t\t\t\tmargin-top: 10px;\n\t\t\t\t\ttext-align: center;\n\t\t\t\t\twidth: 16%;\n\t\t\t\t}\n\t\t\t\t#gallery-1 img {\n\t\t\t\t\tborder: 2px solid #cfcfcf;\n\t\t\t\t}\n\t\t\t\t#gallery-1 .gallery-caption {\n\t\t\t\t\tmargin-left: 0;\n\t\t\t\t}\n\t\t\t\t\/* see gallery_shortcode() in wp-includes\/media.php *\/\n\t\t\t<\/style>\n\t\t<div id='gallery-1' class='dt-gallery-container gallery galleryid-152241 gallery-columns-6 gallery-size-thumbnail'><dl class='gallery-item'>\n\t\t\t\t<dt class='gallery-icon portrait'>\n\t\t\t\t\t<a class=\"rollover rollover-zoom dt-pswp-item\" title=\"116345037_220679682519998_4781643683034498111_n\" data-dt-img-description=\"\" data-large_image_width=\"228\" data-large_image_height=\"304\"href='https:\/\/www.radiopiu.net\/wordpress\/wp-content\/uploads\/2020\/07\/116345037_220679682519998_4781643683034498111_n.jpg'><img loading=\"lazy\" decoding=\"async\" width=\"150\" height=\"150\" src=\"https:\/\/www.radiopiu.net\/wordpress\/wp-content\/uploads\/2020\/07\/116345037_220679682519998_4781643683034498111_n-150x150.jpg\" class=\"attachment-thumbnail size-thumbnail\" alt=\"\" \/><\/a>\n\t\t\t\t<\/dt><\/dl><dl class='gallery-item'>\n\t\t\t\t<dt class='gallery-icon portrait'>\n\t\t\t\t\t<a class=\"rollover rollover-zoom dt-pswp-item\" title=\"116796852_1226952424333349_282205709041460508_n\" data-dt-img-description=\"\" data-large_image_width=\"2055\" data-large_image_height=\"2560\"href='https:\/\/www.radiopiu.net\/wordpress\/wp-content\/uploads\/2020\/07\/116796852_1226952424333349_282205709041460508_n-scaled.jpg'><img loading=\"lazy\" decoding=\"async\" width=\"150\" height=\"150\" src=\"https:\/\/www.radiopiu.net\/wordpress\/wp-content\/uploads\/2020\/07\/116796852_1226952424333349_282205709041460508_n-150x150.jpg\" class=\"attachment-thumbnail size-thumbnail\" alt=\"\" \/><\/a>\n\t\t\t\t<\/dt><\/dl><dl class='gallery-item'>\n\t\t\t\t<dt class='gallery-icon portrait'>\n\t\t\t\t\t<a class=\"rollover rollover-zoom dt-pswp-item\" title=\"116573211_1275102789501260_1315417915798820494_n\" data-dt-img-description=\"\" data-large_image_width=\"1927\" data-large_image_height=\"2560\"href='https:\/\/www.radiopiu.net\/wordpress\/wp-content\/uploads\/2020\/07\/116573211_1275102789501260_1315417915798820494_n-scaled.jpg'><img loading=\"lazy\" decoding=\"async\" width=\"150\" height=\"150\" src=\"https:\/\/www.radiopiu.net\/wordpress\/wp-content\/uploads\/2020\/07\/116573211_1275102789501260_1315417915798820494_n-150x150.jpg\" class=\"attachment-thumbnail size-thumbnail\" alt=\"\" \/><\/a>\n\t\t\t\t<\/dt><\/dl><dl class='gallery-item'>\n\t\t\t\t<dt class='gallery-icon landscape'>\n\t\t\t\t\t<a class=\"rollover rollover-zoom dt-pswp-item\" title=\"116412789_3501579459866205_4924830284873275211_n\" data-dt-img-description=\"\" data-large_image_width=\"2560\" data-large_image_height=\"1641\"href='https:\/\/www.radiopiu.net\/wordpress\/wp-content\/uploads\/2020\/07\/116412789_3501579459866205_4924830284873275211_n-scaled.jpg'><img loading=\"lazy\" decoding=\"async\" width=\"150\" height=\"150\" src=\"https:\/\/www.radiopiu.net\/wordpress\/wp-content\/uploads\/2020\/07\/116412789_3501579459866205_4924830284873275211_n-150x150.jpg\" class=\"attachment-thumbnail size-thumbnail\" alt=\"\" \/><\/a>\n\t\t\t\t<\/dt><\/dl><dl class='gallery-item'>\n\t\t\t\t<dt class='gallery-icon portrait'>\n\t\t\t\t\t<a class=\"rollover rollover-zoom dt-pswp-item\" title=\"116434777_729814384519215_4543464548870403471_n\" data-dt-img-description=\"\" data-large_image_width=\"1070\" data-large_image_height=\"1115\"href='https:\/\/www.radiopiu.net\/wordpress\/wp-content\/uploads\/2020\/07\/116434777_729814384519215_4543464548870403471_n.jpg'><img loading=\"lazy\" decoding=\"async\" width=\"150\" height=\"150\" src=\"https:\/\/www.radiopiu.net\/wordpress\/wp-content\/uploads\/2020\/07\/116434777_729814384519215_4543464548870403471_n-150x150.jpg\" class=\"attachment-thumbnail size-thumbnail\" alt=\"\" \/><\/a>\n\t\t\t\t<\/dt><\/dl><dl class='gallery-item'>\n\t\t\t\t<dt class='gallery-icon portrait'>\n\t\t\t\t\t<a class=\"rollover rollover-zoom dt-pswp-item\" title=\"116336383_346098683217556_2819983594367095256_n\" data-dt-img-description=\"\" data-large_image_width=\"2034\" data-large_image_height=\"2560\"href='https:\/\/www.radiopiu.net\/wordpress\/wp-content\/uploads\/2020\/07\/116336383_346098683217556_2819983594367095256_n-scaled.jpg'><img loading=\"lazy\" decoding=\"async\" width=\"150\" height=\"150\" src=\"https:\/\/www.radiopiu.net\/wordpress\/wp-content\/uploads\/2020\/07\/116336383_346098683217556_2819983594367095256_n-150x150.jpg\" class=\"attachment-thumbnail size-thumbnail\" alt=\"\" \/><\/a>\n\t\t\t\t<\/dt><\/dl><br style=\"clear: both\" \/><dl class='gallery-item'>\n\t\t\t\t<dt class='gallery-icon portrait'>\n\t\t\t\t\t<a class=\"rollover rollover-zoom dt-pswp-item\" title=\"116428887_636207233657233_6468765694041839992_n\" data-dt-img-description=\"\" data-large_image_width=\"1983\" data-large_image_height=\"2560\"href='https:\/\/www.radiopiu.net\/wordpress\/wp-content\/uploads\/2020\/07\/116428887_636207233657233_6468765694041839992_n-scaled.jpg'><img loading=\"lazy\" decoding=\"async\" width=\"150\" height=\"150\" src=\"https:\/\/www.radiopiu.net\/wordpress\/wp-content\/uploads\/2020\/07\/116428887_636207233657233_6468765694041839992_n-150x150.jpg\" class=\"attachment-thumbnail size-thumbnail\" alt=\"\" \/><\/a>\n\t\t\t\t<\/dt><\/dl><dl class='gallery-item'>\n\t\t\t\t<dt class='gallery-icon portrait'>\n\t\t\t\t\t<a class=\"rollover rollover-zoom dt-pswp-item\" title=\"116477471_574680986769722_6809906696528619872_n\" data-dt-img-description=\"\" data-large_image_width=\"1186\" data-large_image_height=\"2560\"href='https:\/\/www.radiopiu.net\/wordpress\/wp-content\/uploads\/2020\/07\/116477471_574680986769722_6809906696528619872_n-scaled.jpg'><img loading=\"lazy\" decoding=\"async\" width=\"150\" height=\"150\" src=\"https:\/\/www.radiopiu.net\/wordpress\/wp-content\/uploads\/2020\/07\/116477471_574680986769722_6809906696528619872_n-150x150.jpg\" class=\"attachment-thumbnail size-thumbnail\" alt=\"\" \/><\/a>\n\t\t\t\t<\/dt><\/dl><dl class='gallery-item'>\n\t\t\t\t<dt class='gallery-icon portrait'>\n\t\t\t\t\t<a class=\"rollover rollover-zoom dt-pswp-item\" title=\"116470083_2721297324861632_6793596087074800910_n\" data-dt-img-description=\"\" data-large_image_width=\"1990\" data-large_image_height=\"2560\"href='https:\/\/www.radiopiu.net\/wordpress\/wp-content\/uploads\/2020\/07\/116470083_2721297324861632_6793596087074800910_n-scaled.jpg'><img loading=\"lazy\" decoding=\"async\" width=\"150\" height=\"150\" src=\"https:\/\/www.radiopiu.net\/wordpress\/wp-content\/uploads\/2020\/07\/116470083_2721297324861632_6793596087074800910_n-150x150.jpg\" class=\"attachment-thumbnail size-thumbnail\" alt=\"\" \/><\/a>\n\t\t\t\t<\/dt><\/dl><dl class='gallery-item'>\n\t\t\t\t<dt class='gallery-icon portrait'>\n\t\t\t\t\t<a class=\"rollover rollover-zoom dt-pswp-item\" title=\"116687292_606108906980356_2359484995656218544_n\" data-dt-img-description=\"\" data-large_image_width=\"1927\" data-large_image_height=\"2560\"href='https:\/\/www.radiopiu.net\/wordpress\/wp-content\/uploads\/2020\/07\/116687292_606108906980356_2359484995656218544_n-scaled.jpg'><img loading=\"lazy\" decoding=\"async\" width=\"150\" height=\"150\" src=\"https:\/\/www.radiopiu.net\/wordpress\/wp-content\/uploads\/2020\/07\/116687292_606108906980356_2359484995656218544_n-150x150.jpg\" class=\"attachment-thumbnail size-thumbnail\" alt=\"\" \/><\/a>\n\t\t\t\t<\/dt><\/dl><dl class='gallery-item'>\n\t\t\t\t<dt class='gallery-icon landscape'>\n\t\t\t\t\t<a class=\"rollover rollover-zoom dt-pswp-item\" title=\"116440256_597604330898798_4692548796040733676_n\" data-dt-img-description=\"\" data-large_image_width=\"217\" data-large_image_height=\"180\"href='https:\/\/www.radiopiu.net\/wordpress\/wp-content\/uploads\/2020\/07\/116440256_597604330898798_4692548796040733676_n.jpg'><img loading=\"lazy\" decoding=\"async\" width=\"150\" height=\"150\" src=\"https:\/\/www.radiopiu.net\/wordpress\/wp-content\/uploads\/2020\/07\/116440256_597604330898798_4692548796040733676_n-150x150.jpg\" class=\"attachment-thumbnail size-thumbnail\" alt=\"\" \/><\/a>\n\t\t\t\t<\/dt><\/dl><dl class='gallery-item'>\n\t\t\t\t<dt class='gallery-icon portrait'>\n\t\t\t\t\t<a class=\"rollover rollover-zoom dt-pswp-item\" title=\"116434541_1016000115523324_542071627522630263_n\" data-dt-img-description=\"\" data-large_image_width=\"1961\" data-large_image_height=\"2560\"href='https:\/\/www.radiopiu.net\/wordpress\/wp-content\/uploads\/2020\/07\/116434541_1016000115523324_542071627522630263_n-scaled.jpg'><img loading=\"lazy\" decoding=\"async\" width=\"150\" height=\"150\" src=\"https:\/\/www.radiopiu.net\/wordpress\/wp-content\/uploads\/2020\/07\/116434541_1016000115523324_542071627522630263_n-150x150.jpg\" class=\"attachment-thumbnail size-thumbnail\" alt=\"\" \/><\/a>\n\t\t\t\t<\/dt><\/dl><br style=\"clear: both\" \/>\n\t\t\t<\/div>\n\n<p>NELLE FOTO:Albino Luciani il \u201cPapa bellunese del sorriso\u201d; il maestro Franco Murer; la copertina del libro-catalogo realizzato nel 30. dell\u2019elezione di Giovanni Paolo I; la pagina con immagine e dedica per l\u2019autore di queste note; la via Cavallera; una delle stazioni della Via Crucis; formella in cera; particolare della formella in bronzo della terza stazione, con la prima caduta; Ges\u00f9 muore in croce, dodicesima stazione, particolare; Ges\u00f9 spogliato; il corpo deposto nel sepolcro; Ges\u00f9 risorge.<\/p>\n","protected":false},"excerpt":{"rendered":"<p>di\u00a0Renato\u00a0Bona\u00a0 Il mese di agosto \u00e8 legato, nel Bellunese (e non solo), al ricordo della storica elezione del secondo pontefice bellunese della storia dopo Gregorio XVI: Albino Luciani, asceso al soglio di Pietro col nome di Giovanni Paolo I (in onore di papa Roncalli e di papa Montini) e divenuto subito il \u201cPapa bellunese del&hellip;<\/p>\n","protected":false},"author":4,"featured_media":152253,"comment_status":"closed","ping_status":"closed","sticky":false,"template":"","format":"standard","meta":{"_monsterinsights_skip_tracking":false,"_monsterinsights_sitenote_active":false,"_monsterinsights_sitenote_note":"","_monsterinsights_sitenote_category":0,"footnotes":""},"categories":[104,49],"tags":[],"class_list":["post-152241","post","type-post","status-publish","format-standard","has-post-thumbnail","hentry","category-evidenza_3","category-news-18","category-104","category-49","description-off"],"img_url":"https:\/\/www.radiopiu.net\/wordpress\/wp-content\/uploads\/2020\/07\/116796852_1226952424333349_282205709041460508_n-scaled.jpg","_links":{"self":[{"href":"https:\/\/www.radiopiu.net\/wordpress\/wp-json\/wp\/v2\/posts\/152241","targetHints":{"allow":["GET"]}}],"collection":[{"href":"https:\/\/www.radiopiu.net\/wordpress\/wp-json\/wp\/v2\/posts"}],"about":[{"href":"https:\/\/www.radiopiu.net\/wordpress\/wp-json\/wp\/v2\/types\/post"}],"author":[{"embeddable":true,"href":"https:\/\/www.radiopiu.net\/wordpress\/wp-json\/wp\/v2\/users\/4"}],"replies":[{"embeddable":true,"href":"https:\/\/www.radiopiu.net\/wordpress\/wp-json\/wp\/v2\/comments?post=152241"}],"version-history":[{"count":0,"href":"https:\/\/www.radiopiu.net\/wordpress\/wp-json\/wp\/v2\/posts\/152241\/revisions"}],"wp:featuredmedia":[{"embeddable":true,"href":"https:\/\/www.radiopiu.net\/wordpress\/wp-json\/wp\/v2\/media\/152253"}],"wp:attachment":[{"href":"https:\/\/www.radiopiu.net\/wordpress\/wp-json\/wp\/v2\/media?parent=152241"}],"wp:term":[{"taxonomy":"category","embeddable":true,"href":"https:\/\/www.radiopiu.net\/wordpress\/wp-json\/wp\/v2\/categories?post=152241"},{"taxonomy":"post_tag","embeddable":true,"href":"https:\/\/www.radiopiu.net\/wordpress\/wp-json\/wp\/v2\/tags?post=152241"}],"curies":[{"name":"wp","href":"https:\/\/api.w.org\/{rel}","templated":true}]}}