{"id":152283,"date":"2020-07-30T16:40:11","date_gmt":"2020-07-30T14:40:11","guid":{"rendered":"https:\/\/www.radiopiu.net\/wordpress\/?p=152283"},"modified":"2020-07-30T16:48:59","modified_gmt":"2020-07-30T14:48:59","slug":"belluno-ponte-sul-gresal-lavori-verso-la-conclusione","status":"publish","type":"post","link":"https:\/\/www.radiopiu.net\/wordpress\/belluno-ponte-sul-gresal-lavori-verso-la-conclusione\/","title":{"rendered":"BELLUNO: PONTE SUL GRESAL, LAVORI VERSO LA CONCLUSIONE"},"content":{"rendered":"<p><strong>BELLUNO\u00a0<\/strong>Sopralluogo al cantiere di rigenerazione urbana del ponte sul torrente Gresal, tra i comuni di Belluno e Sedico, da parte dei tecnici e assessore del Comune di Belluno e rappresentanti della Sovrintendenza, dei progettisti e dell&#8217;impresa.\u00a0\u00ab<em>I lavori di ripristino e di consolidamento dell&#8217;opera, su cui un tempo correva la strada regia e che una volta ultimato l&#8217;intervento ospiter\u00e0 la pista ciclabile che unir\u00e0 i due comuni, sono praticamente ultimati<\/em>\u00bb, annuncia l&#8217;assessore alla rigenerazione urbana.<span class=\"Apple-converted-space\">\u00a0<\/span>Il sopralluogo con la Sovrintendenza \u00e8 stata l&#8217;occasione per verificare lo stato dei lavori e per discutere della realizzazione dei parapetti, ultima opera che manca per il completamento dell&#8217;intervento: \u00abI parapetti sono l&#8217;ultima infrastruttura mancante per mettere in completa sicurezza il ponte. Il confronto con la Sovrintendenza \u00e8 stato importante per definire il tipo di intervento e la tipologia di parapetto che si dovr\u00e0 realizzare e porta cos\u00ec a sintesi una importante collaborazione avviata da tempo tra i due enti e rinforzata proprio da un costruttivo confronto svoltosi questa settimana con il nuovo soprintendente Fabrizio Mangani\u00bb.\u00a0In corso d&#8217;opera si sono registrati degli aumenti di costo legati ad imprevisti connessi ad aspetti strutturali e ad altre condizioni non preventivabili: \u00ab<em>Ora dovremo quindi cercare risorse aggiuntive \u2013 circa 40\/50mila euro \u2013 per la realizzazione di questo intervento, dopodich\u00e9 l&#8217;opera sar\u00e0 definitivamente ultimata<\/em>\u00bb, aggiunge l&#8217;assessore.\u00a0Per l&#8217;esponente di Palazzo Rosso, \u00ab<em>si tratta di un passo importante che porta a conclusione il primo cantiere del Progetto Belluno di rigenerazione urbana<\/em>\u00bb.\u00a0Il recupero del ponte \u00e8 parte integrante della realizzazione della ciclovia Antole \u2013 Casoni, inserita nel Progetto Belluno, che prevede la realizzazione di circa 800 metri di pista ciclopedonale e il ripristino e messa in sicurezza dell&#8217;antico ponte. Il costo dell&#8217;intervento \u00e8 di circa 600mila euro, dei quali 200mila coperti dal fondo del Bando Periferie e i restanti equamente divisi tra i Comuni di Belluno e di Sedico, Bim Infrastrutture e Bim GSP (vista la presenza sulla struttura di linee dell&#8217;acquedotto e del gas).<\/p>\n<p><strong>FRANCO FRISON, ASSESSORE ALLA RIGENERAZIONE URBANA DI BELLUNO<\/strong><\/p>\n<audio class=\"wp-audio-shortcode\" id=\"audio-152283-1\" preload=\"none\" style=\"width: 100%;\" controls=\"controls\"><source type=\"audio\/mpeg\" src=\"https:\/\/www.radiopiu.net\/wordpress\/wp-content\/uploads\/2020\/07\/Franco-Frison-Assessore-rigenerazione-urbana-Sopralluogo-cantiere-ponte-sul-Gresal.mp3?_=1\" \/><a href=\"https:\/\/www.radiopiu.net\/wordpress\/wp-content\/uploads\/2020\/07\/Franco-Frison-Assessore-rigenerazione-urbana-Sopralluogo-cantiere-ponte-sul-Gresal.mp3\">https:\/\/www.radiopiu.net\/wordpress\/wp-content\/uploads\/2020\/07\/Franco-Frison-Assessore-rigenerazione-urbana-Sopralluogo-cantiere-ponte-sul-Gresal.mp3<\/a><\/audio>\n<p><strong>LE FOTO DAL SOPRALLUOGO\u00a0<\/strong><\/p>\n\n\t\t\t<style type='text\/css'>\n\t\t\t\t#gallery-1 {\n\t\t\t\t\tmargin: auto;\n\t\t\t\t}\n\t\t\t\t#gallery-1 .gallery-item {\n\t\t\t\t\tfloat: left;\n\t\t\t\t\tmargin-top: 10px;\n\t\t\t\t\ttext-align: center;\n\t\t\t\t\twidth: 16%;\n\t\t\t\t}\n\t\t\t\t#gallery-1 img {\n\t\t\t\t\tborder: 2px solid #cfcfcf;\n\t\t\t\t}\n\t\t\t\t#gallery-1 .gallery-caption {\n\t\t\t\t\tmargin-left: 0;\n\t\t\t\t}\n\t\t\t\t\/* see gallery_shortcode() in wp-includes\/media.php *\/\n\t\t\t<\/style>\n\t\t<div id='gallery-1' class='dt-gallery-container gallery galleryid-152283 gallery-columns-6 gallery-size-thumbnail'><dl class='gallery-item'>\n\t\t\t\t<dt class='gallery-icon landscape'>\n\t\t\t\t\t<a class=\"rollover rollover-zoom dt-pswp-item\" title=\"Sopralluogo cantiere ponte sul Gresal (1)\" data-dt-img-description=\"\" data-large_image_width=\"2560\" data-large_image_height=\"1707\"href='https:\/\/www.radiopiu.net\/wordpress\/wp-content\/uploads\/2020\/07\/Sopralluogo-cantiere-ponte-sul-Gresal-1-scaled.jpg'><img loading=\"lazy\" decoding=\"async\" width=\"150\" height=\"150\" src=\"https:\/\/www.radiopiu.net\/wordpress\/wp-content\/uploads\/2020\/07\/Sopralluogo-cantiere-ponte-sul-Gresal-1-150x150.jpg\" class=\"attachment-thumbnail size-thumbnail\" alt=\"\" \/><\/a>\n\t\t\t\t<\/dt><\/dl><dl class='gallery-item'>\n\t\t\t\t<dt class='gallery-icon landscape'>\n\t\t\t\t\t<a class=\"rollover rollover-zoom dt-pswp-item\" title=\"Sopralluogo cantiere ponte sul Gresal (2)\" data-dt-img-description=\"\" data-large_image_width=\"2560\" data-large_image_height=\"1707\"href='https:\/\/www.radiopiu.net\/wordpress\/wp-content\/uploads\/2020\/07\/Sopralluogo-cantiere-ponte-sul-Gresal-2-scaled.jpg'><img loading=\"lazy\" decoding=\"async\" width=\"150\" height=\"150\" src=\"https:\/\/www.radiopiu.net\/wordpress\/wp-content\/uploads\/2020\/07\/Sopralluogo-cantiere-ponte-sul-Gresal-2-150x150.jpg\" class=\"attachment-thumbnail size-thumbnail\" alt=\"\" \/><\/a>\n\t\t\t\t<\/dt><\/dl><dl class='gallery-item'>\n\t\t\t\t<dt class='gallery-icon landscape'>\n\t\t\t\t\t<a class=\"rollover rollover-zoom dt-pswp-item\" title=\"Sopralluogo cantiere ponte sul Gresal (3)\" data-dt-img-description=\"\" data-large_image_width=\"2560\" data-large_image_height=\"1707\"href='https:\/\/www.radiopiu.net\/wordpress\/wp-content\/uploads\/2020\/07\/Sopralluogo-cantiere-ponte-sul-Gresal-3-scaled.jpg'><img loading=\"lazy\" decoding=\"async\" width=\"150\" height=\"150\" src=\"https:\/\/www.radiopiu.net\/wordpress\/wp-content\/uploads\/2020\/07\/Sopralluogo-cantiere-ponte-sul-Gresal-3-150x150.jpg\" class=\"attachment-thumbnail size-thumbnail\" alt=\"\" \/><\/a>\n\t\t\t\t<\/dt><\/dl><dl class='gallery-item'>\n\t\t\t\t<dt class='gallery-icon portrait'>\n\t\t\t\t\t<a class=\"rollover rollover-zoom dt-pswp-item\" title=\"Sopralluogo cantiere ponte sul Gresal (4)\" data-dt-img-description=\"\" data-large_image_width=\"1707\" data-large_image_height=\"2560\"href='https:\/\/www.radiopiu.net\/wordpress\/wp-content\/uploads\/2020\/07\/Sopralluogo-cantiere-ponte-sul-Gresal-4-scaled.jpg'><img loading=\"lazy\" decoding=\"async\" width=\"150\" height=\"150\" src=\"https:\/\/www.radiopiu.net\/wordpress\/wp-content\/uploads\/2020\/07\/Sopralluogo-cantiere-ponte-sul-Gresal-4-150x150.jpg\" class=\"attachment-thumbnail size-thumbnail\" alt=\"\" \/><\/a>\n\t\t\t\t<\/dt><\/dl><dl class='gallery-item'>\n\t\t\t\t<dt class='gallery-icon landscape'>\n\t\t\t\t\t<a class=\"rollover rollover-zoom dt-pswp-item\" title=\"Sopralluogo cantiere ponte sul Gresal (5)\" data-dt-img-description=\"\" data-large_image_width=\"2560\" data-large_image_height=\"1707\"href='https:\/\/www.radiopiu.net\/wordpress\/wp-content\/uploads\/2020\/07\/Sopralluogo-cantiere-ponte-sul-Gresal-5-scaled.jpg'><img loading=\"lazy\" decoding=\"async\" width=\"150\" height=\"150\" src=\"https:\/\/www.radiopiu.net\/wordpress\/wp-content\/uploads\/2020\/07\/Sopralluogo-cantiere-ponte-sul-Gresal-5-150x150.jpg\" class=\"attachment-thumbnail size-thumbnail\" alt=\"\" \/><\/a>\n\t\t\t\t<\/dt><\/dl><dl class='gallery-item'>\n\t\t\t\t<dt class='gallery-icon landscape'>\n\t\t\t\t\t<a class=\"rollover rollover-zoom dt-pswp-item\" title=\"Sopralluogo cantiere ponte sul Gresal (6)\" data-dt-img-description=\"\" data-large_image_width=\"2560\" data-large_image_height=\"1707\"href='https:\/\/www.radiopiu.net\/wordpress\/wp-content\/uploads\/2020\/07\/Sopralluogo-cantiere-ponte-sul-Gresal-6-scaled.jpg'><img loading=\"lazy\" decoding=\"async\" width=\"150\" height=\"150\" src=\"https:\/\/www.radiopiu.net\/wordpress\/wp-content\/uploads\/2020\/07\/Sopralluogo-cantiere-ponte-sul-Gresal-6-150x150.jpg\" class=\"attachment-thumbnail size-thumbnail\" alt=\"\" \/><\/a>\n\t\t\t\t<\/dt><\/dl><br style=\"clear: both\" \/><dl class='gallery-item'>\n\t\t\t\t<dt class='gallery-icon portrait'>\n\t\t\t\t\t<a class=\"rollover rollover-zoom dt-pswp-item\" title=\"Sopralluogo cantiere ponte sul Gresal (7)\" data-dt-img-description=\"\" data-large_image_width=\"1707\" data-large_image_height=\"2560\"href='https:\/\/www.radiopiu.net\/wordpress\/wp-content\/uploads\/2020\/07\/Sopralluogo-cantiere-ponte-sul-Gresal-7-scaled.jpg'><img loading=\"lazy\" decoding=\"async\" width=\"150\" height=\"150\" src=\"https:\/\/www.radiopiu.net\/wordpress\/wp-content\/uploads\/2020\/07\/Sopralluogo-cantiere-ponte-sul-Gresal-7-150x150.jpg\" class=\"attachment-thumbnail size-thumbnail\" alt=\"\" \/><\/a>\n\t\t\t\t<\/dt><\/dl><dl class='gallery-item'>\n\t\t\t\t<dt class='gallery-icon portrait'>\n\t\t\t\t\t<a class=\"rollover rollover-zoom dt-pswp-item\" title=\"Sopralluogo cantiere ponte sul Gresal (8)\" data-dt-img-description=\"\" data-large_image_width=\"1707\" data-large_image_height=\"2560\"href='https:\/\/www.radiopiu.net\/wordpress\/wp-content\/uploads\/2020\/07\/Sopralluogo-cantiere-ponte-sul-Gresal-8-scaled.jpg'><img loading=\"lazy\" decoding=\"async\" width=\"150\" height=\"150\" src=\"https:\/\/www.radiopiu.net\/wordpress\/wp-content\/uploads\/2020\/07\/Sopralluogo-cantiere-ponte-sul-Gresal-8-150x150.jpg\" class=\"attachment-thumbnail size-thumbnail\" alt=\"\" \/><\/a>\n\t\t\t\t<\/dt><\/dl><dl class='gallery-item'>\n\t\t\t\t<dt class='gallery-icon landscape'>\n\t\t\t\t\t<a class=\"rollover rollover-zoom dt-pswp-item\" title=\"Sopralluogo cantiere ponte sul Gresal (9)\" data-dt-img-description=\"\" data-large_image_width=\"2560\" data-large_image_height=\"1707\"href='https:\/\/www.radiopiu.net\/wordpress\/wp-content\/uploads\/2020\/07\/Sopralluogo-cantiere-ponte-sul-Gresal-9-scaled.jpg'><img loading=\"lazy\" decoding=\"async\" width=\"150\" height=\"150\" src=\"https:\/\/www.radiopiu.net\/wordpress\/wp-content\/uploads\/2020\/07\/Sopralluogo-cantiere-ponte-sul-Gresal-9-150x150.jpg\" class=\"attachment-thumbnail size-thumbnail\" alt=\"\" \/><\/a>\n\t\t\t\t<\/dt><\/dl><dl class='gallery-item'>\n\t\t\t\t<dt class='gallery-icon landscape'>\n\t\t\t\t\t<a class=\"rollover rollover-zoom dt-pswp-item\" title=\"Sopralluogo cantiere ponte sul Gresal (10)\" data-dt-img-description=\"\" data-large_image_width=\"2560\" data-large_image_height=\"1707\"href='https:\/\/www.radiopiu.net\/wordpress\/wp-content\/uploads\/2020\/07\/Sopralluogo-cantiere-ponte-sul-Gresal-10-scaled.jpg'><img loading=\"lazy\" decoding=\"async\" width=\"150\" height=\"150\" src=\"https:\/\/www.radiopiu.net\/wordpress\/wp-content\/uploads\/2020\/07\/Sopralluogo-cantiere-ponte-sul-Gresal-10-150x150.jpg\" class=\"attachment-thumbnail size-thumbnail\" alt=\"\" \/><\/a>\n\t\t\t\t<\/dt><\/dl><dl class='gallery-item'>\n\t\t\t\t<dt class='gallery-icon landscape'>\n\t\t\t\t\t<a class=\"rollover rollover-zoom dt-pswp-item\" title=\"Sopralluogo cantiere ponte sul Gresal (11)\" data-dt-img-description=\"\" data-large_image_width=\"2560\" data-large_image_height=\"1707\"href='https:\/\/www.radiopiu.net\/wordpress\/wp-content\/uploads\/2020\/07\/Sopralluogo-cantiere-ponte-sul-Gresal-11-scaled.jpg'><img loading=\"lazy\" decoding=\"async\" width=\"150\" height=\"150\" src=\"https:\/\/www.radiopiu.net\/wordpress\/wp-content\/uploads\/2020\/07\/Sopralluogo-cantiere-ponte-sul-Gresal-11-150x150.jpg\" class=\"attachment-thumbnail size-thumbnail\" alt=\"\" \/><\/a>\n\t\t\t\t<\/dt><\/dl><dl class='gallery-item'>\n\t\t\t\t<dt class='gallery-icon landscape'>\n\t\t\t\t\t<a class=\"rollover rollover-zoom dt-pswp-item\" title=\"Sopralluogo cantiere ponte sul Gresal (12)\" data-dt-img-description=\"\" data-large_image_width=\"2560\" data-large_image_height=\"1707\"href='https:\/\/www.radiopiu.net\/wordpress\/wp-content\/uploads\/2020\/07\/Sopralluogo-cantiere-ponte-sul-Gresal-12-scaled.jpg'><img loading=\"lazy\" decoding=\"async\" width=\"150\" height=\"150\" src=\"https:\/\/www.radiopiu.net\/wordpress\/wp-content\/uploads\/2020\/07\/Sopralluogo-cantiere-ponte-sul-Gresal-12-150x150.jpg\" class=\"attachment-thumbnail size-thumbnail\" alt=\"\" \/><\/a>\n\t\t\t\t<\/dt><\/dl><br style=\"clear: both\" \/>\n\t\t\t<\/div>\n\n<p>&nbsp;<\/p>\n","protected":false},"excerpt":{"rendered":"<p>BELLUNO\u00a0Sopralluogo al cantiere di rigenerazione urbana del ponte sul torrente Gresal, tra i comuni di Belluno e Sedico, da parte dei tecnici e assessore del Comune di Belluno e rappresentanti della Sovrintendenza, dei progettisti e dell&#8217;impresa.\u00a0\u00abI lavori di ripristino e di consolidamento dell&#8217;opera, su cui un tempo correva la strada regia e che una volta&hellip;<\/p>\n","protected":false},"author":4,"featured_media":152296,"comment_status":"closed","ping_status":"closed","sticky":false,"template":"","format":"standard","meta":{"_monsterinsights_skip_tracking":false,"_monsterinsights_sitenote_active":false,"_monsterinsights_sitenote_note":"","_monsterinsights_sitenote_category":0,"footnotes":""},"categories":[49],"tags":[],"class_list":["post-152283","post","type-post","status-publish","format-standard","has-post-thumbnail","hentry","category-news-18","category-49","description-off"],"img_url":"https:\/\/www.radiopiu.net\/wordpress\/wp-content\/uploads\/2020\/07\/Sopralluogo-cantiere-ponte-sul-Gresal-12-scaled.jpg","_links":{"self":[{"href":"https:\/\/www.radiopiu.net\/wordpress\/wp-json\/wp\/v2\/posts\/152283","targetHints":{"allow":["GET"]}}],"collection":[{"href":"https:\/\/www.radiopiu.net\/wordpress\/wp-json\/wp\/v2\/posts"}],"about":[{"href":"https:\/\/www.radiopiu.net\/wordpress\/wp-json\/wp\/v2\/types\/post"}],"author":[{"embeddable":true,"href":"https:\/\/www.radiopiu.net\/wordpress\/wp-json\/wp\/v2\/users\/4"}],"replies":[{"embeddable":true,"href":"https:\/\/www.radiopiu.net\/wordpress\/wp-json\/wp\/v2\/comments?post=152283"}],"version-history":[{"count":0,"href":"https:\/\/www.radiopiu.net\/wordpress\/wp-json\/wp\/v2\/posts\/152283\/revisions"}],"wp:featuredmedia":[{"embeddable":true,"href":"https:\/\/www.radiopiu.net\/wordpress\/wp-json\/wp\/v2\/media\/152296"}],"wp:attachment":[{"href":"https:\/\/www.radiopiu.net\/wordpress\/wp-json\/wp\/v2\/media?parent=152283"}],"wp:term":[{"taxonomy":"category","embeddable":true,"href":"https:\/\/www.radiopiu.net\/wordpress\/wp-json\/wp\/v2\/categories?post=152283"},{"taxonomy":"post_tag","embeddable":true,"href":"https:\/\/www.radiopiu.net\/wordpress\/wp-json\/wp\/v2\/tags?post=152283"}],"curies":[{"name":"wp","href":"https:\/\/api.w.org\/{rel}","templated":true}]}}