{"id":152331,"date":"2020-09-09T05:54:48","date_gmt":"2020-09-09T03:54:48","guid":{"rendered":"https:\/\/www.radiopiu.net\/wordpress\/?p=152331"},"modified":"2020-09-09T06:02:03","modified_gmt":"2020-09-09T04:02:03","slug":"https-wp-me-p63lo7-dcx","status":"publish","type":"post","link":"https:\/\/www.radiopiu.net\/wordpress\/https-wp-me-p63lo7-dcx\/","title":{"rendered":"DA VENERDI 18 SETTEMBRE LUIGI FRANCAVILLA CITTADINO ONORARIO DI AGORDO"},"content":{"rendered":"<blockquote><p><strong><a class=\"dt-pswp-item\" href=\"https:\/\/www.radiopiu.net\/wordpress\/wp-content\/uploads\/2020\/07\/luigi-francavilla.jpg\" data-dt-img-description=\"\" data-large_image_width=\"480\" data-large_image_height=\"480\"><img loading=\"lazy\" decoding=\"async\" class=\" wp-image-152333 alignleft\" src=\"https:\/\/www.radiopiu.net\/wordpress\/wp-content\/uploads\/2020\/07\/luigi-francavilla-300x300.jpg\" alt=\"\" width=\"172\" height=\"172\" srcset=\"https:\/\/www.radiopiu.net\/wordpress\/wp-content\/uploads\/2020\/07\/luigi-francavilla-300x300.jpg 300w, https:\/\/www.radiopiu.net\/wordpress\/wp-content\/uploads\/2020\/07\/luigi-francavilla-150x150.jpg 150w, https:\/\/www.radiopiu.net\/wordpress\/wp-content\/uploads\/2020\/07\/luigi-francavilla.jpg 480w\" sizes=\"auto, (max-width: 172px) 100vw, 172px\" \/><\/a><\/strong><\/p>\n<p style=\"padding-left: 40px;\"><strong>AGORDO <\/strong>L&#8217;Amministrazione Comunale di Agordo ha indetto un consiglio comunale straordinario per conferire la cittadinanza onoraria al Cavalier Luigi Francavilla, Vice Presidente del gruppo Luxottica. La cerimonia\u00a0 si terr\u00e0 presso la sala consiliare del Comune di Agordo venerd\u00ec 18 settembre 2020 alle 11.<\/p>\n<p><strong>LUIGI FRANCAVILLA <\/strong>Nato nel 1937 a Taranto, dal 1968 vive ad agordo, nello stesso anno \u00e8 entrato nel Gruppo Luxottica ed \u00e8 Consigliere della Societ\u00e0 dal 1985, Vice Presidente dal 1991 al 2020. \u00c8 stato nominato Presidente Onorario in data 15 maggio 2020. Nel corso della sua lunga carriera nel Gruppo \u00e8 stato, tra gli altri incarichi, Chief Quality Officer, Product &amp; Design Director, Technical General Manager. Nell\u2019aprile del 2000 ha ricevuto una laurea ad honorem in \u201cBusiness Administration\u201d da parte della Constantinian University di Providence, Rhode Island, U.S.A. Nel 2011 \u00e8 stato nominato Grande Ufficiale della Repubblica Italiana e nel 2012 Cavaliere del Lavoro. Nell\u2019ambito del Gruppo Luxottica \u00e8 Presidente di Luxottica S.r.l. e di Luxottica Tristar (Dongguan) Optical Co Ltd, tra le principali controllate operative del Gruppo. \u00a0Nel 2016 \u00e8 stato inoltre insignito della cittadinanza onoraria di Dongguan (Cina), la pi\u00f9 alta onorificenza concessa finora dalla prefettura cinese ad una personalit\u00e0 straniera non asiatica. (<em><strong>(foto dal sito LUXOTTICA.COM)<\/strong><\/em><\/p><\/blockquote>\n<p><strong>DAL CONSIGLIO COMUNALE DI AGORDO IL PRIMO ANNUNCIO DEL SINDACO ROBERTO CHISSALE&#8217;<\/strong><\/p>\n<audio class=\"wp-audio-shortcode\" id=\"audio-152331-1\" preload=\"none\" style=\"width: 100%;\" controls=\"controls\"><source type=\"audio\/mpeg\" src=\"https:\/\/www.radiopiu.net\/wordpress\/wp-content\/uploads\/2020\/07\/CHISSALE-FRANCAVILLA-CITTADINO-ONORARIO.mp3?_=1\" \/><a href=\"https:\/\/www.radiopiu.net\/wordpress\/wp-content\/uploads\/2020\/07\/CHISSALE-FRANCAVILLA-CITTADINO-ONORARIO.mp3\">https:\/\/www.radiopiu.net\/wordpress\/wp-content\/uploads\/2020\/07\/CHISSALE-FRANCAVILLA-CITTADINO-ONORARIO.mp3<\/a><\/audio>\n<p>&nbsp;<\/p>\n<div class=\"page-title-breadcrumbs\">\n<p><strong>IL PRESIDENTE ONORARIO, archivio radiopiu maggio 2020<\/strong><\/p>\n<p>di Gianni Santomaso<\/p>\n<\/div>\n<audio class=\"wp-audio-shortcode\" id=\"audio-152331-2\" preload=\"none\" style=\"width: 100%;\" controls=\"controls\"><source type=\"audio\/mpeg\" src=\"https:\/\/www.radiopiu.net\/wordpress\/wp-content\/uploads\/2020\/05\/GIANNI-FRANCAVILLA-ok.mp3?_=2\" \/><a href=\"https:\/\/www.radiopiu.net\/wordpress\/wp-content\/uploads\/2020\/05\/GIANNI-FRANCAVILLA-ok.mp3\">https:\/\/www.radiopiu.net\/wordpress\/wp-content\/uploads\/2020\/05\/GIANNI-FRANCAVILLA-ok.mp3<\/a><\/audio>\n<h2><\/h2>\n","protected":false},"excerpt":{"rendered":"<p>AGORDO L&#8217;Amministrazione Comunale di Agordo ha indetto un consiglio comunale straordinario per conferire la cittadinanza onoraria al Cavalier Luigi Francavilla, Vice Presidente del gruppo Luxottica. La cerimonia\u00a0 si terr\u00e0 presso la sala consiliare del Comune di Agordo venerd\u00ec 18 settembre 2020 alle 11. LUIGI FRANCAVILLA Nato nel 1937 a Taranto, dal 1968 vive ad agordo,&hellip;<\/p>\n","protected":false},"author":4,"featured_media":152333,"comment_status":"closed","ping_status":"closed","sticky":false,"template":"","format":"standard","meta":{"_monsterinsights_skip_tracking":false,"_monsterinsights_sitenote_active":false,"_monsterinsights_sitenote_note":"","_monsterinsights_sitenote_category":0,"footnotes":""},"categories":[51,49],"tags":[],"class_list":["post-152331","post","type-post","status-publish","format-standard","has-post-thumbnail","hentry","category-evidenza-top","category-news-18","category-51","category-49","description-off"],"img_url":"https:\/\/www.radiopiu.net\/wordpress\/wp-content\/uploads\/2020\/07\/luigi-francavilla.jpg","_links":{"self":[{"href":"https:\/\/www.radiopiu.net\/wordpress\/wp-json\/wp\/v2\/posts\/152331","targetHints":{"allow":["GET"]}}],"collection":[{"href":"https:\/\/www.radiopiu.net\/wordpress\/wp-json\/wp\/v2\/posts"}],"about":[{"href":"https:\/\/www.radiopiu.net\/wordpress\/wp-json\/wp\/v2\/types\/post"}],"author":[{"embeddable":true,"href":"https:\/\/www.radiopiu.net\/wordpress\/wp-json\/wp\/v2\/users\/4"}],"replies":[{"embeddable":true,"href":"https:\/\/www.radiopiu.net\/wordpress\/wp-json\/wp\/v2\/comments?post=152331"}],"version-history":[{"count":0,"href":"https:\/\/www.radiopiu.net\/wordpress\/wp-json\/wp\/v2\/posts\/152331\/revisions"}],"wp:featuredmedia":[{"embeddable":true,"href":"https:\/\/www.radiopiu.net\/wordpress\/wp-json\/wp\/v2\/media\/152333"}],"wp:attachment":[{"href":"https:\/\/www.radiopiu.net\/wordpress\/wp-json\/wp\/v2\/media?parent=152331"}],"wp:term":[{"taxonomy":"category","embeddable":true,"href":"https:\/\/www.radiopiu.net\/wordpress\/wp-json\/wp\/v2\/categories?post=152331"},{"taxonomy":"post_tag","embeddable":true,"href":"https:\/\/www.radiopiu.net\/wordpress\/wp-json\/wp\/v2\/tags?post=152331"}],"curies":[{"name":"wp","href":"https:\/\/api.w.org\/{rel}","templated":true}]}}