{"id":152349,"date":"2020-07-31T15:25:12","date_gmt":"2020-07-31T13:25:12","guid":{"rendered":"https:\/\/www.radiopiu.net\/wordpress\/?p=152349"},"modified":"2020-08-01T10:15:23","modified_gmt":"2020-08-01T08:15:23","slug":"giornale-radiopiu-01-agosto-2020-direttore-mirko-mezzacasa","status":"publish","type":"post","link":"https:\/\/www.radiopiu.net\/wordpress\/giornale-radiopiu-01-agosto-2020-direttore-mirko-mezzacasa\/","title":{"rendered":"GIORNALE RADIOPIU 01 AGOSTO 2020 DIRETTORE MIRKO MEZZACASA"},"content":{"rendered":"<h3><strong>PER RICEVERE QUESTO NOTIZIARIO DIRETTAMENTE SUL TUO CELLULARE ISCRIVITI AL CANALE TELEGRAM\u00a0<\/strong><strong>\u201cRADIO PIU\u00a0 INFORMAZIONE<\/strong><\/h3>\n<p><em>ATTENZIONE: LA NUOVA APP PER IOS-IPHONE<\/em><\/p>\n<div>\n<div><a href=\"https:\/\/apps.apple.com\/it\/app\/radio-pi%C3%B9-emittente-agordina\/id1515939845\">https:\/\/apps.apple.com\/it\/app\/radio-pi%C3%B9-emittente-agordina\/id1515939845<\/a><\/div>\n<\/div>\n<div><\/div>\n<div>\n<div dir=\"auto\"><em>ATTENZIONE: LA NUOVA APP RADIO\u00a0 PER ANDROID<\/em><\/div>\n<\/div>\n<p><a href=\"https:\/\/play.google.com\/store\/apps\/details?id=net.radiopiu.iniko\" target=\"_blank\" rel=\"noopener noreferrer\">https:\/\/play.google.com\/store\/apps\/details?id=net.radiopiu.iniko \u00a0<\/a><\/p>\n<p>&nbsp;<\/p>\n<hr \/>\n<p><strong><a class=\"dt-pswp-item\" href=\"https:\/\/www.radiopiu.net\/wordpress\/wp-content\/uploads\/2020\/07\/5-giugno-2016-scaled.jpg\" data-dt-img-description=\"\" data-large_image_width=\"2560\" data-large_image_height=\"1920\"><img loading=\"lazy\" decoding=\"async\" class=\"size-medium wp-image-152435 alignleft\" src=\"https:\/\/www.radiopiu.net\/wordpress\/wp-content\/uploads\/2020\/07\/5-giugno-2016-300x225.jpg\" alt=\"\" width=\"300\" height=\"225\" srcset=\"https:\/\/www.radiopiu.net\/wordpress\/wp-content\/uploads\/2020\/07\/5-giugno-2016-300x225.jpg 300w, https:\/\/www.radiopiu.net\/wordpress\/wp-content\/uploads\/2020\/07\/5-giugno-2016-1024x768.jpg 1024w, https:\/\/www.radiopiu.net\/wordpress\/wp-content\/uploads\/2020\/07\/5-giugno-2016-768x576.jpg 768w, https:\/\/www.radiopiu.net\/wordpress\/wp-content\/uploads\/2020\/07\/5-giugno-2016-1536x1152.jpg 1536w, https:\/\/www.radiopiu.net\/wordpress\/wp-content\/uploads\/2020\/07\/5-giugno-2016-2048x1536.jpg 2048w\" sizes=\"auto, (max-width: 300px) 100vw, 300px\" \/><\/a>VOLTAGO\u00a0 domani alle 14.30 i funerali al campo di calcio di<\/p>\n<p><\/strong><\/p>\n<p>&nbsp;<\/p>\n<p>&nbsp;<\/p>\n<p>&nbsp;<\/p>\n<p>&nbsp;<\/p>\n<p>&nbsp;<\/p>\n<p>DON FABIANO DEL FAVERO<\/p>\n<audio class=\"wp-audio-shortcode\" id=\"audio-152349-1\" preload=\"none\" style=\"width: 100%;\" controls=\"controls\"><source type=\"audio\/mpeg\" src=\"https:\/\/www.radiopiu.net\/wordpress\/wp-content\/uploads\/2020\/07\/FABIANO-1.mp3?_=1\" \/><a href=\"https:\/\/www.radiopiu.net\/wordpress\/wp-content\/uploads\/2020\/07\/FABIANO-1.mp3\">https:\/\/www.radiopiu.net\/wordpress\/wp-content\/uploads\/2020\/07\/FABIANO-1.mp3<\/a><\/audio>\n<p><strong>foto GIOVANNI DAL COL Alan il primo da destra con gli amici del calcio Voltago una delle sue tante passioni\u00a0<\/strong><\/p>\n<p>&nbsp;<\/p>\n<p>&nbsp;<\/p>\n<p>&nbsp;<\/p>\n<hr \/>\n<blockquote>\n<h3>DA CANALE D&#8217;AGORDO BIGLIETTO D&#8217;AUGURI PER MARIA PAOLIN<\/h3>\n<\/blockquote>\n<p><strong><a class=\"dt-pswp-item\" href=\"https:\/\/www.radiopiu.net\/wordpress\/wp-content\/uploads\/2020\/07\/2f40435d-d60f-4408-94d7-bab2e12277cb.jpg\" data-dt-img-description=\"\" data-large_image_width=\"1200\" data-large_image_height=\"1600\"><img loading=\"lazy\" decoding=\"async\" class=\"size-medium wp-image-152498 alignleft\" src=\"https:\/\/www.radiopiu.net\/wordpress\/wp-content\/uploads\/2020\/07\/2f40435d-d60f-4408-94d7-bab2e12277cb-225x300.jpg\" alt=\"\" width=\"225\" height=\"300\" srcset=\"https:\/\/www.radiopiu.net\/wordpress\/wp-content\/uploads\/2020\/07\/2f40435d-d60f-4408-94d7-bab2e12277cb-225x300.jpg 225w, https:\/\/www.radiopiu.net\/wordpress\/wp-content\/uploads\/2020\/07\/2f40435d-d60f-4408-94d7-bab2e12277cb-768x1024.jpg 768w, https:\/\/www.radiopiu.net\/wordpress\/wp-content\/uploads\/2020\/07\/2f40435d-d60f-4408-94d7-bab2e12277cb-1152x1536.jpg 1152w, https:\/\/www.radiopiu.net\/wordpress\/wp-content\/uploads\/2020\/07\/2f40435d-d60f-4408-94d7-bab2e12277cb.jpg 1200w\" sizes=\"auto, (max-width: 225px) 100vw, 225px\" \/><\/a>CANALE D&#8217;AGORDO\u00a0<\/strong>Alla casa di riposo di Pedavena Padre Kolbe, Maria Paolin\u00a0 \u00e8 stata festeggiata con una torta degna della sua storia: cent&#8217;anni di vita. Per questo primo secolo gli auguri del sindaco di Canale D&#8217;Agordo Flavio Colcergnan \u00a0a nome di tutto il paese.<\/p>\n<p>&nbsp;<\/p>\n<audio class=\"wp-audio-shortcode\" id=\"audio-152349-2\" preload=\"none\" style=\"width: 100%;\" controls=\"controls\"><source type=\"audio\/mpeg\" src=\"https:\/\/www.radiopiu.net\/wordpress\/wp-content\/uploads\/2020\/07\/AUGURI-MARIA.mp3?_=2\" \/><a href=\"https:\/\/www.radiopiu.net\/wordpress\/wp-content\/uploads\/2020\/07\/AUGURI-MARIA.mp3\">https:\/\/www.radiopiu.net\/wordpress\/wp-content\/uploads\/2020\/07\/AUGURI-MARIA.mp3<\/a><\/audio>\n<p>&nbsp;<\/p>\n<hr \/>\n<h3>LO SCIPPO CONTINUA<br \/>\nLa Granfondo della Val Rendena usa le foto delle Dolomiti Bellunesi<br \/>\n<a class=\"dt-pswp-item\" href=\"https:\/\/www.radiopiu.net\/wordpress\/wp-content\/uploads\/2020\/07\/6d9ea461-20d3-450f-9240-5dc09fdb26bd.jpg\" data-dt-img-description=\"\" data-large_image_width=\"1440\" data-large_image_height=\"720\"><img loading=\"lazy\" decoding=\"async\" class=\"alignnone size-medium wp-image-152456\" src=\"https:\/\/www.radiopiu.net\/wordpress\/wp-content\/uploads\/2020\/07\/6d9ea461-20d3-450f-9240-5dc09fdb26bd-300x150.jpg\" alt=\"\" width=\"300\" height=\"150\" srcset=\"https:\/\/www.radiopiu.net\/wordpress\/wp-content\/uploads\/2020\/07\/6d9ea461-20d3-450f-9240-5dc09fdb26bd-300x150.jpg 300w, https:\/\/www.radiopiu.net\/wordpress\/wp-content\/uploads\/2020\/07\/6d9ea461-20d3-450f-9240-5dc09fdb26bd-1024x512.jpg 1024w, https:\/\/www.radiopiu.net\/wordpress\/wp-content\/uploads\/2020\/07\/6d9ea461-20d3-450f-9240-5dc09fdb26bd-768x384.jpg 768w, https:\/\/www.radiopiu.net\/wordpress\/wp-content\/uploads\/2020\/07\/6d9ea461-20d3-450f-9240-5dc09fdb26bd.jpg 1440w\" sizes=\"auto, (max-width: 300px) 100vw, 300px\" \/><\/a><\/h3>\n<p>NOTIZIA ORIGINALE <span style=\"color: #0000ff;\"><a style=\"color: #0000ff;\" href=\"https:\/\/www.instagram.com\/p\/CDTjzZhIsTT\/?igshid=4eyg087lb7uw&amp;fbclid=IwAR1QP-aNtexuzBDUrZGRFvP_8t_XjYQQqlp_PAq14ceX_2vcAvO_Zww2RC4\">CLICCA QUI\u00a0<\/a><\/span><\/p>\n<p>&nbsp;<\/p>\n<hr \/>\n<div class=\"page-title-head hgroup\"><\/div>\n<p><strong>SAN TOMASO AGORDINO<\/strong> nelle LOCALITA&#8217; ROI E COSTA l&#8217;acqua erogata dall&#8217;acquedotto non \u00e8 potabile e non pu\u00f2 essere usata per scopi alimentari. Verr\u00e0 effettuato servizio sostitutivo con autobotte.<\/p>\n<p><strong>TAIBON<\/strong> Per lavori alla rete idrica comunale, MARTEDI\u00a0 dalle 8 a fine lavori, verr\u00e0 sospesa l\u2019erogazione dell\u2019acqua a in LOCALITA&#8217; SOCCOL.<\/p>\n<p><span style=\"color: #ff0000;\">INFORMAZIONI DALL&#8217;ISTITUTO FOLLADOR DE ROSSI\u00a0<\/span> <strong>AGORDO<\/strong> Si ricorda che, ai fini della costituzione delle graduatorie provinciali, nonch\u00e9 delle correlate graduatorie d&#8217;Istituto, per le nomine a tempo determinato del personale docente ed educativo per il biennio 20-21 e 21-22 la scadenza \u00e8 fissata al 6 agosto alle 23.59. Gli aspiranti dovranno presentare istanza di partecipazione in modalit\u00e0 telematica attraverso l&#8217;applicazione &#8220;Istanze on line&#8221; del Ministero dell&#8217;Istruzione.<\/p>\n<p>&nbsp;<\/p>\n<hr \/>\n<p>&nbsp;<\/p>\n<blockquote>\n<h3>ALPINISTA IN GRAVI CONDIZIONI SULLE TRE CIME, AD AGORDO UN UOMO RESTA INTRAPPOLATO TRA GLI SCHIANTI DI VAIA. ELICOTTERO IN VOLO SULLE COMELLE PER UNA CAVIGLIA SLOGATA<\/h3>\n<\/blockquote>\n<p><strong><a class=\"dt-pswp-item\" href=\"https:\/\/www.radiopiu.net\/wordpress\/wp-content\/uploads\/2020\/04\/salt_20190914_170959_414.jpg\" data-dt-img-description=\"\" data-large_image_width=\"1240\" data-large_image_height=\"930\"><img loading=\"lazy\" decoding=\"async\" class=\"size-medium wp-image-129119 alignleft\" src=\"https:\/\/www.radiopiu.net\/wordpress\/wp-content\/uploads\/2020\/04\/salt_20190914_170959_414-300x225.jpg\" alt=\"\" width=\"300\" height=\"225\" srcset=\"https:\/\/www.radiopiu.net\/wordpress\/wp-content\/uploads\/2020\/04\/salt_20190914_170959_414-300x225.jpg 300w, https:\/\/www.radiopiu.net\/wordpress\/wp-content\/uploads\/2020\/04\/salt_20190914_170959_414-1024x768.jpg 1024w, https:\/\/www.radiopiu.net\/wordpress\/wp-content\/uploads\/2020\/04\/salt_20190914_170959_414-768x576.jpg 768w, https:\/\/www.radiopiu.net\/wordpress\/wp-content\/uploads\/2020\/04\/salt_20190914_170959_414.jpg 1240w\" sizes=\"auto, (max-width: 300px) 100vw, 300px\" \/><\/a>AURONZO DI CADORE\u00a0<\/strong>Dopo aver ultimato la Ferrata Roghel, vi aveva pernottato un escursionista che per un leggero malore non era pi\u00f9 in grado di proseguire il suo cammino. L&#8217;uomo, G.R., 64 anni, di Parma, \u00e8 stato recuperato e trasportato per accertamenti all&#8217;ospedale di Belluno.<\/p>\n<p><strong>AGORDO\u00a0<\/strong>Un cercatore di funghi che, dopo essere avanzato superando alberi abbattuti, era rimasto bloccato dagli schianti di Vaia tra la Valcozzena e Voltago Agordino. Dopo averlo geolocalizzato, una squadra ha raggiunto E.S., 66 anni, di Agordo (BL), e lo ha riaccompagnato sulla strada.<\/p>\n<p><strong><a class=\"dt-pswp-item\" href=\"https:\/\/www.radiopiu.net\/wordpress\/wp-content\/uploads\/2020\/07\/salt_20200731_192725_012_resized.jpg\" data-dt-img-description=\"\" data-large_image_width=\"886\" data-large_image_height=\"1182\"><img loading=\"lazy\" decoding=\"async\" class=\"size-medium wp-image-152519 alignright\" src=\"https:\/\/www.radiopiu.net\/wordpress\/wp-content\/uploads\/2020\/07\/salt_20200731_192725_012_resized-225x300.jpg\" alt=\"\" width=\"225\" height=\"300\" srcset=\"https:\/\/www.radiopiu.net\/wordpress\/wp-content\/uploads\/2020\/07\/salt_20200731_192725_012_resized-225x300.jpg 225w, https:\/\/www.radiopiu.net\/wordpress\/wp-content\/uploads\/2020\/07\/salt_20200731_192725_012_resized-768x1025.jpg 768w, https:\/\/www.radiopiu.net\/wordpress\/wp-content\/uploads\/2020\/07\/salt_20200731_192725_012_resized.jpg 886w\" sizes=\"auto, (max-width: 225px) 100vw, 225px\" \/><\/a>CORTINA\u00a0<\/strong>Sono gravi le condizioni di un&#8217;alpinista volata per una ventina di metri sul settimo tiro della Via Hegger, sulla Piccola delle Tre Cime di Lavaredo. Prima di cordata, dopo la caduta I.O., 25 anni, di Milano, \u00e8 stata portata in sosta dai due compagni, che hanno lanciato l&#8217;allarme attorno a mezzogiorno e mezza. Individuato il punto in cui si trovavano i rocciatori, l&#8217;elicottero del Suem di Pieve di Cadore ha provveduto al recupero della giovane, avvenuto con un verricello di 95 metri. La ragazza, che aveva riportato un possibile grave politrauma, \u00e8 stata trasportata all&#8217;ospedale di Belluno. In seguito l&#8217;eliambulanza \u00e8 poi tornata e ha imbarcato anche i due compagni rimasti in parete. Pronta a intervenire in supporto alle operazioni anche una squadra del Sagf. L&#8217;elicottero \u00e8 infine stato inviato dalla Centrale del Suem a Cortina d&#8217;Ampezzo. Ultimata la Ferrata di Punta Anna, padre e figlia tedeschi, di 45 e 16 anni, erano saliti sulla Cima della Tofana di Mezzo, ma al momento di rientrare la ragazza era stata colta da una crisi di paura in un tratto franato. I due sono stati imbarcati e lasciati al Rifugio Giussani.<\/p>\n<p><strong>CANALE D&#8217;AGORDO<\/strong>\u00a0Un escursionista, mentre da solo stava scendendo dal Rifugio Rosetta verso la Val di Gares, ha messo male un piede. E.G., 25 anni, di Adrano (CT),\u00a0 ha riportato un\u00a0 trauma di una caviglia, \u00e8 stato individuato dell&#8217;equipaggio e recuperato con un verricello di 10 metri, per essere trasportato all&#8217;ospedale di Agordo.<\/p>\n<p><strong>AURONZO<\/strong>\u00a0 Sul sentiero numero 348 del Vallon dei Cadorini, un escursionista di Parma, di 66 anni, con due amici ha\u00a0 \u00a0percorso il sentiero Olivato, scendendo si \u00e8\u00a0 sentito poco bene. Caricato a bordo con un verricello di una quindicina di metri,\u00a0 \u00e8 stato accompagnato all&#8217;ospedale di Pieve di Cadore.<\/p>\n<p>&nbsp;<\/p>\n<hr \/>\n<p>&nbsp;<\/p>\n<div class=\"page-title-head hgroup\">\n<blockquote>\n<h3 class=\"entry-title\">RUBA IL TELEFONO, SCOPERTO PICCHIA LA PROPRIETARIA<\/h3>\n<\/blockquote>\n<\/div>\n<p class=\"page-title-breadcrumbs\"><strong class=\"photoswipe-wrapper\"><img loading=\"lazy\" decoding=\"async\" class=\"size-medium wp-image-18043 alignleft jetpack-lazy-image jetpack-lazy-image--handled\" src=\"https:\/\/i2.wp.com\/www.radiopiu.net\/wordpress\/wp-content\/uploads\/2016\/03\/posto-di-blocco-Carabinieri-provincia-di-Cuneo1.jpg?resize=300%2C169&amp;ssl=1\" sizes=\"auto, (max-width: 300px) 100vw, 300px\" srcset=\"https:\/\/i2.wp.com\/www.radiopiu.net\/wordpress\/wp-content\/uploads\/2016\/03\/posto-di-blocco-Carabinieri-provincia-di-Cuneo1.jpg?resize=300%2C169&amp;ssl=1 300w, https:\/\/i2.wp.com\/www.radiopiu.net\/wordpress\/wp-content\/uploads\/2016\/03\/posto-di-blocco-Carabinieri-provincia-di-Cuneo1.jpg?resize=768%2C432&amp;ssl=1 768w, https:\/\/i2.wp.com\/www.radiopiu.net\/wordpress\/wp-content\/uploads\/2016\/03\/posto-di-blocco-Carabinieri-provincia-di-Cuneo1.jpg?w=989&amp;ssl=1 989w\" alt=\"\" width=\"300\" height=\"169\" data-recalc-dims=\"1\" data-lazy-loaded=\"1\" \/>BORGO VALBELLUNA\u00a0 <\/strong>Un ventenne\u00a0 di Borgo Valbelluna ruba il cellulare ad una coetanea fatto di per se\u2019 gi\u00e0 grave, poi peggiora la sua posizione scagliandosi contro la ragazza diciottenne\u00a0 procurandogli lesioni guaribili in una decina di giorni. I Carabinieri di Sedico hanno dato un nome all\u2019autore del gesto al termine dell\u2019attivit\u00e0 investigativa e hanno deferito alla Procura della Repubblica S.M. per rapina impropia,\u00a0 nella notte dello scorso 9 luglio nel piazzale delle scuole elementari di Sedico\u00a0 ha rubato un telefono da una borsetta. Scoperto\u00a0 ha reagito contro la ragazza. Grazie all\u2019intervento dei Carabinieri l\u2019apparecchio telefonico \u00e8 stato restituito alla legittima proprietaria.<\/p>\n<p>&nbsp;<\/p>\n<p>&nbsp;<\/p>\n<hr \/>\n<p>&nbsp;<\/p>\n<div class=\"page-title-head hgroup\">\n<blockquote>\n<h3 class=\"entry-title\">FURTO IN ABITAZIONE A MEL<\/h3>\n<\/blockquote>\n<\/div>\n<p class=\"page-title-breadcrumbs\"><strong class=\"photoswipe-wrapper\"><img loading=\"lazy\" decoding=\"async\" class=\" wp-image-22568 alignleft jetpack-lazy-image jetpack-lazy-image--handled\" src=\"https:\/\/i1.wp.com\/www.radiopiu.net\/wordpress\/wp-content\/uploads\/2016\/08\/carabinieri-6-2.jpg?resize=300%2C204&amp;ssl=1\" sizes=\"auto, (max-width: 300px) 100vw, 300px\" srcset=\"https:\/\/i1.wp.com\/www.radiopiu.net\/wordpress\/wp-content\/uploads\/2016\/08\/carabinieri-6-2.jpg?resize=300%2C204&amp;ssl=1 300w, https:\/\/i1.wp.com\/www.radiopiu.net\/wordpress\/wp-content\/uploads\/2016\/08\/carabinieri-6-2.jpg?resize=768%2C523&amp;ssl=1 768w, https:\/\/i1.wp.com\/www.radiopiu.net\/wordpress\/wp-content\/uploads\/2016\/08\/carabinieri-6-2.jpg?w=1000&amp;ssl=1 1000w\" alt=\"\" width=\"106\" height=\"72\" data-recalc-dims=\"1\" data-lazy-loaded=\"1\" \/>BORGO VALBELLUNA<\/strong> I Carabinieri del Norm di Belluno indagano per un furto\u00a0 presso un\u2019abitazione di Mel dove, in assenza dei proprietari tra le 8 e le 14,\u00a0 ignoti si sono introdotti dopo l\u2019effrazione di una porta rubando monili in oro per un valore di 150 euro.<\/p>\n<p>&nbsp;<\/p>\n<p>&nbsp;<\/p>\n<p>&nbsp;<\/p>\n<hr \/>\n<p>&nbsp;<\/p>\n<blockquote>\n<h3>METEO. PROSEGUE LO STATO DI ATTENZIONE NEL BELLUNESE PER TEMPORALI INTENSI<\/h3>\n<\/blockquote>\n<p><strong>VENEZIA<\/strong>\u00a0 Il Centro funzionale decentrato della Protezione Civile del Veneto, in considerazione delle previsioni meteo, ha emesso un avviso di criticit\u00e0 idrogeologica ed idraulica che conferma la possibilit\u00e0 di forti temporali nel Bellunese fino alla mezzanotte. Si segnala la possibilit\u00e0 d\u2019innesco di fenomeni franosi superficiali sui versanti, e la possibilit\u00e0 di innesco di colate rapide, specie nella zona di allertamento.<\/p>\n<p>&nbsp;<\/p>\n<hr \/>\n<blockquote>\n<h3><\/h3>\n<h3>NUOVA COLATA DETRITICA SULLA 48 DELLE DOLOMITI A PASSO PORDOI<\/h3>\n<\/blockquote>\n<p><strong><img loading=\"lazy\" decoding=\"async\" class=\"alignleft\" src=\"https:\/\/www.radiopiu.net\/wordpress\/wp-content\/uploads\/2020\/07\/aa733f2a-8176-4c0e-903f-db3359ccf00f.jpg\" width=\"210\" height=\"118\" \/>LIVINALLONGO<\/strong> E&#8217; successo di nuovo, un&#8217;altra colata sulla strada per il Pordoi, la terza in pochi giorni nella stessa area con fenomeni temporaleschi di breve intensit\u00e0. Necessario l&#8217;intervento di somma urgenza come precisato dal sindaco Leandro Grones che ricorda l&#8217;episodio delle scorso anno con la colata che aveva interessato alcuni motociclisti. Diversamente da allora (strada chiusa per giorni) la rotabile per il Pordoi \u00e8 stata aperta nella notte dagli uomini di Veneto Strade<\/p>\n<audio class=\"wp-audio-shortcode\" id=\"audio-152349-3\" preload=\"none\" style=\"width: 100%;\" controls=\"controls\"><source type=\"audio\/mpeg\" src=\"https:\/\/www.radiopiu.net\/wordpress\/wp-content\/uploads\/2020\/07\/LEANDRO.mp3?_=3\" \/><a href=\"https:\/\/www.radiopiu.net\/wordpress\/wp-content\/uploads\/2020\/07\/LEANDRO.mp3\">https:\/\/www.radiopiu.net\/wordpress\/wp-content\/uploads\/2020\/07\/LEANDRO.mp3<\/a><\/audio>\n<p>&nbsp;<\/p>\n<p>&nbsp;<\/p>\n<hr \/>\n<blockquote>\n<h3><\/h3>\n<h3>STATO DI EMERGENZA PER AURONZO E CANALE D&#8217;AGORDO<\/h3>\n<\/blockquote>\n<p><strong><img loading=\"lazy\" decoding=\"async\" class=\"alignleft\" src=\"https:\/\/www.radiopiu.net\/wordpress\/wp-content\/uploads\/2020\/07\/116344439_4183338088374204_8578926931693027575_n.jpg\" width=\"147\" height=\"110\" \/>VENEZIA<\/strong> Gi\u00e0 firmata dal presidente Luca Zaia ed inviata\u00a0 la richiesta dello stato di emergenza per gli eventi nei comuni di Auronzo, Canale d&#8217;Agordo. <em>&#8220;Confermo -assicura l&#8217;assessore Gianpaolo Bottacin &#8211;\u00a0 che partiranno interventi da parte dei servizi Forestali della Regione sia a Canale che ad Auronzo. Saranno interventi di consolidamento, pulizia, ricalibratura e rallentamento trasporto solido&#8221;<\/em> E dopo la colata detritica lungo la regionale 48 per Passo Pordoi \u00e8 previsto un intervento dei Forestali.\u00a0 Sopralluoghi gi\u00e0 effettuati.<\/p>\n<p>&nbsp;<\/p>\n<hr \/>\n<p>&nbsp;<\/p>\n<blockquote>\n<h3>LAVORI DI SOMMA URGENZA DOPO IL MALTEMPO DI MERCOLED\u00cc SERA A GARES<\/h3>\n<\/blockquote>\n<p><a class=\"dt-pswp-item\" href=\"https:\/\/www.radiopiu.net\/wordpress\/wp-content\/uploads\/2020\/07\/388b7ee2-e55d-48e1-a2bb-c7677724d787.jpg\" data-dt-img-description=\"\" data-large_image_width=\"1600\" data-large_image_height=\"1200\"><img loading=\"lazy\" decoding=\"async\" class=\"size-medium wp-image-152168 alignleft\" src=\"https:\/\/www.radiopiu.net\/wordpress\/wp-content\/uploads\/2020\/07\/388b7ee2-e55d-48e1-a2bb-c7677724d787-300x225.jpg\" alt=\"\" width=\"300\" height=\"225\" srcset=\"https:\/\/www.radiopiu.net\/wordpress\/wp-content\/uploads\/2020\/07\/388b7ee2-e55d-48e1-a2bb-c7677724d787-300x225.jpg 300w, https:\/\/www.radiopiu.net\/wordpress\/wp-content\/uploads\/2020\/07\/388b7ee2-e55d-48e1-a2bb-c7677724d787-1024x768.jpg 1024w, https:\/\/www.radiopiu.net\/wordpress\/wp-content\/uploads\/2020\/07\/388b7ee2-e55d-48e1-a2bb-c7677724d787-768x576.jpg 768w, https:\/\/www.radiopiu.net\/wordpress\/wp-content\/uploads\/2020\/07\/388b7ee2-e55d-48e1-a2bb-c7677724d787-1536x1152.jpg 1536w, https:\/\/www.radiopiu.net\/wordpress\/wp-content\/uploads\/2020\/07\/388b7ee2-e55d-48e1-a2bb-c7677724d787.jpg 1600w\" sizes=\"auto, (max-width: 300px) 100vw, 300px\" \/><\/a>di Gianni Santomaso<\/p>\n<audio class=\"wp-audio-shortcode\" id=\"audio-152349-4\" preload=\"none\" style=\"width: 100%;\" controls=\"controls\"><source type=\"audio\/mpeg\" src=\"https:\/\/www.radiopiu.net\/wordpress\/wp-content\/uploads\/2020\/07\/GIANNI-LAVORI-URGENTI-GARES.mp3?_=4\" \/><a href=\"https:\/\/www.radiopiu.net\/wordpress\/wp-content\/uploads\/2020\/07\/GIANNI-LAVORI-URGENTI-GARES.mp3\">https:\/\/www.radiopiu.net\/wordpress\/wp-content\/uploads\/2020\/07\/GIANNI-LAVORI-URGENTI-GARES.mp3<\/a><\/audio>\n<p>&nbsp;<\/p>\n<hr \/>\n<blockquote>\n<h3>UNIONE MONTANA E VALPE RIDUCONO LE TARIFFE PER LE AZIENDE IN DIFFICOLTA&#8217;, VALE ANCHE PER SEDICO<\/h3>\n<\/blockquote>\n<p><strong><a class=\"dt-pswp-item\" href=\"https:\/\/www.radiopiu.net\/wordpress\/wp-content\/uploads\/2018\/10\/logo-valpe-verticale.jpg\" data-dt-img-description=\"\" data-large_image_width=\"370\" data-large_image_height=\"367\"><img loading=\"lazy\" decoding=\"async\" class=\" wp-image-65542 alignleft\" src=\"https:\/\/www.radiopiu.net\/wordpress\/wp-content\/uploads\/2018\/10\/logo-valpe-verticale-300x298.jpg\" alt=\"\" width=\"115\" height=\"114\" srcset=\"https:\/\/www.radiopiu.net\/wordpress\/wp-content\/uploads\/2018\/10\/logo-valpe-verticale-300x298.jpg 300w, https:\/\/www.radiopiu.net\/wordpress\/wp-content\/uploads\/2018\/10\/logo-valpe-verticale-150x150.jpg 150w, https:\/\/www.radiopiu.net\/wordpress\/wp-content\/uploads\/2018\/10\/logo-valpe-verticale.jpg 370w\" sizes=\"auto, (max-width: 115px) 100vw, 115px\" \/><\/a>AGORDO<\/strong> Come gi\u00e0 anticipato nel recente consiglio dell&#8217;unione Montana sono state approvate all&#8217;unanimit\u00e0 da tutti i 16 Comuni le riduzioni tariffarie 2020 per le aziende del territorio, in difficolt\u00e0 a causa dell\u2019emergenza Covid-19.\u00a0 Un concreto sostegno alle aziende del territorio. Le riduzioni sono rivolte a tutte le aziende che hanno chiuso del tutto anche solo temporaneamente la propria attivit\u00e0 a causa dell\u2019emergenza sanitaria. Per il periodo di chiusura, a queste utenze non domestiche dell\u2019Unione Montana Agordina verr\u00e0 azzerata la tariffa variabile per tutti i servizi di raccolta legati ai rifiuti riciclabili: carta, umido e vetro-plastica-lattine, ma anche per i servizi a richiesta, come l\u2019accesso all\u2019Ecocentro. Per il secco non riciclabile, le riduzioni sono automatiche: se non si svuota il bidone, non si paga. Non verranno imputati gli svuotamenti minimi, non solo per il periodo di chiusura bens\u00ec per tutto l\u2019anno. Le aziende potranno richiedere le agevolazioni tariffarie tramite l\u2019apposito modulo scaricabile dalla sezione TARIFFE presente sul sito <a href=\"http:\/\/www.valpembiente.it\">www.valpembiente.it<\/a>. Il modulo compilato e sottoscritto potr\u00e0 essere inoltrato via mail a info@valpeambiente.it oppure consegnato presso gli sportelli di Valpe Ambiente. Oltre alle misure di sostegno per le imprese, l\u2019Assemblea dei Sindaci ha approvato anche le tariffe per il servizio di gestione dei rifiuti valide per l\u2019anno 2020, i cui importi risultano invariati rispetto a quelle dello scorso anno.<\/p>\n<blockquote><p><strong><span style=\"color: #ff0000;\">LE STESSE MISURE ADOTTATE NELL&#8217;AGORDINO VALGONO ANCHE PER IL TERRITORIO COMUNALE DI SEDICO GRAZIE ALL&#8217;ACCORDO COMUNE-VALPE AMBIENT<\/span><\/strong><span style=\"color: #ff0000;\">E.<\/span><\/p><\/blockquote>\n<p>&nbsp;<\/p>\n<hr \/>\n<blockquote>\n<h3><\/h3>\n<h3>DISSERVIZI TELEFONI ANCHE IERI\u00a0 IN TERRITORIO FODOM<\/h3>\n<\/blockquote>\n<p><strong><img loading=\"lazy\" decoding=\"async\" class=\"alignleft\" src=\"https:\/\/www.radiopiu.net\/wordpress\/wp-content\/uploads\/2016\/07\/lipass-problemi-compagnie-telefoniche.jpg\" width=\"125\" height=\"122\" \/>LIVINALLONGO<\/strong> Ieri dopo il temporale della notte sono piovute le critiche a Telecom per l&#8217;assenza di segnale, oggi la storia si ripete in territorio Fodom: segnale Telecom assente nell\u2019area est del Comune di Livinallongo. Frazioni di Salesei e Andraz. Il sindaco disapprova e chiede un intervento urgente dei tecnici<\/p>\n<audio class=\"wp-audio-shortcode\" id=\"audio-152349-5\" preload=\"none\" style=\"width: 100%;\" controls=\"controls\"><source type=\"audio\/mpeg\" src=\"https:\/\/www.radiopiu.net\/wordpress\/wp-content\/uploads\/2020\/07\/LEANDRO-1.mp3?_=5\" \/><a href=\"https:\/\/www.radiopiu.net\/wordpress\/wp-content\/uploads\/2020\/07\/LEANDRO-1.mp3\">https:\/\/www.radiopiu.net\/wordpress\/wp-content\/uploads\/2020\/07\/LEANDRO-1.mp3<\/a><\/audio>\n<p>&nbsp;<\/p>\n<blockquote><p>&nbsp;<\/p><\/blockquote>\n<hr \/>\n<h3><\/h3>\n<blockquote>\n<h3>LA VIPERA NEL CIMITERO DI AGORDO, SELVA MORETTI INVITA A SFALCIARE IL PERIMETRO DEL CAMPO SANTO<\/h3>\n<\/blockquote>\n<p><strong><a class=\"dt-pswp-item\" href=\"https:\/\/www.radiopiu.net\/wordpress\/wp-content\/uploads\/2020\/07\/2f9d601d-3b13-41f5-98b0-3aaa110dbcdf.jpg\" data-dt-img-description=\"\" data-large_image_width=\"720\" data-large_image_height=\"960\"><img loading=\"lazy\" decoding=\"async\" class=\"size-medium wp-image-152479 alignleft\" src=\"https:\/\/www.radiopiu.net\/wordpress\/wp-content\/uploads\/2020\/07\/2f9d601d-3b13-41f5-98b0-3aaa110dbcdf-225x300.jpg\" alt=\"\" width=\"225\" height=\"300\" srcset=\"https:\/\/www.radiopiu.net\/wordpress\/wp-content\/uploads\/2020\/07\/2f9d601d-3b13-41f5-98b0-3aaa110dbcdf-225x300.jpg 225w, https:\/\/www.radiopiu.net\/wordpress\/wp-content\/uploads\/2020\/07\/2f9d601d-3b13-41f5-98b0-3aaa110dbcdf.jpg 720w\" sizes=\"auto, (max-width: 225px) 100vw, 225px\" \/><\/a><\/strong><\/p>\n<p>&nbsp;<\/p>\n<p>&nbsp;<\/p>\n<p><strong>AGORDO<\/strong> La foto pubblicata sui social di una vipera uccisa in prossimit\u00e0 del cimitero ha portato ad una riflessione del consigliere Paolo Selva Moretti. Nel recente consiglio comunale la risposta del sindaco Roberto Chissal\u00e8.<\/p>\n<audio class=\"wp-audio-shortcode\" id=\"audio-152349-6\" preload=\"none\" style=\"width: 100%;\" controls=\"controls\"><source type=\"audio\/mpeg\" src=\"https:\/\/www.radiopiu.net\/wordpress\/wp-content\/uploads\/2020\/07\/PAOLO-VIPERA.mp3?_=6\" \/><a href=\"https:\/\/www.radiopiu.net\/wordpress\/wp-content\/uploads\/2020\/07\/PAOLO-VIPERA.mp3\">https:\/\/www.radiopiu.net\/wordpress\/wp-content\/uploads\/2020\/07\/PAOLO-VIPERA.mp3<\/a><\/audio>\n<p>&nbsp;<\/p>\n<p><strong>IL SERVIZIO DI GIANNI SANTOMASO DAL CORRIERE DELLE ALPI<\/strong><\/p>\n<audio class=\"wp-audio-shortcode\" id=\"audio-152349-7\" preload=\"none\" style=\"width: 100%;\" controls=\"controls\"><source type=\"audio\/mpeg\" src=\"https:\/\/www.radiopiu.net\/wordpress\/wp-content\/uploads\/2020\/07\/GIANNI-VIPERA-CIMITERO.mp3?_=7\" \/><a href=\"https:\/\/www.radiopiu.net\/wordpress\/wp-content\/uploads\/2020\/07\/GIANNI-VIPERA-CIMITERO.mp3\">https:\/\/www.radiopiu.net\/wordpress\/wp-content\/uploads\/2020\/07\/GIANNI-VIPERA-CIMITERO.mp3<\/a><\/audio>\n<p>&nbsp;<\/p>\n<hr \/>\n<p>&nbsp;<\/p>\n<blockquote>\n<h3>DURANTE I LAVORI POST VAIA COMPAIONO DELLE VECCHIE ARCE NEL CORDEVOLE<\/h3>\n<\/blockquote>\n<p>di Gianni Santomaso<\/p>\n<audio class=\"wp-audio-shortcode\" id=\"audio-152349-8\" preload=\"none\" style=\"width: 100%;\" controls=\"controls\"><source type=\"audio\/mpeg\" src=\"https:\/\/www.radiopiu.net\/wordpress\/wp-content\/uploads\/2020\/07\/GIANNI-ARCE-CORDEVOLE.mp3?_=8\" \/><a href=\"https:\/\/www.radiopiu.net\/wordpress\/wp-content\/uploads\/2020\/07\/GIANNI-ARCE-CORDEVOLE.mp3\">https:\/\/www.radiopiu.net\/wordpress\/wp-content\/uploads\/2020\/07\/GIANNI-ARCE-CORDEVOLE.mp3<\/a><\/audio>\n<p>&nbsp;<\/p>\n\n\t\t\t<style type='text\/css'>\n\t\t\t\t#gallery-1 {\n\t\t\t\t\tmargin: auto;\n\t\t\t\t}\n\t\t\t\t#gallery-1 .gallery-item {\n\t\t\t\t\tfloat: left;\n\t\t\t\t\tmargin-top: 10px;\n\t\t\t\t\ttext-align: center;\n\t\t\t\t\twidth: 33%;\n\t\t\t\t}\n\t\t\t\t#gallery-1 img {\n\t\t\t\t\tborder: 2px solid #cfcfcf;\n\t\t\t\t}\n\t\t\t\t#gallery-1 .gallery-caption {\n\t\t\t\t\tmargin-left: 0;\n\t\t\t\t}\n\t\t\t\t\/* see gallery_shortcode() in wp-includes\/media.php *\/\n\t\t\t<\/style>\n\t\t<div id='gallery-1' class='dt-gallery-container gallery galleryid-152349 gallery-columns-3 gallery-size-medium'><dl class='gallery-item'>\n\t\t\t\t<dt class='gallery-icon landscape'>\n\t\t\t\t\t<a class=\"rollover rollover-zoom dt-pswp-item\" title=\"975b404b-9aae-4f05-afe0-5f9fcbd0b1da\" data-dt-img-description=\"\" data-large_image_width=\"1600\" data-large_image_height=\"1064\"href='https:\/\/www.radiopiu.net\/wordpress\/wp-content\/uploads\/2020\/07\/975b404b-9aae-4f05-afe0-5f9fcbd0b1da.jpg'><img loading=\"lazy\" decoding=\"async\" width=\"300\" height=\"200\" src=\"https:\/\/www.radiopiu.net\/wordpress\/wp-content\/uploads\/2020\/07\/975b404b-9aae-4f05-afe0-5f9fcbd0b1da-300x200.jpg\" class=\"attachment-medium size-medium\" alt=\"\" srcset=\"https:\/\/www.radiopiu.net\/wordpress\/wp-content\/uploads\/2020\/07\/975b404b-9aae-4f05-afe0-5f9fcbd0b1da-300x200.jpg 300w, https:\/\/www.radiopiu.net\/wordpress\/wp-content\/uploads\/2020\/07\/975b404b-9aae-4f05-afe0-5f9fcbd0b1da-1024x681.jpg 1024w, https:\/\/www.radiopiu.net\/wordpress\/wp-content\/uploads\/2020\/07\/975b404b-9aae-4f05-afe0-5f9fcbd0b1da-768x511.jpg 768w, https:\/\/www.radiopiu.net\/wordpress\/wp-content\/uploads\/2020\/07\/975b404b-9aae-4f05-afe0-5f9fcbd0b1da-1536x1021.jpg 1536w, https:\/\/www.radiopiu.net\/wordpress\/wp-content\/uploads\/2020\/07\/975b404b-9aae-4f05-afe0-5f9fcbd0b1da.jpg 1600w\" sizes=\"auto, (max-width: 300px) 100vw, 300px\" \/><\/a>\n\t\t\t\t<\/dt><\/dl><dl class='gallery-item'>\n\t\t\t\t<dt class='gallery-icon landscape'>\n\t\t\t\t\t<a class=\"rollover rollover-zoom dt-pswp-item\" title=\"bff0c605-e6af-49f3-ab79-56aad83d929c\" data-dt-img-description=\"\" data-large_image_width=\"1600\" data-large_image_height=\"1064\"href='https:\/\/www.radiopiu.net\/wordpress\/wp-content\/uploads\/2020\/07\/bff0c605-e6af-49f3-ab79-56aad83d929c.jpg'><img loading=\"lazy\" decoding=\"async\" width=\"300\" height=\"200\" src=\"https:\/\/www.radiopiu.net\/wordpress\/wp-content\/uploads\/2020\/07\/bff0c605-e6af-49f3-ab79-56aad83d929c-300x200.jpg\" class=\"attachment-medium size-medium\" alt=\"\" srcset=\"https:\/\/www.radiopiu.net\/wordpress\/wp-content\/uploads\/2020\/07\/bff0c605-e6af-49f3-ab79-56aad83d929c-300x200.jpg 300w, https:\/\/www.radiopiu.net\/wordpress\/wp-content\/uploads\/2020\/07\/bff0c605-e6af-49f3-ab79-56aad83d929c-1024x681.jpg 1024w, https:\/\/www.radiopiu.net\/wordpress\/wp-content\/uploads\/2020\/07\/bff0c605-e6af-49f3-ab79-56aad83d929c-768x511.jpg 768w, https:\/\/www.radiopiu.net\/wordpress\/wp-content\/uploads\/2020\/07\/bff0c605-e6af-49f3-ab79-56aad83d929c-1536x1021.jpg 1536w, https:\/\/www.radiopiu.net\/wordpress\/wp-content\/uploads\/2020\/07\/bff0c605-e6af-49f3-ab79-56aad83d929c.jpg 1600w\" sizes=\"auto, (max-width: 300px) 100vw, 300px\" \/><\/a>\n\t\t\t\t<\/dt><\/dl><dl class='gallery-item'>\n\t\t\t\t<dt class='gallery-icon landscape'>\n\t\t\t\t\t<a class=\"rollover rollover-zoom dt-pswp-item\" title=\"34360a80-ee62-4930-bffd-67e3c079878a\" data-dt-img-description=\"\" data-large_image_width=\"1600\" data-large_image_height=\"1064\"href='https:\/\/www.radiopiu.net\/wordpress\/wp-content\/uploads\/2020\/07\/34360a80-ee62-4930-bffd-67e3c079878a.jpg'><img loading=\"lazy\" decoding=\"async\" width=\"300\" height=\"200\" src=\"https:\/\/www.radiopiu.net\/wordpress\/wp-content\/uploads\/2020\/07\/34360a80-ee62-4930-bffd-67e3c079878a-300x200.jpg\" class=\"attachment-medium size-medium\" alt=\"\" srcset=\"https:\/\/www.radiopiu.net\/wordpress\/wp-content\/uploads\/2020\/07\/34360a80-ee62-4930-bffd-67e3c079878a-300x200.jpg 300w, https:\/\/www.radiopiu.net\/wordpress\/wp-content\/uploads\/2020\/07\/34360a80-ee62-4930-bffd-67e3c079878a-1024x681.jpg 1024w, https:\/\/www.radiopiu.net\/wordpress\/wp-content\/uploads\/2020\/07\/34360a80-ee62-4930-bffd-67e3c079878a-768x511.jpg 768w, https:\/\/www.radiopiu.net\/wordpress\/wp-content\/uploads\/2020\/07\/34360a80-ee62-4930-bffd-67e3c079878a-1536x1021.jpg 1536w, https:\/\/www.radiopiu.net\/wordpress\/wp-content\/uploads\/2020\/07\/34360a80-ee62-4930-bffd-67e3c079878a.jpg 1600w\" sizes=\"auto, (max-width: 300px) 100vw, 300px\" \/><\/a>\n\t\t\t\t<\/dt><\/dl><br style=\"clear: both\" \/>\n\t\t\t<\/div>\n\n<hr \/>\n<p>&nbsp;<\/p>\n<blockquote>\n<h3>CICLISTI IN GALLERIA PRIVI DI DISPOSITIVI DI ILLUMINAZIONE<\/h3>\n<h3>di Luisa Manfroi<\/h3>\n<\/blockquote>\n<p><strong><img loading=\"lazy\" decoding=\"async\" class=\"alignleft\" src=\"https:\/\/www.radiopiu.net\/wordpress\/wp-content\/uploads\/2016\/07\/auto_travolge_ciclisti-H100430164134-U150954123022aG-290x271.jpg\" width=\"252\" height=\"188\" \/>CENCENIGHE <\/strong><span style=\"font-family: Arial, serif;\">Quando si passa in galleria, \u00e8 comune trovare a percorrerla anche ciclisti in sella alle loro biciclette. Nulla di male se la bicicletta <\/span><span style=\"color: #00000a;\"><span style=\"font-family: Arial, serif;\"><span style=\"font-size: medium;\"><span lang=\"it-IT\">\u00e8 dotata di <\/span><\/span><\/span><\/span><span style=\"font-family: Arial, serif;\">segnalazioni luminose, <\/span><span style=\"color: #00000a;\"><span style=\"font-family: Arial, serif;\"><span style=\"font-size: medium;\"><span lang=\"it-IT\">poich\u00e9<\/span><\/span><\/span><\/span><span style=\"font-family: Arial, serif;\"> l<\/span><span style=\"color: #00000a;\"><span style=\"font-family: Arial, serif;\"><span style=\"font-size: medium;\"><span lang=\"it-IT\">e gallerie Listolade \u2013 Cencenighe e quella delle Anime, possono essere percorse dalla bici visto che non esistono divieti di transito per questi mezzi.<\/span><\/span><\/span><\/span><span style=\"font-family: Arial, serif;\"> Diventa un problema e un rischio, invece, quando le bici <\/span><span style=\"color: #00000a;\"><span style=\"font-family: Arial, serif;\"><span style=\"font-size: medium;\"><span lang=\"it-IT\">sono senza<\/span><\/span><\/span><\/span><span style=\"font-family: Arial, serif;\"> segnalazione visiva. E lo \u00e8 spesso. Capita abitualmente di trovare in galleria, ciclisti il cui mezzo non \u00e8 affatto dotato <\/span><span style=\"color: #00000a;\"><span style=\"font-family: Arial, serif;\"><span style=\"font-size: medium;\"><span lang=\"it-IT\">dei dispositivi necessari <\/span><\/span><\/span><\/span><span style=\"font-family: Arial, serif;\">per essere visti, come prescrive il Codice della strada: faro anteriore bianco o giallo, faro e catarifrangente posteriore rosso, catarifrangenti gialli sui pedali e sulle ruote o sui lati e l\u2019obbligo di indossare<\/span><span style=\"color: #00000a;\"><span style=\"font-family: Arial, serif;\"><span style=\"font-size: medium;\"><span lang=\"it-IT\"> indumenti o bretelle riflettenti<\/span><\/span><\/span><\/span><span style=\"font-family: Arial, serif;\">. La situazione si complica quando le gallerie non sono perfettamente illuminate (come la galleria delle Anime) e <\/span><span style=\"color: #00000a;\"><span style=\"font-family: Arial, serif;\"><span style=\"font-size: medium;\"><span lang=\"it-IT\">i ciclisti<\/span><\/span><\/span><\/span><span style=\"font-family: Arial, serif;\"> si vedono all\u2019ultimo momento. <\/span><span style=\"color: #00000a;\"><span style=\"font-family: Arial, serif;\"><span style=\"font-size: medium;\"><span lang=\"it-IT\">Il dato evidente \u00e8 <\/span><\/span><\/span><\/span><span style=\"font-family: Arial, serif;\"> che in zona <\/span><span style=\"color: #00000a;\"><span style=\"font-family: Arial, serif;\"><span style=\"font-size: medium;\"><span lang=\"it-IT\">mancano<\/span><\/span><\/span><\/span><span style=\"font-family: Arial, serif;\"> piste ciclabili <\/span><span style=\"color: #00000a;\"><span style=\"font-family: Arial, serif;\"><span style=\"font-size: medium;\"><span lang=\"it-IT\">che possano evitare<\/span><\/span><\/span><\/span> <span style=\"color: #00000a;\"><span style=\"font-family: Arial, serif;\"><span style=\"font-size: medium;\"><span lang=\"it-IT\">ai ciclisti<\/span><\/span><\/span><\/span><span style=\"font-family: Arial, serif;\"> di fiondarsi in galleria. Come al solito, ci sono coloro che si attengono alle norme oltre che per una questione di principio anche per salvaguardare la propria incolumit\u00e0 e quella del prossimo; altri improvvisano, con il risultato di trovars<\/span><span style=\"color: #00000a;\"><span style=\"font-family: Arial, serif;\"><span style=\"font-size: medium;\"><span lang=\"it-IT\">i le bici<\/span><\/span><\/span><\/span><span style=\"font-family: Arial, serif;\"> in galleria senza alcuna <\/span><span style=\"color: #00000a;\"><span style=\"font-family: Arial, serif;\"><span style=\"font-size: medium;\"><span lang=\"it-IT\">indicazione<\/span><\/span><\/span><\/span><span style=\"font-family: Arial, serif;\"> luminosa. Una situazione complicata specialmente nei fine settimana d\u2019estate, quando il traffico \u00e8 notoriamente pi\u00f9 alto. Al momento, in assenza di <\/span><span style=\"color: #00000a;\"><span style=\"font-family: Arial, serif;\"><span style=\"font-size: medium;\"><span lang=\"it-IT\">tracciati ciclo-pedonali<\/span><\/span><\/span><\/span><span style=\"font-family: Arial, serif;\">, <\/span><span style=\"color: #00000a;\"><span style=\"font-family: Arial, serif;\"><span style=\"font-size: medium;\"><span lang=\"it-IT\">l\u2019alternativa<\/span><\/span><\/span><\/span><span style=\"font-family: Arial, serif;\"> \u00e8 <\/span><span style=\"color: #00000a;\"><span style=\"font-family: Arial, serif;\"><span style=\"font-size: medium;\"><span lang=\"it-IT\">utilizzare <\/span><\/span><\/span><\/span><span style=\"font-family: Arial, serif;\">strade secondarie. Ma <\/span><span style=\"color: #00000a;\"><span style=\"font-family: Arial, serif;\"><span style=\"font-size: medium;\"><span lang=\"it-IT\">pure<\/span><\/span><\/span><\/span><span style=\"font-family: Arial, serif;\"> in questo caso la situazione non \u00e8 delle migliori. L\u2019alluvione dell\u2019autunno di due anni fa ha reso impraticabili alcune strade che potevano <\/span><span style=\"color: #00000a;\"><span style=\"font-family: Arial, serif;\"><span style=\"font-size: medium;\"><span lang=\"it-IT\">costituire<\/span><\/span><\/span><\/span><span style=\"font-family: Arial, serif;\"> una valida alternativa alla galleria. \u00c8 il caso del vecchio tratto della regionale 203 che collegava Listolade a Morbiach <\/span><span style=\"color: #00000a;\"><span style=\"font-family: Arial, serif;\"><span style=\"font-size: medium;\"><span lang=\"it-IT\">rovinata <\/span><\/span><\/span><\/span><span style=\"font-family: Arial, serif;\">in alcuni punti dal Cordevole. S<\/span><span style=\"color: #00000a;\"><span style=\"font-family: Arial, serif;\"><span style=\"font-size: medium;\"><span lang=\"it-IT\">arebbe possibile evitare la galleria percorrendo il vecchio tronco parallelo alla galleria, ma c\u2019\u00e8 il divieto di transito. Per quella delle Anime esiste il tratto dismesso della SP 346 per\u00f2, in corrispondenza dello sbocco nord della galleria, ci si trova davanti le barriere jersey e il segnale di divieto. Quali allora le soluzioni ? Ai ciclisti temerari e indisciplinati, non rimane che seguire la normativa <\/span><\/span><\/span><\/span><span style=\"font-family: Arial, serif;\">del Codice della strada che parla chiaro in merito all<\/span><span style=\"color: #00000a;\"><span style=\"font-family: Arial, serif;\"><span style=\"font-size: medium;\"><span lang=\"it-IT\">\u2019obbligo<\/span><\/span><\/span><\/span><span style=\"font-family: Arial, serif;\"> di dotarsi di dispositivi di segnalazione, in condizioni di non perfetta luminosit\u00e0. Un richiamo al buon senso sarebbe un contributo alla sicurezza.<\/span><\/p>\n<blockquote><p>&nbsp;<\/p><\/blockquote>\n<hr \/>\n<blockquote>\n<h3><span style=\"color: #ff0000;\">ORMAI E&#8217; TARDI&#8230;<\/span><\/h3>\n<h3>NEVEGAL, CORRETTE LE PREOCCUPAZIONI DI FABIO RUFUS BRISTOT ED ERIKA DAL FARRA, LA SEGGIOVIA NON RIAPRE.<\/h3>\n<\/blockquote>\n<p><strong>BELLUNO<\/strong> Ieri pubblicavamo un documento pieno di perplessit\u00e0 dei due consiglieri comunali, una lettera inviata al sindaco Massaro che metteva in evidenza la possibilit\u00e0 della mancata riapertura della seggiovia del Nevegal&#8230; infatti non ripartir\u00e0 lo ha confermato la riunione del Consiglio comunale. Blocco all&#8217;immediata eseguibilit\u00e0 della variazione di bilancio che conteneva, tra le altre voci, anche i 50 mila euro riservati al rilancio della localit\u00e0, con le dimissioni dei 3 consiglieri di minoranza dalla Commissione Nevegal.<\/p>\n<p>&nbsp;<\/p>\n<hr \/>\n<p>&nbsp;<\/p>\n<blockquote>\n<h3>CONSULENTI DEL LAVORO, PROTESTA A ROMA\u00a0 E INCONTRO CON IL MINISTRO D&#8217;INCA&#8217;<\/h3>\n<\/blockquote>\n<p><strong><a class=\"dt-pswp-item\" href=\"https:\/\/www.radiopiu.net\/wordpress\/wp-content\/uploads\/2020\/07\/Innocenzo-Megali-scaled.jpg\" data-dt-img-description=\"\" data-large_image_width=\"2560\" data-large_image_height=\"1707\"><img loading=\"lazy\" decoding=\"async\" class=\"size-medium wp-image-152447 alignleft\" src=\"https:\/\/www.radiopiu.net\/wordpress\/wp-content\/uploads\/2020\/07\/Innocenzo-Megali-300x200.jpg\" alt=\"\" width=\"300\" height=\"200\" srcset=\"https:\/\/www.radiopiu.net\/wordpress\/wp-content\/uploads\/2020\/07\/Innocenzo-Megali-300x200.jpg 300w, https:\/\/www.radiopiu.net\/wordpress\/wp-content\/uploads\/2020\/07\/Innocenzo-Megali-1024x683.jpg 1024w, https:\/\/www.radiopiu.net\/wordpress\/wp-content\/uploads\/2020\/07\/Innocenzo-Megali-768x512.jpg 768w, https:\/\/www.radiopiu.net\/wordpress\/wp-content\/uploads\/2020\/07\/Innocenzo-Megali-1536x1024.jpg 1536w, https:\/\/www.radiopiu.net\/wordpress\/wp-content\/uploads\/2020\/07\/Innocenzo-Megali-2048x1365.jpg 2048w\" sizes=\"auto, (max-width: 300px) 100vw, 300px\" \/><\/a>ROMA\u00a0<\/strong> Consulenti del lavoro in piazza Montecitorio a Roma per denunciare le inefficienze del sistema durante l&#8217;emergenza sanitaria e nel post-lockdown; presente anche il presidente dell&#8217;Ordine dei Consulenti del Lavoro di Belluno e coordinatore regionale della Consulta dei Consulenti del Lavoro del Veneto, l&#8217;avvocato Innocenzo Megali, che\u00a0 con la presidente nazionale Marina Calderone ha avuto l&#8217;occasione di confrontarsi anche con il ministro D&#8217;Inc\u00e0. <em>\u00abPer noi, \u00e8 stata una grande opportunit\u00e0 confrontarci con un rappresentante del Governo; &#8211; ha commentato al termine dell&#8217;incontro Megali \u2013 abbiamo potuto esprimere le problematiche che noi e tutti i colleghi dobbiamo affrontare ogni giorno e avanzare le nostre proposte.<\/em> Da parte del Ministro D&#8217;Inc\u00e0 c&#8217;\u00e8 stata disponibilit\u00e0 nell&#8217;ascoltare e ha sottolineato la sua particolare attenzione per il mondo del lavoro.\u00a0 Il Ministro ha sottolineato che <em>\u00abda parte del Governo c&#8217;\u00e8 il massimo impegno per affrontare il tema del lavoro e ci sar\u00e0 un&#8217;attenta gestione delle risorse che arriveranno grazie al Recovery Fund. In questi difficili mesi abbiamo dato sostegno alle imprese e ai lavoratori,\u00a0 \u00e8 stata data a tutti la cassa integrazione e sono stati fermati i licenziamenti. Tutti siamo chiamati a fare dei sacrifici, ma continueremo a impegnarci per fare ripartire con forza questo Paese\u00bb.\u00a0 <\/em>L&#8217;appello \u00e8 stato quello gi\u00e0 lanciato durante i mesi caldi dell&#8217;emergenza: serve un ammortizzatore unico come gi\u00e0 chiesto ad aprile.\u00a0 Famiglie ancora senza risposte <em>\u00abC&#8217;\u00e8 un&#8217;unica causale &#8211; per le indennit\u00e0 legate all&#8217;emergenza sanitaria &#8211; dice Megali-\u00a0 ma ci sono decine di casse a cui fare domanda con modelli e documentazioni diversi, lungaggini burocratiche che portano ancora oggi intere famiglie a non aver ricevuto alcun sussidio. Se si fossero decise da subito la via dell&#8217;ammortizzatore unico e l&#8217;istituzione di una cabina di regia formata da professionisti, come avevamo chiesto, non saremmo in questa situazione\u00bb.\u00a0 <\/em>C&#8217;\u00e8 poi un ultimo aspetto che tocca la libert\u00e0 d&#8217;impresa in Italia, che rischia di avere pesanti ripercussioni sulle aziende venete e bellunesi: <em>\u00abNon sappiamo fino a quando rester\u00e0 in vigore il divieto di licenziamento, per ora valido fino al 17 agosto, e gi\u00e0 questo \u00e8 un pesante ostacolo per le imprese. &#8211; evidenzia Megali \u2013 Ma c&#8217;\u00e8 anche un&#8217;altra novit\u00e0 che andr\u00e0 a penalizzare le aziende, soprattutto quelle stagionali del turismo&#8221;<\/em><\/p>\n<p>&nbsp;<\/p>\n<hr \/>\n<p>&nbsp;<\/p>\n<blockquote>\n<h3>ALLARME LUPI: GUERRIERO (CONFINDUSTRIA BELLUNO DOLOMITI): \u201cSERVE UNA GESTIONE SOSTENIBILE. VICENDA EMBLEMATICA DEL VIVERE IN MONTAGNA\u201d<\/h3>\n<\/blockquote>\n<p><strong><a class=\"dt-pswp-item\" href=\"https:\/\/www.radiopiu.net\/wordpress\/wp-content\/uploads\/2020\/07\/LUPO-e1596200814836.jpg\" data-dt-img-description=\"\" data-large_image_width=\"1920\" data-large_image_height=\"1271\"><img loading=\"lazy\" decoding=\"async\" class=\"size-medium wp-image-152444 alignleft\" src=\"https:\/\/www.radiopiu.net\/wordpress\/wp-content\/uploads\/2020\/07\/LUPO-e1596200814836-300x199.jpg\" alt=\"\" width=\"300\" height=\"199\" srcset=\"https:\/\/www.radiopiu.net\/wordpress\/wp-content\/uploads\/2020\/07\/LUPO-e1596200814836-300x199.jpg 300w, https:\/\/www.radiopiu.net\/wordpress\/wp-content\/uploads\/2020\/07\/LUPO-e1596200814836-1024x678.jpg 1024w, https:\/\/www.radiopiu.net\/wordpress\/wp-content\/uploads\/2020\/07\/LUPO-e1596200814836-768x508.jpg 768w, https:\/\/www.radiopiu.net\/wordpress\/wp-content\/uploads\/2020\/07\/LUPO-e1596200814836-1536x1017.jpg 1536w, https:\/\/www.radiopiu.net\/wordpress\/wp-content\/uploads\/2020\/07\/LUPO-e1596200814836.jpg 1920w\" sizes=\"auto, (max-width: 300px) 100vw, 300px\" \/><\/a>BELLUNO\u00a0<\/strong><em>\u201cL\u2019allarme lanciato da molti allevatori del territorio va ascoltato a tutti i livelli istituzionali. La presenza del lupo va gestita in modo sostenibile e intelligente senza pregiudizi ideologici e fondamentalismi. Si studi un piano mirato di contenimento e adeguati risarcimenti\u201d<\/em>.\u00a0A dirlo \u00e8 Augusto Guerriero, vicepresidente di Confindustria Belluno Dolomiti con delega al territorio e alla sostenibilit\u00e0 nonch\u00e9 presidente di Lattebusche, anche alla luce dei recenti fatti di cronaca con pecore e asini sbranati dal lupo in buona parte della provincia, dall\u2019Alpago alla Valbelluna.\u00a0\u201c<em>Nell\u2019affrontare la questione serve realismo e attenzione nei confronti degli imprenditori che operano in montagna, soprattutto per gli allevatori e agricoltori che sono i veri custodi del territorio<\/em>\u201d, rimarca Guerriero.\u00a0\u201cLa presenza del lupo non deve e non pu\u00f2 mettere in pericolo le attivit\u00e0 dell\u2019uomo, questo \u00e8 un punto fondamentale, mentre assistiamo a un aumento significativo dei casi di aggressione\u201d.\u00a0\u201c<em>Gi\u00e0 viviamo in un territorio difficile, gi\u00e0 la zootecnia in montagna \u00e8 pi\u00f9 difficile che altrove, gi\u00e0 stiamo attraversando un periodo nero causa Covid, non possiamo sopportare anche questo rischio, che rappresenta un serio danno economico. Pensiamo solo ai costi dei sistemi di prevenzione o a quelli per l\u2019abbattimento, spesso di centinaia di euro a capo<\/em>\u201d.\u00a0\u201c<em>Bisogna quindi intervenire con un programma di contenimento e piani di risarcimento, seri e veloci. Le istituzioni, da quelle provinciali a quelle europee, devono garantire la sicurezza delle imprese e del settore primario<\/em>\u201d.\u00a0Ma la vicenda del lupo, per Guerriero, ha anche un altro significato: \u201c<em>Parliamo di un animale predatore recentemente re-introdotto attraverso programmi specifici di ripopolamento da qualcuno che, con buona probabilit\u00e0, continua a intendere la montagna come una riserva indiana. E\u2019 una vicenda emblematica di un certo modo di intendere le terre alte e la dimostrazione di cosa significhi operare delle scelte senza realmente calarle concretamente sul territorio<\/em>\u201d.\u00a0\u201c<em>Anche per questo<\/em>\u201d, conclude Guerriero, \u201c<em>dobbiamo limitare i danni e intervenire<\/em>\u201d.<\/p>\n<p>&nbsp;<\/p>\n<hr \/>\n<blockquote>\n<h3>I CONSIGLI COMUNALI IN AGORDINO<\/h3>\n<\/blockquote>\n<p><strong><img loading=\"lazy\" decoding=\"async\" class=\"wp-image-150933 alignright\" src=\"https:\/\/i2.wp.com\/www.radiopiu.net\/wordpress\/wp-content\/uploads\/2020\/07\/download-3.png?resize=197%2C109&amp;ssl=1\" sizes=\"auto, (max-width: 197px) 100vw, 197px\" srcset=\"https:\/\/i2.wp.com\/www.radiopiu.net\/wordpress\/wp-content\/uploads\/2020\/07\/download-3.png?resize=300%2C166&amp;ssl=1 300w, https:\/\/i2.wp.com\/www.radiopiu.net\/wordpress\/wp-content\/uploads\/2020\/07\/download-3.png?w=302&amp;ssl=1 302w\" alt=\"\" width=\"197\" height=\"109\" data-recalc-dims=\"1\" \/>TAIBON<\/strong> Il Comune di Taibon domani\u00a0 mattina alle 9.30 consegner\u00e0 un riconoscimento al costituito gruppo comunale dei volontari della Protezione Civile, sar\u00e0 altres\u00ec approvato l&#8217;atto costitutivo e il regolamento. Ieri all&#8217;ordine del giorno \u00e8 stato aggiunto un secondo punto: parere sui lavori di ampliamento rifugio alpino (Trieste in Val Corpassa), in deroga allo strumento urbanistico<\/p>\n<p><strong>CANALE D&#8217;AGORDO\u00a0<\/strong>Il sindaco di Canale D&#8217;Agordo Flavio Colcergnan ha convocato i consiglieri comunali per\u00a0 domani\u00a0 alle 8:05. 4 i punti all&#8217;ordine del giorno che verranno discussi in sala &#8220;Musal&#8221; a porte chiuse. Tra i punti la gestione dell&#8217;esercizio finanziario 2019 e la ratifica della deliberazione di giunta del 15 luglio 2020 sugli stanziamenti del bilancio di previsione 2020\/2021.<\/p>\n<p><strong>COLLE SANTA LUCIA<\/strong> Sabato 8 agosto consiglio comunale alle 8 del mattino, ordine del giorno: scioglimento della convenzione di segreteria con i Comuni di Veggiano, Falcade e Vallada e comunicazioni del sindaco Paolo Frena.<\/p>\n<p>&nbsp;<\/p>\n<hr \/>\n<p>&nbsp;<\/p>\n<blockquote><p><strong>FELTRE<\/strong>\u00a0 Modificati gli orari di apertura dell&#8217;Ufficio del Commercio: dal luned\u00ec al venerd\u00ec dalle 10 alle 12.30,\u00a0marted\u00ec pomeriggio dalle14.30 alle 16.<\/p><\/blockquote>\n<p>&nbsp;<\/p>\n<hr \/>\n<blockquote>\n<h3><\/h3>\n<h3>SCATTI DA CANTIERE, LAVORI IN CORSO AD AGORDO E GOSALDO<\/h3>\n<h3>\u00a0<strong style=\"font-size: 14px;\">GOSALDO<\/strong><span style=\"font-size: 14px; font-weight: normal;\"> Come preannunciato nei giorni scorsi sono iniziati i lavori a Selle di Gosaldo dove la strada \u00e8 interrotta da alcuni mesi, poche settimane fa era comparso l&#8217;ironico cartello &#8220;400 giorni di lockdown&#8221;. Il Comune avuto certezza dei soldi in arrivo dalla Regione s&#8217;\u00e8 fatto soggetto attuatore per la realizzazione della pista di emergenza per togliere dall&#8217;isolamento gli abitanti della frazione, in seguito i progetti e lavori definitivi. In azione la ditta Bressan di Gosaldo<\/span><\/h3>\n<\/blockquote>\n<p><strong>SELLE DI GOSALDO<\/strong><\/p>\n\n\t\t\t<style type='text\/css'>\n\t\t\t\t#gallery-2 {\n\t\t\t\t\tmargin: auto;\n\t\t\t\t}\n\t\t\t\t#gallery-2 .gallery-item {\n\t\t\t\t\tfloat: left;\n\t\t\t\t\tmargin-top: 10px;\n\t\t\t\t\ttext-align: center;\n\t\t\t\t\twidth: 33%;\n\t\t\t\t}\n\t\t\t\t#gallery-2 img {\n\t\t\t\t\tborder: 2px solid #cfcfcf;\n\t\t\t\t}\n\t\t\t\t#gallery-2 .gallery-caption {\n\t\t\t\t\tmargin-left: 0;\n\t\t\t\t}\n\t\t\t\t\/* see gallery_shortcode() in wp-includes\/media.php *\/\n\t\t\t<\/style>\n\t\t<div id='gallery-2' class='dt-gallery-container gallery galleryid-152349 gallery-columns-3 gallery-size-thumbnail'><dl class='gallery-item'>\n\t\t\t\t<dt class='gallery-icon landscape'>\n\t\t\t\t\t<a class=\"rollover rollover-zoom dt-pswp-item\" title=\"5293f913-4199-470e-83ea-113ba6cf4acc\" data-dt-img-description=\"\" data-large_image_width=\"1600\" data-large_image_height=\"1200\"href='https:\/\/www.radiopiu.net\/wordpress\/wp-content\/uploads\/2020\/07\/5293f913-4199-470e-83ea-113ba6cf4acc.jpg'><img loading=\"lazy\" decoding=\"async\" width=\"150\" height=\"150\" src=\"https:\/\/www.radiopiu.net\/wordpress\/wp-content\/uploads\/2020\/07\/5293f913-4199-470e-83ea-113ba6cf4acc-150x150.jpg\" class=\"attachment-thumbnail size-thumbnail\" alt=\"\" \/><\/a>\n\t\t\t\t<\/dt><\/dl><dl class='gallery-item'>\n\t\t\t\t<dt class='gallery-icon landscape'>\n\t\t\t\t\t<a class=\"rollover rollover-zoom dt-pswp-item\" title=\"184f2093-4642-4753-b491-fa804fb52a96\" data-dt-img-description=\"\" data-large_image_width=\"1600\" data-large_image_height=\"1200\"href='https:\/\/www.radiopiu.net\/wordpress\/wp-content\/uploads\/2020\/07\/184f2093-4642-4753-b491-fa804fb52a96.jpg'><img loading=\"lazy\" decoding=\"async\" width=\"150\" height=\"150\" src=\"https:\/\/www.radiopiu.net\/wordpress\/wp-content\/uploads\/2020\/07\/184f2093-4642-4753-b491-fa804fb52a96-150x150.jpg\" class=\"attachment-thumbnail size-thumbnail\" alt=\"\" \/><\/a>\n\t\t\t\t<\/dt><\/dl><dl class='gallery-item'>\n\t\t\t\t<dt class='gallery-icon portrait'>\n\t\t\t\t\t<a class=\"rollover rollover-zoom dt-pswp-item\" title=\"6ce1c6d3-c82a-4bc6-9619-0e42879df362\" data-dt-img-description=\"\" data-large_image_width=\"1200\" data-large_image_height=\"1600\"href='https:\/\/www.radiopiu.net\/wordpress\/wp-content\/uploads\/2020\/07\/6ce1c6d3-c82a-4bc6-9619-0e42879df362.jpg'><img loading=\"lazy\" decoding=\"async\" width=\"150\" height=\"150\" src=\"https:\/\/www.radiopiu.net\/wordpress\/wp-content\/uploads\/2020\/07\/6ce1c6d3-c82a-4bc6-9619-0e42879df362-150x150.jpg\" class=\"attachment-thumbnail size-thumbnail\" alt=\"\" \/><\/a>\n\t\t\t\t<\/dt><\/dl><br style=\"clear: both\" \/>\n\t\t\t<\/div>\n\n<p>&nbsp;<\/p>\n<p>&nbsp;<\/p>\n<hr \/>\n<p><strong>\u00a0<\/strong><\/p>\n<blockquote>\n<h2><strong> LUXOTTICA TEMPO DI FERIE CON PRUDENZA E CONTROLLI<\/strong><\/h2>\n<\/blockquote>\n<p><strong><img loading=\"lazy\" decoding=\"async\" class=\"alignleft\" src=\"https:\/\/www.radiopiu.net\/wordpress\/wp-content\/uploads\/2020\/03\/NOVITA-LUXOTTICA.jpg\" width=\"329\" height=\"185\" \/>AGORDO<\/strong> Luxottica dar\u00e0 la possibilit\u00e0 ai propri dipendenti di effettuare il tampone gratuitamente nelle localit\u00e0 turistiche pi\u00f9 note, il laboratorio mobile si \u00e8 mosso verso la Sardegna e sar\u00e0 a disposizione di dipendenti, familiari e clienti dei negozi di ottica. Il camper-laboratorio \u00e8 dell&#8217;Universit\u00e0 di Padova. Lo smart working \u00e8 invece stato prorogato fino al 31 dicembre.<\/p>\n<p><strong>IL MESSAGGIO AI DIPENDENTI<\/strong><\/p>\n<blockquote><p><em>Ripartiamo da Noi, un occhio alla sicurezza, anche in vacanza <\/em><em>Dopo mesi difficili, la pausa estiva arriva pi\u00f9 desiderata che mai. Godiamoci l\u2019estate, senza dimenticare i piccoli accorgimenti diventati parte della nostra quotidianit\u00e0, per ridurre il rischio ovunque ci troviamo, per la nostra sicurezza e di chi ci circonda. Segui le indicazioni delle singole regioni per muoverti nel territorio italiano e rispetta le norme previste da ciascuna. Nel caso stessi valutando spostamenti all\u2019estero, consulta questo link prima di partire. Mantieni il distanziamento sociale quando visiti musei e luoghi di cultura, in spiaggia o al parco. Evita assembramenti e, quando entri in un locale affollato, indossa sempre la mascherina e ricorda di igienizzarti spesso le mani. Se credi di essere venuto in contatto con persone positive al COVID-19 o se avverti sintomi riconducibili al virus, chiedi una consulenza medica a distanza al numero verde gratuito: 800.240.240 attivo dal luned\u00ec al venerd\u00ec, dalle 8:30 alle 19:30. Per supporto o ascolto professionale chiama: 800.386.330 attivo 24 ore al giorno, 7 giorni su 7<\/em><\/p><\/blockquote>\n<p><strong>\u00a0<\/strong><\/p>\n<hr \/>\n<p><strong>\u00a0<\/strong><\/p>\n<blockquote>\n<h2><strong>LAVORI NECESSARI QUELLI DI ASFALTATURA, MA ERA NECESSARIO NELL&#8217;ORA DI PUNTA?\u00a0<\/strong><\/h2>\n<\/blockquote>\n<p><strong>AGORDO <\/strong>ieri nell&#8217;ora di punta&#8230;continui i messaggi in redazioni di chi si \u00e8 ritrovato in coda sotto il sole chiedendosi se era proprio necessario farlo durante l&#8217;ora di cambio turno e non tra qualche giorno con lo stabilimento non pi\u00f9 a forza piena.<\/p>\n<blockquote>\n<h3>DILLO A RADIO PIU&#8217;&#8230;DI EMILIO BEZ<\/h3>\n<\/blockquote>\n<p><a class=\"dt-pswp-item\" href=\"https:\/\/www.radiopiu.net\/wordpress\/wp-content\/uploads\/2020\/07\/814ace46-a8a2-4c2d-a100-4d87aa509ef3.jpg\" data-dt-img-description=\"\" data-large_image_width=\"1560\" data-large_image_height=\"1170\"><img loading=\"lazy\" decoding=\"async\" class=\"size-medium wp-image-152483 alignleft\" src=\"https:\/\/www.radiopiu.net\/wordpress\/wp-content\/uploads\/2020\/07\/814ace46-a8a2-4c2d-a100-4d87aa509ef3-300x225.jpg\" alt=\"\" width=\"300\" height=\"225\" srcset=\"https:\/\/www.radiopiu.net\/wordpress\/wp-content\/uploads\/2020\/07\/814ace46-a8a2-4c2d-a100-4d87aa509ef3-300x225.jpg 300w, https:\/\/www.radiopiu.net\/wordpress\/wp-content\/uploads\/2020\/07\/814ace46-a8a2-4c2d-a100-4d87aa509ef3-1024x768.jpg 1024w, https:\/\/www.radiopiu.net\/wordpress\/wp-content\/uploads\/2020\/07\/814ace46-a8a2-4c2d-a100-4d87aa509ef3-768x576.jpg 768w, https:\/\/www.radiopiu.net\/wordpress\/wp-content\/uploads\/2020\/07\/814ace46-a8a2-4c2d-a100-4d87aa509ef3-1536x1152.jpg 1536w, https:\/\/www.radiopiu.net\/wordpress\/wp-content\/uploads\/2020\/07\/814ace46-a8a2-4c2d-a100-4d87aa509ef3.jpg 1560w\" sizes=\"auto, (max-width: 300px) 100vw, 300px\" \/><\/a>Oggi grandi lavori di asfaltatura in via Valcozzena a fianco di Luxottica. Lavori necessari, su questo non c&#8217;\u00e8 dubbio, viste le condizioni in cui era ormai ridotto quel tratto di strada. Peccato che al cambio turno attorno alle 14 il senso unico alternato dovuto ai lavori, proprio a fianco dello stabilimento, abbia creato non pochi problemi ai turnisti. Code in uscita durate almeno tre quarti d&#8217;ora mentre in entrata alcune persone avranno molto probabilmente timbrato in ritardo. Diciamo che, almeno quando si lavora sull&#8217;unica strada di accesso ad uno stabilimento di oltre quattromila persone, un po&#8217; di comunicazione in pi\u00f9 per concordare le tempistiche ed evitare i momenti gi\u00e0 critici per il traffico non sarebbe male..<\/p>\n<p><a class=\"dt-pswp-item\" href=\"https:\/\/www.radiopiu.net\/wordpress\/wp-content\/uploads\/2020\/07\/fea41938-4b46-43d8-b217-2986e5e2838b.jpg\" data-dt-img-description=\"\" data-large_image_width=\"1200\" data-large_image_height=\"1600\"><img loading=\"lazy\" decoding=\"async\" class=\"alignnone wp-image-152392\" src=\"https:\/\/www.radiopiu.net\/wordpress\/wp-content\/uploads\/2020\/07\/fea41938-4b46-43d8-b217-2986e5e2838b-225x300.jpg\" alt=\"\" width=\"167\" height=\"223\" srcset=\"https:\/\/www.radiopiu.net\/wordpress\/wp-content\/uploads\/2020\/07\/fea41938-4b46-43d8-b217-2986e5e2838b-225x300.jpg 225w, https:\/\/www.radiopiu.net\/wordpress\/wp-content\/uploads\/2020\/07\/fea41938-4b46-43d8-b217-2986e5e2838b-768x1024.jpg 768w, https:\/\/www.radiopiu.net\/wordpress\/wp-content\/uploads\/2020\/07\/fea41938-4b46-43d8-b217-2986e5e2838b-1152x1536.jpg 1152w, https:\/\/www.radiopiu.net\/wordpress\/wp-content\/uploads\/2020\/07\/fea41938-4b46-43d8-b217-2986e5e2838b.jpg 1200w\" sizes=\"auto, (max-width: 167px) 100vw, 167px\" \/><\/a><a class=\"dt-pswp-item\" href=\"https:\/\/www.radiopiu.net\/wordpress\/wp-content\/uploads\/2020\/07\/28576967-88a4-4e78-af53-4869fca96a13.jpg\" data-dt-img-description=\"\" data-large_image_width=\"1600\" data-large_image_height=\"1200\"><img loading=\"lazy\" decoding=\"async\" class=\"alignnone wp-image-152428\" src=\"https:\/\/www.radiopiu.net\/wordpress\/wp-content\/uploads\/2020\/07\/28576967-88a4-4e78-af53-4869fca96a13-300x225.jpg\" alt=\"\" width=\"296\" height=\"222\" srcset=\"https:\/\/www.radiopiu.net\/wordpress\/wp-content\/uploads\/2020\/07\/28576967-88a4-4e78-af53-4869fca96a13-300x225.jpg 300w, https:\/\/www.radiopiu.net\/wordpress\/wp-content\/uploads\/2020\/07\/28576967-88a4-4e78-af53-4869fca96a13-1024x768.jpg 1024w, https:\/\/www.radiopiu.net\/wordpress\/wp-content\/uploads\/2020\/07\/28576967-88a4-4e78-af53-4869fca96a13-768x576.jpg 768w, https:\/\/www.radiopiu.net\/wordpress\/wp-content\/uploads\/2020\/07\/28576967-88a4-4e78-af53-4869fca96a13-1536x1152.jpg 1536w, https:\/\/www.radiopiu.net\/wordpress\/wp-content\/uploads\/2020\/07\/28576967-88a4-4e78-af53-4869fca96a13.jpg 1600w\" sizes=\"auto, (max-width: 296px) 100vw, 296px\" \/><\/a><\/p>\n<p>&nbsp;<\/p>\n<hr \/>\n<blockquote>\n<h3>DONA UN SORRISO ON THE ROAD, RACCOLTI 30MILA EURO<\/h3>\n<p><em>la generosit\u00e0 ha battuto il Coronavirus. E non conosce <\/em><em>quarantena.<\/em><\/p><\/blockquote>\n<p><strong>Con la collaborazione di Marco D&#8217;Inc\u00e0<\/strong><\/p>\n<p><strong><a class=\"dt-pswp-item\" href=\"https:\/\/www.radiopiu.net\/wordpress\/wp-content\/uploads\/2020\/08\/6db52805-4f13-4ff6-bb85-31fa6472a952.jpg\" data-dt-img-description=\"\" data-large_image_width=\"1600\" data-large_image_height=\"1200\"><img loading=\"lazy\" decoding=\"async\" class=\" wp-image-152544 alignleft\" src=\"https:\/\/www.radiopiu.net\/wordpress\/wp-content\/uploads\/2020\/08\/6db52805-4f13-4ff6-bb85-31fa6472a952-300x225.jpg\" alt=\"\" width=\"249\" height=\"187\" srcset=\"https:\/\/www.radiopiu.net\/wordpress\/wp-content\/uploads\/2020\/08\/6db52805-4f13-4ff6-bb85-31fa6472a952-300x225.jpg 300w, https:\/\/www.radiopiu.net\/wordpress\/wp-content\/uploads\/2020\/08\/6db52805-4f13-4ff6-bb85-31fa6472a952-1024x768.jpg 1024w, https:\/\/www.radiopiu.net\/wordpress\/wp-content\/uploads\/2020\/08\/6db52805-4f13-4ff6-bb85-31fa6472a952-768x576.jpg 768w, https:\/\/www.radiopiu.net\/wordpress\/wp-content\/uploads\/2020\/08\/6db52805-4f13-4ff6-bb85-31fa6472a952-1536x1152.jpg 1536w, https:\/\/www.radiopiu.net\/wordpress\/wp-content\/uploads\/2020\/08\/6db52805-4f13-4ff6-bb85-31fa6472a952.jpg 1600w\" sizes=\"auto, (max-width: 249px) 100vw, 249px\" \/><\/a>BELLUNO<\/strong> La generosit\u00e0 dei bellunesi non va in lockdown. Anzi, \u00e8 pi\u00f9 contagiosa che mai. Ben pi\u00f9 del terribile virus, che ha costretto il Comitato \u201cBaita al Pian dei Castaldi\u201d a rendere itinerante l\u2019edizione 2020 di \u201cDona 1 Sorriso\u201d. E ad annullare l\u2019ormai tradizionale festa, accompagnata dal torneo di calcio. Lo spirito dell\u2019iniziativa, per\u00f2, \u00e8 rimasto quello di sempre. Come \u00e8 rimasta la lotteria dei campioni: a questo proposito, l\u2019estrazione \u00e8 avvenuta sabato scorso. E l\u2019elenco dei biglietti vincenti \u00e8 gi\u00e0 disponibile sui canali social (Facebook e Instagram) della manifestazione. Non solo: tutti i sabati del mese di luglio, la macchina di \u201cDona 1 Sorriso\u201d si \u00e8 messa in moto e ha raggiunto varie zone della provincia: da Bolago alla piazza dei Martiri di <a class=\"dt-pswp-item\" href=\"https:\/\/www.radiopiu.net\/wordpress\/wp-content\/uploads\/2020\/08\/4324fb7e-ff83-442e-a26d-55dceb670ef2.jpg\" data-dt-img-description=\"\" data-large_image_width=\"374\" data-large_image_height=\"667\"><img loading=\"lazy\" decoding=\"async\" class=\"size-medium wp-image-152545 alignright\" src=\"https:\/\/www.radiopiu.net\/wordpress\/wp-content\/uploads\/2020\/08\/4324fb7e-ff83-442e-a26d-55dceb670ef2-168x300.jpg\" alt=\"\" width=\"168\" height=\"300\" srcset=\"https:\/\/www.radiopiu.net\/wordpress\/wp-content\/uploads\/2020\/08\/4324fb7e-ff83-442e-a26d-55dceb670ef2-168x300.jpg 168w, https:\/\/www.radiopiu.net\/wordpress\/wp-content\/uploads\/2020\/08\/4324fb7e-ff83-442e-a26d-55dceb670ef2.jpg 374w\" sizes=\"auto, (max-width: 168px) 100vw, 168px\" \/><\/a>Belluno, passando per il centro di Agordo e quello di Sedico, fino a Cavarzano e Ponte nelle Alpi. Qui i volontari hanno messo in vendita le magliette, oltre ai biglietti della lotteria. E la risposta della collettivit\u00e0 si \u00e8 rivelata straordinaria. Perch\u00e9 tutte, ma proprio tutte le magliette sono state vendute (circa 1.600: non ne \u00e8 avanzata neppure una), mentre i tagliandi staccati si sono mantenuti sullo stesso livello dello scorso anno. Basti pensare che, alla fine, sono stati raccolti quasi 30.000 euro: nello specifico, 29.400. A chi andr\u00e0 il ricavato? Innanzitutto, a tre bambini e alle rispettive famiglie: Tommaso (di 2 anni), Emily e Francesco (di 3). <em>\u00abSiamo orgogliosi di aver contribuito a dare un aiuto, e un sorriso &#8211; affermano dal Comitato &#8211; a tre nostri piccoli amici\u00bb.<\/em> A loro andranno complessivamente 25.500 euro: 8.500 a testa. Ma non \u00e8 finita qui, perch\u00e9 500 euro alimenteranno l\u2019attivit\u00e0 di Aism (Associazione italiana sclerosi multipla), Aisla (Associazione italiana sclerosi laterale amiotrofica), Assi (Associazione sociale sportiva invalidi), Comitato d\u2019Intesa, Cucchini e La Mongolfiera di Giorgia, mentre 900 euro andranno al Comitato genitori di Cusighe.<em> \u00abUn ringraziamento particolare &#8211; concludono dal Comitato &#8211; va agli sponsor, ditte e privati, per le donazioni\u00bb<\/em>. Come di consueto, grande emozione al momento della consegna del ricavato, avvenuta nella serata di venerd\u00ec a Pian dei Castaldi: presenti le famiglie dei tre bimbi e un rappresentante per ogni associazione.<\/p>\n<p>&nbsp;<\/p>\n<hr \/>\n<blockquote>\n<h3>FOCOLAI COVID IN VENETO, IN UNA SETTIMANA DA 38 A 45, TANTI I POSITIVI ASINTOMATICI_LA CONFERENZA STAMPA DI ZAIA<\/h3>\n<\/blockquote>\n<blockquote>\n<h2>LEGGI LA CONFERENZA STAMPA DI LUCA ZAIA<\/h2>\n<p><em>Il viurs non deve uscire dalla ex caserma infettata a Treviso, per fortuna abbiamo una struttura chiusa che \u00e8 un punto di riferimento. I veneti si sono fatti mesi in quarantena, non vedo perch\u00e9 questi signori debbano alzare la voce, queste strutture devono\u00a0 essere dismesse.Per me quella caserma \u00e8 una zona rossa. Da quella caserma nessuno deve uscire<\/em><\/p><\/blockquote>\n<p><strong>I NUMERI<\/strong> 1.228.430 TAMPONI, POSITIVI 20120 (+117 RISPETTO A IERI MATTINA), IN ISOLAMENTO 3740 (+136), RICOVERATI 117 (+1 DI CUI 31 POSITIVI). IN TERAPIA INTENSIVA \u00a06 (3 Covid). DECESSI\u00a0 2.074 (+1) DIMESSI\u00a0 3.763 (+6).<\/p>\n<p>Sono 45 i folcai in Veneto,\u00a0 di recente fatti 723 tamponi a chi rientra dall&#8217;estero per lavoro e alle badanti. Nella\u00a0 ex caserma Serena di Treviso il virus \u00e8 entrato con un ultimo arrivo di ospiti o forse un contatto all&#8217;esterno. . Se non avessimo avuto il centro non avremmo avuto il focolaio, ma l&#8217;ospitalit\u00e0 va garantita a chi scappa da morte e fame, ma i dati ci dicono che sono il 5% di chi arriva in Italia. Se qualcuno sa di essere entrato in contatto con gli ospiti chiami e gli verr\u00e0 fatto il tampone. Attesa per oggi la nuova ordinanza\u00a0 non cambier\u00e0 nulla, le misure attuali saranno prorogate al 15 ottobre. Questa ordinanza lascia una finestra per l&#8217;8 di agosto, per valutare cosa accada nel nuovo Dpcm. .<\/p>\n<p>&nbsp;<\/p>\n<p>https:\/\/www.facebook.com\/zaiaufficiale\/videos\/988344718285865\/<\/p>\n<h3><\/h3>\n<hr \/>\n<p>&nbsp;<\/p>\n<h2><span style=\"color: #ff0000;\">VENETO: LA REGIONE CON L&#8217;INDICE RT PIU&#8217; ALTO PARI A 1,66 (SICILIA 1,55, CAMPANIA 1,44, LOMBARDIA 0,96, PIEMONTE 0,87,\u00a0 CALABRIA, MOLISE E VALLE D&#8217;AOSTA CONTAGIO ZERO.<\/span><\/h2>\n<blockquote>\n<h3>IN 24 ORE 48 POSITIVI IN PI\u00d9 E UN DECESSO. 8 SOGGETTI LASCIANO L&#8217;OSPEDALE MA IN TERAPIA INTENSIVA SI AGGIUNGE UN PAZIENTE. A BELLUNO, UNICO DATO CAMBIATO, UN NEGAVITIVIZZATO IN PI\u00d9<\/h3>\n<\/blockquote>\n<p><strong>di Mirko Mezzacasa\u00a0<\/strong><\/p>\n<p>Migranti in quarantena alla caserma Serena di Treviso, 133 positivi obbligano ad isolare la struttura e scoppia la rivolta\u00a0 con\u00a0 alcuni ospiti che hanno distrutto l&#8217;infermeria, lanciando lettini, brandine e scaraventando a terra scaffali e computer. Nella struttura c&#8217;\u00e8 un gruppo di facinorosi. Luca Zaia: <em>&#8220;Per mesi 5 milioni di veneti si sono chiusi in casa senza fiatare, ora questi hanno qualcosa da ridire per 14 giorni? Qui si vede se esiste lo Stato oppure no. Tifo perch\u00e9 l&#8217;ex caserma si svuoti. Quella e altre strutture simili in Veneto devono essere dismesse. \u00c8 ormai certificato che questo sistema di ospitalit\u00e0 \u00e8 fallimentare: socialmente, culturalmente, sanitariamente, economicamente&#8221;. <\/em>In Veneto ci sono 45 focolai di Coronavirus.\u00a0 Tamponi: in Veneto ne sono stati registrati 1.228.224,\u00a0 743\u00a0 dal 7 luglio sulle persone che rientravano dall&#8217;estero, fra cui 120 badanti. <em>\u00abI risultati? Pochissimi positivi &#8211; dice l&#8217;assessore Manuela Lanzarin -clinicamente in questo momento non siamo in emergenza, ma non abbassiamo la guardia&#8221;, <\/em>\u00a0ieri\u00a0 altri nuovi 48 contagi,\u00a0 3.740 le persone in isolamento. Ed \u00e8 stata emanata la 27^ ordinanza \u00a0sul Covid, una proroga di quelle del 13 giugno, 26 giugno e 6 luglio. Nessuna novit\u00e0 per altri due mesi e mezzo, salvo una possibile finestra intorno all&#8217;8 agosto in base ai dettami di un nuovo DPCM con le\u00a0 nuove linee guida, su crociere, manifestazioni sportive non professionistiche, spettacoli e locali.<\/p>\n<p><strong>I NUMERI\u00a0 IN VENETO:<\/strong>\u00a0TOTALE POSITIVI \u00a020138 (+48)\u00a0 ATTUALMENTE POSITIVI 1009 (+33)\u00a0 DECESSI\u00a0 2075 (+1) NEGATIVIZZATI 17054 (+14) RICOVERATI\u00a0 114 (-8 \u2013 30 POSITIVI 84 NEGATIVIZZATI), NEGLI OSPEDALI DI COMUNITA\u2019 RICOVERATI 20 (+1 \u2013 5 POSITIVI,\u00a0 15 NEGATIVIZZATI), IN TERAPIA INTENSIVA 7 (+1 \u2013 4 POSITIVI, \u00a03 NEGATIVIZZATI). DIMESSI 3764 (+6) NEGLI OSPEDALI AREA NON CRITICA 320 (0) \u00a0<strong>I NUMERI IN PROVINCIA:<\/strong>\u00a0TOTALE CONTAGI 1212 (0) , ATTUALMENTE POSITIVI 15 (-1) , DECEDUTI 113 (0), NEGATIVIZZATI 1084 (+1) RICOVERATI IN OSPEDALE AL SAN MARTINO 0<\/p>\n<p>&nbsp;<\/p>\n<hr \/>\n<blockquote class=\"wp-embedded-content\" data-secret=\"thoCq1WvOR\"><p><a href=\"https:\/\/www.radiopiu.net\/wordpress\/coronavirus-aggiornamento-nazionale-31-luglio\/\">CORONAVIRUS: AGGIORNAMENTO NAZIONALE 31 LUGLIO<\/a><\/p><\/blockquote>\n<p><iframe loading=\"lazy\" class=\"wp-embedded-content\" sandbox=\"allow-scripts\" security=\"restricted\" style=\"position: absolute; clip: rect(1px, 1px, 1px, 1px);\" title=\"&#8220;CORONAVIRUS: AGGIORNAMENTO NAZIONALE 31 LUGLIO&#8221; &#8212; Radio Pi\u00f9\" src=\"https:\/\/www.radiopiu.net\/wordpress\/coronavirus-aggiornamento-nazionale-31-luglio\/embed\/#?secret=thoCq1WvOR\" data-secret=\"thoCq1WvOR\" width=\"600\" height=\"338\" frameborder=\"0\" marginwidth=\"0\" marginheight=\"0\" scrolling=\"no\"><\/iframe><\/p>\n<p>&nbsp;<\/p>\n<hr \/>\n<p>&nbsp;<\/p>\n<blockquote class=\"wp-embedded-content\" data-secret=\"W8DBySEWc9\"><p><a href=\"https:\/\/www.radiopiu.net\/wordpress\/in-24-ore-48-positivi-in-piu-e-un-decesso-8-soggetti-lasciano-lospedale-ma-in-terapia-intensiva-si-aggiunge-un-paziente-a-belluno-unico-dato-cambiato-un-negavitivizzato-in-piu\/\">IN 24 ORE 48 POSITIVI IN PI\u00d9 E UN DECESSO. 8 SOGGETTI LASCIANO L&#8217;OSPEDALE MA IN TERAPIA INTENSIVA SI AGGIUNGE UN PAZIENTE. A BELLUNO, UNICO DATO CAMBIATO, UN NEGAVITIVIZZATO IN PI\u00d9<\/a><\/p><\/blockquote>\n<p><iframe loading=\"lazy\" class=\"wp-embedded-content\" sandbox=\"allow-scripts\" security=\"restricted\" style=\"position: absolute; clip: rect(1px, 1px, 1px, 1px);\" title=\"&#8220;IN 24 ORE 48 POSITIVI IN PI\u00d9 E UN DECESSO. 8 SOGGETTI LASCIANO L&#8217;OSPEDALE MA IN TERAPIA INTENSIVA SI AGGIUNGE UN PAZIENTE. A BELLUNO, UNICO DATO CAMBIATO, UN NEGAVITIVIZZATO IN PI\u00d9&#8221; &#8212; Radio Pi\u00f9\" src=\"https:\/\/www.radiopiu.net\/wordpress\/in-24-ore-48-positivi-in-piu-e-un-decesso-8-soggetti-lasciano-lospedale-ma-in-terapia-intensiva-si-aggiunge-un-paziente-a-belluno-unico-dato-cambiato-un-negavitivizzato-in-piu\/embed\/#?secret=W8DBySEWc9\" data-secret=\"W8DBySEWc9\" width=\"600\" height=\"338\" frameborder=\"0\" marginwidth=\"0\" marginheight=\"0\" scrolling=\"no\"><\/iframe><\/p>\n<p>&nbsp;<\/p>\n<blockquote>\n<h3>DATI E GRAFICI A CURA DI TIZIANO DE COL<\/h3>\n<\/blockquote>\n<p><a class=\"dt-pswp-item\" href=\"https:\/\/www.radiopiu.net\/wordpress\/wp-content\/uploads\/2020\/07\/Schermata-2020-07-31-alle-18.49.07.png\" data-dt-img-description=\"\" data-large_image_width=\"804\" data-large_image_height=\"438\"><img loading=\"lazy\" decoding=\"async\" class=\"alignnone wp-image-152502\" src=\"https:\/\/www.radiopiu.net\/wordpress\/wp-content\/uploads\/2020\/07\/Schermata-2020-07-31-alle-18.49.07-300x163.png\" alt=\"\" width=\"326\" height=\"177\" srcset=\"https:\/\/www.radiopiu.net\/wordpress\/wp-content\/uploads\/2020\/07\/Schermata-2020-07-31-alle-18.49.07-300x163.png 300w, https:\/\/www.radiopiu.net\/wordpress\/wp-content\/uploads\/2020\/07\/Schermata-2020-07-31-alle-18.49.07-768x418.png 768w, https:\/\/www.radiopiu.net\/wordpress\/wp-content\/uploads\/2020\/07\/Schermata-2020-07-31-alle-18.49.07.png 804w\" sizes=\"auto, (max-width: 326px) 100vw, 326px\" \/><\/a><a class=\"dt-pswp-item\" href=\"https:\/\/www.radiopiu.net\/wordpress\/wp-content\/uploads\/2020\/07\/8c4e0985-ad99-4979-8f76-8a2f7808a37c.jpg\" data-dt-img-description=\"\" data-large_image_width=\"480\" data-large_image_height=\"673\"><img loading=\"lazy\" decoding=\"async\" class=\"alignnone wp-image-152503\" src=\"https:\/\/www.radiopiu.net\/wordpress\/wp-content\/uploads\/2020\/07\/8c4e0985-ad99-4979-8f76-8a2f7808a37c-214x300.jpg\" alt=\"\" width=\"128\" height=\"179\" srcset=\"https:\/\/www.radiopiu.net\/wordpress\/wp-content\/uploads\/2020\/07\/8c4e0985-ad99-4979-8f76-8a2f7808a37c-214x300.jpg 214w, https:\/\/www.radiopiu.net\/wordpress\/wp-content\/uploads\/2020\/07\/8c4e0985-ad99-4979-8f76-8a2f7808a37c.jpg 480w\" sizes=\"auto, (max-width: 128px) 100vw, 128px\" \/><\/a><a class=\"dt-pswp-item\" href=\"https:\/\/www.radiopiu.net\/wordpress\/wp-content\/uploads\/2020\/07\/33a63b93-31ed-481d-b3d9-4f83bf5faf45.jpg\" data-dt-img-description=\"\" data-large_image_width=\"480\" data-large_image_height=\"336\"><img loading=\"lazy\" decoding=\"async\" class=\"alignnone wp-image-152504\" src=\"https:\/\/www.radiopiu.net\/wordpress\/wp-content\/uploads\/2020\/07\/33a63b93-31ed-481d-b3d9-4f83bf5faf45-300x210.jpg\" alt=\"\" width=\"256\" height=\"179\" srcset=\"https:\/\/www.radiopiu.net\/wordpress\/wp-content\/uploads\/2020\/07\/33a63b93-31ed-481d-b3d9-4f83bf5faf45-300x210.jpg 300w, https:\/\/www.radiopiu.net\/wordpress\/wp-content\/uploads\/2020\/07\/33a63b93-31ed-481d-b3d9-4f83bf5faf45.jpg 480w\" sizes=\"auto, (max-width: 256px) 100vw, 256px\" \/><\/a><\/p>\n<p>&nbsp;<\/p>\n<hr \/>\n<p>&nbsp;<\/p>\n<blockquote>\n<h3>UNA SOSPETTA POSITIVIT\u00c0 IN UN&#8217;AZIENDA BELLUNESE METTE IN ISOLAMENTO 4 PERSONE. TAMPONI PER 7 SOGGETTI IN CONTATTO CON IL BELLUNESE POSITIVO IN ALTO ADIGE<\/h3>\n<\/blockquote>\n<p><strong><a class=\"dt-pswp-item\" href=\"https:\/\/www.radiopiu.net\/wordpress\/wp-content\/uploads\/2020\/03\/covid-ulss.jpg\" data-dt-img-description=\"\" data-large_image_width=\"800\" data-large_image_height=\"600\"><img loading=\"lazy\" decoding=\"async\" class=\"size-medium wp-image-121260 alignleft\" src=\"https:\/\/www.radiopiu.net\/wordpress\/wp-content\/uploads\/2020\/03\/covid-ulss-300x225.jpg\" alt=\"\" width=\"300\" height=\"225\" srcset=\"https:\/\/www.radiopiu.net\/wordpress\/wp-content\/uploads\/2020\/03\/covid-ulss-300x225.jpg 300w, https:\/\/www.radiopiu.net\/wordpress\/wp-content\/uploads\/2020\/03\/covid-ulss-768x576.jpg 768w, https:\/\/www.radiopiu.net\/wordpress\/wp-content\/uploads\/2020\/03\/covid-ulss.jpg 800w\" sizes=\"auto, (max-width: 300px) 100vw, 300px\" \/><\/a>BELLUNO\u00a0<\/strong>Le ultime 24 ore di attivit\u00e0 del laboratorio dell\u2019Ulss Dolomiti non hanno messo in evidenza nuove positivit\u00e0 COVID.\u00a0Si segnala tuttavia che nella serata di ieri \u00e8 stata comunicata al Dipartimento di Prevenzione dell\u2019Ulss Dolomiti una sospetta positivit\u00e0 al Sars Cov 2 per quattro dipendenti di un\u2019azienda del nostro territorio che prevede, per i propri dipendenti, ordinari test di screening. L\u2019Ulss Dolomiti, per massima precauzione, ha isolato le quattro persone segnalate e ha eseguito stamane tamponi di controllo sia per gli interessati sia per dieci contatti stretti degli stessi.<span class=\"Apple-converted-space\">\u00a0\u00a0<\/span>Oltre ai consueti provvedimenti di quarantena per 4 soggetti con sintomi simil covid e per 4 persone in rientro dall\u2019estero, si segnala l\u2019esecuzione del tampone a 7 residenti nel nostro territorio segnalati come contatti di un soggetto residente in provincia di Bolzano riscontrato positivo al COVID.<\/p>\n<h3><\/h3>\n<hr \/>\n<h3><\/h3>\n<blockquote>\n<h3>A RIVAMONTE INIZIATA LA RACCOLTA FIRME PER IL RIPETITORE WIND TRE<\/h3>\n<\/blockquote>\n<p><a class=\"dt-pswp-item\" href=\"https:\/\/www.radiopiu.net\/wordpress\/wp-content\/uploads\/2020\/07\/telefonia-mobile.jpg\" data-dt-img-description=\"\" data-large_image_width=\"1920\" data-large_image_height=\"1280\"><img loading=\"lazy\" decoding=\"async\" class=\"size-medium wp-image-151801 alignleft\" src=\"https:\/\/www.radiopiu.net\/wordpress\/wp-content\/uploads\/2020\/07\/telefonia-mobile-300x200.jpg\" alt=\"\" width=\"300\" height=\"200\" srcset=\"https:\/\/www.radiopiu.net\/wordpress\/wp-content\/uploads\/2020\/07\/telefonia-mobile-300x200.jpg 300w, https:\/\/www.radiopiu.net\/wordpress\/wp-content\/uploads\/2020\/07\/telefonia-mobile-1024x683.jpg 1024w, https:\/\/www.radiopiu.net\/wordpress\/wp-content\/uploads\/2020\/07\/telefonia-mobile-768x512.jpg 768w, https:\/\/www.radiopiu.net\/wordpress\/wp-content\/uploads\/2020\/07\/telefonia-mobile-1536x1024.jpg 1536w, https:\/\/www.radiopiu.net\/wordpress\/wp-content\/uploads\/2020\/07\/telefonia-mobile.jpg 1920w\" sizes=\"auto, (max-width: 300px) 100vw, 300px\" \/><\/a>di Gianni Santomaso<\/p>\n<audio class=\"wp-audio-shortcode\" id=\"audio-152349-9\" preload=\"none\" style=\"width: 100%;\" controls=\"controls\"><source type=\"audio\/mpeg\" src=\"https:\/\/www.radiopiu.net\/wordpress\/wp-content\/uploads\/2020\/07\/GIANNI-RACCOLTA-FIRME-CONTRO-WINDTRE.mp3?_=9\" \/><a href=\"https:\/\/www.radiopiu.net\/wordpress\/wp-content\/uploads\/2020\/07\/GIANNI-RACCOLTA-FIRME-CONTRO-WINDTRE.mp3\">https:\/\/www.radiopiu.net\/wordpress\/wp-content\/uploads\/2020\/07\/GIANNI-RACCOLTA-FIRME-CONTRO-WINDTRE.mp3<\/a><\/audio>\n<p>&nbsp;<\/p>\n<hr \/>\n<p>&nbsp;<\/p>\n<blockquote>\n<h3>ABITIAMO LA TERRA E&#8217; LA NOSTRA CASA COMUNE<\/h3>\n<\/blockquote>\n<p><strong><a class=\"dt-pswp-item\" href=\"https:\/\/www.radiopiu.net\/wordpress\/wp-content\/uploads\/2020\/07\/immagine_201908174007-500x375-500x375-500x375-1.jpg\" data-dt-img-description=\"\" data-large_image_width=\"500\" data-large_image_height=\"375\"><img loading=\"lazy\" decoding=\"async\" class=\"wp-image-152430 alignleft\" src=\"https:\/\/www.radiopiu.net\/wordpress\/wp-content\/uploads\/2020\/07\/immagine_201908174007-500x375-500x375-500x375-1-300x225.jpg\" alt=\"\" width=\"155\" height=\"116\" srcset=\"https:\/\/www.radiopiu.net\/wordpress\/wp-content\/uploads\/2020\/07\/immagine_201908174007-500x375-500x375-500x375-1-300x225.jpg 300w, https:\/\/www.radiopiu.net\/wordpress\/wp-content\/uploads\/2020\/07\/immagine_201908174007-500x375-500x375-500x375-1.jpg 500w\" sizes=\"auto, (max-width: 155px) 100vw, 155px\" \/><\/a>AURONZO<\/strong> Nello scenario delle Dolomiti si svolger\u00e0 il primo corso \u201citinerante\u201d di Casacomune che approfondir\u00e0 la tematica \u201cMontagna\u201d nelle sue diverse sfumature. I contenuti del corso verteranno sugli aspetti che stanno determinando \u00a0cambiamenti drammatici per l\u2019intera umanit\u00e0 e la natura nel suo insieme: il riscaldamento globale, la perdita di biodiversit\u00e0 naturale e sociale, la filiera del cibo, le migrazioni ambientali. Vengono offerte a totale carico del GAL 10 iscrizioni gratuite al seminario per ragazzi\u00a0 under 30 comprensive di vitto e alloggio,\u00a0 \u00a0inviare una mail a info@gal2.it allegando il proprio Curriculum Vitae (indicando un recapito telefonico) e un documento di identit\u00e0 entro venerd\u00ec 24 agosto.<\/p>\n<p><strong><a href=\"https:\/\/www.galprealpidolomiti.it\/wp-content\/uploads\/2020\/07\/AVVISO_Corso_Auronzo.pdf\">PER MAGGIORI INFO VAI ALL&#8217;AVVISO E AL PROGRAMMA<\/a><\/strong><\/p>\n<p>&nbsp;<\/p>\n<hr \/>\n<p>&nbsp;<\/p>\n<blockquote>\n<h3>CGIL: RICONOSCIAMO L\u2019IMPORTANZA DEL LAVORO DEGLI APPALTI<\/h3>\n<\/blockquote>\n<p><strong><a class=\"dt-pswp-item\" href=\"https:\/\/www.radiopiu.net\/wordpress\/wp-content\/uploads\/2020\/07\/CGIL-FILCAMS.png\" data-dt-img-description=\"\" data-large_image_width=\"374\" data-large_image_height=\"238\"><img loading=\"lazy\" decoding=\"async\" class=\"size-medium wp-image-152494 alignleft\" src=\"https:\/\/www.radiopiu.net\/wordpress\/wp-content\/uploads\/2020\/07\/CGIL-FILCAMS-300x191.png\" alt=\"\" width=\"300\" height=\"191\" srcset=\"https:\/\/www.radiopiu.net\/wordpress\/wp-content\/uploads\/2020\/07\/CGIL-FILCAMS-300x191.png 300w, https:\/\/www.radiopiu.net\/wordpress\/wp-content\/uploads\/2020\/07\/CGIL-FILCAMS.png 374w\" sizes=\"auto, (max-width: 300px) 100vw, 300px\" \/><\/a>BELLUNO<\/strong> Con una lettera aperta la CIGL FILCAMS parla del post lockdown per i lavoratori delle pulizie ospedaliere in appalto.<\/p>\n<blockquote><p>&nbsp;<\/p>\n<p>Come spesso capita dentro un\u2019unicavicenda nascono\u201cFigli e Figliasti\u201d; sono le contraddizioni della sanit\u00e0 veneta.\u00a0La vicenda \u00e8 quella relativa al riconoscimento dell\u2019abnegazione, del lavoro, del sacrifico svolto nel pieno del periodo COVID da parte dei lavoratori dell\u2019intero sistema socio-sanitario in Veneto. Tutti sapevamo della loro importanzae di quanto hanno fatto per permettere le cure dei contagiati, di come si sono prodigati perch\u00e9 ireparti delle cure intensivereggessero l\u2019urto contro una possibile saturazione dei posti a disposizione, di come si siano fatti carico di orari impossibili e di garantire l\u2019ossequio di protocolli sanitari in modo impeccabile. Turni sempre pi\u00f9 pesanti sia per l\u2019aumento dei contagi e allo stesso tempoper la riduzione degli organici, colpiti dalle quarantenee da un sistema sanitario che gia\u2019 da tanto tempolamenta la carenza di operatori e medici.Ma ci sono stati altri che avevano e hanno un ruolo fondamentale: i servizi interni.\u00a0Ora che gli ospedali sono tornati a regime,che le case di riposopermettono, o quasi, il ripristino di un servizioagli anziani simile a quello antecedente all\u2019inizio pandemia, \u00e8 giusto pensarea come premiare le tante persone, tante lavoratrici e lavoratori, di qualsiasi professionalit\u00e0, che hanno operato nel periodo \u201cbrutto\u201d del LOCKDOWN.\u00a0Non vorremmo che ci si dimenticasse di qualcuno! <i>E quel qualcuno sono gli addettidel settore degli appalti, di quelle donne e uomini occupate soprattutto nelle cooperative che puliscono ogni giorno i locali di ospedali ecase di riposo, sono le persone che gestiscono le manutenzioni o checucinano e portano i pasti al personale sanitario e ai degenti. Anche nei reparti COVID.\u00a0<\/i>Gia\u2019 durante la fase acuta della pandemia sono stati trattati male, per loro mancavano le mascherine (era a carico delle loro aziende procurarsele e spesso sono arrivatein ritardo), a loro si diceva che \u201cdovevano\u201d prendere serviziosenza verificare se erano garantiti i sistemi di sicurezza contro il contagio: sono quelle donne e quegli uomini che un filmdefinirebbecome \u201cfigli di un Dio minore\u201d.\u00a0Solo ora potrannosapere la loro situazione, a distanza di qualche mese, se per caso qualcuno di loro siastato un \u201cinfetto asintomatico COVID\u201d;poich\u00e9 adesso si stanno somministrando anche a loro itest \u201csierologici\u201d, e si potr\u00e0 capire se la loro salute \u00e8 integra o se devono preoccuparsi dei postumi del COVID, che potrebbero colpire da qui in avanti chi \u00e8 stato effettivamente contagiato. La CGIL in questi casi chiede che venga riconosciuto lo stato di \u201cinfortunato sul lavoro\u201d, come gi\u00e0 avviene per i loro colleghi, medici, Operatori socio sanitari.\u00a0E mentre si fa un gran vociare su comedare premi a chi \u00e8 stato in prima linea, si rischia di dimenticarsi (sicuramente se ne sono dimenticate cooperative e societ\u00e0 di appalto) di questi \u201cumili soldati\u201ddelle vera trincea<b>, <\/b>quella dei reparti igienizzati a suon di disinfettante, di reparti sanificati di continuo, della paura di prendere il COVID. E illoro stipendio \u00e8 il pi\u00f9 basso di tutti, sono figli della logica degli appalti al ribasso, il CCNL non gli viene rinnovato da diversi anni e quindi di aumentinemmeno l\u2019ombra. Se nonbastasse sono pure Part-time e quindi si devono accontentare di mezza paga.\u00a0Se la Regione Veneto si sta dimostrando disponibilea premiare tutti i lavoratori del socio-sanitario non si dimentichi delle donne e uomini delle pulizie , delle mense interne, dei servizi interni, che proprio perch\u00e9 erano\u201d essenziali\u201d in quei momenti dell\u2019emergenza COVID,dovrebbero ora vedersi riconoscere un \u201cVERO\u201d riconoscimento, non una pacca sulle spalle soltanto.<\/p>\n<p>CGIL Belluno \u2013 Mauro De Carli \u00a0 \u00a0 \u00a0 FILCAMS CGIL BL- Fulvia Diana Bortoluzzi<\/p>\n<p>&nbsp;<\/p><\/blockquote>\n<hr \/>\n<p>&nbsp;<\/p>\n<blockquote>\n<h3>\u201cFAMILY AUDIT\u201d, TUTTI I DETTAGLI DELLA CERTIFICAZIONE CHE CAMBIA LA QUALIT\u00c0 DELLA VITA IN MONTAGNA<\/h3>\n<\/blockquote>\n<p><strong><a class=\"dt-pswp-item\" href=\"https:\/\/www.radiopiu.net\/wordpress\/wp-content\/uploads\/2015\/10\/Confindustria_BL.gif\" data-dt-img-description=\"\" data-large_image_width=\"793\" data-large_image_height=\"211\"><img loading=\"lazy\" decoding=\"async\" class=\"size-medium wp-image-12471 alignleft\" src=\"https:\/\/www.radiopiu.net\/wordpress\/wp-content\/uploads\/2015\/10\/Confindustria_BL-300x80.gif\" alt=\"\" width=\"300\" height=\"80\" \/><\/a>BELLUNO\u00a0<\/strong>Trovare soluzioni organizzative innovative al fine di conciliare i tempi tra lavoro e vita familiare: \u00e8 questo l\u2019obiettivo del progetto \u201cFamily Audit\u201d, che marted\u00ec 4 agosto sar\u00e0 illustrato nel corso di un webinar programmato alle 16 sulla piattaforma Zoom, appuntamento che segue quello del 9 giugno scorso. Destinatari sono sia gli enti che le imprese.\u00a0Si entrer\u00e0 cos\u00ec nel dettaglio dell\u2019iniziativa, di cui \u00e8 capofila il Consorzio Bim Piave in partenariato con Confindustria Belluno Dolomiti, sindacati, Comune di Feltre, Provincia di Belluno e Provincia di Trento.\u00a0Il progetto vuole coinvolgere tutte quelle realt\u00e0 interessate alla certificazione \u201cFamily Audit\u201d, un vero e proprio processo certificativo volto a promuovere soluzioni a misura di famiglia all\u2019interno di fabbriche e uffici. \u00a0\u201c<em>In un territorio come il nostro si tratta di una questione ancora pi\u00f9 importante che altrove. Consentire alle persone di restare in montagna significa metterle nelle condizioni di lavorare e portare avanti una famiglia con una buona qualit\u00e0 complessiva della vita. Solo cos\u00ec la montagna pu\u00f2 essere competitiva rispetto ad altre realt\u00e0 pi\u00f9 comode e quindi attrattive<\/em>\u201d, sostiene Umberto Soccal, presidente del Consorzio Bim Piave.<span class=\"Apple-converted-space\">\u00a0<\/span>\u201c<em>L\u2019obiettivo \u00e8 quello di migliorare le esigenze di conciliazione tra vita privata e lavoro del personale dipendente attraverso soluzioni organizzative innovative o procedendo al rafforzamento di quelle esistenti\u201d, spiega Flavio Mares, consigliere di Confindustria Belluno Dolomiti con delega al sociale. \u201cE\u2019 una sfida innanzitutto culturale che come imprenditori vogliamo sostenere e promuovere<\/em>\u201d.\u00a0A spiegare i dettagli della certificazione sar\u00e0 Lucia Claus, direttore di Family Audit.\u00a0Al convegno \u2013 dal taglio operativo e tecnico \u2013 si potr\u00e0 partecipare tramite la piattaforma Zoom. Basta avere a disposizione una buona connettivit\u00e0 dati e un computer (con webcam, audio, microfono), oppure un tablet (con installata l\u2019app di Zoom).\u00a0Per le adesioni \u00e8 necessario scrivere una mail all\u2019indirizzo: <a href=\"mailto:family.audit@consorziobimpiave.bl.it\">family.audit@consorziobimpiave.bl.it<\/a> entro le ore 10 del 4 agosto.<span class=\"Apple-converted-space\">\u00a0<\/span><\/p>\n<p>&nbsp;<\/p>\n<p>&nbsp;<\/p>\n<hr \/>\n<p>&nbsp;<\/p>\n<blockquote>\n<h3><a class=\"dt-pswp-item\" href=\"https:\/\/www.radiopiu.net\/wordpress\/wp-content\/uploads\/2020\/07\/b-540x304-540x304-1.png\" data-dt-img-description=\"\" data-large_image_width=\"540\" data-large_image_height=\"304\"><img loading=\"lazy\" decoding=\"async\" class=\"wp-image-152431 alignleft\" src=\"https:\/\/www.radiopiu.net\/wordpress\/wp-content\/uploads\/2020\/07\/b-540x304-540x304-1-300x169.png\" alt=\"api\" width=\"195\" height=\"110\" srcset=\"https:\/\/www.radiopiu.net\/wordpress\/wp-content\/uploads\/2020\/07\/b-540x304-540x304-1-300x169.png 300w, https:\/\/www.radiopiu.net\/wordpress\/wp-content\/uploads\/2020\/07\/b-540x304-540x304-1.png 540w\" sizes=\"auto, (max-width: 195px) 100vw, 195px\" \/><\/a>BANDO REGIONALE PER LO SVILUPPO E VALORIZZAZIONE DELL&#8217;APICOLTURA<\/h3>\n<\/blockquote>\n<p>L&#8217;intervento prevede l\u2019erogazione di un aiuto agli investimenti corrisposto in contributo in conto capitale per investimenti materiali in strutture ed attrezzature per lo sviluppo e la valorizzazione dell\u2019apicoltura. L\u2019importo messo a bando \u00e8 pari a 230.000 euro, cos\u00ec ripartiti:100 mila euro per\u00a0 interventi a favore delle forme associate:\u00a0 130.000 \u00a0a favore degli apicoltori. PER ULTERIORI INFORMAZIONI CONTATTARE IL GAL PREALPI DOLOMITI<\/p>\n<p>&nbsp;<\/p>\n<p>&nbsp;<\/p>\n<hr \/>\n<p>&nbsp;<\/p>\n<blockquote>\n<h3>IL CENTRO ESTIVO CON ATTIVAMENTE AGORDINO E CON I GIOCHI DI ALLORA<\/h3>\n<\/blockquote>\n<p><a class=\"dt-pswp-item\" href=\"https:\/\/www.radiopiu.net\/wordpress\/wp-content\/uploads\/2020\/07\/656ec5bb-7e19-49f7-ad9c-9e3a02b3989a-e1596186237907.jpg\" data-dt-img-description=\"\" data-large_image_width=\"1600\" data-large_image_height=\"1200\"><img loading=\"lazy\" decoding=\"async\" class=\"wp-image-152402 alignleft\" src=\"https:\/\/www.radiopiu.net\/wordpress\/wp-content\/uploads\/2020\/07\/656ec5bb-7e19-49f7-ad9c-9e3a02b3989a-e1596186237907-300x225.jpg\" alt=\"\" width=\"191\" height=\"143\" srcset=\"https:\/\/www.radiopiu.net\/wordpress\/wp-content\/uploads\/2020\/07\/656ec5bb-7e19-49f7-ad9c-9e3a02b3989a-e1596186237907-300x225.jpg 300w, https:\/\/www.radiopiu.net\/wordpress\/wp-content\/uploads\/2020\/07\/656ec5bb-7e19-49f7-ad9c-9e3a02b3989a-e1596186237907-1024x768.jpg 1024w, https:\/\/www.radiopiu.net\/wordpress\/wp-content\/uploads\/2020\/07\/656ec5bb-7e19-49f7-ad9c-9e3a02b3989a-e1596186237907-768x576.jpg 768w, https:\/\/www.radiopiu.net\/wordpress\/wp-content\/uploads\/2020\/07\/656ec5bb-7e19-49f7-ad9c-9e3a02b3989a-e1596186237907-1536x1152.jpg 1536w, https:\/\/www.radiopiu.net\/wordpress\/wp-content\/uploads\/2020\/07\/656ec5bb-7e19-49f7-ad9c-9e3a02b3989a-e1596186237907.jpg 1600w\" sizes=\"auto, (max-width: 191px) 100vw, 191px\" \/><\/a><strong>TAIBON<\/strong> E chi non ha mai giocato alla caccia al tesoro? Impegnativa, intelligente, aggregante. A Taibon da alcune stagioni \u00e8 una caratteristica da centro estivo. I ragazzini e le ragazzine hanno conosciuto angoli del paese divertertendosi e divertendo e gli animatori del gruppo lo confermano. Noi li abbiamo visti arrivare nella sede della radio, accaldati ma sorridenti a cercare il bigliettino nascosto nei giorni precedenti, uno spasso vederli ma anche ascoltarli nei loro commenti raccolti per RADIO PIU&#8217; da Francesco.<\/p>\n<blockquote><p><em>Per gli istruttori \u00a0Giada Conedera, \u00a0Martina Gnech, \u00a0Veronica De Nardin, \u00a0Arianna Micheluzzi\u00a0 e Francesco Corazza un&#8217;altra giornata di un&#8217;estate da ricordare.<\/em><\/p>\n<h3>I COMMENTI DEI RAGAZZI<\/h3>\n<\/blockquote>\n<audio class=\"wp-audio-shortcode\" id=\"audio-152349-10\" preload=\"none\" style=\"width: 100%;\" controls=\"controls\"><source type=\"audio\/mpeg\" src=\"https:\/\/www.radiopiu.net\/wordpress\/wp-content\/uploads\/2020\/07\/CACCIA-AL-TESORO.mp3?_=10\" \/><a href=\"https:\/\/www.radiopiu.net\/wordpress\/wp-content\/uploads\/2020\/07\/CACCIA-AL-TESORO.mp3\">https:\/\/www.radiopiu.net\/wordpress\/wp-content\/uploads\/2020\/07\/CACCIA-AL-TESORO.mp3<\/a><\/audio>\n<p>&nbsp;<\/p>\n\n\t\t\t<style type='text\/css'>\n\t\t\t\t#gallery-3 {\n\t\t\t\t\tmargin: auto;\n\t\t\t\t}\n\t\t\t\t#gallery-3 .gallery-item {\n\t\t\t\t\tfloat: left;\n\t\t\t\t\tmargin-top: 10px;\n\t\t\t\t\ttext-align: center;\n\t\t\t\t\twidth: 20%;\n\t\t\t\t}\n\t\t\t\t#gallery-3 img {\n\t\t\t\t\tborder: 2px solid #cfcfcf;\n\t\t\t\t}\n\t\t\t\t#gallery-3 .gallery-caption {\n\t\t\t\t\tmargin-left: 0;\n\t\t\t\t}\n\t\t\t\t\/* see gallery_shortcode() in wp-includes\/media.php *\/\n\t\t\t<\/style>\n\t\t<div id='gallery-3' class='dt-gallery-container gallery galleryid-152349 gallery-columns-5 gallery-size-thumbnail'><dl class='gallery-item'>\n\t\t\t\t<dt class='gallery-icon landscape'>\n\t\t\t\t\t<a class=\"rollover rollover-zoom dt-pswp-item\" title=\"ea244042-ba1a-4d28-ae0d-bea252877ae9\" data-dt-img-description=\"\" data-large_image_width=\"1600\" data-large_image_height=\"1200\"href='https:\/\/www.radiopiu.net\/wordpress\/wp-content\/uploads\/2020\/07\/ea244042-ba1a-4d28-ae0d-bea252877ae9.jpg'><img loading=\"lazy\" decoding=\"async\" width=\"150\" height=\"150\" src=\"https:\/\/www.radiopiu.net\/wordpress\/wp-content\/uploads\/2020\/07\/ea244042-ba1a-4d28-ae0d-bea252877ae9-150x150.jpg\" class=\"attachment-thumbnail size-thumbnail\" alt=\"\" \/><\/a>\n\t\t\t\t<\/dt><\/dl><dl class='gallery-item'>\n\t\t\t\t<dt class='gallery-icon landscape'>\n\t\t\t\t\t<a class=\"rollover rollover-zoom dt-pswp-item\" title=\"d98cde51-0bd3-4a1b-8748-b486c55280a8\" data-dt-img-description=\"\" data-large_image_width=\"1600\" data-large_image_height=\"1200\"href='https:\/\/www.radiopiu.net\/wordpress\/wp-content\/uploads\/2020\/07\/d98cde51-0bd3-4a1b-8748-b486c55280a8.jpg'><img loading=\"lazy\" decoding=\"async\" width=\"150\" height=\"150\" src=\"https:\/\/www.radiopiu.net\/wordpress\/wp-content\/uploads\/2020\/07\/d98cde51-0bd3-4a1b-8748-b486c55280a8-150x150.jpg\" class=\"attachment-thumbnail size-thumbnail\" alt=\"\" \/><\/a>\n\t\t\t\t<\/dt><\/dl><dl class='gallery-item'>\n\t\t\t\t<dt class='gallery-icon landscape'>\n\t\t\t\t\t<a class=\"rollover rollover-zoom dt-pswp-item\" title=\"cbbeec7a-ca22-4db3-ac63-9c2e647b0640\" data-dt-img-description=\"\" data-large_image_width=\"1600\" data-large_image_height=\"1200\"href='https:\/\/www.radiopiu.net\/wordpress\/wp-content\/uploads\/2020\/07\/cbbeec7a-ca22-4db3-ac63-9c2e647b0640.jpg'><img loading=\"lazy\" decoding=\"async\" width=\"150\" height=\"150\" src=\"https:\/\/www.radiopiu.net\/wordpress\/wp-content\/uploads\/2020\/07\/cbbeec7a-ca22-4db3-ac63-9c2e647b0640-150x150.jpg\" class=\"attachment-thumbnail size-thumbnail\" alt=\"\" \/><\/a>\n\t\t\t\t<\/dt><\/dl><dl class='gallery-item'>\n\t\t\t\t<dt class='gallery-icon landscape'>\n\t\t\t\t\t<a class=\"rollover rollover-zoom dt-pswp-item\" title=\"713c1dd3-4dcf-4479-a019-88350de38db1\" data-dt-img-description=\"\" data-large_image_width=\"1600\" data-large_image_height=\"1200\"href='https:\/\/www.radiopiu.net\/wordpress\/wp-content\/uploads\/2020\/07\/713c1dd3-4dcf-4479-a019-88350de38db1.jpg'><img loading=\"lazy\" decoding=\"async\" width=\"150\" height=\"150\" src=\"https:\/\/www.radiopiu.net\/wordpress\/wp-content\/uploads\/2020\/07\/713c1dd3-4dcf-4479-a019-88350de38db1-150x150.jpg\" class=\"attachment-thumbnail size-thumbnail\" alt=\"\" \/><\/a>\n\t\t\t\t<\/dt><\/dl><dl class='gallery-item'>\n\t\t\t\t<dt class='gallery-icon portrait'>\n\t\t\t\t\t<a class=\"rollover rollover-zoom dt-pswp-item\" title=\"368bdb1c-0ad9-4187-b8c2-440ac2166de8\" data-dt-img-description=\"\" data-large_image_width=\"1200\" data-large_image_height=\"1600\"href='https:\/\/www.radiopiu.net\/wordpress\/wp-content\/uploads\/2020\/07\/368bdb1c-0ad9-4187-b8c2-440ac2166de8.jpg'><img loading=\"lazy\" decoding=\"async\" width=\"150\" height=\"150\" src=\"https:\/\/www.radiopiu.net\/wordpress\/wp-content\/uploads\/2020\/07\/368bdb1c-0ad9-4187-b8c2-440ac2166de8-150x150.jpg\" class=\"attachment-thumbnail size-thumbnail\" alt=\"\" \/><\/a>\n\t\t\t\t<\/dt><\/dl><br style=\"clear: both\" \/><dl class='gallery-item'>\n\t\t\t\t<dt class='gallery-icon landscape'>\n\t\t\t\t\t<a class=\"rollover rollover-zoom dt-pswp-item\" title=\"810ce250-ca65-46de-9ac7-624483578e3a\" data-dt-img-description=\"\" data-large_image_width=\"1600\" data-large_image_height=\"1200\"href='https:\/\/www.radiopiu.net\/wordpress\/wp-content\/uploads\/2020\/07\/810ce250-ca65-46de-9ac7-624483578e3a.jpg'><img loading=\"lazy\" decoding=\"async\" width=\"150\" height=\"150\" src=\"https:\/\/www.radiopiu.net\/wordpress\/wp-content\/uploads\/2020\/07\/810ce250-ca65-46de-9ac7-624483578e3a-150x150.jpg\" class=\"attachment-thumbnail size-thumbnail\" alt=\"\" \/><\/a>\n\t\t\t\t<\/dt><\/dl><dl class='gallery-item'>\n\t\t\t\t<dt class='gallery-icon landscape'>\n\t\t\t\t\t<a class=\"rollover rollover-zoom dt-pswp-item\" title=\"5f36d188-0dc2-4459-ac13-6340064b8406\" data-dt-img-description=\"\" data-large_image_width=\"1600\" data-large_image_height=\"1200\"href='https:\/\/www.radiopiu.net\/wordpress\/wp-content\/uploads\/2020\/07\/5f36d188-0dc2-4459-ac13-6340064b8406.jpg'><img loading=\"lazy\" decoding=\"async\" width=\"150\" height=\"150\" src=\"https:\/\/www.radiopiu.net\/wordpress\/wp-content\/uploads\/2020\/07\/5f36d188-0dc2-4459-ac13-6340064b8406-150x150.jpg\" class=\"attachment-thumbnail size-thumbnail\" alt=\"\" \/><\/a>\n\t\t\t\t<\/dt><\/dl><dl class='gallery-item'>\n\t\t\t\t<dt class='gallery-icon landscape'>\n\t\t\t\t\t<a class=\"rollover rollover-zoom dt-pswp-item\" title=\"fe9fb6ce-5e0b-4464-9dbd-b7c22aedc473\" data-dt-img-description=\"\" data-large_image_width=\"1600\" data-large_image_height=\"1200\"href='https:\/\/www.radiopiu.net\/wordpress\/wp-content\/uploads\/2020\/07\/fe9fb6ce-5e0b-4464-9dbd-b7c22aedc473.jpg'><img loading=\"lazy\" decoding=\"async\" width=\"150\" height=\"150\" src=\"https:\/\/www.radiopiu.net\/wordpress\/wp-content\/uploads\/2020\/07\/fe9fb6ce-5e0b-4464-9dbd-b7c22aedc473-150x150.jpg\" class=\"attachment-thumbnail size-thumbnail\" alt=\"\" \/><\/a>\n\t\t\t\t<\/dt><\/dl><dl class='gallery-item'>\n\t\t\t\t<dt class='gallery-icon landscape'>\n\t\t\t\t\t<a class=\"rollover rollover-zoom dt-pswp-item\" title=\"cb0928ba-d57a-4ace-8130-5d7a3a23f0da\" data-dt-img-description=\"\" data-large_image_width=\"1600\" data-large_image_height=\"1200\"href='https:\/\/www.radiopiu.net\/wordpress\/wp-content\/uploads\/2020\/07\/cb0928ba-d57a-4ace-8130-5d7a3a23f0da.jpg'><img loading=\"lazy\" decoding=\"async\" width=\"150\" height=\"150\" src=\"https:\/\/www.radiopiu.net\/wordpress\/wp-content\/uploads\/2020\/07\/cb0928ba-d57a-4ace-8130-5d7a3a23f0da-150x150.jpg\" class=\"attachment-thumbnail size-thumbnail\" alt=\"\" \/><\/a>\n\t\t\t\t<\/dt><\/dl><dl class='gallery-item'>\n\t\t\t\t<dt class='gallery-icon landscape'>\n\t\t\t\t\t<a class=\"rollover rollover-zoom dt-pswp-item\" title=\"67321689-b260-4da0-b4d4-1c248415793b\" data-dt-img-description=\"\" data-large_image_width=\"1600\" data-large_image_height=\"1200\"href='https:\/\/www.radiopiu.net\/wordpress\/wp-content\/uploads\/2020\/07\/67321689-b260-4da0-b4d4-1c248415793b.jpg'><img loading=\"lazy\" decoding=\"async\" width=\"150\" height=\"150\" src=\"https:\/\/www.radiopiu.net\/wordpress\/wp-content\/uploads\/2020\/07\/67321689-b260-4da0-b4d4-1c248415793b-150x150.jpg\" class=\"attachment-thumbnail size-thumbnail\" alt=\"\" \/><\/a>\n\t\t\t\t<\/dt><\/dl><br style=\"clear: both\" \/>\n\t\t\t<\/div>\n\n<p>&nbsp;<\/p>\n<p>&nbsp;<\/p>\n<hr \/>\n<div>\n<h3><\/h3>\n<blockquote>\n<h3>ARRIVA L&#8217;ALBUM DELLE FIGURINE DEL PALIO DI FELTRE, VERR\u00c0 REGALATO AI BAMBINI SABATO E DOMENICA<\/h3>\n<\/blockquote>\n<p><strong><a class=\"dt-pswp-item\" href=\"https:\/\/www.radiopiu.net\/wordpress\/wp-content\/uploads\/2017\/12\/sbandieratori_del_palio_di_feltre_in_piazza_maggiore.jpg\" data-dt-img-description=\"\" data-large_image_width=\"300\" data-large_image_height=\"225\"><img loading=\"lazy\" decoding=\"async\" class=\"size-medium wp-image-39920 alignleft\" src=\"https:\/\/www.radiopiu.net\/wordpress\/wp-content\/uploads\/2017\/12\/sbandieratori_del_palio_di_feltre_in_piazza_maggiore-300x225.jpg\" alt=\"\" width=\"300\" height=\"225\" \/><\/a>FELTRE\u00a0<\/strong>Giunge finalmente a vedere la luce l\u2019album di figurine del Palio di Feltre, una iniziativa dell\u2019Associazione Palio Citt\u00e0 di Feltre a lungo elaborata e che per la sospensione delle scuole, all\u2019interno delle quali l\u2019album doveva essere distribuito gratuitamente, a causa del Coronavirus aveva dovuto essere momentaneamente sospesa.\u00a0La Ludoteca Medievale \u2013 Palio dei Bambini, che si svolger\u00e0 in Pra\u2019 del Moro sabato e domenica pomeriggio tra le 15.30 e le 19.30, fornir\u00e0 invece l\u2019occasione per presentare ufficialmente il nuovo supporto di cui il Palio si dota per entrare in contatto con il mondo dei pi\u00f9 giovani. Ai ragazzi che termineranno il circuito dei giochi ad ispirazione medievale che costituiranno il Palio dei Bambini verr\u00e0 infatti regalata una copia dell\u2019album, fino all\u2019esaurimento delle scorte iniziali di 400 copie. Le figurine saranno poi acquistabili nelle edicole feltrine, cos\u00ec come ulteriori album in distribuzione gratuitamente, in caso di esaurimento delle scorte disponibili a Pra\u2019 del Moro.<span class=\"Apple-converted-space\">\u00a0\u00a0<\/span>L\u2019album e le figurine sono state sviluppate in stretta collaborazione tra una squadra di volontari dell\u2019Associazione Palio Citt\u00e0 di Feltre (anche grazie a un contributo della Camera di Commercio Treviso Belluno Dolomiti) e l\u2019editore Noi Sportivi di Verona, con la preziosa assistenza di Donato Cicogna. Si compone di diverse sezioni, che illustrano la storia della manifestazione, le sue componenti principali e i diversi volontari che animano l\u2019Associazione Palio Citt\u00e0 di Feltre. Una sezione particolare sar\u00e0 poi dedicata al Gruppo Sbandieratori Citt\u00e0 di Feltre e agli attori principali del Palio feltrino, i quattro Quartieri, di cui sono ritratti in figurina le cariche sociali, i ragazzi degli sbandieratori e dei musici e i volontari che agiscono dietro le quinte.<span class=\"Apple-converted-space\">\u00a0\u00a0<\/span>A capitanare il nutrito gruppo di volontari che hanno dato vita all\u2019album c\u2019\u00e8 stata Doriana De Zordi, Segretario dell\u2019Associazione Palio, che sottolinea: \u201c<em>Realizzare l\u2019album \u00e8 stata una vera sfida. Non \u00e8 stato per niente facile raccogliere foto, adesioni, autorizzazioni, ma numerosi volontari, Quartieri e Gruppo Sbandieratori Citt\u00e0 di Feltre si sono dimostrati in grado di superare ogni difficolt\u00e0, una volta unitisi per un comune obiettivo. \u00c8 sorprendente la forza che nasce dall\u2019unione, quando l\u2019obiettivo \u00e8 comunque sempre giocare insieme<\/em>\u201d. Da parte sua il presidente del Palio Eugenio Tamburrino ha dichiarato: \u201c<em>La realizzazione dell\u2019album rientra in un piano pi\u00f9 ampio di avvicinamento del Palio alle giovani generazioni, che sono i destinatari principali di questa iniziativa, cos\u00ec come dell\u2019edizione Minecraft del Palio, e alle quali ulteriore attenzione sar\u00e0 dedicata in autunno. Il Direttivo e tutto il Consiglio dei Soci, che ringrazio al pari della Camera di Commercio, hanno molto creduto in questa proposta e siamo convinti che potr\u00e0 dare ulteriore freschezza alla nostra manifestazione. Riteniamo significativo, quasi un segnale di rinascita, che queste due proposte arrivino a compimento nel fine settimana di un Palio che non possiamo disputare<\/em>\u201d.<\/p>\n<p>&nbsp;<\/p>\n<p>&nbsp;<\/p>\n<hr \/>\n<p>&nbsp;<\/p>\n<blockquote>\n<h3>DOMENICA MATTINA ALLE 11: IN DIRETTA DIFFERITA<\/h3>\n<\/blockquote>\n<h3><a class=\"dt-pswp-item\" href=\"https:\/\/www.radiopiu.net\/wordpress\/wp-content\/uploads\/2020\/07\/107664234_888260738334098_5785740884384157881_n.jpg\" data-dt-img-description=\"\" data-large_image_width=\"400\" data-large_image_height=\"284\"><img loading=\"lazy\" decoding=\"async\" class=\"wp-image-152279 alignleft\" src=\"https:\/\/www.radiopiu.net\/wordpress\/wp-content\/uploads\/2020\/07\/107664234_888260738334098_5785740884384157881_n-300x213.jpg\" alt=\"\" width=\"179\" height=\"127\" srcset=\"https:\/\/www.radiopiu.net\/wordpress\/wp-content\/uploads\/2020\/07\/107664234_888260738334098_5785740884384157881_n-300x213.jpg 300w, https:\/\/www.radiopiu.net\/wordpress\/wp-content\/uploads\/2020\/07\/107664234_888260738334098_5785740884384157881_n.jpg 400w\" sizes=\"auto, (max-width: 179px) 100vw, 179px\" \/><\/a><\/h3>\n<p><strong>AGORDO<\/strong>\u00a0 Dal Mont Alt di Framont di Agordo Agordo Musica, Asolo Musica, CAI sezione di Agordo e RadioPi\u00f9 Emittente Agordina presentano ASPETTANDO MUSICA NELL&#8217;AGORDINO : IMPROVVISAZIONI IN QUOTA Con Andrea Bernardi, Agordo Musica Anna Magro e Dario Dell&#8217;Osbel, CAI sezione di Agordo e la partecipazione straordinaria di Paolo Forte alla fisarmonica. Alla radio e in streaming in tutto il mondo domenica mattina dalle 11. <strong>AI MICROFONI DI RADIO PIU IL FISARMONICISTA PAOLO FORTE CON ANDREA BERNARDI\u00a0\u00a0<\/strong><\/p>\n<audio class=\"wp-audio-shortcode\" id=\"audio-152349-11\" preload=\"none\" style=\"width: 100%;\" controls=\"controls\"><source type=\"audio\/mpeg\" src=\"https:\/\/www.radiopiu.net\/wordpress\/wp-content\/uploads\/2020\/07\/intervista-paolo-forte.mp3?_=11\" \/><a href=\"https:\/\/www.radiopiu.net\/wordpress\/wp-content\/uploads\/2020\/07\/intervista-paolo-forte.mp3\">https:\/\/www.radiopiu.net\/wordpress\/wp-content\/uploads\/2020\/07\/intervista-paolo-forte.mp3<\/a><\/audio>\n<p>&nbsp;<\/p>\n<p>&nbsp;<\/p>\n<\/div>\n<div>\n<hr \/>\n<blockquote>\n<h3>E DOMENICA IN PIAZZA AD AGORDO&#8230;. LES MAGOTS<\/h3>\n<\/blockquote>\n<p><a class=\"dt-pswp-item\" href=\"https:\/\/www.radiopiu.net\/wordpress\/wp-content\/uploads\/2020\/07\/maxresdefault.jpg\" data-dt-img-description=\"\" data-large_image_width=\"1280\" data-large_image_height=\"720\"><img loading=\"lazy\" decoding=\"async\" class=\"size-medium wp-image-151984 alignleft\" src=\"https:\/\/www.radiopiu.net\/wordpress\/wp-content\/uploads\/2020\/07\/maxresdefault-300x169.jpg\" alt=\"\" width=\"300\" height=\"169\" srcset=\"https:\/\/www.radiopiu.net\/wordpress\/wp-content\/uploads\/2020\/07\/maxresdefault-300x169.jpg 300w, https:\/\/www.radiopiu.net\/wordpress\/wp-content\/uploads\/2020\/07\/maxresdefault-1024x576.jpg 1024w, https:\/\/www.radiopiu.net\/wordpress\/wp-content\/uploads\/2020\/07\/maxresdefault-768x432.jpg 768w, https:\/\/www.radiopiu.net\/wordpress\/wp-content\/uploads\/2020\/07\/maxresdefault.jpg 1280w\" sizes=\"auto, (max-width: 300px) 100vw, 300px\" \/><\/a><\/p>\n<p>&nbsp;<\/p>\n<p>&nbsp;<\/p>\n<blockquote><p>&nbsp;<\/p><\/blockquote>\n<p>&nbsp;<\/p>\n<\/div>\n<p>&nbsp;<\/p>\n<audio class=\"wp-audio-shortcode\" id=\"audio-152349-12\" preload=\"none\" style=\"width: 100%;\" controls=\"controls\"><source type=\"audio\/mpeg\" src=\"https:\/\/www.radiopiu.net\/wordpress\/wp-content\/uploads\/2020\/07\/intervista-magots.mp3?_=12\" \/><a href=\"https:\/\/www.radiopiu.net\/wordpress\/wp-content\/uploads\/2020\/07\/intervista-magots.mp3\">https:\/\/www.radiopiu.net\/wordpress\/wp-content\/uploads\/2020\/07\/intervista-magots.mp3<\/a><\/audio>\n<p>&nbsp;<\/p>\n<p>&nbsp;<\/p>\n<div>\n<hr \/>\n<p>&nbsp;<\/p>\n<blockquote>\n<h3>APRE AD ARABBA LA MOSTRA FOTOGRAFICA \u201cEMIGRAZIONE DALLE DOLOMITI NEL NOVECENTO\u201d A CURA DI LUCIANA PALLA<\/h3>\n<\/blockquote>\n<p><strong><a class=\"dt-pswp-item\" href=\"https:\/\/www.radiopiu.net\/wordpress\/wp-content\/uploads\/2020\/07\/mostra_dolomiti.jpeg\" data-dt-img-description=\"\" data-large_image_width=\"982\" data-large_image_height=\"1389\"><img loading=\"lazy\" decoding=\"async\" class=\" wp-image-152028 alignleft\" src=\"https:\/\/www.radiopiu.net\/wordpress\/wp-content\/uploads\/2020\/07\/mostra_dolomiti-212x300.jpeg\" alt=\"\" width=\"132\" height=\"187\" srcset=\"https:\/\/www.radiopiu.net\/wordpress\/wp-content\/uploads\/2020\/07\/mostra_dolomiti-212x300.jpeg 212w, https:\/\/www.radiopiu.net\/wordpress\/wp-content\/uploads\/2020\/07\/mostra_dolomiti-724x1024.jpeg 724w, https:\/\/www.radiopiu.net\/wordpress\/wp-content\/uploads\/2020\/07\/mostra_dolomiti-768x1086.jpeg 768w, https:\/\/www.radiopiu.net\/wordpress\/wp-content\/uploads\/2020\/07\/mostra_dolomiti.jpeg 982w\" sizes=\"auto, (max-width: 132px) 100vw, 132px\" \/><\/a>LIVINALLONGO <\/strong>Arabba Fodom Turismo e L\u2019Istituto Culturale Ladino \u201cCesa de Jan\u201d offrono l\u2019opportunit\u00e0 di visitare la mostra \u201cEmigrazione dalle Dolomiti nel Novecento\u201d, a cura di Luciana Palla.Un interessante percorso fatto di fotografie, documenti e filmati che esplorano alcuni aspetti del nostro territorio a volte poco conosciuti. L\u2019esposizione, a ingresso libero, sar\u00e0 visitabile dal 29 luglio al 5 settembre 2020 presso la sala piano terra dell\u2019ufficio turistico di Arabba: dalle 8.45 alle 12.00 e dalle 15.30 alle 18.30.<\/p>\n<p>&nbsp;<\/p>\n<p>&nbsp;<\/p>\n<\/div>\n<p>&nbsp;<\/p>\n<p>&nbsp;<\/p>\n<div>\n<hr \/>\n<p>&nbsp;<\/p>\n<h2>IERI ALLA RADIO<\/h2>\n<p>&nbsp;<\/p>\n<p><span style=\"color: #0000ff;\"><strong><a class=\"dt-pswp-item\" href=\"https:\/\/www.radiopiu.net\/wordpress\/wp-content\/uploads\/2020\/06\/forcella-aurine.jpg\" data-dt-img-description=\"\" data-large_image_width=\"960\" data-large_image_height=\"282\"><img loading=\"lazy\" decoding=\"async\" class=\"size-medium wp-image-144809 alignleft\" src=\"https:\/\/www.radiopiu.net\/wordpress\/wp-content\/uploads\/2020\/06\/forcella-aurine-300x88.jpg\" alt=\"\" width=\"300\" height=\"88\" srcset=\"https:\/\/www.radiopiu.net\/wordpress\/wp-content\/uploads\/2020\/06\/forcella-aurine-300x88.jpg 300w, https:\/\/www.radiopiu.net\/wordpress\/wp-content\/uploads\/2020\/06\/forcella-aurine-768x226.jpg 768w, https:\/\/www.radiopiu.net\/wordpress\/wp-content\/uploads\/2020\/06\/forcella-aurine.jpg 960w\" sizes=\"auto, (max-width: 300px) 100vw, 300px\" \/><\/a>IERI ALLA RADIO IN COLLABORAZIONE CON GIORNALE E CAFFE&#8217; DERSUT DI TAIBON AGORDINO\u00a0<\/strong><\/span><br \/>\n<strong>di Claudio Fontanive<\/strong><\/p>\n<p><strong>OSPITE MORGAN GNECH, DA FORCELLA AURINE &#8211; DESMA &#8211;\u00a0\u00a0<\/strong><\/p>\n<audio class=\"wp-audio-shortcode\" id=\"audio-152349-13\" preload=\"none\" style=\"width: 100%;\" controls=\"controls\"><source type=\"audio\/mpeg\" src=\"https:\/\/www.radiopiu.net\/wordpress\/wp-content\/uploads\/2020\/07\/morgan-gnech-31-luglio.mp3?_=13\" \/><a href=\"https:\/\/www.radiopiu.net\/wordpress\/wp-content\/uploads\/2020\/07\/morgan-gnech-31-luglio.mp3\">https:\/\/www.radiopiu.net\/wordpress\/wp-content\/uploads\/2020\/07\/morgan-gnech-31-luglio.mp3<\/a><\/audio>\n<p>&nbsp;<\/p>\n<blockquote class=\"wp-embedded-content\" data-secret=\"AApN3BVrpF\"><p><a href=\"https:\/\/www.radiopiu.net\/wordpress\/vecchie-cartoline-guida-preziosa-per-scoprire-il-cadore-di-un-tempo\/\">VECCHIE CARTOLINE GUIDA PREZIOSA PER SCOPRIRE IL CADORE DI UN TEMPO<\/a><\/p><\/blockquote>\n<p><iframe loading=\"lazy\" class=\"wp-embedded-content\" sandbox=\"allow-scripts\" security=\"restricted\" style=\"position: absolute; clip: rect(1px, 1px, 1px, 1px);\" title=\"&#8220;VECCHIE CARTOLINE GUIDA PREZIOSA PER SCOPRIRE IL CADORE DI UN TEMPO&#8221; &#8212; Radio Pi\u00f9\" src=\"https:\/\/www.radiopiu.net\/wordpress\/vecchie-cartoline-guida-preziosa-per-scoprire-il-cadore-di-un-tempo\/embed\/#?secret=AApN3BVrpF\" data-secret=\"AApN3BVrpF\" width=\"600\" height=\"338\" frameborder=\"0\" marginwidth=\"0\" marginheight=\"0\" scrolling=\"no\"><\/iframe><\/p>\n<p>&nbsp;<\/p>\n<hr \/>\n<h3 class=\"photoswipe-wrapper\"><img loading=\"lazy\" decoding=\"async\" class=\"aligncenter wp-image-61958 size-full\" src=\"https:\/\/i2.wp.com\/www.radiopiu.net\/wordpress\/wp-content\/uploads\/2018\/09\/appuntamenti.jpeg?resize=800%2C100&amp;ssl=1\" sizes=\"auto, (max-width: 800px) 100vw, 800px\" srcset=\"https:\/\/i2.wp.com\/www.radiopiu.net\/wordpress\/wp-content\/uploads\/2018\/09\/appuntamenti.jpeg?w=800&amp;ssl=1 800w, https:\/\/i2.wp.com\/www.radiopiu.net\/wordpress\/wp-content\/uploads\/2018\/09\/appuntamenti.jpeg?resize=300%2C38&amp;ssl=1 300w, https:\/\/i2.wp.com\/www.radiopiu.net\/wordpress\/wp-content\/uploads\/2018\/09\/appuntamenti.jpeg?resize=768%2C96&amp;ssl=1 768w\" alt=\"\" width=\"800\" height=\"100\" \/><\/h3>\n<\/div>\n<blockquote>\n<h3><\/h3>\n<h3 class=\"photoswipe-wrapper\">IL RITORNO DEL CIRCO PATUF SUL BROI DI AGORDO CON LA COLLABORAZIONE DI AD AGORDO PROLOCO E COMUNE DI AGORDO<\/h3>\n<\/blockquote>\n<p><strong><span style=\"color: #ff0000;\">L&#8217;ASSESSORE CHIARA FONTANIVE<\/span><\/strong><\/p>\n<audio class=\"wp-audio-shortcode\" id=\"audio-152349-14\" preload=\"none\" style=\"width: 100%;\" controls=\"controls\"><source type=\"audio\/mpeg\" src=\"https:\/\/www.radiopiu.net\/wordpress\/wp-content\/uploads\/2020\/07\/CHIARA.mp3?_=14\" \/><a href=\"https:\/\/www.radiopiu.net\/wordpress\/wp-content\/uploads\/2020\/07\/CHIARA.mp3\">https:\/\/www.radiopiu.net\/wordpress\/wp-content\/uploads\/2020\/07\/CHIARA.mp3<\/a><\/audio>\n<p>&nbsp;<\/p>\n<div>\n<p><strong>FONZASO<\/strong> Lunedi alle 11 in via Monte Vallorca (sopra il negozio tempo di sport) sar\u00e0 presentato lo spazio culturale Dolomiti Hub <a href=\"http:\/\/dolomitihub.it\/\" target=\"_blank\" rel=\"noopener noreferrer\">dolomitihub.it<\/a>\u00a0 |\u00a0\u00a0<a href=\"mailto:info@dolomitihub.it\" target=\"_blank\" rel=\"noopener noreferrer\">info@dolomitihub.it<\/a><\/p>\n<p>&nbsp;<\/p>\n<p><strong>BELLUNO<\/strong> Dopo mesi di inattivit\u00e0, causa lockdown, il coro Monti dl Sole ha iniziato\u00a0 la propria attivit\u00e0 con le consuete prove settimanali.\u00a0 Questa sera alle 20,45 proporr\u00e0 una rassegna corale all&#8217;aperto, nella piazza di Longano, organizzata dal comitato colturale e ricreativo di Longano, giunta ormai alla 13^ edizione. Presenter\u00e0 la serata Michela Da Canal. In caso di maltempo il concerto verr\u00e0 rinviato.<\/p>\n<p>&nbsp;<\/p>\n<hr \/>\n<blockquote>\n<h3><\/h3>\n<h3>&#8220;LIVE&#8221; SECONDO APPUNTAMENTO A LONGARONE<\/h3>\n<\/blockquote>\n<p><strong>LONGARONE<\/strong>\u00a0 Questa sera avr\u00e0 luogo la seconda serata della manifestazione &#8220;Concerti tipi di note&#8221; che prevede due imperdibili concerti: <strong>&#8211; Misty Peaks<\/strong> (nascono, crescono e suonano canzoni indie-rock tra i monti Bellunesi. Il loro sound \u00e8 un rock cantautorale di matrice acustica che non disdegna ascendenze pi\u00f9 elettriche su alcuni passaggi); &#8211; <strong>Maydave &#8211;<\/strong> Mos\u00e8 Andrich &#8211; Filippo Viel (i I tre artisti si uniranno in un concerto di brani inediti, arrangiati per l&#8217;occasione: un racconto della vita quotidiana che si dipana tra gioie e dolori, albe e tramonti, con lo scopo di fermare il tempo e, per un momento, darsi pace). PRENOTAZIONI: Telefono: 0437-770119 email: info@prolocolongarone.it whatsapp: 340-8363020<\/p>\n<p>&nbsp;<\/p>\n<p>&nbsp;<\/p>\n<hr \/>\n<blockquote>\n<h3><\/h3>\n<h3>CINEMA SOTTO LE STELLE A SEDICO, MA NON SOLO CINEMA.<\/h3>\n<\/blockquote>\n<p class=\"photoswipe-wrapper\"><strong>SEDICO<\/strong> Con la Proloco di Sedico, i mercoled\u00ec sera a Villa Patt di Sedico.\u00a0 Per chi lo desidera c\u2019\u00e8 la possibilit\u00e0 di prenotare i biglietti online, al proposito riportiamo i link della varie serate, ingresso 5 euro adulti, 2 euro bambini con chiosco, pop corn e patatine. Domani presentazione dei libri dell\u2019associazione Feudo Mel: Saluti da Mel di Paolo Brunella-Dario Tonet e Ogni Maledetto Museo di Michele Da Rold. Nel corso della presentazione consegna della borsa di merito Beniamino Triches agli studenti universitari con l\u2019amministrazione comunale. <strong>05\/08\/2020 LA PELLE DELL\u2019ORSO<\/strong>\u00a0Anni 50 domenico vive nelle Dolomiti, il padre consumato dal vino e dalla solitudine si mette sulle tracce dell\u2019orso che minaccia la tranquillit\u00e0 della valle, padre e figlio si immergono nei boschi sempre pi\u00f9 a fondo:\u00a0<a href=\"https:\/\/docs.google.com\/forms\/d\/e\/1FAIpQLSdlVyzeY3aBwq0XTiPi4LajY2jIdzDsRvaDIq7zSKIEWT8obA\/viewform\">CLICCA QUI<\/a> \u00a0<strong>12\/08\/2020 BIANCO COME IL NERO \u2013 L\u2019AURORA<\/strong>\u00a0doppio appuntamento nel primo lo scenario della Grande Guerra durante il 1917 (l\u2019an de la fam) la gente di montagna cerca di resistere alla tragedia con l\u2019aiuto dei frati della certosa. In l\u2019Aurora una donna bella fuori ma malinconica dentro che si chiude in un mondo di immersioni in apnea e creazioni sartoriali nel laboratorio dove lavora:<a href=\"https:\/\/docs.google.com\/forms\/d\/e\/1FAIpQLSdXMb0Hr099eyzGSoVYTl8WpsZW3TKfCQXQAcF__f3NRouX5Q\/viewform\">\u00a0CLICCA QUI<\/a> <strong>19\/08\/2020 ROCKETMAN<\/strong>\u00a0Un timido pianista di provincia costruisce la propria carriera e il proprio personaggio fino a divenire una delle pi\u00f9 note stelle della musica internazionale. Lui \u00e8 Reginald Dwight ovvero Elton John\u00a0<a href=\"https:\/\/docs.google.com\/forms\/d\/e\/1FAIpQLSf32PztPJJRQslTRKR5qlhJRoHr-LQLsAXpTy6U6XSL_Ykf-A\/viewform\">CLICCA QUI<\/a><\/p>\n<p>&nbsp;<\/p>\n<p>&nbsp;<\/p>\n<p>&nbsp;<\/p>\n<hr \/>\n<p>&nbsp;<\/p>\n<blockquote>\n<blockquote>\n<h3><b>III EDIZIONE DEL FESTIVAL INTERNAZIONALE DI MUSICA ANTICA IN VAL DI ZOLDO<\/b><\/h3>\n<\/blockquote>\n<\/blockquote>\n<p><strong>VAL DI ZOLDO <\/strong>Concerto dell\u2019organista bavarese Tobias Lindner,\u00a0 domani\u00a0 a Pieve di Zoldo nella chiesa di San Floriano alle ore 17, con replica alle ore 19, per permettere a un pi\u00f9 vasto pubblico di assistervi.<\/p>\n<p>&nbsp;<\/p>\n<hr \/>\n<blockquote>\n<h3><\/h3>\n<\/blockquote>\n<blockquote>\n<h3>SILVIA TESSARI IN CONCERTO<\/h3>\n<\/blockquote>\n<p><strong>FALCADE<\/strong> Il 12 agosto alle 21 alla casa della giovent\u00f9 di Caviola &#8220;Inno alla gioia&#8221;, concerto della pianista Silvia Tessari. Prenotazione obbligatoria via telefono (anche messaggio) al 347 8870898. In caso di raggiungimento del numero massimo consentito sar\u00e0 previsto un secondo concerto per lo stesso giorno alle 18.<\/p>\n<p>&nbsp;<\/p>\n<hr \/>\n<blockquote>\n<h3><\/h3>\n<h3>NEOWISE LA GRANDE COMETA DEL 2020<\/h3>\n<\/blockquote>\n<p><strong>CENCENIGHE<\/strong> Venerdi 7 agosto alle 20.30 nella sala culturale del Municipio conferenza con audiovisivi di Claudio Pra, organizza la Biblioteca Comunale, Proloco, Comune di Cencenighe.<\/p>\n<p>&nbsp;<\/p>\n<hr \/>\n<blockquote>\n<h3><\/h3>\n<\/blockquote>\n<blockquote>\n<h3>EL CANAL DE AGORDO<\/h3>\n<\/blockquote>\n<p><strong>AGORDO<\/strong>\u00a0Scavare nel passato, storia ed archeologia da San Gottardo a Pont del Cristo. La mostra \u00e8 allestita al Museo mineralogico e paleontologico di via 5 maggio con ingresso libero. Fino al 6 settembre il venerdi, sabato e domenica dalle 10 alle 12.30 e dalle 16 alle 19. Info: archeoagordo.arca@gmail.com<\/p>\n<p>&nbsp;<\/p>\n<hr \/>\n<p>&nbsp;<\/p>\n<blockquote>\n<h2 class=\"tw-data-text tw-text-large XcVN5d tw-ta\" dir=\"ltr\" data-placeholder=\"Traduzione\"><span lang=\"en\">appointments recommended by radio pi\u00f9<\/span><\/h2>\n<\/blockquote>\n\n\t\t\t<style type='text\/css'>\n\t\t\t\t#gallery-4 {\n\t\t\t\t\tmargin: auto;\n\t\t\t\t}\n\t\t\t\t#gallery-4 .gallery-item {\n\t\t\t\t\tfloat: left;\n\t\t\t\t\tmargin-top: 10px;\n\t\t\t\t\ttext-align: center;\n\t\t\t\t\twidth: 20%;\n\t\t\t\t}\n\t\t\t\t#gallery-4 img {\n\t\t\t\t\tborder: 2px solid #cfcfcf;\n\t\t\t\t}\n\t\t\t\t#gallery-4 .gallery-caption {\n\t\t\t\t\tmargin-left: 0;\n\t\t\t\t}\n\t\t\t\t\/* see gallery_shortcode() in wp-includes\/media.php *\/\n\t\t\t<\/style>\n\t\t<div id='gallery-4' class='dt-gallery-container gallery galleryid-152349 gallery-columns-5 gallery-size-thumbnail'><dl class='gallery-item'>\n\t\t\t\t<dt class='gallery-icon portrait'>\n\t\t\t\t\t<a class=\"rollover rollover-zoom dt-pswp-item\" title=\"yogaandraz\" data-dt-img-description=\"\" data-large_image_width=\"905\" data-large_image_height=\"1280\"href='https:\/\/www.radiopiu.net\/wordpress\/wp-content\/uploads\/2020\/07\/yogaandraz.jpg'><img loading=\"lazy\" decoding=\"async\" width=\"150\" height=\"150\" src=\"https:\/\/www.radiopiu.net\/wordpress\/wp-content\/uploads\/2020\/07\/yogaandraz-150x150.jpg\" class=\"attachment-thumbnail size-thumbnail\" alt=\"\" \/><\/a>\n\t\t\t\t<\/dt><\/dl><dl class='gallery-item'>\n\t\t\t\t<dt class='gallery-icon portrait'>\n\t\t\t\t\t<a class=\"rollover rollover-zoom dt-pswp-item\" title=\"RITROVARSI IN SINISTRA PIAVE locandina definitiva\" data-dt-img-description=\"\" data-large_image_width=\"1293\" data-large_image_height=\"2560\"href='https:\/\/www.radiopiu.net\/wordpress\/wp-content\/uploads\/2020\/07\/RITROVARSI-IN-SINISTRA-PIAVE-locandina-definitiva-scaled.jpg'><img loading=\"lazy\" decoding=\"async\" width=\"150\" height=\"150\" src=\"https:\/\/www.radiopiu.net\/wordpress\/wp-content\/uploads\/2020\/07\/RITROVARSI-IN-SINISTRA-PIAVE-locandina-definitiva-150x150.jpg\" class=\"attachment-thumbnail size-thumbnail\" alt=\"\" \/><\/a>\n\t\t\t\t<\/dt><\/dl><dl class='gallery-item'>\n\t\t\t\t<dt class='gallery-icon portrait'>\n\t\t\t\t\t<a class=\"rollover rollover-zoom dt-pswp-item\" title=\"82799889_285851282792527_7947034300049837793_n\" data-dt-img-description=\"\" data-large_image_width=\"678\" data-large_image_height=\"960\"href='https:\/\/www.radiopiu.net\/wordpress\/wp-content\/uploads\/2020\/07\/82799889_285851282792527_7947034300049837793_n.jpg'><img loading=\"lazy\" decoding=\"async\" width=\"150\" height=\"150\" src=\"https:\/\/www.radiopiu.net\/wordpress\/wp-content\/uploads\/2020\/07\/82799889_285851282792527_7947034300049837793_n-150x150.jpg\" class=\"attachment-thumbnail size-thumbnail\" alt=\"\" \/><\/a>\n\t\t\t\t<\/dt><\/dl><dl class='gallery-item'>\n\t\t\t\t<dt class='gallery-icon landscape'>\n\t\t\t\t\t<a class=\"rollover rollover-zoom dt-pswp-item\" title=\"987da034-0d4d-4831-a578-694c73f67a5b\" data-dt-img-description=\"\" data-large_image_width=\"1600\" data-large_image_height=\"1600\"href='https:\/\/www.radiopiu.net\/wordpress\/wp-content\/uploads\/2020\/07\/987da034-0d4d-4831-a578-694c73f67a5b.jpg'><img loading=\"lazy\" decoding=\"async\" width=\"150\" height=\"150\" src=\"https:\/\/www.radiopiu.net\/wordpress\/wp-content\/uploads\/2020\/07\/987da034-0d4d-4831-a578-694c73f67a5b-150x150.jpg\" class=\"attachment-thumbnail size-thumbnail\" alt=\"\" srcset=\"https:\/\/www.radiopiu.net\/wordpress\/wp-content\/uploads\/2020\/07\/987da034-0d4d-4831-a578-694c73f67a5b-150x150.jpg 150w, https:\/\/www.radiopiu.net\/wordpress\/wp-content\/uploads\/2020\/07\/987da034-0d4d-4831-a578-694c73f67a5b-300x300.jpg 300w, https:\/\/www.radiopiu.net\/wordpress\/wp-content\/uploads\/2020\/07\/987da034-0d4d-4831-a578-694c73f67a5b-1024x1024.jpg 1024w, https:\/\/www.radiopiu.net\/wordpress\/wp-content\/uploads\/2020\/07\/987da034-0d4d-4831-a578-694c73f67a5b-768x768.jpg 768w, https:\/\/www.radiopiu.net\/wordpress\/wp-content\/uploads\/2020\/07\/987da034-0d4d-4831-a578-694c73f67a5b-1536x1536.jpg 1536w, https:\/\/www.radiopiu.net\/wordpress\/wp-content\/uploads\/2020\/07\/987da034-0d4d-4831-a578-694c73f67a5b.jpg 1600w\" sizes=\"auto, (max-width: 150px) 100vw, 150px\" \/><\/a>\n\t\t\t\t<\/dt><\/dl><dl class='gallery-item'>\n\t\t\t\t<dt class='gallery-icon portrait'>\n\t\t\t\t\t<a class=\"rollover rollover-zoom dt-pswp-item\" title=\"fb0f2285-210f-4bba-8573-b8ff07a91fa8\" data-dt-img-description=\"\" data-large_image_width=\"726\" data-large_image_height=\"1024\"href='https:\/\/www.radiopiu.net\/wordpress\/wp-content\/uploads\/2020\/07\/fb0f2285-210f-4bba-8573-b8ff07a91fa8.jpg'><img loading=\"lazy\" decoding=\"async\" width=\"150\" height=\"150\" src=\"https:\/\/www.radiopiu.net\/wordpress\/wp-content\/uploads\/2020\/07\/fb0f2285-210f-4bba-8573-b8ff07a91fa8-150x150.jpg\" class=\"attachment-thumbnail size-thumbnail\" alt=\"\" \/><\/a>\n\t\t\t\t<\/dt><\/dl><br style=\"clear: both\" \/><dl class='gallery-item'>\n\t\t\t\t<dt class='gallery-icon portrait'>\n\t\t\t\t\t<a class=\"rollover rollover-zoom dt-pswp-item\" title=\"446199a0-ccb6-4daa-88f9-ee34f5a4944a\" data-dt-img-description=\"\" data-large_image_width=\"1080\" data-large_image_height=\"1350\"href='https:\/\/www.radiopiu.net\/wordpress\/wp-content\/uploads\/2020\/07\/446199a0-ccb6-4daa-88f9-ee34f5a4944a.jpg'><img loading=\"lazy\" decoding=\"async\" width=\"150\" height=\"150\" src=\"https:\/\/www.radiopiu.net\/wordpress\/wp-content\/uploads\/2020\/07\/446199a0-ccb6-4daa-88f9-ee34f5a4944a-150x150.jpg\" class=\"attachment-thumbnail size-thumbnail\" alt=\"\" \/><\/a>\n\t\t\t\t<\/dt><\/dl><dl class='gallery-item'>\n\t\t\t\t<dt class='gallery-icon portrait'>\n\t\t\t\t\t<a class=\"rollover rollover-zoom dt-pswp-item\" title=\"8decb5e4-5a09-4396-8808-991f536b16f0\" data-dt-img-description=\"\" data-large_image_width=\"1130\" data-large_image_height=\"1600\"href='https:\/\/www.radiopiu.net\/wordpress\/wp-content\/uploads\/2020\/07\/8decb5e4-5a09-4396-8808-991f536b16f0.jpg'><img loading=\"lazy\" decoding=\"async\" width=\"150\" height=\"150\" src=\"https:\/\/www.radiopiu.net\/wordpress\/wp-content\/uploads\/2020\/07\/8decb5e4-5a09-4396-8808-991f536b16f0-150x150.jpg\" class=\"attachment-thumbnail size-thumbnail\" alt=\"\" \/><\/a>\n\t\t\t\t<\/dt><\/dl><dl class='gallery-item'>\n\t\t\t\t<dt class='gallery-icon portrait'>\n\t\t\t\t\t<a class=\"rollover rollover-zoom dt-pswp-item\" title=\"LOCANDINA MOSTRA ARCA 2019 Patrocinio\" data-dt-img-description=\"\" data-large_image_width=\"1810\" data-large_image_height=\"2560\"href='https:\/\/www.radiopiu.net\/wordpress\/wp-content\/uploads\/2020\/07\/LOCANDINA-MOSTRA-ARCA-2020-scaled.jpg'><img loading=\"lazy\" decoding=\"async\" width=\"150\" height=\"150\" src=\"https:\/\/www.radiopiu.net\/wordpress\/wp-content\/uploads\/2020\/07\/LOCANDINA-MOSTRA-ARCA-2020-150x150.jpg\" class=\"attachment-thumbnail size-thumbnail\" alt=\"\" \/><\/a>\n\t\t\t\t<\/dt><\/dl><dl class='gallery-item'>\n\t\t\t\t<dt class='gallery-icon portrait'>\n\t\t\t\t\t<a class=\"rollover rollover-zoom dt-pswp-item\" title=\"0995c87e-41e6-46f0-81e9-380485c41502\" data-dt-img-description=\"\" data-large_image_width=\"1447\" data-large_image_height=\"2048\"href='https:\/\/www.radiopiu.net\/wordpress\/wp-content\/uploads\/2020\/07\/0995c87e-41e6-46f0-81e9-380485c41502.jpg'><img loading=\"lazy\" decoding=\"async\" width=\"150\" height=\"150\" src=\"https:\/\/www.radiopiu.net\/wordpress\/wp-content\/uploads\/2020\/07\/0995c87e-41e6-46f0-81e9-380485c41502-150x150.jpg\" class=\"attachment-thumbnail size-thumbnail\" alt=\"\" \/><\/a>\n\t\t\t\t<\/dt><\/dl><dl class='gallery-item'>\n\t\t\t\t<dt class='gallery-icon portrait'>\n\t\t\t\t\t<a class=\"rollover rollover-zoom dt-pswp-item\" title=\"4dd872a2-f52d-4a12-9746-816401dfe394\" data-dt-img-description=\"\" data-large_image_width=\"1131\" data-large_image_height=\"1600\"href='https:\/\/www.radiopiu.net\/wordpress\/wp-content\/uploads\/2020\/07\/4dd872a2-f52d-4a12-9746-816401dfe394.jpg'><img loading=\"lazy\" decoding=\"async\" width=\"150\" height=\"150\" src=\"https:\/\/www.radiopiu.net\/wordpress\/wp-content\/uploads\/2020\/07\/4dd872a2-f52d-4a12-9746-816401dfe394-150x150.jpg\" class=\"attachment-thumbnail size-thumbnail\" alt=\"\" \/><\/a>\n\t\t\t\t<\/dt><\/dl><br style=\"clear: both\" \/><dl class='gallery-item'>\n\t\t\t\t<dt class='gallery-icon portrait'>\n\t\t\t\t\t<a class=\"rollover rollover-zoom dt-pswp-item\" title=\"concerto Tessari\" data-dt-img-description=\"\" data-large_image_width=\"1239\" data-large_image_height=\"1754\"href='https:\/\/www.radiopiu.net\/wordpress\/wp-content\/uploads\/2020\/07\/concerto-Tessari.jpg'><img loading=\"lazy\" decoding=\"async\" width=\"150\" height=\"150\" src=\"https:\/\/www.radiopiu.net\/wordpress\/wp-content\/uploads\/2020\/07\/concerto-Tessari-150x150.jpg\" class=\"attachment-thumbnail size-thumbnail\" alt=\"\" \/><\/a>\n\t\t\t\t<\/dt><\/dl><dl class='gallery-item'>\n\t\t\t\t<dt class='gallery-icon portrait'>\n\t\t\t\t\t<a class=\"rollover rollover-zoom dt-pswp-item\" title=\"ALLA SCOPERTA DI CANALE\" data-dt-img-description=\"\" data-large_image_width=\"620\" data-large_image_height=\"873\"href='https:\/\/www.radiopiu.net\/wordpress\/wp-content\/uploads\/2020\/07\/ALLA-SCOPERTA-DI-CANALE-.jpg'><img loading=\"lazy\" decoding=\"async\" width=\"150\" height=\"150\" src=\"https:\/\/www.radiopiu.net\/wordpress\/wp-content\/uploads\/2020\/07\/ALLA-SCOPERTA-DI-CANALE--150x150.jpg\" class=\"attachment-thumbnail size-thumbnail\" alt=\"\" \/><\/a>\n\t\t\t\t<\/dt><\/dl><dl class='gallery-item'>\n\t\t\t\t<dt class='gallery-icon portrait'>\n\t\t\t\t\t<a class=\"rollover rollover-zoom dt-pswp-item\" title=\"trekking_fotografico_DEF\" data-dt-img-description=\"\" data-large_image_width=\"905\" data-large_image_height=\"1280\"href='https:\/\/www.radiopiu.net\/wordpress\/wp-content\/uploads\/2020\/07\/trekking_fotografico_DEF.png'><img loading=\"lazy\" decoding=\"async\" width=\"150\" height=\"150\" src=\"https:\/\/www.radiopiu.net\/wordpress\/wp-content\/uploads\/2020\/07\/trekking_fotografico_DEF-150x150.png\" class=\"attachment-thumbnail size-thumbnail\" alt=\"\" \/><\/a>\n\t\t\t\t<\/dt><\/dl><dl class='gallery-item'>\n\t\t\t\t<dt class='gallery-icon portrait'>\n\t\t\t\t\t<a class=\"rollover rollover-zoom dt-pswp-item\" title=\"Locandina eventi 2\" data-dt-img-description=\"\" data-large_image_width=\"905\" data-large_image_height=\"1280\"href='https:\/\/www.radiopiu.net\/wordpress\/wp-content\/uploads\/2020\/07\/Locandina-eventi-2.png'><img loading=\"lazy\" decoding=\"async\" width=\"150\" height=\"150\" src=\"https:\/\/www.radiopiu.net\/wordpress\/wp-content\/uploads\/2020\/07\/Locandina-eventi-2-150x150.png\" class=\"attachment-thumbnail size-thumbnail\" alt=\"\" \/><\/a>\n\t\t\t\t<\/dt><\/dl><dl class='gallery-item'>\n\t\t\t\t<dt class='gallery-icon portrait'>\n\t\t\t\t\t<a class=\"rollover rollover-zoom dt-pswp-item\" title=\"newsletter Week 4 Kids Summer\" data-dt-img-description=\"\" data-large_image_width=\"1280\" data-large_image_height=\"2560\"href='https:\/\/www.radiopiu.net\/wordpress\/wp-content\/uploads\/2020\/07\/newsletter-Week-4-Kids-Summer-scaled.jpg'><img loading=\"lazy\" decoding=\"async\" width=\"150\" height=\"150\" src=\"https:\/\/www.radiopiu.net\/wordpress\/wp-content\/uploads\/2020\/07\/newsletter-Week-4-Kids-Summer-150x150.jpg\" class=\"attachment-thumbnail size-thumbnail\" alt=\"\" \/><\/a>\n\t\t\t\t<\/dt><\/dl><br style=\"clear: both\" \/>\n\t\t\t<\/div>\n\n<p>&nbsp;<\/p>\n<hr \/>\n<p>&nbsp;<\/p>\n<h2>IERI ALLA RADIO<\/h2>\n<blockquote class=\"wp-embedded-content\" data-secret=\"s8ljEENMS4\"><p><a href=\"https:\/\/www.radiopiu.net\/wordpress\/il-suo-occhio\/\">IL SUO OCCHIO<\/a><\/p><\/blockquote>\n<p><iframe loading=\"lazy\" class=\"wp-embedded-content\" sandbox=\"allow-scripts\" security=\"restricted\" style=\"position: absolute; clip: rect(1px, 1px, 1px, 1px);\" title=\"&#8220;IL SUO OCCHIO&#8221; &#8212; Radio Pi\u00f9\" src=\"https:\/\/www.radiopiu.net\/wordpress\/il-suo-occhio\/embed\/#?secret=s8ljEENMS4\" data-secret=\"s8ljEENMS4\" width=\"600\" height=\"338\" frameborder=\"0\" marginwidth=\"0\" marginheight=\"0\" scrolling=\"no\"><\/iframe><\/p>\n<h2><span style=\"color: #ff0000;\">DUE MINUTI UN LIBRO<\/span><\/h2>\n<p><strong>LE ALTRE PUNTATE<\/strong><\/p>\n<blockquote class=\"wp-embedded-content\" data-secret=\"UwREJEFT6h\"><p><a href=\"https:\/\/www.radiopiu.net\/wordpress\/due-minuti-un-libro\/\">Due minuti un libro<\/a><\/p><\/blockquote>\n<p><iframe loading=\"lazy\" class=\"wp-embedded-content\" sandbox=\"allow-scripts\" security=\"restricted\" style=\"position: absolute; clip: rect(1px, 1px, 1px, 1px);\" title=\"&#8220;Due minuti un libro&#8221; &#8212; Radio Pi\u00f9\" src=\"https:\/\/www.radiopiu.net\/wordpress\/due-minuti-un-libro\/embed\/#?secret=UwREJEFT6h\" data-secret=\"UwREJEFT6h\" width=\"600\" height=\"338\" frameborder=\"0\" marginwidth=\"0\" marginheight=\"0\" scrolling=\"no\"><\/iframe><\/p>\n<p>&nbsp;<\/p>\n<p>&nbsp;<\/p>\n<p>&nbsp;<\/p>\n<hr \/>\n<p>&nbsp;<\/p>\n<h2><a class=\"dt-pswp-item\" href=\"https:\/\/www.radiopiu.net\/wordpress\/wp-content\/uploads\/2020\/06\/4f376fe2-d9cd-4dc8-b8ec-9bd773546a4e.jpg\" data-dt-img-description=\"\" data-large_image_width=\"960\" data-large_image_height=\"720\"><img loading=\"lazy\" decoding=\"async\" class=\"wp-image-146572 alignleft\" src=\"https:\/\/www.radiopiu.net\/wordpress\/wp-content\/uploads\/2020\/06\/4f376fe2-d9cd-4dc8-b8ec-9bd773546a4e-300x225.jpg\" alt=\"\" width=\"132\" height=\"99\" srcset=\"https:\/\/www.radiopiu.net\/wordpress\/wp-content\/uploads\/2020\/06\/4f376fe2-d9cd-4dc8-b8ec-9bd773546a4e-300x225.jpg 300w, https:\/\/www.radiopiu.net\/wordpress\/wp-content\/uploads\/2020\/06\/4f376fe2-d9cd-4dc8-b8ec-9bd773546a4e-768x576.jpg 768w, https:\/\/www.radiopiu.net\/wordpress\/wp-content\/uploads\/2020\/06\/4f376fe2-d9cd-4dc8-b8ec-9bd773546a4e.jpg 960w\" sizes=\"auto, (max-width: 132px) 100vw, 132px\" \/><\/a><\/h2>\n<h2><\/h2>\n<h2><span style=\"color: #333399;\">DON CESARE, IL PENSIERO DEL GIORNO. ALLA RADIO ALLE 7 DEL MATTINO E ALLE 19.30 DELLA SERA.<\/span><\/h2>\n<p>&nbsp;<\/p>\n<audio class=\"wp-audio-shortcode\" id=\"audio-152349-15\" preload=\"none\" style=\"width: 100%;\" controls=\"controls\"><source type=\"audio\/mpeg\" src=\"https:\/\/www.radiopiu.net\/wordpress\/wp-content\/uploads\/2020\/07\/CESARE-5.mp3?_=15\" \/><a href=\"https:\/\/www.radiopiu.net\/wordpress\/wp-content\/uploads\/2020\/07\/CESARE-5.mp3\">https:\/\/www.radiopiu.net\/wordpress\/wp-content\/uploads\/2020\/07\/CESARE-5.mp3<\/a><\/audio>\n<hr \/>\n<p>&nbsp;<\/p>\n<p>&nbsp;<\/p>\n<h2><span style=\"color: #808000;\">AGORDINOMERON&#8230;LA RACCOLTA<\/span><\/h2>\n<blockquote class=\"wp-embedded-content\" data-secret=\"AzLmRP9Aqy\"><p><a href=\"https:\/\/www.radiopiu.net\/wordpress\/agordinomeron\/\">AGORDINOMERON, IL TERRITORIO SI RACCONTA Da un&#8217;idea di Gianni Santomaso<\/a><\/p><\/blockquote>\n<p><iframe loading=\"lazy\" class=\"wp-embedded-content\" sandbox=\"allow-scripts\" security=\"restricted\" style=\"position: absolute; clip: rect(1px, 1px, 1px, 1px);\" title=\"&#8220;AGORDINOMERON, IL TERRITORIO SI RACCONTA Da un&#8217;idea di Gianni Santomaso&#8221; &#8212; Radio Pi\u00f9\" src=\"https:\/\/www.radiopiu.net\/wordpress\/agordinomeron\/embed\/#?secret=AzLmRP9Aqy\" data-secret=\"AzLmRP9Aqy\" width=\"600\" height=\"338\" frameborder=\"0\" marginwidth=\"0\" marginheight=\"0\" scrolling=\"no\"><\/iframe><\/p>\n<p>&nbsp;<\/p>\n<p>&nbsp;<\/p>\n<hr \/>\n<p>&nbsp;<\/p>\n<p>&nbsp;<\/p>\n<h2><span style=\"color: #ff00ff;\">ZAINO DA VIAGGIO AL FEMMINILE DI PAOLA LANCIATO<\/span><\/h2>\n<h2><span style=\"color: #ff00ff;\">L&#8217;INTERA RACCOLTA<\/span><\/h2>\n<blockquote class=\"wp-embedded-content\" data-secret=\"VkTBjiXLQp\"><p><a href=\"https:\/\/www.radiopiu.net\/wordpress\/zaino-femminile-lanciato\/\">Zaino da viaggio al femminile<\/a><\/p><\/blockquote>\n<p><iframe loading=\"lazy\" class=\"wp-embedded-content\" sandbox=\"allow-scripts\" security=\"restricted\" style=\"position: absolute; clip: rect(1px, 1px, 1px, 1px);\" title=\"&#8220;Zaino da viaggio al femminile&#8221; &#8212; Radio Pi\u00f9\" src=\"https:\/\/www.radiopiu.net\/wordpress\/zaino-femminile-lanciato\/embed\/#?secret=VkTBjiXLQp\" data-secret=\"VkTBjiXLQp\" width=\"600\" height=\"338\" frameborder=\"0\" marginwidth=\"0\" marginheight=\"0\" scrolling=\"no\"><\/iframe><\/p>\n<hr \/>\n<p>&nbsp;<\/p>\n<p>&nbsp;<\/p>\n<p>&nbsp;<\/p>\n<h2><span style=\"color: #00ccff;\">I RACCONTI DI PAOLO SOPPELSA&#8230;LA RACCOLTA COMPLETA<\/span><\/h2>\n<blockquote class=\"wp-embedded-content\" data-secret=\"1xL21U5Et4\"><p><a href=\"https:\/\/www.radiopiu.net\/wordpress\/i-racconti-di-paolo-soppelsa\/\">I racconti di Paolo Soppelsa<\/a><\/p><\/blockquote>\n<p><iframe loading=\"lazy\" class=\"wp-embedded-content\" sandbox=\"allow-scripts\" security=\"restricted\" style=\"position: absolute; clip: rect(1px, 1px, 1px, 1px);\" title=\"&#8220;I racconti di Paolo Soppelsa&#8221; &#8212; Radio Pi\u00f9\" src=\"https:\/\/www.radiopiu.net\/wordpress\/i-racconti-di-paolo-soppelsa\/embed\/#?secret=1xL21U5Et4\" data-secret=\"1xL21U5Et4\" width=\"600\" height=\"338\" frameborder=\"0\" marginwidth=\"0\" marginheight=\"0\" scrolling=\"no\"><\/iframe><\/p>\n<p>&nbsp;<\/p>\n<hr \/>\n<p>&nbsp;<\/p>\n<p>&nbsp;<\/p>\n<h2>SUL SITO DI RADIO PIU&#8217; LA VIDEO GALLERY<\/h2>\n<blockquote class=\"wp-embedded-content\" data-secret=\"bM8vqR13Vk\"><p><a href=\"https:\/\/www.radiopiu.net\/wordpress\/ep-center-video-gallery\/\">EP CENTER video gallery<\/a><\/p><\/blockquote>\n<p><iframe loading=\"lazy\" class=\"wp-embedded-content\" sandbox=\"allow-scripts\" security=\"restricted\" style=\"position: absolute; clip: rect(1px, 1px, 1px, 1px);\" title=\"&#8220;EP CENTER video gallery&#8221; &#8212; Radio Pi\u00f9\" src=\"https:\/\/www.radiopiu.net\/wordpress\/ep-center-video-gallery\/embed\/#?secret=bM8vqR13Vk\" data-secret=\"bM8vqR13Vk\" width=\"600\" height=\"338\" frameborder=\"0\" marginwidth=\"0\" marginheight=\"0\" scrolling=\"no\"><\/iframe><\/p>\n<p>&nbsp;<\/p>\n<hr \/>\n<h3><\/h3>\n<p><strong class=\"photoswipe-wrapper\"><a class=\"dt-pswp-item pspw-wrap-ready\" href=\"https:\/\/i0.wp.com\/www.radiopiu.net\/wordpress\/wp-content\/uploads\/2018\/09\/viabilita.jpeg?ssl=1\" data-dt-img-description=\"\" data-large_image_width=\"800\" data-large_image_height=\"100\"><img loading=\"lazy\" decoding=\"async\" class=\"aligncenter wp-image-61954 size-full jetpack-lazy-image jetpack-lazy-image--handled\" src=\"https:\/\/i0.wp.com\/www.radiopiu.net\/wordpress\/wp-content\/uploads\/2018\/09\/viabilita.jpeg?resize=800%2C100&amp;ssl=1\" sizes=\"auto, (max-width: 800px) 100vw, 800px\" srcset=\"https:\/\/i0.wp.com\/www.radiopiu.net\/wordpress\/wp-content\/uploads\/2018\/09\/viabilita.jpeg?w=800&amp;ssl=1 800w, https:\/\/i0.wp.com\/www.radiopiu.net\/wordpress\/wp-content\/uploads\/2018\/09\/viabilita.jpeg?resize=300%2C38&amp;ssl=1 300w, https:\/\/i0.wp.com\/www.radiopiu.net\/wordpress\/wp-content\/uploads\/2018\/09\/viabilita.jpeg?resize=768%2C96&amp;ssl=1 768w\" alt=\"\" width=\"800\" height=\"100\" data-lazy-loaded=\"1\" \/><\/a><\/strong><\/p>\n<p>&nbsp;<\/p>\n<div class=\"page-title-head hgroup\">\n<h3 class=\"entry-title\"><span style=\"font-size: 14px; font-weight: normal;\">SELVA DI CADORE \u00a0FINO AL 7 AGOSTO DALLE 7 ALLE 18 \u00a0E DAL 24 AGOSTO AL 15 SETTEMBRE SEMPRE DALLE 7 ALLE 18 (FESTIVI E PRE FESTIVI ESCLUSI) SENSO UNICO ALTERNATO CON MOVIERI O SEMAFORO IN LOCALIT\u00c0 SOLATOR. DAL CHILOMETRO 4.400 AL CHILOMETRO 5.100<\/span><\/h3>\n<\/div>\n<p>PROVINCIALE 641 DI PASSO FEDAIA, FINO AL 7 AGOSTO, INCLUSI SABATO, DOMENICA, FESTIVI E PREFESTIVI, SENSO UNICO IN LOCALIT\u00c0 ROCCA PIETORE PER SOSTITUZIONI BARRIERE LATERALI<\/p>\n<p>FINO AL 7 AGOSTO SABATO E DOMENICA COMPRESI LUNGO LA 641 DI PASSO FEDAIA IN LOCALIT\u00e0 CAPANNA BILL E COL DI ROCCA, SENSO UNICO ALTERNATO CON SEMAFORO<\/p>\n<p>STRADA PROVINCIALE 619 DI VIGO DI CADORE, FINO\u00a0 AL 7 AGOSTO, ESCLUSI SABATI E DOMENICHE, SENSO UNICO ALTERNATO REGOLATO DA IMPIANTO SEMAFORICO O MOVIERI PER MESSA IN SICUREZZA DELLA STRADA<\/p>\n<h2><\/h2>\n<p>&nbsp;<\/p>\n<p>&nbsp;<\/p>\n<p class=\"photoswipe-wrapper\"><a class=\"dt-pswp-item pspw-wrap-ready\" href=\"https:\/\/i0.wp.com\/www.radiopiu.net\/wordpress\/wp-content\/uploads\/2018\/09\/WhatsApp-Image-2018-09-20-at-16.04.06.jpeg?ssl=1\" data-dt-img-description=\"\" data-large_image_width=\"800\" data-large_image_height=\"100\"><img loading=\"lazy\" decoding=\"async\" class=\"aligncenter wp-image-61378 size-full jetpack-lazy-image jetpack-lazy-image--handled\" src=\"https:\/\/i0.wp.com\/www.radiopiu.net\/wordpress\/wp-content\/uploads\/2018\/09\/WhatsApp-Image-2018-09-20-at-16.04.06.jpeg?resize=800%2C100&amp;ssl=1\" sizes=\"auto, (max-width: 800px) 100vw, 800px\" srcset=\"https:\/\/i0.wp.com\/www.radiopiu.net\/wordpress\/wp-content\/uploads\/2018\/09\/WhatsApp-Image-2018-09-20-at-16.04.06.jpeg?w=800&amp;ssl=1 800w, https:\/\/i0.wp.com\/www.radiopiu.net\/wordpress\/wp-content\/uploads\/2018\/09\/WhatsApp-Image-2018-09-20-at-16.04.06.jpeg?resize=300%2C38&amp;ssl=1 300w, https:\/\/i0.wp.com\/www.radiopiu.net\/wordpress\/wp-content\/uploads\/2018\/09\/WhatsApp-Image-2018-09-20-at-16.04.06.jpeg?resize=768%2C96&amp;ssl=1 768w\" alt=\"\" width=\"800\" height=\"100\" data-lazy-loaded=\"1\" \/><\/a><\/p>\n<p>&nbsp;<\/p>\n<p>&nbsp;<\/p>\n<p><center><b>Sabato 1<\/b><\/center><b>Tempo atteso: <\/b>Splendida mattinata estiva con sole e cielo terso. Al pomeriggio lieve riduzione del soleggiamento per lo sviluppo di modesti cumuli. Pi\u00f9 tardi (tardo pomeriggio\/sera) ed in singoli casi non saranno da escludere addensamenti intensi associati a qualche locale fenomeno convettivo. Clima sempre molto caldo, anche un po&#8217; afoso nei fondovalle prealpini.<br \/>\n<b>Precipitazioni: <\/b>Assenti (0%) fino nel tardo pomeriggio. Poi, seppur bassa, non esclusa la probabilit\u00e0 di qualche singolo temporale di calore (10\/20%), specie verso sera.<br \/>\n<b>Temperature: <\/b>Senza variazioni di rilievo o in leggero aumento in giornata per la presenza di aria pi\u00f9 secca e il forte soleggiamento. Sono previste punte di 32\/34\u00b0C nei fondovalle prealpini e di 27\/30\u00b0C a 1000\/1200 m. Su Prealpi a 1500 m min 16\u00b0C max 23\u00b0C, a 2000 m min 13\u00b0C max 18\u00b0C. Su Dolomiti a 2000 m min 13\u00b0C max 19\u00b0C, a 3000 m min 8\u00b0C max 11\u00b0C.<br \/>\n<b>Venti: <\/b>Nelle valli generalmente deboli per brezze, localmente e a tratti moderati; in quota perlopi\u00f9 deboli da nord-ovest, a tratti moderati sulle cime pi\u00f9 alte, a 5-10 km\/h a 2000 m e 10-15 km\/h a 3000 m.<\/p>\n<hr \/>\n<p><center><b>Domenica 2<\/b><\/center><b>Tempo atteso: <\/b>Al mattino qualche tratto soleggiato e rapido aumento della nuvolosit\u00e0 cumuliforme, la quale potr\u00e0 gi\u00e0 essere associata a qualche rovescio o temporale. Nel corso del pomeriggio ulteriore intensificazione della nuvolosit\u00e0 con nuovi rovesci e temporali. Attenuazione del caldo per deficit di sole e instabilit\u00e0.<br \/>\n<b>Precipitazioni: <\/b>Al mattino probabilit\u00e0 media (40\/60%) per rovesci e temporali sparsi; al pomeriggio aumento del rischio rovesci e temporali (80\/90%), i quali saranno assai pi\u00f9 frequenti e a tratti diffusi.<br \/>\n<b>Temperature: <\/b>In generale contenuta diminuzione, eccetto aumento delle minime nelle valli. Sono previste punte di 26\/28\u00b0C nei fondovalle prealpini e di 21\/24\u00b0C a 1000\/1200 m. Su Prealpi a 1500 m min 15\u00b0C max 18\u00b0C, a 2000 m min 12\u00b0C max 16\u00b0C. Su Dolomiti a 2000 m min 12\u00b0C max 15\u00b0C, a 3000 m min 5\u00b0C max 8\u00b0C.<br \/>\n<b>Venti: <\/b>Nelle valli generalmente deboli di direzione variabile, salvo locali rinforzi in prossimit\u00e0 dei temporali; in quota perlopi\u00f9 deboli da sud-ovest, a tratti moderati sulle cime pi\u00f9 alte, a 5-10 km\/h a 2000 m e 10-15 km\/h a 3000 m.<\/p>\n<hr \/>\n<p><center><b>Lunedi 3<\/b><\/center>Tempo instabile\/perturbato con cielo da molto nuvoloso a coperto e precipitazioni sparse al mattino, anche a carattere di rovescio o di temporale, pi\u00f9 diffuse e persistenti nel tardo pomeriggio\/sera, quando si avr\u00e0 l&#8217;apice del maltempo. Temperature in generale calo. Venti deboli di direzione variabile nelle valli, con rinforzi da nord tra il pomeriggio e la sera; in quota moderati\/tesi da sud-ovest fino a met\u00e0 pomeriggio, rafforzandosi sensibilmente e provenienti da nord in serata.<\/p>\n<hr \/>\n<p><center><b>Martedi 4<\/b><\/center>Netto miglioramento del tempo con sole, cielo terso, aria limpida ed ottima visibilit\u00e0 al mattino. Nella seconda parte del giorno cielo sereno o poco nuvoloso per qualche modesto annuvolamento. Temperature minime in netto calo, massime in diminuzione in quota e stazionarie o in leggera ripresa nei fondovalle. Venti a regime di brezza nelle valli, con qualche episodio di Foehn tra notte e mattino; in quota forti da nord tra notte e parte del mattino, in graduale attenuazione al pomeriggio, rimanendo a tratti tesi sulle cime pi\u00f9 alte. Previsore: R.L.Th.<\/p>\n<p>&nbsp;<\/p>\n<p><iframe loading=\"lazy\" title=\"Spot Buttalibene TV\" width=\"1200\" height=\"675\" src=\"https:\/\/www.youtube.com\/embed\/fjHWpfyAevE?feature=oembed\" frameborder=\"0\" allow=\"accelerometer; autoplay; clipboard-write; encrypted-media; gyroscope; picture-in-picture\" allowfullscreen><\/iframe><\/p>\n<p class=\"photoswipe-wrapper\"><a class=\"dt-pswp-item pspw-wrap-ready\" href=\"https:\/\/i1.wp.com\/www.radiopiu.net\/wordpress\/wp-content\/uploads\/2018\/09\/sport.jpg?ssl=1\" data-dt-img-description=\"\" data-large_image_width=\"800\" data-large_image_height=\"100\"><img loading=\"lazy\" decoding=\"async\" class=\"wp-image-60761 size-full aligncenter\" src=\"https:\/\/i1.wp.com\/www.radiopiu.net\/wordpress\/wp-content\/uploads\/2018\/09\/sport.jpg?resize=800%2C100&amp;ssl=1\" sizes=\"auto, (max-width: 800px) 100vw, 800px\" srcset=\"https:\/\/i1.wp.com\/www.radiopiu.net\/wordpress\/wp-content\/uploads\/2018\/09\/sport.jpg?w=800&amp;ssl=1 800w, https:\/\/i1.wp.com\/www.radiopiu.net\/wordpress\/wp-content\/uploads\/2018\/09\/sport.jpg?resize=300%2C38&amp;ssl=1 300w, https:\/\/i1.wp.com\/www.radiopiu.net\/wordpress\/wp-content\/uploads\/2018\/09\/sport.jpg?resize=768%2C96&amp;ssl=1 768w\" alt=\"\" width=\"800\" height=\"100\" data-recalc-dims=\"1\" \/><\/a><\/p>\n<\/div>\n<p>&nbsp;<\/p>\n<blockquote>\n<h2>CRESCE L&#8217;ATTESA PER L&#8217;ALPE DEL NEVEGAL 2020<\/h2>\n<\/blockquote>\n<h1><a class=\"dt-pswp-item\" href=\"https:\/\/www.radiopiu.net\/wordpress\/wp-content\/uploads\/2020\/07\/46AlpeNevegal_Locandina.png\" data-dt-img-description=\"\" data-large_image_width=\"1883\" data-large_image_height=\"2560\"><img loading=\"lazy\" decoding=\"async\" class=\"size-medium wp-image-152451 alignleft\" src=\"https:\/\/www.radiopiu.net\/wordpress\/wp-content\/uploads\/2020\/07\/46AlpeNevegal_Locandina-221x300.png\" alt=\"\" width=\"221\" height=\"300\" srcset=\"https:\/\/www.radiopiu.net\/wordpress\/wp-content\/uploads\/2020\/07\/46AlpeNevegal_Locandina-221x300.png 221w, https:\/\/www.radiopiu.net\/wordpress\/wp-content\/uploads\/2020\/07\/46AlpeNevegal_Locandina-753x1024.png 753w, https:\/\/www.radiopiu.net\/wordpress\/wp-content\/uploads\/2020\/07\/46AlpeNevegal_Locandina-768x1044.png 768w, https:\/\/www.radiopiu.net\/wordpress\/wp-content\/uploads\/2020\/07\/46AlpeNevegal_Locandina-1130x1536.png 1130w, https:\/\/www.radiopiu.net\/wordpress\/wp-content\/uploads\/2020\/07\/46AlpeNevegal_Locandina-1506x2048.png 1506w, https:\/\/www.radiopiu.net\/wordpress\/wp-content\/uploads\/2020\/07\/46AlpeNevegal_Locandina.png 1883w\" sizes=\"auto, (max-width: 221px) 100vw, 221px\" \/><\/a><\/h1>\n<h1><\/h1>\n<h1><\/h1>\n<h1><\/h1>\n<h1><\/h1>\n<h1>BELLUNO<\/h1>\n<h1>di Roberto Bona<\/h1>\n<audio class=\"wp-audio-shortcode\" id=\"audio-152349-16\" preload=\"none\" style=\"width: 100%;\" controls=\"controls\"><source type=\"audio\/mpeg\" src=\"https:\/\/www.radiopiu.net\/wordpress\/wp-content\/uploads\/2020\/07\/ROBERTO-BONA-ALPE-NEVEGAL-31-LUGLIO.mp3?_=16\" \/><a href=\"https:\/\/www.radiopiu.net\/wordpress\/wp-content\/uploads\/2020\/07\/ROBERTO-BONA-ALPE-NEVEGAL-31-LUGLIO.mp3\">https:\/\/www.radiopiu.net\/wordpress\/wp-content\/uploads\/2020\/07\/ROBERTO-BONA-ALPE-NEVEGAL-31-LUGLIO.mp3<\/a><\/audio>\n<p>&nbsp;<\/p>\n<hr \/>\n<p>&nbsp;<\/p>\n<blockquote>\n<h3>ANNULLATO ANCHE IL CAMPIONATO OVER CSI 2019\/2020<\/h3>\n<\/blockquote>\n<p><strong><a class=\"dt-pswp-item\" href=\"https:\/\/www.radiopiu.net\/wordpress\/wp-content\/uploads\/2018\/12\/CALCIO-VINTAGE.jpg\" data-dt-img-description=\"\" data-large_image_width=\"800\" data-large_image_height=\"500\"><img loading=\"lazy\" decoding=\"async\" class=\"size-medium wp-image-69635 alignleft\" src=\"https:\/\/www.radiopiu.net\/wordpress\/wp-content\/uploads\/2018\/12\/CALCIO-VINTAGE-300x188.jpg\" alt=\"\" width=\"300\" height=\"188\" srcset=\"https:\/\/www.radiopiu.net\/wordpress\/wp-content\/uploads\/2018\/12\/CALCIO-VINTAGE-300x188.jpg 300w, https:\/\/www.radiopiu.net\/wordpress\/wp-content\/uploads\/2018\/12\/CALCIO-VINTAGE-768x480.jpg 768w, https:\/\/www.radiopiu.net\/wordpress\/wp-content\/uploads\/2018\/12\/CALCIO-VINTAGE.jpg 800w\" sizes=\"auto, (max-width: 300px) 100vw, 300px\" \/><\/a>BELLUNO<\/strong> Mercoled\u00ec scorso si \u00e8 tenuta la riunione delle Societ\u00e0 che partecipano al campionato\u00a0Over, presenti in 14 delle 15 iscritte lo scorso anno. Il campionato scorso viene annullato.\u00a0Sono emerse perplessit\u00e0 delle Societ\u00e0 per ripartire a breve, entro met\u00e0 settembre come gli anni scorsi in base al protocollo diramato dal CSI Nazionale. Ci sar\u00e0 un approfondimento nella\u00a0prossima riunione sperando in un miglioramento generale delle norme sull\u2019attivit\u00e0\u00a0sportiva. La discussione \u00e8 terminata con la speranza di ripartire entro sabato 3 ottobre con il\u00a0campionato, continuando fino a che il tempo lo permette, poi a primavera sar\u00e0 tutto\u00a0programmato sentendo tutte le varie esigenze e le eventuali emergenze. Anche la Coppa viene eliminata.<\/p>\n<p>&nbsp;<\/p>\n","protected":false},"excerpt":{"rendered":"<p>PER RICEVERE QUESTO NOTIZIARIO DIRETTAMENTE SUL TUO CELLULARE ISCRIVITI AL CANALE TELEGRAM\u00a0\u201cRADIO PIU\u00a0 INFORMAZIONE ATTENZIONE: LA NUOVA APP PER IOS-IPHONE https:\/\/apps.apple.com\/it\/app\/radio-pi%C3%B9-emittente-agordina\/id1515939845 ATTENZIONE: LA NUOVA APP RADIO\u00a0 PER ANDROID https:\/\/play.google.com\/store\/apps\/details?id=net.radiopiu.iniko \u00a0 &nbsp; VOLTAGO\u00a0 domani alle 14.30 i funerali al campo di calcio di &nbsp; &nbsp; &nbsp; &nbsp; &nbsp; DON FABIANO DEL FAVERO foto GIOVANNI DAL COL&hellip;<\/p>\n","protected":false},"author":4,"featured_media":152465,"comment_status":"closed","ping_status":"closed","sticky":false,"template":"","format":"standard","meta":{"_monsterinsights_skip_tracking":false,"_monsterinsights_sitenote_active":false,"_monsterinsights_sitenote_note":"","_monsterinsights_sitenote_category":0,"footnotes":""},"categories":[1,86,49],"tags":[],"class_list":["post-152349","post","type-post","status-publish","format-standard","has-post-thumbnail","hentry","category-senza-categoria","category-gr","category-news-18","category-1","category-86","category-49","description-off"],"img_url":"https:\/\/www.radiopiu.net\/wordpress\/wp-content\/uploads\/2020\/07\/cb7f1b16-4fa2-49c9-a051-fdb8fa1b6641.jpg","_links":{"self":[{"href":"https:\/\/www.radiopiu.net\/wordpress\/wp-json\/wp\/v2\/posts\/152349","targetHints":{"allow":["GET"]}}],"collection":[{"href":"https:\/\/www.radiopiu.net\/wordpress\/wp-json\/wp\/v2\/posts"}],"about":[{"href":"https:\/\/www.radiopiu.net\/wordpress\/wp-json\/wp\/v2\/types\/post"}],"author":[{"embeddable":true,"href":"https:\/\/www.radiopiu.net\/wordpress\/wp-json\/wp\/v2\/users\/4"}],"replies":[{"embeddable":true,"href":"https:\/\/www.radiopiu.net\/wordpress\/wp-json\/wp\/v2\/comments?post=152349"}],"version-history":[{"count":0,"href":"https:\/\/www.radiopiu.net\/wordpress\/wp-json\/wp\/v2\/posts\/152349\/revisions"}],"wp:featuredmedia":[{"embeddable":true,"href":"https:\/\/www.radiopiu.net\/wordpress\/wp-json\/wp\/v2\/media\/152465"}],"wp:attachment":[{"href":"https:\/\/www.radiopiu.net\/wordpress\/wp-json\/wp\/v2\/media?parent=152349"}],"wp:term":[{"taxonomy":"category","embeddable":true,"href":"https:\/\/www.radiopiu.net\/wordpress\/wp-json\/wp\/v2\/categories?post=152349"},{"taxonomy":"post_tag","embeddable":true,"href":"https:\/\/www.radiopiu.net\/wordpress\/wp-json\/wp\/v2\/tags?post=152349"}],"curies":[{"name":"wp","href":"https:\/\/api.w.org\/{rel}","templated":true}]}}