{"id":152424,"date":"2020-07-31T13:57:17","date_gmt":"2020-07-31T11:57:17","guid":{"rendered":"https:\/\/www.radiopiu.net\/wordpress\/?p=152424"},"modified":"2020-08-05T09:28:15","modified_gmt":"2020-08-05T07:28:15","slug":"unione-montana-e-valpe-riducono-le-tariffe-per-le-aziende-in-difficolta-vale-anche-per-sedico","status":"publish","type":"post","link":"https:\/\/www.radiopiu.net\/wordpress\/unione-montana-e-valpe-riducono-le-tariffe-per-le-aziende-in-difficolta-vale-anche-per-sedico\/","title":{"rendered":"UNIONE MONTANA E VALPE RIDUCONO LE TARIFFE PER LE AZIENDE IN DIFFICOLTA&#8217;, VALE ANCHE PER SEDICO"},"content":{"rendered":"<p><strong><a class=\"dt-pswp-item\" href=\"https:\/\/www.radiopiu.net\/wordpress\/wp-content\/uploads\/2018\/10\/logo-valpe-verticale.jpg\" data-dt-img-description=\"\" data-large_image_width=\"370\" data-large_image_height=\"367\"><img loading=\"lazy\" decoding=\"async\" class=\"size-medium wp-image-65542 alignleft\" src=\"https:\/\/www.radiopiu.net\/wordpress\/wp-content\/uploads\/2018\/10\/logo-valpe-verticale-300x298.jpg\" alt=\"\" width=\"300\" height=\"298\" srcset=\"https:\/\/www.radiopiu.net\/wordpress\/wp-content\/uploads\/2018\/10\/logo-valpe-verticale-300x298.jpg 300w, https:\/\/www.radiopiu.net\/wordpress\/wp-content\/uploads\/2018\/10\/logo-valpe-verticale-150x150.jpg 150w, https:\/\/www.radiopiu.net\/wordpress\/wp-content\/uploads\/2018\/10\/logo-valpe-verticale.jpg 370w\" sizes=\"auto, (max-width: 300px) 100vw, 300px\" \/><\/a>AGORDO<\/strong> Come gi\u00e0 anticipato nel recente consiglio dell&#8217;unione Montana sono state approvate all&#8217;unanimit\u00e0 da tutti i 16 Comuni le riduzioni tariffarie 2020 per le aziende del territorio, in difficolt\u00e0 a causa dell\u2019emergenza Covid-19.\u00a0 Un concreto sostegno alle aziende del territorio. Le riduzioni sono rivolte a tutte le aziende che hanno chiuso del tutto o anche solo temporaneamente la propria attivit\u00e0 a causa dell\u2019emergenza sanitaria. Per il periodo di chiusura, alle\u00a0 utenze non domestiche dell\u2019Unione Montana Agordina verr\u00e0 azzerata la tariffa variabile per tutti i servizi di raccolta legati ai rifiuti riciclabili: carta, umido e vetro-plastica-lattine, ma anche per i servizi a richiesta, come l\u2019accesso all\u2019Ecocentro. Per il secco non riciclabile, le riduzioni sono automatiche: se non si svuota il bidone, non si paga. Non verranno imputati gli svuotamenti minimi, non solo per il periodo di chiusura bens\u00ec per tutto l\u2019anno. Le aziende potranno richiedere le agevolazioni tariffarie tramite l\u2019apposito modulo scaricabile dalla sezione TARIFFE presente sul sito <a href=\"http:\/\/www.valpembiente.it\">www.valpembiente.it<\/a>. Il modulo compilato e sottoscritto potr\u00e0 essere inoltrato via mail a info@valpeambiente.it oppure consegnato presso gli sportelli di Valpe Ambiente. Oltre alle misure di sostegno per le imprese, l\u2019Assemblea dei Sindaci ha approvato anche le tariffe per il servizio di gestione dei rifiuti valide per l\u2019anno 2020, i cui importi risultano invariati rispetto a quelle dello scorso anno.<\/p>\n<blockquote><p><strong><span style=\"color: #ff0000;\">LE STESSE MISURE ADOTTATE NELL&#8217;AGORDINO VALGONO ANCHE PER IL TERRITORIO COMUNALE DI SEDICO GRAZIE ALL&#8217;ACCORDO COMUNE-VALPE AMBIENT<\/span><\/strong><span style=\"color: #ff0000;\">E. Il Comune di Sedico inoltre ha deciso di: 1) applicare volontariamente e a maggiore tutela delle utenze non domestiche colpite dall&#8217;emergenza sanitaria Covid19 la riduzione del 100% della quota fissa componente di servizio, delle tariffe alle utenze non domestiche riferite ai servizi di raccolta dei rifiuti riciclabili 2) applicare volontariamente e a maggiore tutela delle utenze non domestiche colpite dall&#8217;emergenza una riduzione del 25% della quota fissa, componente dimensionale, delle tariffe alle utenze non domestiche.<\/span><\/p>\n<p>DIRETTA FACEBOOK DEL CONSIGLIO DELL&#8217;UNIONE MONTANA, NELLA PARTE INIZIALE IL DIBATTITO SULLE RIDUZIONE TARIFFARIE 2020. nella parte conclusiva del video l&#8217;intervista la presidente Michele Costa con riferimento alla delibera approvata.<\/p><\/blockquote>\n<p>https:\/\/www.facebook.com\/Mirkomezziano\/videos\/2733713713578064\/<\/p>\n","protected":false},"excerpt":{"rendered":"<p>AGORDO Come gi\u00e0 anticipato nel recente consiglio dell&#8217;unione Montana sono state approvate all&#8217;unanimit\u00e0 da tutti i 16 Comuni le riduzioni tariffarie 2020 per le aziende del territorio, in difficolt\u00e0 a causa dell\u2019emergenza Covid-19.\u00a0 Un concreto sostegno alle aziende del territorio. Le riduzioni sono rivolte a tutte le aziende che hanno chiuso del tutto o anche&hellip;<\/p>\n","protected":false},"author":1,"featured_media":65542,"comment_status":"closed","ping_status":"closed","sticky":false,"template":"","format":"standard","meta":{"_monsterinsights_skip_tracking":false,"_monsterinsights_sitenote_active":false,"_monsterinsights_sitenote_note":"","_monsterinsights_sitenote_category":0,"footnotes":""},"categories":[51,49],"tags":[],"class_list":["post-152424","post","type-post","status-publish","format-standard","has-post-thumbnail","hentry","category-evidenza-top","category-news-18","category-51","category-49","description-off"],"img_url":"https:\/\/www.radiopiu.net\/wordpress\/wp-content\/uploads\/2018\/10\/logo-valpe-verticale.jpg","_links":{"self":[{"href":"https:\/\/www.radiopiu.net\/wordpress\/wp-json\/wp\/v2\/posts\/152424","targetHints":{"allow":["GET"]}}],"collection":[{"href":"https:\/\/www.radiopiu.net\/wordpress\/wp-json\/wp\/v2\/posts"}],"about":[{"href":"https:\/\/www.radiopiu.net\/wordpress\/wp-json\/wp\/v2\/types\/post"}],"author":[{"embeddable":true,"href":"https:\/\/www.radiopiu.net\/wordpress\/wp-json\/wp\/v2\/users\/1"}],"replies":[{"embeddable":true,"href":"https:\/\/www.radiopiu.net\/wordpress\/wp-json\/wp\/v2\/comments?post=152424"}],"version-history":[{"count":0,"href":"https:\/\/www.radiopiu.net\/wordpress\/wp-json\/wp\/v2\/posts\/152424\/revisions"}],"wp:featuredmedia":[{"embeddable":true,"href":"https:\/\/www.radiopiu.net\/wordpress\/wp-json\/wp\/v2\/media\/65542"}],"wp:attachment":[{"href":"https:\/\/www.radiopiu.net\/wordpress\/wp-json\/wp\/v2\/media?parent=152424"}],"wp:term":[{"taxonomy":"category","embeddable":true,"href":"https:\/\/www.radiopiu.net\/wordpress\/wp-json\/wp\/v2\/categories?post=152424"},{"taxonomy":"post_tag","embeddable":true,"href":"https:\/\/www.radiopiu.net\/wordpress\/wp-json\/wp\/v2\/tags?post=152424"}],"curies":[{"name":"wp","href":"https:\/\/api.w.org\/{rel}","templated":true}]}}