{"id":152437,"date":"2020-07-31T14:47:43","date_gmt":"2020-07-31T12:47:43","guid":{"rendered":"https:\/\/www.radiopiu.net\/wordpress\/?p=152437"},"modified":"2020-07-31T14:47:43","modified_gmt":"2020-07-31T12:47:43","slug":"meteo-prosegue-lo-stato-di-attenzione-nel-bellunese-per-temporali-intensi","status":"publish","type":"post","link":"https:\/\/www.radiopiu.net\/wordpress\/meteo-prosegue-lo-stato-di-attenzione-nel-bellunese-per-temporali-intensi\/","title":{"rendered":"METEO. PROSEGUE LO STATO DI ATTENZIONE NEL BELLUNESE PER TEMPORALI INTENSI"},"content":{"rendered":"<p><strong>VENEZIA<\/strong>\u00a0 Il Centro funzionale decentrato della Protezione Civile del Veneto, in considerazione delle previsioni meteo, ha emesso un avviso di criticit\u00e0 idrogeologica ed idraulica che conferma la possibilit\u00e0 di forti temporali nel Bellunese, nel pomeriggio di oggi, venerd\u00ec 31 luglio 2020. Nel corso del pomeriggio\/sera di oggi sono possibili, infatti, fenomeni temporaleschi, anche intensi, sull\u2019Arco Alpino. Visti i fenomeni meteorologici previsti il centro funzionale della Protezione Civile del Veneto ha dichiarato lo stato di attenzione, fino alla mezzanotte di domani, sabato 1 agosto, per criticit\u00e0 idrogeologica, per i bacini dell\u2019Alto Piave. Si segnala la possibilit\u00e0 d\u2019innesco di fenomeni franosi superficiali sui versanti, e la possibilit\u00e0 di innesco di colate rapide, specie nella zona di allertamento. Le prescrizioni sono valide dalle ore 14.00 di oggi, 31 luglio, fino alle ore 24.00 di sabato 1 agosto.<\/p>\n","protected":false},"excerpt":{"rendered":"<p>VENEZIA\u00a0 Il Centro funzionale decentrato della Protezione Civile del Veneto, in considerazione delle previsioni meteo, ha emesso un avviso di criticit\u00e0 idrogeologica ed idraulica che conferma la possibilit\u00e0 di forti temporali nel Bellunese, nel pomeriggio di oggi, venerd\u00ec 31 luglio 2020. Nel corso del pomeriggio\/sera di oggi sono possibili, infatti, fenomeni temporaleschi, anche intensi, sull\u2019Arco&hellip;<\/p>\n","protected":false},"author":1,"featured_media":57488,"comment_status":"closed","ping_status":"closed","sticky":false,"template":"","format":"standard","meta":{"_monsterinsights_skip_tracking":false,"_monsterinsights_sitenote_active":false,"_monsterinsights_sitenote_note":"","_monsterinsights_sitenote_category":0,"footnotes":""},"categories":[49],"tags":[],"class_list":["post-152437","post","type-post","status-publish","format-standard","has-post-thumbnail","hentry","category-news-18","category-49","description-off"],"img_url":"https:\/\/www.radiopiu.net\/wordpress\/wp-content\/uploads\/2018\/08\/instabilita.jpg","_links":{"self":[{"href":"https:\/\/www.radiopiu.net\/wordpress\/wp-json\/wp\/v2\/posts\/152437","targetHints":{"allow":["GET"]}}],"collection":[{"href":"https:\/\/www.radiopiu.net\/wordpress\/wp-json\/wp\/v2\/posts"}],"about":[{"href":"https:\/\/www.radiopiu.net\/wordpress\/wp-json\/wp\/v2\/types\/post"}],"author":[{"embeddable":true,"href":"https:\/\/www.radiopiu.net\/wordpress\/wp-json\/wp\/v2\/users\/1"}],"replies":[{"embeddable":true,"href":"https:\/\/www.radiopiu.net\/wordpress\/wp-json\/wp\/v2\/comments?post=152437"}],"version-history":[{"count":0,"href":"https:\/\/www.radiopiu.net\/wordpress\/wp-json\/wp\/v2\/posts\/152437\/revisions"}],"wp:featuredmedia":[{"embeddable":true,"href":"https:\/\/www.radiopiu.net\/wordpress\/wp-json\/wp\/v2\/media\/57488"}],"wp:attachment":[{"href":"https:\/\/www.radiopiu.net\/wordpress\/wp-json\/wp\/v2\/media?parent=152437"}],"wp:term":[{"taxonomy":"category","embeddable":true,"href":"https:\/\/www.radiopiu.net\/wordpress\/wp-json\/wp\/v2\/categories?post=152437"},{"taxonomy":"post_tag","embeddable":true,"href":"https:\/\/www.radiopiu.net\/wordpress\/wp-json\/wp\/v2\/tags?post=152437"}],"curies":[{"name":"wp","href":"https:\/\/api.w.org\/{rel}","templated":true}]}}