{"id":152440,"date":"2020-07-31T14:59:14","date_gmt":"2020-07-31T12:59:14","guid":{"rendered":"https:\/\/www.radiopiu.net\/wordpress\/?p=152440"},"modified":"2020-07-31T15:07:14","modified_gmt":"2020-07-31T13:07:14","slug":"allarme-lupi-guerriero-confindustria-belluno-dolomiti-serve-una-gestione-sostenibile-vicenda-emblematica-del-vivere-in-montagna","status":"publish","type":"post","link":"https:\/\/www.radiopiu.net\/wordpress\/allarme-lupi-guerriero-confindustria-belluno-dolomiti-serve-una-gestione-sostenibile-vicenda-emblematica-del-vivere-in-montagna\/","title":{"rendered":"ALLARME LUPI: GUERRIERO (CONFINDUSTRIA BELLUNO DOLOMITI): \u201cSERVE UNA GESTIONE SOSTENIBILE. VICENDA EMBLEMATICA DEL VIVERE IN MONTAGNA\u201d"},"content":{"rendered":"<p><strong><a class=\"dt-pswp-item\" href=\"https:\/\/www.radiopiu.net\/wordpress\/wp-content\/uploads\/2020\/07\/LUPO-e1596200814836.jpg\" data-dt-img-description=\"\" data-large_image_width=\"1920\" data-large_image_height=\"1271\"><img loading=\"lazy\" decoding=\"async\" class=\"size-medium wp-image-152444 alignleft\" src=\"https:\/\/www.radiopiu.net\/wordpress\/wp-content\/uploads\/2020\/07\/LUPO-e1596200814836-300x199.jpg\" alt=\"\" width=\"300\" height=\"199\" srcset=\"https:\/\/www.radiopiu.net\/wordpress\/wp-content\/uploads\/2020\/07\/LUPO-e1596200814836-300x199.jpg 300w, https:\/\/www.radiopiu.net\/wordpress\/wp-content\/uploads\/2020\/07\/LUPO-e1596200814836-1024x678.jpg 1024w, https:\/\/www.radiopiu.net\/wordpress\/wp-content\/uploads\/2020\/07\/LUPO-e1596200814836-768x508.jpg 768w, https:\/\/www.radiopiu.net\/wordpress\/wp-content\/uploads\/2020\/07\/LUPO-e1596200814836-1536x1017.jpg 1536w, https:\/\/www.radiopiu.net\/wordpress\/wp-content\/uploads\/2020\/07\/LUPO-e1596200814836.jpg 1920w\" sizes=\"auto, (max-width: 300px) 100vw, 300px\" \/><\/a>BELLUNO\u00a0<\/strong><em>\u201cL\u2019allarme lanciato da molti allevatori del territorio va ascoltato a tutti i livelli istituzionali. La presenza del lupo va gestita in modo sostenibile e intelligente senza pregiudizi ideologici e fondamentalismi. Si studi un piano mirato di contenimento e adeguati risarcimenti\u201d<\/em>.\u00a0A dirlo \u00e8 Augusto Guerriero, vicepresidente di Confindustria Belluno Dolomiti con delega al territorio e alla sostenibilit\u00e0 nonch\u00e9 presidente di Lattebusche, anche alla luce dei recenti fatti di cronaca con pecore e asini sbranati dal lupo in buona parte della provincia, dall\u2019Alpago alla Valbelluna.\u00a0\u201c<em>Nell\u2019affrontare la questione serve realismo e attenzione nei confronti degli imprenditori che operano in montagna, soprattutto per gli allevatori e agricoltori che sono i veri custodi del territorio<\/em>\u201d, rimarca Guerriero.\u00a0\u201cLa presenza del lupo non deve e non pu\u00f2 mettere in pericolo le attivit\u00e0 dell\u2019uomo, questo \u00e8 un punto fondamentale, mentre assistiamo a un aumento significativo dei casi di aggressione\u201d.\u00a0\u201c<em>Gi\u00e0 viviamo in un territorio difficile, gi\u00e0 la zootecnia in montagna \u00e8 pi\u00f9 difficile che altrove, gi\u00e0 stiamo attraversando un periodo nero causa Covid, non possiamo sopportare anche questo rischio, che rappresenta un serio danno economico. Pensiamo solo ai costi dei sistemi di prevenzione o a quelli per l\u2019abbattimento, spesso di centinaia di euro a capo<\/em>\u201d.\u00a0\u201c<em>Bisogna quindi intervenire con un programma di contenimento e piani di risarcimento, seri e veloci. Le istituzioni, da quelle provinciali a quelle europee, devono garantire la sicurezza delle imprese e del settore primario<\/em>\u201d.\u00a0Ma la vicenda del lupo, per Guerriero, ha anche un altro significato: \u201c<em>Parliamo di un animale predatore recentemente re-introdotto attraverso programmi specifici di ripopolamento da qualcuno che, con buona probabilit\u00e0, continua a intendere la montagna come una riserva indiana. E\u2019 una vicenda emblematica di un certo modo di intendere le terre alte e la dimostrazione di cosa significhi operare delle scelte senza realmente calarle concretamente sul territorio<\/em>\u201d.\u00a0\u201c<em>Anche per questo<\/em>\u201d, conclude Guerriero, \u201c<em>dobbiamo limitare i danni e intervenire<\/em>\u201d.<\/p>\n","protected":false},"excerpt":{"rendered":"<p>BELLUNO\u00a0\u201cL\u2019allarme lanciato da molti allevatori del territorio va ascoltato a tutti i livelli istituzionali. La presenza del lupo va gestita in modo sostenibile e intelligente senza pregiudizi ideologici e fondamentalismi. Si studi un piano mirato di contenimento e adeguati risarcimenti\u201d.\u00a0A dirlo \u00e8 Augusto Guerriero, vicepresidente di Confindustria Belluno Dolomiti con delega al territorio e alla&hellip;<\/p>\n","protected":false},"author":4,"featured_media":152444,"comment_status":"closed","ping_status":"closed","sticky":false,"template":"","format":"standard","meta":{"_monsterinsights_skip_tracking":false,"_monsterinsights_sitenote_active":false,"_monsterinsights_sitenote_note":"","_monsterinsights_sitenote_category":0,"footnotes":""},"categories":[49],"tags":[],"class_list":["post-152440","post","type-post","status-publish","format-standard","has-post-thumbnail","hentry","category-news-18","category-49","description-off"],"img_url":"https:\/\/www.radiopiu.net\/wordpress\/wp-content\/uploads\/2020\/07\/LUPO-e1596200814836.jpg","_links":{"self":[{"href":"https:\/\/www.radiopiu.net\/wordpress\/wp-json\/wp\/v2\/posts\/152440","targetHints":{"allow":["GET"]}}],"collection":[{"href":"https:\/\/www.radiopiu.net\/wordpress\/wp-json\/wp\/v2\/posts"}],"about":[{"href":"https:\/\/www.radiopiu.net\/wordpress\/wp-json\/wp\/v2\/types\/post"}],"author":[{"embeddable":true,"href":"https:\/\/www.radiopiu.net\/wordpress\/wp-json\/wp\/v2\/users\/4"}],"replies":[{"embeddable":true,"href":"https:\/\/www.radiopiu.net\/wordpress\/wp-json\/wp\/v2\/comments?post=152440"}],"version-history":[{"count":0,"href":"https:\/\/www.radiopiu.net\/wordpress\/wp-json\/wp\/v2\/posts\/152440\/revisions"}],"wp:featuredmedia":[{"embeddable":true,"href":"https:\/\/www.radiopiu.net\/wordpress\/wp-json\/wp\/v2\/media\/152444"}],"wp:attachment":[{"href":"https:\/\/www.radiopiu.net\/wordpress\/wp-json\/wp\/v2\/media?parent=152440"}],"wp:term":[{"taxonomy":"category","embeddable":true,"href":"https:\/\/www.radiopiu.net\/wordpress\/wp-json\/wp\/v2\/categories?post=152440"},{"taxonomy":"post_tag","embeddable":true,"href":"https:\/\/www.radiopiu.net\/wordpress\/wp-json\/wp\/v2\/tags?post=152440"}],"curies":[{"name":"wp","href":"https:\/\/api.w.org\/{rel}","templated":true}]}}