{"id":152453,"date":"2020-07-31T23:59:53","date_gmt":"2020-07-31T21:59:53","guid":{"rendered":"https:\/\/www.radiopiu.net\/wordpress\/?p=152453"},"modified":"2020-07-31T15:15:18","modified_gmt":"2020-07-31T13:15:18","slug":"annullato-anche-il-campionato-over-csi-2019-2020","status":"publish","type":"post","link":"https:\/\/www.radiopiu.net\/wordpress\/annullato-anche-il-campionato-over-csi-2019-2020\/","title":{"rendered":"ANNULLATO ANCHE IL CAMPIONATO OVER CSI 2019\/2020"},"content":{"rendered":"<p><strong><a class=\"dt-pswp-item\" href=\"https:\/\/www.radiopiu.net\/wordpress\/wp-content\/uploads\/2018\/12\/CALCIO-VINTAGE.jpg\" data-dt-img-description=\"\" data-large_image_width=\"800\" data-large_image_height=\"500\"><img loading=\"lazy\" decoding=\"async\" class=\"size-medium wp-image-69635 alignleft\" src=\"https:\/\/www.radiopiu.net\/wordpress\/wp-content\/uploads\/2018\/12\/CALCIO-VINTAGE-300x188.jpg\" alt=\"\" width=\"300\" height=\"188\" srcset=\"https:\/\/www.radiopiu.net\/wordpress\/wp-content\/uploads\/2018\/12\/CALCIO-VINTAGE-300x188.jpg 300w, https:\/\/www.radiopiu.net\/wordpress\/wp-content\/uploads\/2018\/12\/CALCIO-VINTAGE-768x480.jpg 768w, https:\/\/www.radiopiu.net\/wordpress\/wp-content\/uploads\/2018\/12\/CALCIO-VINTAGE.jpg 800w\" sizes=\"auto, (max-width: 300px) 100vw, 300px\" \/><\/a>BELLUNO<\/strong> Mercoled\u00ec scorso si \u00e8 tenuta la riunione delle Societ\u00e0 che partecipano al campionato\u00a0Over, presenti in 14 delle 15 iscritte lo scorso anno. Il campionato scorso viene annullato.\u00a0Sono emerse perplessit\u00e0 delle Societ\u00e0 per ripartire a breve, entro met\u00e0 settembre come gli anni scorsi in base al protocollo diramato dal CSI Nazionale. Ci sar\u00e0 un approfondimento nella\u00a0prossima riunione sperando in un miglioramento generale delle norme sull\u2019attivit\u00e0\u00a0sportiva. La discussione \u00e8 terminata con la speranza di ripartire entro sabato 3 ottobre con il\u00a0campionato, continuando fino a che il tempo lo permette, poi a primavera sar\u00e0 tutto\u00a0programmato sentendo tutte le varie esigenze e le eventuali emergenze. Anche la Coppa viene eliminata.<\/p>\n","protected":false},"excerpt":{"rendered":"<p>BELLUNO Mercoled\u00ec scorso si \u00e8 tenuta la riunione delle Societ\u00e0 che partecipano al campionato\u00a0Over, presenti in 14 delle 15 iscritte lo scorso anno. Il campionato scorso viene annullato.\u00a0Sono emerse perplessit\u00e0 delle Societ\u00e0 per ripartire a breve, entro met\u00e0 settembre come gli anni scorsi in base al protocollo diramato dal CSI Nazionale. Ci sar\u00e0 un approfondimento&hellip;<\/p>\n","protected":false},"author":4,"featured_media":69635,"comment_status":"closed","ping_status":"closed","sticky":false,"template":"","format":"standard","meta":{"_monsterinsights_skip_tracking":false,"_monsterinsights_sitenote_active":false,"_monsterinsights_sitenote_note":"","_monsterinsights_sitenote_category":0,"footnotes":""},"categories":[49,72],"tags":[],"class_list":["post-152453","post","type-post","status-publish","format-standard","has-post-thumbnail","hentry","category-news-18","category-sport","category-49","category-72","description-off"],"img_url":"https:\/\/www.radiopiu.net\/wordpress\/wp-content\/uploads\/2018\/12\/CALCIO-VINTAGE.jpg","_links":{"self":[{"href":"https:\/\/www.radiopiu.net\/wordpress\/wp-json\/wp\/v2\/posts\/152453","targetHints":{"allow":["GET"]}}],"collection":[{"href":"https:\/\/www.radiopiu.net\/wordpress\/wp-json\/wp\/v2\/posts"}],"about":[{"href":"https:\/\/www.radiopiu.net\/wordpress\/wp-json\/wp\/v2\/types\/post"}],"author":[{"embeddable":true,"href":"https:\/\/www.radiopiu.net\/wordpress\/wp-json\/wp\/v2\/users\/4"}],"replies":[{"embeddable":true,"href":"https:\/\/www.radiopiu.net\/wordpress\/wp-json\/wp\/v2\/comments?post=152453"}],"version-history":[{"count":0,"href":"https:\/\/www.radiopiu.net\/wordpress\/wp-json\/wp\/v2\/posts\/152453\/revisions"}],"wp:featuredmedia":[{"embeddable":true,"href":"https:\/\/www.radiopiu.net\/wordpress\/wp-json\/wp\/v2\/media\/69635"}],"wp:attachment":[{"href":"https:\/\/www.radiopiu.net\/wordpress\/wp-json\/wp\/v2\/media?parent=152453"}],"wp:term":[{"taxonomy":"category","embeddable":true,"href":"https:\/\/www.radiopiu.net\/wordpress\/wp-json\/wp\/v2\/categories?post=152453"},{"taxonomy":"post_tag","embeddable":true,"href":"https:\/\/www.radiopiu.net\/wordpress\/wp-json\/wp\/v2\/tags?post=152453"}],"curies":[{"name":"wp","href":"https:\/\/api.w.org\/{rel}","templated":true}]}}