{"id":152553,"date":"2020-08-02T06:13:37","date_gmt":"2020-08-02T04:13:37","guid":{"rendered":"https:\/\/www.radiopiu.net\/wordpress\/?p=152553"},"modified":"2020-08-02T07:01:38","modified_gmt":"2020-08-02T05:01:38","slug":"oggi-i-funerali","status":"publish","type":"post","link":"https:\/\/www.radiopiu.net\/wordpress\/oggi-i-funerali\/","title":{"rendered":"ALLE 14.30 I FUNERALI DI ALAN, AL CAMPO SPORTIVO DI VOLTAGO"},"content":{"rendered":"<p><strong class=\"photoswipe-wrapper\"><a class=\"dt-pswp-item\" href=\"https:\/\/www.radiopiu.net\/wordpress\/wp-content\/uploads\/2020\/07\/Giugno-2016-scaled.jpg\" data-dt-img-description=\"\" data-large_image_width=\"2560\" data-large_image_height=\"1920\"><img loading=\"lazy\" decoding=\"async\" class=\"size-medium wp-image-152436 alignleft\" src=\"https:\/\/www.radiopiu.net\/wordpress\/wp-content\/uploads\/2020\/07\/Giugno-2016-300x225.jpg\" alt=\"\" width=\"300\" height=\"225\" srcset=\"https:\/\/www.radiopiu.net\/wordpress\/wp-content\/uploads\/2020\/07\/Giugno-2016-300x225.jpg 300w, https:\/\/www.radiopiu.net\/wordpress\/wp-content\/uploads\/2020\/07\/Giugno-2016-1024x768.jpg 1024w, https:\/\/www.radiopiu.net\/wordpress\/wp-content\/uploads\/2020\/07\/Giugno-2016-768x576.jpg 768w, https:\/\/www.radiopiu.net\/wordpress\/wp-content\/uploads\/2020\/07\/Giugno-2016-1536x1152.jpg 1536w, https:\/\/www.radiopiu.net\/wordpress\/wp-content\/uploads\/2020\/07\/Giugno-2016-2048x1536.jpg 2048w\" sizes=\"auto, (max-width: 300px) 100vw, 300px\" \/><\/a><strong><a class=\"dt-pswp-item\" href=\"https:\/\/www.radiopiu.net\/wordpress\/wp-content\/uploads\/2020\/08\/e24ab824-b277-462d-aea3-d671675fd900.jpg\" data-dt-img-description=\"\" data-large_image_width=\"1200\" data-large_image_height=\"1600\"><img loading=\"lazy\" decoding=\"async\" class=\"size-medium wp-image-152707 alignright\" src=\"https:\/\/www.radiopiu.net\/wordpress\/wp-content\/uploads\/2020\/08\/e24ab824-b277-462d-aea3-d671675fd900-225x300.jpg\" alt=\"\" width=\"225\" height=\"300\" srcset=\"https:\/\/www.radiopiu.net\/wordpress\/wp-content\/uploads\/2020\/08\/e24ab824-b277-462d-aea3-d671675fd900-225x300.jpg 225w, https:\/\/www.radiopiu.net\/wordpress\/wp-content\/uploads\/2020\/08\/e24ab824-b277-462d-aea3-d671675fd900-768x1024.jpg 768w, https:\/\/www.radiopiu.net\/wordpress\/wp-content\/uploads\/2020\/08\/e24ab824-b277-462d-aea3-d671675fd900-1152x1536.jpg 1152w, https:\/\/www.radiopiu.net\/wordpress\/wp-content\/uploads\/2020\/08\/e24ab824-b277-462d-aea3-d671675fd900.jpg 1200w\" sizes=\"auto, (max-width: 225px) 100vw, 225px\" \/><\/a><\/strong> OGGI ALLE 14.30 SARANNO CELEBRATI I FUNERALI DI ALAN AL CAMPO SPORTIVO DI VOLTAGO. <\/strong>Voltago e una vallata potranno partecipare alle esequie, a quell\u2019ultimo saluto di un ragazzo buono, indimenticabile e per abbracciare la famiglia cos\u00ec duramente colpita. Come anticipato da alcuni giorni i funerali si terranno al campo di calcio di Voltago.<\/p>\n<p>&nbsp;<\/p>\n<p>&nbsp;<\/p>\n<p>&nbsp;<\/p>\n<p><strong>DON FABIANO DEL FAVERO:<\/strong><em>&#8230;siamo alla vigilia di un momento difficile per la comunit\u00e0 di Voltago, ma non solo. Il lutto che ha colpito la famiglia di Alan \u00e8 il lutto di tutti noi, nelle diverse sfaccettature e sfumature del quotidiano. Quale prete di questa comunit\u00e0 e delle due che vanno a costituire il comune di Voltago, in queste ore ho apprezzato veramente la dedizione e disponibilit\u00e0 alla collaborazione delle varie anime del nostro territorio! Grazie fin da ora, per tutto!<\/em>\u00a0FABIANO DEL FAVERO<\/p>\n<audio class=\"wp-audio-shortcode\" id=\"audio-152553-1\" preload=\"none\" style=\"width: 100%;\" controls=\"controls\"><source type=\"audio\/mpeg\" src=\"https:\/\/www.radiopiu.net\/wordpress\/wp-content\/uploads\/2020\/07\/FABIANO-1.mp3?_=1\" \/><a href=\"https:\/\/www.radiopiu.net\/wordpress\/wp-content\/uploads\/2020\/07\/FABIANO-1.mp3\">https:\/\/www.radiopiu.net\/wordpress\/wp-content\/uploads\/2020\/07\/FABIANO-1.mp3<\/a><\/audio>\n<p>&nbsp;<\/p>\n<p><strong>foto GIOVANNI DAL COL Alan il primo da sinistra con gli amici del calcio Voltago una delle sue tante passioni\u00a0<\/strong><\/p>\n<p>&nbsp;<\/p>\n<p>&nbsp;<\/p>\n<p>&nbsp;<\/p>\n","protected":false},"excerpt":{"rendered":"<p>OGGI ALLE 14.30 SARANNO CELEBRATI I FUNERALI DI ALAN AL CAMPO SPORTIVO DI VOLTAGO. Voltago e una vallata potranno partecipare alle esequie, a quell\u2019ultimo saluto di un ragazzo buono, indimenticabile e per abbracciare la famiglia cos\u00ec duramente colpita. Come anticipato da alcuni giorni i funerali si terranno al campo di calcio di Voltago. &nbsp; &nbsp;&hellip;<\/p>\n","protected":false},"author":1,"featured_media":152436,"comment_status":"closed","ping_status":"closed","sticky":false,"template":"","format":"standard","meta":{"_monsterinsights_skip_tracking":false,"_monsterinsights_sitenote_active":false,"_monsterinsights_sitenote_note":"","_monsterinsights_sitenote_category":0,"footnotes":""},"categories":[51,49],"tags":[],"class_list":["post-152553","post","type-post","status-publish","format-standard","has-post-thumbnail","hentry","category-evidenza-top","category-news-18","category-51","category-49","description-off"],"img_url":"https:\/\/www.radiopiu.net\/wordpress\/wp-content\/uploads\/2020\/07\/Giugno-2016-scaled.jpg","_links":{"self":[{"href":"https:\/\/www.radiopiu.net\/wordpress\/wp-json\/wp\/v2\/posts\/152553","targetHints":{"allow":["GET"]}}],"collection":[{"href":"https:\/\/www.radiopiu.net\/wordpress\/wp-json\/wp\/v2\/posts"}],"about":[{"href":"https:\/\/www.radiopiu.net\/wordpress\/wp-json\/wp\/v2\/types\/post"}],"author":[{"embeddable":true,"href":"https:\/\/www.radiopiu.net\/wordpress\/wp-json\/wp\/v2\/users\/1"}],"replies":[{"embeddable":true,"href":"https:\/\/www.radiopiu.net\/wordpress\/wp-json\/wp\/v2\/comments?post=152553"}],"version-history":[{"count":0,"href":"https:\/\/www.radiopiu.net\/wordpress\/wp-json\/wp\/v2\/posts\/152553\/revisions"}],"wp:featuredmedia":[{"embeddable":true,"href":"https:\/\/www.radiopiu.net\/wordpress\/wp-json\/wp\/v2\/media\/152436"}],"wp:attachment":[{"href":"https:\/\/www.radiopiu.net\/wordpress\/wp-json\/wp\/v2\/media?parent=152553"}],"wp:term":[{"taxonomy":"category","embeddable":true,"href":"https:\/\/www.radiopiu.net\/wordpress\/wp-json\/wp\/v2\/categories?post=152553"},{"taxonomy":"post_tag","embeddable":true,"href":"https:\/\/www.radiopiu.net\/wordpress\/wp-json\/wp\/v2\/tags?post=152553"}],"curies":[{"name":"wp","href":"https:\/\/api.w.org\/{rel}","templated":true}]}}