{"id":152604,"date":"2020-08-02T06:53:47","date_gmt":"2020-08-02T04:53:47","guid":{"rendered":"https:\/\/www.radiopiu.net\/wordpress\/?p=152604"},"modified":"2020-08-02T07:31:48","modified_gmt":"2020-08-02T05:31:48","slug":"giornale-radiopiu-02-agosto-2020-direttore-mirko-mezzacasa","status":"publish","type":"post","link":"https:\/\/www.radiopiu.net\/wordpress\/giornale-radiopiu-02-agosto-2020-direttore-mirko-mezzacasa\/","title":{"rendered":"GIORNALE RADIOPIU 02 AGOSTO 2020 DIRETTORE MIRKO MEZZACASA"},"content":{"rendered":"<h3><strong>PER RICEVERE QUESTO NOTIZIARIO DIRETTAMENTE SUL TUO CELLULARE ISCRIVITI AL CANALE TELEGRAM\u00a0<\/strong><strong>\u201cRADIO PIU\u00a0 INFORMAZIONE<\/strong><\/h3>\n<p><em>ATTENZIONE: LA NUOVA APP PER IOS-IPHONE<\/em><\/p>\n<div>\n<div><a href=\"https:\/\/apps.apple.com\/it\/app\/radio-pi%C3%B9-emittente-agordina\/id1515939845\">https:\/\/apps.apple.com\/it\/app\/radio-pi%C3%B9-emittente-agordina\/id1515939845<\/a><\/div>\n<\/div>\n<div><\/div>\n<div>\n<div dir=\"auto\"><em>ATTENZIONE: LA NUOVA APP RADIO\u00a0 PER ANDROID<\/em><\/div>\n<\/div>\n<p><a href=\"https:\/\/play.google.com\/store\/apps\/details?id=net.radiopiu.iniko\" target=\"_blank\" rel=\"noopener noreferrer\">https:\/\/play.google.com\/store\/apps\/details?id=net.radiopiu.iniko \u00a0<\/a><\/p>\n<p>&nbsp;<\/p>\n<hr \/>\n<p>&nbsp;<\/p>\n<h2 style=\"text-align: center;\">LA FOTO DEL GIORNO<\/h2>\n<h2 style=\"text-align: center;\">RED CANZIAN AL GIORNALE E CAFFE&#8217; DERSUT DI TAIBON &#8230; CON OSPITALITA&#8217; DIFFUSA<\/h2>\n<p>&nbsp;<\/p>\n<p><a class=\"dt-pswp-item\" href=\"https:\/\/www.radiopiu.net\/wordpress\/wp-content\/uploads\/2020\/08\/37129d89-a334-4f82-a40c-c74eb54537d6.jpg\" data-dt-img-description=\"\" data-large_image_width=\"1200\" data-large_image_height=\"1600\">\u00a0<img loading=\"lazy\" decoding=\"async\" class=\"size-medium wp-image-152672 aligncenter\" src=\"https:\/\/www.radiopiu.net\/wordpress\/wp-content\/uploads\/2020\/08\/37129d89-a334-4f82-a40c-c74eb54537d6-225x300.jpg\" alt=\"\" width=\"225\" height=\"300\" srcset=\"https:\/\/www.radiopiu.net\/wordpress\/wp-content\/uploads\/2020\/08\/37129d89-a334-4f82-a40c-c74eb54537d6-225x300.jpg 225w, https:\/\/www.radiopiu.net\/wordpress\/wp-content\/uploads\/2020\/08\/37129d89-a334-4f82-a40c-c74eb54537d6-768x1024.jpg 768w, https:\/\/www.radiopiu.net\/wordpress\/wp-content\/uploads\/2020\/08\/37129d89-a334-4f82-a40c-c74eb54537d6-1152x1536.jpg 1152w, https:\/\/www.radiopiu.net\/wordpress\/wp-content\/uploads\/2020\/08\/37129d89-a334-4f82-a40c-c74eb54537d6.jpg 1200w\" sizes=\"auto, (max-width: 225px) 100vw, 225px\" \/><\/a><\/p>\n<p>&nbsp;<\/p>\n<p>&nbsp;<\/p>\n<hr \/>\n<p>&nbsp;<\/p>\n<p><strong class=\"photoswipe-wrapper\"><a class=\"dt-pswp-item\" href=\"https:\/\/www.radiopiu.net\/wordpress\/wp-content\/uploads\/2020\/07\/Giugno-2016-scaled.jpg\" data-dt-img-description=\"\" data-large_image_width=\"2560\" data-large_image_height=\"1920\"><img loading=\"lazy\" decoding=\"async\" class=\"size-medium wp-image-152436 alignleft\" src=\"https:\/\/www.radiopiu.net\/wordpress\/wp-content\/uploads\/2020\/07\/Giugno-2016-300x225.jpg\" alt=\"\" width=\"300\" height=\"225\" srcset=\"https:\/\/www.radiopiu.net\/wordpress\/wp-content\/uploads\/2020\/07\/Giugno-2016-300x225.jpg 300w, https:\/\/www.radiopiu.net\/wordpress\/wp-content\/uploads\/2020\/07\/Giugno-2016-1024x768.jpg 1024w, https:\/\/www.radiopiu.net\/wordpress\/wp-content\/uploads\/2020\/07\/Giugno-2016-768x576.jpg 768w, https:\/\/www.radiopiu.net\/wordpress\/wp-content\/uploads\/2020\/07\/Giugno-2016-1536x1152.jpg 1536w, https:\/\/www.radiopiu.net\/wordpress\/wp-content\/uploads\/2020\/07\/Giugno-2016-2048x1536.jpg 2048w\" sizes=\"auto, (max-width: 300px) 100vw, 300px\" \/><\/a><strong><a class=\"dt-pswp-item\" href=\"https:\/\/www.radiopiu.net\/wordpress\/wp-content\/uploads\/2020\/08\/e24ab824-b277-462d-aea3-d671675fd900.jpg\" data-dt-img-description=\"\" data-large_image_width=\"1200\" data-large_image_height=\"1600\"><img loading=\"lazy\" decoding=\"async\" class=\"size-medium wp-image-152707 alignright\" src=\"https:\/\/www.radiopiu.net\/wordpress\/wp-content\/uploads\/2020\/08\/e24ab824-b277-462d-aea3-d671675fd900-225x300.jpg\" alt=\"\" width=\"225\" height=\"300\" srcset=\"https:\/\/www.radiopiu.net\/wordpress\/wp-content\/uploads\/2020\/08\/e24ab824-b277-462d-aea3-d671675fd900-225x300.jpg 225w, https:\/\/www.radiopiu.net\/wordpress\/wp-content\/uploads\/2020\/08\/e24ab824-b277-462d-aea3-d671675fd900-768x1024.jpg 768w, https:\/\/www.radiopiu.net\/wordpress\/wp-content\/uploads\/2020\/08\/e24ab824-b277-462d-aea3-d671675fd900-1152x1536.jpg 1152w, https:\/\/www.radiopiu.net\/wordpress\/wp-content\/uploads\/2020\/08\/e24ab824-b277-462d-aea3-d671675fd900.jpg 1200w\" sizes=\"auto, (max-width: 225px) 100vw, 225px\" \/><\/a><\/strong> OGGI ALLE 14.30 SARANNO CELEBRATI I FUNERALI DI ALAN AL CAMPO SPORTIVO DI VOLTAGO. <\/strong>Voltago e una vallata potranno partecipare alle esequie, a quell\u2019ultimo saluto di un ragazzo buono, indimenticabile e per abbracciare la famiglia cos\u00ec duramente colpita. Come anticipato da alcuni giorni i funerali si terranno al campo di calcio di Voltago.<\/p>\n<p>&nbsp;<\/p>\n<p>&nbsp;<\/p>\n<p>&nbsp;<\/p>\n<p><strong>DON FABIANO DEL FAVERO:<\/strong><em>&#8230;siamo alla vigilia di un momento difficile per la comunit\u00e0 di Voltago, ma non solo. Il lutto che ha colpito la famiglia di Alan \u00e8 il lutto di tutti noi, nelle diverse sfaccettature e sfumature del quotidiano. Quale prete di questa comunit\u00e0 e delle due che vanno a costituire il comune di Voltago, in queste ore ho apprezzato veramente la dedizione e disponibilit\u00e0 alla collaborazione delle varie anime del nostro territorio! Grazie fin da ora, per tutto!<\/em>\u00a0FABIANO DEL FAVERO<\/p>\n<audio class=\"wp-audio-shortcode\" id=\"audio-152604-1\" preload=\"none\" style=\"width: 100%;\" controls=\"controls\"><source type=\"audio\/mpeg\" src=\"https:\/\/www.radiopiu.net\/wordpress\/wp-content\/uploads\/2020\/07\/FABIANO-1.mp3?_=1\" \/><a href=\"https:\/\/www.radiopiu.net\/wordpress\/wp-content\/uploads\/2020\/07\/FABIANO-1.mp3\">https:\/\/www.radiopiu.net\/wordpress\/wp-content\/uploads\/2020\/07\/FABIANO-1.mp3<\/a><\/audio>\n<p>&nbsp;<\/p>\n<p><strong>foto GIOVANNI DAL COL Alan il primo da sinistra con gli amici del calcio Voltago una delle sue tante passioni\u00a0<\/strong><\/p>\n<p>&nbsp;<\/p>\n<hr \/>\n<p>&nbsp;<\/p>\n<blockquote>\n<h3>AI FUNERALI DI ALAN COLLABORIAMO CON LA PROTEZIONE CIVILE<\/h3>\n<\/blockquote>\n<p><strong><a class=\"dt-pswp-item\" href=\"https:\/\/www.radiopiu.net\/wordpress\/wp-content\/uploads\/2020\/08\/7c7b5eae-5e81-4d14-bf22-bd8b671460ff.jpg\" data-dt-img-description=\"\" data-large_image_width=\"1600\" data-large_image_height=\"1131\"><img loading=\"lazy\" decoding=\"async\" class=\"size-medium wp-image-152668 alignleft\" src=\"https:\/\/www.radiopiu.net\/wordpress\/wp-content\/uploads\/2020\/08\/7c7b5eae-5e81-4d14-bf22-bd8b671460ff-300x212.jpg\" alt=\"\" width=\"300\" height=\"212\" srcset=\"https:\/\/www.radiopiu.net\/wordpress\/wp-content\/uploads\/2020\/08\/7c7b5eae-5e81-4d14-bf22-bd8b671460ff-300x212.jpg 300w, https:\/\/www.radiopiu.net\/wordpress\/wp-content\/uploads\/2020\/08\/7c7b5eae-5e81-4d14-bf22-bd8b671460ff-1024x724.jpg 1024w, https:\/\/www.radiopiu.net\/wordpress\/wp-content\/uploads\/2020\/08\/7c7b5eae-5e81-4d14-bf22-bd8b671460ff-768x543.jpg 768w, https:\/\/www.radiopiu.net\/wordpress\/wp-content\/uploads\/2020\/08\/7c7b5eae-5e81-4d14-bf22-bd8b671460ff-1536x1086.jpg 1536w, https:\/\/www.radiopiu.net\/wordpress\/wp-content\/uploads\/2020\/08\/7c7b5eae-5e81-4d14-bf22-bd8b671460ff.jpg 1600w\" sizes=\"auto, (max-width: 300px) 100vw, 300px\" \/><\/a>VOLTAGO<\/strong> Alle 14:30 si svolgeranno i funerali di Alan Scussel al campo di calcio di Voltago. Per il rispetto delle norme anti Covid-19 si sta organizzanzo il gruppo di Protezione Civile del paese dove Alan faceva parte. Saranno organizzati corridoi per l&#8217;entrata in sicurezza, Precise posizioni da rispettare. Predisposte anche le aree parcheggio.<\/p>\n<p>&nbsp;<\/p>\n<p><strong>AI MICROFONI DI RADIO PIU&#8217; IL RESPONSABILE DEL GRUPPO PROTEZIONE CIVILE DI VOLTAGO GIUSEPPE SCHENA<\/strong><\/p>\n<audio class=\"wp-audio-shortcode\" id=\"audio-152604-2\" preload=\"none\" style=\"width: 100%;\" controls=\"controls\"><source type=\"audio\/mpeg\" src=\"https:\/\/www.radiopiu.net\/wordpress\/wp-content\/uploads\/2020\/08\/GIUSEPPE-SCHENA-FUNERALI-ALAN.mp3?_=2\" \/><a href=\"https:\/\/www.radiopiu.net\/wordpress\/wp-content\/uploads\/2020\/08\/GIUSEPPE-SCHENA-FUNERALI-ALAN.mp3\">https:\/\/www.radiopiu.net\/wordpress\/wp-content\/uploads\/2020\/08\/GIUSEPPE-SCHENA-FUNERALI-ALAN.mp3<\/a><\/audio>\n<p>&nbsp;<\/p>\n<hr \/>\n<p>&nbsp;<\/p>\n<blockquote>\n<h2>PASSO PORDOI: STRADA CHIUSA PER FRANA, LATO ARABBA<\/h2>\n<\/blockquote>\n<p><strong>LIVINALLONGO CHIUSA per frana la SR 48 delle Dolomiti tra Arabba e il Passo Pordoi. Sul posto i Vigili del Fuoco Volontari di Livinallongo e Veneto Strade.<\/strong><\/p>\n\n\t\t\t<style type='text\/css'>\n\t\t\t\t#gallery-1 {\n\t\t\t\t\tmargin: auto;\n\t\t\t\t}\n\t\t\t\t#gallery-1 .gallery-item {\n\t\t\t\t\tfloat: left;\n\t\t\t\t\tmargin-top: 10px;\n\t\t\t\t\ttext-align: center;\n\t\t\t\t\twidth: 25%;\n\t\t\t\t}\n\t\t\t\t#gallery-1 img {\n\t\t\t\t\tborder: 2px solid #cfcfcf;\n\t\t\t\t}\n\t\t\t\t#gallery-1 .gallery-caption {\n\t\t\t\t\tmargin-left: 0;\n\t\t\t\t}\n\t\t\t\t\/* see gallery_shortcode() in wp-includes\/media.php *\/\n\t\t\t<\/style>\n\t\t<div id='gallery-1' class='dt-gallery-container gallery galleryid-152604 gallery-columns-4 gallery-size-thumbnail'><dl class='gallery-item'>\n\t\t\t\t<dt class='gallery-icon landscape'>\n\t\t\t\t\t<a class=\"rollover rollover-zoom dt-pswp-item\" title=\"3defe9e7-6e7b-4985-b3fd-99adcbfef8ef\" data-dt-img-description=\"\" data-large_image_width=\"1600\" data-large_image_height=\"1484\"href='https:\/\/www.radiopiu.net\/wordpress\/wp-content\/uploads\/2020\/08\/3defe9e7-6e7b-4985-b3fd-99adcbfef8ef.jpg'><img loading=\"lazy\" decoding=\"async\" width=\"150\" height=\"150\" src=\"https:\/\/www.radiopiu.net\/wordpress\/wp-content\/uploads\/2020\/08\/3defe9e7-6e7b-4985-b3fd-99adcbfef8ef-150x150.jpg\" class=\"attachment-thumbnail size-thumbnail\" alt=\"\" \/><\/a>\n\t\t\t\t<\/dt><\/dl><dl class='gallery-item'>\n\t\t\t\t<dt class='gallery-icon portrait'>\n\t\t\t\t\t<a class=\"rollover rollover-zoom dt-pswp-item\" title=\"4c480013-f9f6-4a5c-9064-de044943dffc\" data-dt-img-description=\"\" data-large_image_width=\"972\" data-large_image_height=\"1295\"href='https:\/\/www.radiopiu.net\/wordpress\/wp-content\/uploads\/2020\/08\/4c480013-f9f6-4a5c-9064-de044943dffc.jpg'><img loading=\"lazy\" decoding=\"async\" width=\"150\" height=\"150\" src=\"https:\/\/www.radiopiu.net\/wordpress\/wp-content\/uploads\/2020\/08\/4c480013-f9f6-4a5c-9064-de044943dffc-150x150.jpg\" class=\"attachment-thumbnail size-thumbnail\" alt=\"\" \/><\/a>\n\t\t\t\t<\/dt><\/dl><dl class='gallery-item'>\n\t\t\t\t<dt class='gallery-icon landscape'>\n\t\t\t\t\t<a class=\"rollover rollover-zoom dt-pswp-item\" title=\"4bc7e051-5749-4480-8b03-99c97a7b4aa3\" data-dt-img-description=\"\" data-large_image_width=\"1600\" data-large_image_height=\"1200\"href='https:\/\/www.radiopiu.net\/wordpress\/wp-content\/uploads\/2020\/08\/4bc7e051-5749-4480-8b03-99c97a7b4aa3.jpg'><img loading=\"lazy\" decoding=\"async\" width=\"150\" height=\"150\" src=\"https:\/\/www.radiopiu.net\/wordpress\/wp-content\/uploads\/2020\/08\/4bc7e051-5749-4480-8b03-99c97a7b4aa3-150x150.jpg\" class=\"attachment-thumbnail size-thumbnail\" alt=\"\" \/><\/a>\n\t\t\t\t<\/dt><\/dl><dl class='gallery-item'>\n\t\t\t\t<dt class='gallery-icon landscape'>\n\t\t\t\t\t<a class=\"rollover rollover-zoom dt-pswp-item\" title=\"057d58ed-8ab9-4b01-b619-215889677450\" data-dt-img-description=\"\" data-large_image_width=\"1600\" data-large_image_height=\"1200\"href='https:\/\/www.radiopiu.net\/wordpress\/wp-content\/uploads\/2020\/08\/057d58ed-8ab9-4b01-b619-215889677450.jpg'><img loading=\"lazy\" decoding=\"async\" width=\"150\" height=\"150\" src=\"https:\/\/www.radiopiu.net\/wordpress\/wp-content\/uploads\/2020\/08\/057d58ed-8ab9-4b01-b619-215889677450-150x150.jpg\" class=\"attachment-thumbnail size-thumbnail\" alt=\"\" \/><\/a>\n\t\t\t\t<\/dt><\/dl><br style=\"clear: both\" \/>\n\t\t\t<\/div>\n\n<p>&nbsp;<\/p>\n<p>&nbsp;<\/p>\n<p>&nbsp;<\/p>\n<hr \/>\n<p>&nbsp;<\/p>\n<blockquote>\n<h2>TRE FRANE SULLA STRADA PER PASSO FEDAIA<\/h2>\n<\/blockquote>\n<p><strong>ROCCA PIETORE<\/strong> Da Sottoguda verso Capanna Bill. Tre frane in strada per fortuna di non grave entit\u00e0. . Sul posto i volontari dei Vigili del fuoco di Caprile\/Rocca Pietore e i Carabinieri. Per Passo Fedaia strada chiusa<\/p>\n<p><strong>POMPIERI CAPRILE-ROCCA PIETORE<\/strong>:<em> Ieri sera\u00a0 alle 21:36 siamo stati allertati dalla Sala Operativa del Comando di Belluno per una serie di frane nel Comune di Rocca Pietore che interessavano la strada che da Sottoguda va a Malga Ciapela. Giunti sul posto abbiamo constatato che le frane di media\/bassa entit\u00e0 erano 3 e le colate detritiche avevano bloccato alcune auto sulla strada che scende dal Passo Fedaia. Siamo intervenuti in 3 squadre differenti con altrettanti mezzi; presenti 12 Vigili del Fuoco di Caprile.In tarda serata \u00e8 giunta da Belluno anche la Pala Gommata del Comando.<\/em><\/p>\n\n\t\t\t<style type='text\/css'>\n\t\t\t\t#gallery-2 {\n\t\t\t\t\tmargin: auto;\n\t\t\t\t}\n\t\t\t\t#gallery-2 .gallery-item {\n\t\t\t\t\tfloat: left;\n\t\t\t\t\tmargin-top: 10px;\n\t\t\t\t\ttext-align: center;\n\t\t\t\t\twidth: 33%;\n\t\t\t\t}\n\t\t\t\t#gallery-2 img {\n\t\t\t\t\tborder: 2px solid #cfcfcf;\n\t\t\t\t}\n\t\t\t\t#gallery-2 .gallery-caption {\n\t\t\t\t\tmargin-left: 0;\n\t\t\t\t}\n\t\t\t\t\/* see gallery_shortcode() in wp-includes\/media.php *\/\n\t\t\t<\/style>\n\t\t<div id='gallery-2' class='dt-gallery-container gallery galleryid-152604 gallery-columns-3 gallery-size-thumbnail'><dl class='gallery-item'>\n\t\t\t\t<dt class='gallery-icon landscape'>\n\t\t\t\t\t<a class=\"rollover rollover-zoom dt-pswp-item\" title=\"116443022_963626157398799_6968672278458717633_o\" data-dt-img-description=\"\" data-large_image_width=\"960\" data-large_image_height=\"443\"href='https:\/\/www.radiopiu.net\/wordpress\/wp-content\/uploads\/2020\/08\/116443022_963626157398799_6968672278458717633_o.jpg'><img loading=\"lazy\" decoding=\"async\" width=\"150\" height=\"150\" src=\"https:\/\/www.radiopiu.net\/wordpress\/wp-content\/uploads\/2020\/08\/116443022_963626157398799_6968672278458717633_o-150x150.jpg\" class=\"attachment-thumbnail size-thumbnail\" alt=\"\" \/><\/a>\n\t\t\t\t<\/dt><\/dl><dl class='gallery-item'>\n\t\t\t\t<dt class='gallery-icon landscape'>\n\t\t\t\t\t<a class=\"rollover rollover-zoom dt-pswp-item\" title=\"116863856_963626120732136_2845329324033776763_n\" data-dt-img-description=\"\" data-large_image_width=\"960\" data-large_image_height=\"540\"href='https:\/\/www.radiopiu.net\/wordpress\/wp-content\/uploads\/2020\/08\/116863856_963626120732136_2845329324033776763_n.jpg'><img loading=\"lazy\" decoding=\"async\" width=\"150\" height=\"150\" src=\"https:\/\/www.radiopiu.net\/wordpress\/wp-content\/uploads\/2020\/08\/116863856_963626120732136_2845329324033776763_n-150x150.jpg\" class=\"attachment-thumbnail size-thumbnail\" alt=\"\" \/><\/a>\n\t\t\t\t<\/dt><\/dl><dl class='gallery-item'>\n\t\t\t\t<dt class='gallery-icon landscape'>\n\t\t\t\t\t<a class=\"rollover rollover-zoom dt-pswp-item\" title=\"116557163_963626200732128_433714528170637757_n\" data-dt-img-description=\"\" data-large_image_width=\"960\" data-large_image_height=\"720\"href='https:\/\/www.radiopiu.net\/wordpress\/wp-content\/uploads\/2020\/08\/116557163_963626200732128_433714528170637757_n.jpg'><img loading=\"lazy\" decoding=\"async\" width=\"150\" height=\"150\" src=\"https:\/\/www.radiopiu.net\/wordpress\/wp-content\/uploads\/2020\/08\/116557163_963626200732128_433714528170637757_n-150x150.jpg\" class=\"attachment-thumbnail size-thumbnail\" alt=\"\" \/><\/a>\n\t\t\t\t<\/dt><\/dl><br style=\"clear: both\" \/>\n\t\t\t<\/div>\n\n<p>&nbsp;<\/p>\n<p>IL SINDACO ANDREA DE BERNARDIN<\/p>\n<audio class=\"wp-audio-shortcode\" id=\"audio-152604-3\" preload=\"none\" style=\"width: 100%;\" controls=\"controls\"><source type=\"audio\/mpeg\" src=\"https:\/\/www.radiopiu.net\/wordpress\/wp-content\/uploads\/2020\/08\/andrea-de.mp3?_=3\" \/><a href=\"https:\/\/www.radiopiu.net\/wordpress\/wp-content\/uploads\/2020\/08\/andrea-de.mp3\">https:\/\/www.radiopiu.net\/wordpress\/wp-content\/uploads\/2020\/08\/andrea-de.mp3<\/a><\/audio>\n\n\t\t\t<style type='text\/css'>\n\t\t\t\t#gallery-3 {\n\t\t\t\t\tmargin: auto;\n\t\t\t\t}\n\t\t\t\t#gallery-3 .gallery-item {\n\t\t\t\t\tfloat: left;\n\t\t\t\t\tmargin-top: 10px;\n\t\t\t\t\ttext-align: center;\n\t\t\t\t\twidth: 25%;\n\t\t\t\t}\n\t\t\t\t#gallery-3 img {\n\t\t\t\t\tborder: 2px solid #cfcfcf;\n\t\t\t\t}\n\t\t\t\t#gallery-3 .gallery-caption {\n\t\t\t\t\tmargin-left: 0;\n\t\t\t\t}\n\t\t\t\t\/* see gallery_shortcode() in wp-includes\/media.php *\/\n\t\t\t<\/style>\n\t\t<div id='gallery-3' class='dt-gallery-container gallery galleryid-152604 gallery-columns-4 gallery-size-thumbnail'><dl class='gallery-item'>\n\t\t\t\t<dt class='gallery-icon portrait'>\n\t\t\t\t\t<a class=\"rollover rollover-zoom dt-pswp-item\" title=\"694a0d01-8730-4d5d-95f6-7b2cc188b69a\" data-dt-img-description=\"\" data-large_image_width=\"1200\" data-large_image_height=\"1599\"href='https:\/\/www.radiopiu.net\/wordpress\/wp-content\/uploads\/2020\/08\/694a0d01-8730-4d5d-95f6-7b2cc188b69a.jpg'><img loading=\"lazy\" decoding=\"async\" width=\"150\" height=\"150\" src=\"https:\/\/www.radiopiu.net\/wordpress\/wp-content\/uploads\/2020\/08\/694a0d01-8730-4d5d-95f6-7b2cc188b69a-150x150.jpg\" class=\"attachment-thumbnail size-thumbnail\" alt=\"\" \/><\/a>\n\t\t\t\t<\/dt><\/dl><dl class='gallery-item'>\n\t\t\t\t<dt class='gallery-icon portrait'>\n\t\t\t\t\t<a class=\"rollover rollover-zoom dt-pswp-item\" title=\"726ea980-bb6e-4661-990b-cda108caa8c3\" data-dt-img-description=\"\" data-large_image_width=\"1200\" data-large_image_height=\"1599\"href='https:\/\/www.radiopiu.net\/wordpress\/wp-content\/uploads\/2020\/08\/726ea980-bb6e-4661-990b-cda108caa8c3.jpg'><img loading=\"lazy\" decoding=\"async\" width=\"150\" height=\"150\" src=\"https:\/\/www.radiopiu.net\/wordpress\/wp-content\/uploads\/2020\/08\/726ea980-bb6e-4661-990b-cda108caa8c3-150x150.jpg\" class=\"attachment-thumbnail size-thumbnail\" alt=\"\" \/><\/a>\n\t\t\t\t<\/dt><\/dl><dl class='gallery-item'>\n\t\t\t\t<dt class='gallery-icon portrait'>\n\t\t\t\t\t<a class=\"rollover rollover-zoom dt-pswp-item\" title=\"3b3d9b1e-89b3-4e8b-b321-6b34b03d8ab5\" data-dt-img-description=\"\" data-large_image_width=\"1200\" data-large_image_height=\"1599\"href='https:\/\/www.radiopiu.net\/wordpress\/wp-content\/uploads\/2020\/08\/3b3d9b1e-89b3-4e8b-b321-6b34b03d8ab5.jpg'><img loading=\"lazy\" decoding=\"async\" width=\"150\" height=\"150\" src=\"https:\/\/www.radiopiu.net\/wordpress\/wp-content\/uploads\/2020\/08\/3b3d9b1e-89b3-4e8b-b321-6b34b03d8ab5-150x150.jpg\" class=\"attachment-thumbnail size-thumbnail\" alt=\"\" \/><\/a>\n\t\t\t\t<\/dt><\/dl><dl class='gallery-item'>\n\t\t\t\t<dt class='gallery-icon portrait'>\n\t\t\t\t\t<a class=\"rollover rollover-zoom dt-pswp-item\" title=\"70a7cb47-c37e-4290-9251-033951d84b6c\" data-dt-img-description=\"\" data-large_image_width=\"1200\" data-large_image_height=\"1599\"href='https:\/\/www.radiopiu.net\/wordpress\/wp-content\/uploads\/2020\/08\/70a7cb47-c37e-4290-9251-033951d84b6c.jpg'><img loading=\"lazy\" decoding=\"async\" width=\"150\" height=\"150\" src=\"https:\/\/www.radiopiu.net\/wordpress\/wp-content\/uploads\/2020\/08\/70a7cb47-c37e-4290-9251-033951d84b6c-150x150.jpg\" class=\"attachment-thumbnail size-thumbnail\" alt=\"\" \/><\/a>\n\t\t\t\t<\/dt><\/dl><br style=\"clear: both\" \/>\n\t\t\t<\/div>\n\n<p>&nbsp;<\/p>\n<p>&nbsp;<\/p>\n<p>&nbsp;<\/p>\n<hr \/>\n<blockquote>\n<h3>METEO. PREVISTA NUVOLOSITA\u2019 PROGESSIVA DAI MONTI ALLA PIANURA CON PRECIPITAZIONI. STATO DI \u201cATTENZIONE\u201d NEI BACINI IDROGRAFICI DEL VENETO<\/h3>\n<\/blockquote>\n<p><strong><a class=\"dt-pswp-item\" href=\"https:\/\/www.radiopiu.net\/wordpress\/wp-content\/uploads\/2015\/07\/nubifragio-maltempo-allerta-allarme_DWN.jpg\" data-dt-img-description=\"\" data-large_image_width=\"572\" data-large_image_height=\"429\"><img loading=\"lazy\" decoding=\"async\" class=\"size-medium wp-image-7785 alignleft\" src=\"https:\/\/www.radiopiu.net\/wordpress\/wp-content\/uploads\/2015\/07\/nubifragio-maltempo-allerta-allarme_DWN-300x225.jpg\" alt=\"\" width=\"300\" height=\"225\" \/><\/a>VENEZIA\u00a0<\/strong>Il meteo regionale segnala gi\u00e0 dalla giornata di oggi la possibilit\u00e0 di un progressivo sviluppo di nuvolosit\u00e0 cumuliforme che dalla zona montana del Veneto potr\u00e0 portarsi anche sulla pianura. Con esso, fino a marted\u00ec sar\u00e0 possibile che si registri tempo instabile con fasi di precipitazione, a carattere prevalente di rovescio o temporale, su Prealpi e Alpi per proseguire anche sulle aree della pianura con possibili fenomeni anche localmente intensi.\u00a0Considerati i fenomeni meteorologici previsti sul territorio regionale, il Centro Funzionale Decentrato della Regione del Veneto ha fissato, fino alle 14.00 di marted\u00ec, la fase di \u201cAttenzione\u201d per criticit\u00e0 idrogeologica nei bacini idrografici della Regione.\u00a0Le temperature da domani subiranno un generale calo pur rimanendo le massime, in pianura su valori superiori alla media.<\/p>\n<p>&nbsp;<\/p>\n<p>&nbsp;<\/p>\n<p>&nbsp;<\/p>\n<p>&nbsp;<\/p>\n<p>&nbsp;<\/p>\n<p>&nbsp;<\/p>\n<hr \/>\n<div class=\"page-title-head hgroup\">\n<blockquote>\n<h3 class=\"entry-title\"><\/h3>\n<h3 class=\"entry-title\"><strong><a class=\"dt-pswp-item\" href=\"https:\/\/www.radiopiu.net\/wordpress\/wp-content\/uploads\/2020\/08\/acc839a0-5342-42fc-bdb2-bf7b86dfde20.jpg\" data-dt-img-description=\"\" data-large_image_width=\"1280\" data-large_image_height=\"960\"><img loading=\"lazy\" decoding=\"async\" class=\" wp-image-152682 alignleft\" src=\"https:\/\/www.radiopiu.net\/wordpress\/wp-content\/uploads\/2020\/08\/acc839a0-5342-42fc-bdb2-bf7b86dfde20-300x225.jpg\" alt=\"\" width=\"176\" height=\"132\" srcset=\"https:\/\/www.radiopiu.net\/wordpress\/wp-content\/uploads\/2020\/08\/acc839a0-5342-42fc-bdb2-bf7b86dfde20-300x225.jpg 300w, https:\/\/www.radiopiu.net\/wordpress\/wp-content\/uploads\/2020\/08\/acc839a0-5342-42fc-bdb2-bf7b86dfde20-1024x768.jpg 1024w, https:\/\/www.radiopiu.net\/wordpress\/wp-content\/uploads\/2020\/08\/acc839a0-5342-42fc-bdb2-bf7b86dfde20-768x576.jpg 768w, https:\/\/www.radiopiu.net\/wordpress\/wp-content\/uploads\/2020\/08\/acc839a0-5342-42fc-bdb2-bf7b86dfde20.jpg 1280w\" sizes=\"auto, (max-width: 176px) 100vw, 176px\" \/><\/a><\/strong>MOTOCICLISTA NEL BOSCO, SUL POSTO CARABINIERI E VIGILI DEL FUOCO<\/h3>\n<\/blockquote>\n<\/div>\n<div class=\"page-title-breadcrumbs\">\n<p><strong class=\"photoswipe-wrapper\">GOSALDO<\/strong>\u00a0Un motociclista tedesco ha tirato diritto in curva e cos\u00ec ha preso la via del bosco. Gli \u00e8 andata bene non avendo riportato lesioni. La moto \u00e8 stata recuperata dai vigili del fuoco volontari di Gosaldo e dall\u2019autogru della sede Centrale di Belluno. Impegnate 10 persone. Sul posto i Carabinieri di Gosaldo.<\/p>\n<p class=\"photoswipe-wrapper\"><a class=\"dt-pswp-item pspw-wrap-ready\" href=\"https:\/\/i2.wp.com\/www.radiopiu.net\/wordpress\/wp-content\/uploads\/2020\/08\/0e5ba626-8878-42ee-86cb-d6cfe966a2f9.jpg?ssl=1\" data-dt-img-description=\"\" data-large_image_width=\"451\" data-large_image_height=\"800\"><img loading=\"lazy\" decoding=\"async\" class=\"alignnone size-medium wp-image-152663 jetpack-lazy-image jetpack-lazy-image--handled\" src=\"https:\/\/i2.wp.com\/www.radiopiu.net\/wordpress\/wp-content\/uploads\/2020\/08\/0e5ba626-8878-42ee-86cb-d6cfe966a2f9.jpg?resize=169%2C300&amp;ssl=1\" sizes=\"auto, (max-width: 169px) 100vw, 169px\" srcset=\"https:\/\/i2.wp.com\/www.radiopiu.net\/wordpress\/wp-content\/uploads\/2020\/08\/0e5ba626-8878-42ee-86cb-d6cfe966a2f9.jpg?resize=169%2C300&amp;ssl=1 169w, https:\/\/i2.wp.com\/www.radiopiu.net\/wordpress\/wp-content\/uploads\/2020\/08\/0e5ba626-8878-42ee-86cb-d6cfe966a2f9.jpg?w=451&amp;ssl=1 451w\" alt=\"\" width=\"169\" height=\"300\" data-recalc-dims=\"1\" data-lazy-loaded=\"1\" \/><\/a><a class=\"dt-pswp-item pspw-wrap-ready\" href=\"https:\/\/i0.wp.com\/www.radiopiu.net\/wordpress\/wp-content\/uploads\/2020\/08\/963ca398-103c-4e2d-9b9d-aaf3eff9fd20.jpg?ssl=1\" data-dt-img-description=\"\" data-large_image_width=\"451\" data-large_image_height=\"800\"><img loading=\"lazy\" decoding=\"async\" class=\"alignnone size-medium wp-image-152662 jetpack-lazy-image jetpack-lazy-image--handled\" src=\"https:\/\/i0.wp.com\/www.radiopiu.net\/wordpress\/wp-content\/uploads\/2020\/08\/963ca398-103c-4e2d-9b9d-aaf3eff9fd20.jpg?resize=169%2C300&amp;ssl=1\" sizes=\"auto, (max-width: 169px) 100vw, 169px\" srcset=\"https:\/\/i0.wp.com\/www.radiopiu.net\/wordpress\/wp-content\/uploads\/2020\/08\/963ca398-103c-4e2d-9b9d-aaf3eff9fd20.jpg?resize=169%2C300&amp;ssl=1 169w, https:\/\/i0.wp.com\/www.radiopiu.net\/wordpress\/wp-content\/uploads\/2020\/08\/963ca398-103c-4e2d-9b9d-aaf3eff9fd20.jpg?w=451&amp;ssl=1 451w\" alt=\"\" width=\"169\" height=\"300\" data-recalc-dims=\"1\" data-lazy-loaded=\"1\" \/><\/a><a class=\"dt-pswp-item pspw-wrap-ready\" href=\"https:\/\/i2.wp.com\/www.radiopiu.net\/wordpress\/wp-content\/uploads\/2020\/08\/64f74506-2714-4289-b952-4a725f8e74b5.jpg?ssl=1\" data-dt-img-description=\"\" data-large_image_width=\"320\" data-large_image_height=\"240\"><img loading=\"lazy\" decoding=\"async\" class=\"alignnone size-medium wp-image-152664 jetpack-lazy-image jetpack-lazy-image--handled\" src=\"https:\/\/i2.wp.com\/www.radiopiu.net\/wordpress\/wp-content\/uploads\/2020\/08\/64f74506-2714-4289-b952-4a725f8e74b5.jpg?resize=300%2C225&amp;ssl=1\" sizes=\"auto, (max-width: 300px) 100vw, 300px\" srcset=\"https:\/\/i2.wp.com\/www.radiopiu.net\/wordpress\/wp-content\/uploads\/2020\/08\/64f74506-2714-4289-b952-4a725f8e74b5.jpg?resize=300%2C225&amp;ssl=1 300w, https:\/\/i2.wp.com\/www.radiopiu.net\/wordpress\/wp-content\/uploads\/2020\/08\/64f74506-2714-4289-b952-4a725f8e74b5.jpg?w=320&amp;ssl=1 320w\" alt=\"\" width=\"300\" height=\"225\" data-recalc-dims=\"1\" data-lazy-loaded=\"1\" \/><\/a><\/p>\n<p>&nbsp;<\/p>\n<p>&nbsp;<\/p>\n<hr \/>\n<p>&nbsp;<\/p>\n<p>&nbsp;<\/p>\n<p>&nbsp;<\/p>\n<blockquote><p>&nbsp;<\/p><\/blockquote>\n<p>&nbsp;<\/p>\n<blockquote>\n<h3 class=\"articlePlainTitle\">GRAVE UN 55ENNE CADUTO DAL TERRAZZO DI CASA<\/h3>\n<\/blockquote>\n<div><\/div>\n<div><strong>SANTO STEFANO DI CADORE\u00a0 <\/strong>Sono gravi le condizioni di un uomo di 55 anni di Santo Stefano di Cadore caduto dal terrazzo della casa in cui si trovava ed \u00e8 finito sul tetto di un&#8217;auto. L&#8217;uomo \u00e8 stato soccorso e portato con l&#8217;elicottero al Pronto soccorso dell&#8217;ospedale San Martino di Belluno. Le sue condizioni sono apparse subito serie: l&#8217;uomo \u00e8 arrivato in ospedale con un grave politrauma.\u00a0 E.S.C. di 55 anni, era cosciente quando \u00e8 stato immobilizzato dai pompieri, e lo \u00e8 sempre rimasto anche durante il viaggio in elicottero verso l&#8217;ospedale di Belluno e durante i controlli al Pronto soccorso.<\/div>\n<div><\/div>\n<div><\/div>\n<hr \/>\n<\/div>\n<blockquote>\n<h3><\/h3>\n<\/blockquote>\n<h3><\/h3>\n<blockquote><p>&nbsp;<\/p>\n<h3><\/h3>\n<h3><\/h3>\n<h3>SOCCORSO ALPINO: 2 INTERVENTI A CORTINA E 2 IN AGORDINO<\/h3>\n<\/blockquote>\n<p><strong><a class=\"dt-pswp-item\" href=\"https:\/\/www.radiopiu.net\/wordpress\/wp-content\/uploads\/2020\/07\/salt_20200723_200143_953_resized.jpg\" data-dt-img-description=\"\" data-large_image_width=\"1182\" data-large_image_height=\"886\"><img loading=\"lazy\" decoding=\"async\" class=\"size-medium wp-image-151081 alignleft\" src=\"https:\/\/www.radiopiu.net\/wordpress\/wp-content\/uploads\/2020\/07\/salt_20200723_200143_953_resized-300x225.jpg\" alt=\"\" width=\"300\" height=\"225\" srcset=\"https:\/\/www.radiopiu.net\/wordpress\/wp-content\/uploads\/2020\/07\/salt_20200723_200143_953_resized-300x225.jpg 300w, https:\/\/www.radiopiu.net\/wordpress\/wp-content\/uploads\/2020\/07\/salt_20200723_200143_953_resized-1024x768.jpg 1024w, https:\/\/www.radiopiu.net\/wordpress\/wp-content\/uploads\/2020\/07\/salt_20200723_200143_953_resized-768x576.jpg 768w, https:\/\/www.radiopiu.net\/wordpress\/wp-content\/uploads\/2020\/07\/salt_20200723_200143_953_resized.jpg 1182w\" sizes=\"auto, (max-width: 300px) 100vw, 300px\" \/><\/a>ALLEGHE\u00a0<\/strong>Attorno alle 13 una squadra del Soccorso alpino di Alleghe \u00e8 intervenuta per un infortunio dopo Malga Pioda. Salito in cabinovia da Col dei Baldi, un escursionista era scivolato sul ghiaino procurandosi la probabile distorsione di un ginocchio. Raggiunto in jeep dai soccorritori, C.Z., 77 anni, di Soriano nel Cimino (VI), \u00e8 stato accompagnato ai Piani di Pezz\u00e8, dove aveva la macchina con cui si \u00e8 allontanato autonomamente.<\/p>\n<p><strong>CORTINA\u00a0<\/strong>L&#8217;elicottero del Suem di Cadore \u00e8 invece volato sul Piccolo Lagazuoi, a Cortina d&#8217;Ampezzo, dove sugli ultimi tiri della Via Vonbank, un alpinista secondo di cordata era volato su un traverso, facendosi male alle gambe. Individuato in parete, il rocciatore, F.D.C., 43 anni, di Portomaggiore (FE), \u00e8 stato recuperato dal tecnico di elisoccorso con un verricello di 50 metri, per essere trasportato dove l&#8217;equipe sanitaria aveva fatto campo base e gli ha prestato le prime cure. Nel contempo, l&#8217;eliambulanza \u00e8 tornata sulla via e con una verricellata di 60 metri ha preso a bordo anche il compagno. L&#8217;infortunato \u00e8 stato accompagnato all&#8217;ospedale di Belluno.<\/p>\n<p><strong>ROCCA PIETORE\u00a0<\/strong>Il Soccorso alpino della Val Pettorina \u00e8 poi stato allertato per una coppia in difficolt\u00e0 in Marmolada, Rocca Pietore. Dopo aver trovato il tunnel di Serauta chiuso, due escursionisti erano passati sopra, ma la donna, E.S., 32 anni, di Padova, nell&#8217;attraversare ghiacciaio e ghiaione era stata colta da una crisi di panico ed era incapace di muoversi. Una squadra che si trovava a Malga Ciapela \u00e8 salita in funivia, ha raggiunto i due e ha aiutato l&#8217;escursionista a superare il tratto che la intimoriva, per poi guidarla alla funivia.<\/p>\n<p><strong>CORTINA\u00a0<\/strong>L&#8217;elicottero \u00e8 infine decollato nuovamente in direzione di Cortina per un secondo incidente alpinistico. Capo di una cordata da tre, sull&#8217;ultimo tiro della Via Super rapida alla Croda Negra, uno scalatore era caduto, riportando una probabile contusione e un taglio al ginocchio. I due compagni lo avevano quindi riportato in sosta con loro e avevano lanciato l&#8217;allarme. Recuperato con un verricello di 20 metri, il rocciatore, M.S., 42 anni, di Rovigo, \u00e8 stato trasportato al San Martino.<\/p>\n<p><strong>SAN VITO DI CADORE <\/strong>Ieri sera\u00a0 alle 20 l&#8217;elicottero dell&#8217;Aiut Alpin Dolomites di Bolzano \u00e8 intervenuto lungo il sentiero Minazio, sulla Croda Marcora, per un escursionista che era scivolato riportando delle escoriazioni. L&#8217;uomo \u00e8 stato individuato e recuperato in hovering assieme all&#8217;altra persona con cui si trovava, per essere trasportato all&#8217;ospedale di Belluno, per le verifiche del caso.<\/p>\n<p>&nbsp;<\/p>\n<hr \/>\n<p>&nbsp;<\/p>\n<blockquote>\n<h3 class=\"articlePlainTitle\">SUV IN BILICO<br \/>\n<strong style=\"font-size: 14px;\">COMELICO SUPERIORE <\/strong><span style=\"font-size: 14px; font-weight: normal;\">\u00a0I vigili del fuoco del distaccamento di Santo Stefano sono intervenuti\u00a0 sulla strada che porta a malga Coltrondo. Per un errore di valutazione, il conducente di una Kia Sportage di Milano \u00e8\u00a0 uscito dal passaggio sopra un torrente con due ruote. La moglie, che gli sedeva accanto ha potuto abbandonare subito dall&#8217;abitacolo e l&#8217;uomo ha dovuto usare la stessa portiera. I pompieri sono arrivati sul posto e hanno riportato sulla carreggiata il veicolo.<\/span><\/h3>\n<\/blockquote>\n<p>&nbsp;<\/p>\n<hr \/>\n<h2><span style=\"color: #ff0000;\">\u00a0<\/span><\/h2>\n<h2><span style=\"color: #ff0000;\">DAL NOTIZIARIO DEL 25 LUGLIO 2020<\/span><\/h2>\n<p>RESTYLING DEL MUNICIPIO DI AGORDO, SI ATTENDE IL PARERE DELLA SOVRINTENDENZA<\/p>\n<p><strong><a class=\"dt-pswp-item\" href=\"https:\/\/www.radiopiu.net\/wordpress\/wp-content\/uploads\/2015\/12\/MUNICIPIO-AGORDO.jpg\" data-dt-img-description=\"\" data-large_image_width=\"600\" data-large_image_height=\"384\"><img loading=\"lazy\" decoding=\"async\" class=\" wp-image-13920 alignleft\" src=\"https:\/\/www.radiopiu.net\/wordpress\/wp-content\/uploads\/2015\/12\/MUNICIPIO-AGORDO-300x192.jpg\" alt=\"\" width=\"177\" height=\"113\" \/><\/a>AGORDO<\/strong>Completato lo studio sismico per il Municipio, per la riqualificazione si dovr\u00e0 esprimere la Sovrintendenza. Tra gli obiettivi dell&#8217;assessore ai lavori pubblici Giulio Favretti il rifacimento e isolamento del tetto<\/p>\n<p><strong>DI GIANNI SANTOMASO<\/strong><\/p>\n<audio class=\"wp-audio-shortcode\" id=\"audio-152604-4\" preload=\"none\" style=\"width: 100%;\" controls=\"controls\"><source type=\"audio\/mpeg\" src=\"https:\/\/www.radiopiu.net\/wordpress\/wp-content\/uploads\/2020\/07\/gianni-agordo.mp3?_=4\" \/><a href=\"https:\/\/www.radiopiu.net\/wordpress\/wp-content\/uploads\/2020\/07\/gianni-agordo.mp3\">https:\/\/www.radiopiu.net\/wordpress\/wp-content\/uploads\/2020\/07\/gianni-agordo.mp3<\/a><\/audio>\n<p>&nbsp;<\/p>\n<p>&nbsp;<\/p>\n<p>&nbsp;<\/p>\n<hr \/>\n<p>&nbsp;<\/p>\n<blockquote>\n<h2><a class=\"dt-pswp-item\" href=\"https:\/\/www.radiopiu.net\/wordpress\/wp-content\/uploads\/2020\/08\/6f3488e0-03c7-47d1-9a0f-dc2fc50835d3-1.jpg\" data-dt-img-description=\"\" data-large_image_width=\"480\" data-large_image_height=\"336\"><img loading=\"lazy\" decoding=\"async\" class=\"size-medium wp-image-152713 alignleft\" src=\"https:\/\/www.radiopiu.net\/wordpress\/wp-content\/uploads\/2020\/08\/6f3488e0-03c7-47d1-9a0f-dc2fc50835d3-1-300x210.jpg\" alt=\"\" width=\"300\" height=\"210\" srcset=\"https:\/\/www.radiopiu.net\/wordpress\/wp-content\/uploads\/2020\/08\/6f3488e0-03c7-47d1-9a0f-dc2fc50835d3-1-300x210.jpg 300w, https:\/\/www.radiopiu.net\/wordpress\/wp-content\/uploads\/2020\/08\/6f3488e0-03c7-47d1-9a0f-dc2fc50835d3-1.jpg 480w\" sizes=\"auto, (max-width: 300px) 100vw, 300px\" \/><\/a>NESSUN DECESSO E 52 POSITIVI IN PIU NELLE ULTIME 24 ORE. RIMANE STABILE IL DATO DEI RICOVERI IN VENETO, ANCHE IN TERAPIA INTENSIVA. A BELLUNO NESSUN CAMBIAMENTO DA IERI<\/h2>\n<\/blockquote>\n<p>&nbsp;<\/p>\n<p><strong>I NUMERI\u00a0 IN VENETO:<\/strong>\u00a0TOTALE POSITIVI \u00a020138 (+52)\u00a0 ATTUALMENTE POSITIVI 1019 (+10)\u00a0 DECESSI\u00a0 2075 (0) NEGATIVIZZATI 17096 (+42) RICOVERATI\u00a0 114 (0 \u2013 29 POSITIVI 85 NEGATIVIZZATI), NEGLI OSPEDALI DI COMUNITA\u2019 RICOVERATI 20 (+1 \u2013 5 POSITIVI,\u00a0 15 NEGATIVIZZATI), IN TERAPIA INTENSIVA 7 (0 \u2013 4 POSITIVI, \u00a03 NEGATIVIZZATI). DIMESSI 3766 (+2) NEGLI OSPEDALI AREA NON CRITICA 320 (0) \u00a0<strong>I NUMERI IN PROVINCIA:<\/strong>\u00a0TOTALE CONTAGI 1212 (0) , ATTUALMENTE POSITIVI 15 (0) , DECEDUTI 113 (0), NEGATIVIZZATI 1084 (0) RICOVERATI IN OSPEDALE AL SAN MARTINO 0<\/p>\n<p>&nbsp;<\/p>\n<hr \/>\n<p>&nbsp;<\/p>\n<p>&nbsp;<\/p>\n<blockquote class=\"wp-embedded-content\" data-secret=\"mdsRuJOBLN\"><p><a href=\"https:\/\/www.radiopiu.net\/wordpress\/coronavirus-aggiornamento-nazionale-01-agosto\/\">CORONAVIRUS: AGGIORNAMENTO NAZIONALE 01 AGOSTO<\/a><\/p><\/blockquote>\n<p><iframe loading=\"lazy\" class=\"wp-embedded-content\" sandbox=\"allow-scripts\" security=\"restricted\" style=\"position: absolute; clip: rect(1px, 1px, 1px, 1px);\" title=\"&#8220;CORONAVIRUS: AGGIORNAMENTO NAZIONALE 01 AGOSTO&#8221; &#8212; Radio Pi\u00f9\" src=\"https:\/\/www.radiopiu.net\/wordpress\/coronavirus-aggiornamento-nazionale-01-agosto\/embed\/#?secret=mdsRuJOBLN\" data-secret=\"mdsRuJOBLN\" width=\"600\" height=\"338\" frameborder=\"0\" marginwidth=\"0\" marginheight=\"0\" scrolling=\"no\"><\/iframe><\/p>\n<p>&nbsp;<\/p>\n<hr \/>\n<p>&nbsp;<\/p>\n<blockquote class=\"wp-embedded-content\" data-secret=\"1hAVIJdkih\"><p><a href=\"https:\/\/www.radiopiu.net\/wordpress\/nessun-decesso-e-52-positivi-in-piu-nelle-ultime-24-ore-rimane-stabile-il-dato-dei-ricoveri-in-veneto-anche-in-terapia-intensiva-a-belluno-nessun-cambiamento-da-ieri\/\">NESSUN DECESSO E 52 POSITIVI IN PIU NELLE ULTIME 24 ORE. RIMANE STABILE IL DATO DEI RICOVERI IN VENETO, ANCHE IN TERAPIA INTENSIVA. A BELLUNO NESSUN CAMBIAMENTO DA IERI<\/a><\/p><\/blockquote>\n<p><iframe loading=\"lazy\" class=\"wp-embedded-content\" sandbox=\"allow-scripts\" security=\"restricted\" style=\"position: absolute; clip: rect(1px, 1px, 1px, 1px);\" title=\"&#8220;NESSUN DECESSO E 52 POSITIVI IN PIU NELLE ULTIME 24 ORE. RIMANE STABILE IL DATO DEI RICOVERI IN VENETO, ANCHE IN TERAPIA INTENSIVA. A BELLUNO NESSUN CAMBIAMENTO DA IERI&#8221; &#8212; Radio Pi\u00f9\" src=\"https:\/\/www.radiopiu.net\/wordpress\/nessun-decesso-e-52-positivi-in-piu-nelle-ultime-24-ore-rimane-stabile-il-dato-dei-ricoveri-in-veneto-anche-in-terapia-intensiva-a-belluno-nessun-cambiamento-da-ieri\/embed\/#?secret=1hAVIJdkih\" data-secret=\"1hAVIJdkih\" width=\"600\" height=\"338\" frameborder=\"0\" marginwidth=\"0\" marginheight=\"0\" scrolling=\"no\"><\/iframe><\/p>\n<p>&nbsp;<\/p>\n<hr \/>\n<p>&nbsp;<\/p>\n<blockquote>\n<h3>NELLE ULTIME 24 ORE NESSUN TAMPONE POSITIVO IN ULSS 1 DOLOMITI<\/h3>\n<\/blockquote>\n<p><strong><a class=\"dt-pswp-item\" href=\"https:\/\/www.radiopiu.net\/wordpress\/wp-content\/uploads\/2020\/03\/covid-ulss.jpg\" data-dt-img-description=\"\" data-large_image_width=\"800\" data-large_image_height=\"600\"><img loading=\"lazy\" decoding=\"async\" class=\"size-medium wp-image-121260 alignleft\" src=\"https:\/\/www.radiopiu.net\/wordpress\/wp-content\/uploads\/2020\/03\/covid-ulss-300x225.jpg\" alt=\"\" width=\"300\" height=\"225\" srcset=\"https:\/\/www.radiopiu.net\/wordpress\/wp-content\/uploads\/2020\/03\/covid-ulss-300x225.jpg 300w, https:\/\/www.radiopiu.net\/wordpress\/wp-content\/uploads\/2020\/03\/covid-ulss-768x576.jpg 768w, https:\/\/www.radiopiu.net\/wordpress\/wp-content\/uploads\/2020\/03\/covid-ulss.jpg 800w\" sizes=\"auto, (max-width: 300px) 100vw, 300px\" \/><\/a>BELLUNO\u00a0<\/strong>Le ultime 24 ore di lavoro analitico non hanno messo in evidenza alcuna nuova positivit\u00e0.<span class=\"Apple-converted-space\">\u00a0\u00a0<\/span>Si evidenzia che i 4 soggetti segnalati ieri con positivit\u00e0 sospetta al Sars Cov-2, notificata nell\u2019ambito dei controlli di routine da parte di un\u2019azienda del territorio, al tampone di verifica sono risultati negativi. Questi soggetti saranno sottoposti ad un secondo tampone che, se confermato negativo, determiner\u00e0 la chiusura della disposizioni contumaciali.\u00a0Si rappresenta infine la doppia negativit\u00e0 a tamponi eseguiti nei giorni scorsi all\u2019ultranovantenne, residente fuori regione e da noi in villeggiatura, tuttora ricoverato al San Martino per esiti di frattura ossea. Si conclude di fatto, per questa persona, l\u2019infettivit\u00e0 COVID, peraltro mai accompagnata da sintomi.<\/p>\n<p>&nbsp;<\/p>\n<p>&nbsp;<\/p>\n<p>&nbsp;<\/p>\n<p>&nbsp;<\/p>\n<p>&nbsp;<\/p>\n<hr \/>\n<p>&nbsp;<\/p>\n<blockquote>\n<h3>RICOSTRUITI I PARAVALANGHE SOPRA LA PROVINCIALE 641 A PASSO FEDAIA<\/h3>\n<\/blockquote>\n<p><strong>ROCCA PIETORE\u00a0<\/strong>Sono stati ricostruiti i paravalanghe sopra la provinciale 641 del Passo Fedaia in comune di Rocca Pietore, immediatamente prima dell&#8217;ultimo curvone in cima. Opera affidata a Veneto Strade dopo che lo scorso inverno i distacchi di neve avevano danneggiato seriamente i fermaneve. Il sindaco di Rocca Pietore Andrea De Bernardin ringrazia appaltatore e impresa di lavoro per questa opera necessaria per la messa in sicurezza della strada.<\/p>\n<p><strong>IL SINDACO DI ROCCA PIETORE ANDREA DE BERNARDIN<\/strong><\/p>\n<audio class=\"wp-audio-shortcode\" id=\"audio-152604-5\" preload=\"none\" style=\"width: 100%;\" controls=\"controls\"><source type=\"audio\/mpeg\" src=\"https:\/\/www.radiopiu.net\/wordpress\/wp-content\/uploads\/2020\/08\/DE-BERNARDIN-PASSO-FEDAIA.mp3?_=5\" \/><a href=\"https:\/\/www.radiopiu.net\/wordpress\/wp-content\/uploads\/2020\/08\/DE-BERNARDIN-PASSO-FEDAIA.mp3\">https:\/\/www.radiopiu.net\/wordpress\/wp-content\/uploads\/2020\/08\/DE-BERNARDIN-PASSO-FEDAIA.mp3<\/a><\/audio>\n<p>&nbsp;<\/p>\n<p><strong>LE FOTO DEI LAVORI<\/strong><\/p>\n\n\t\t\t<style type='text\/css'>\n\t\t\t\t#gallery-4 {\n\t\t\t\t\tmargin: auto;\n\t\t\t\t}\n\t\t\t\t#gallery-4 .gallery-item {\n\t\t\t\t\tfloat: left;\n\t\t\t\t\tmargin-top: 10px;\n\t\t\t\t\ttext-align: center;\n\t\t\t\t\twidth: 20%;\n\t\t\t\t}\n\t\t\t\t#gallery-4 img {\n\t\t\t\t\tborder: 2px solid #cfcfcf;\n\t\t\t\t}\n\t\t\t\t#gallery-4 .gallery-caption {\n\t\t\t\t\tmargin-left: 0;\n\t\t\t\t}\n\t\t\t\t\/* see gallery_shortcode() in wp-includes\/media.php *\/\n\t\t\t<\/style>\n\t\t<div id='gallery-4' class='dt-gallery-container gallery galleryid-152604 gallery-columns-5 gallery-size-thumbnail'><dl class='gallery-item'>\n\t\t\t\t<dt class='gallery-icon landscape'>\n\t\t\t\t\t<a class=\"rollover rollover-zoom dt-pswp-item\" title=\"fdf45d67-163a-464e-adb8-6605bbb6dcb8\" data-dt-img-description=\"\" data-large_image_width=\"1599\" data-large_image_height=\"1200\"href='https:\/\/www.radiopiu.net\/wordpress\/wp-content\/uploads\/2020\/08\/fdf45d67-163a-464e-adb8-6605bbb6dcb8.jpg'><img loading=\"lazy\" decoding=\"async\" width=\"150\" height=\"150\" src=\"https:\/\/www.radiopiu.net\/wordpress\/wp-content\/uploads\/2020\/08\/fdf45d67-163a-464e-adb8-6605bbb6dcb8-150x150.jpg\" class=\"attachment-thumbnail size-thumbnail\" alt=\"\" \/><\/a>\n\t\t\t\t<\/dt><\/dl><dl class='gallery-item'>\n\t\t\t\t<dt class='gallery-icon landscape'>\n\t\t\t\t\t<a class=\"rollover rollover-zoom dt-pswp-item\" title=\"97baa1f6-3fb3-4be3-89c8-d0e09b05ec0c\" data-dt-img-description=\"\" data-large_image_width=\"1599\" data-large_image_height=\"1200\"href='https:\/\/www.radiopiu.net\/wordpress\/wp-content\/uploads\/2020\/08\/97baa1f6-3fb3-4be3-89c8-d0e09b05ec0c.jpg'><img loading=\"lazy\" decoding=\"async\" width=\"150\" height=\"150\" src=\"https:\/\/www.radiopiu.net\/wordpress\/wp-content\/uploads\/2020\/08\/97baa1f6-3fb3-4be3-89c8-d0e09b05ec0c-150x150.jpg\" class=\"attachment-thumbnail size-thumbnail\" alt=\"\" \/><\/a>\n\t\t\t\t<\/dt><\/dl><dl class='gallery-item'>\n\t\t\t\t<dt class='gallery-icon landscape'>\n\t\t\t\t\t<a class=\"rollover rollover-zoom dt-pswp-item\" title=\"bcd47f32-5ac2-437e-8c82-2338f53f6964\" data-dt-img-description=\"\" data-large_image_width=\"1599\" data-large_image_height=\"1200\"href='https:\/\/www.radiopiu.net\/wordpress\/wp-content\/uploads\/2020\/08\/bcd47f32-5ac2-437e-8c82-2338f53f6964.jpg'><img loading=\"lazy\" decoding=\"async\" width=\"150\" height=\"150\" src=\"https:\/\/www.radiopiu.net\/wordpress\/wp-content\/uploads\/2020\/08\/bcd47f32-5ac2-437e-8c82-2338f53f6964-150x150.jpg\" class=\"attachment-thumbnail size-thumbnail\" alt=\"\" \/><\/a>\n\t\t\t\t<\/dt><\/dl><dl class='gallery-item'>\n\t\t\t\t<dt class='gallery-icon portrait'>\n\t\t\t\t\t<a class=\"rollover rollover-zoom dt-pswp-item\" title=\"3166ba1d-c4e3-4c43-9d5b-cdfdd1652ede\" data-dt-img-description=\"\" data-large_image_width=\"1200\" data-large_image_height=\"1599\"href='https:\/\/www.radiopiu.net\/wordpress\/wp-content\/uploads\/2020\/08\/3166ba1d-c4e3-4c43-9d5b-cdfdd1652ede.jpg'><img loading=\"lazy\" decoding=\"async\" width=\"150\" height=\"150\" src=\"https:\/\/www.radiopiu.net\/wordpress\/wp-content\/uploads\/2020\/08\/3166ba1d-c4e3-4c43-9d5b-cdfdd1652ede-150x150.jpg\" class=\"attachment-thumbnail size-thumbnail\" alt=\"\" \/><\/a>\n\t\t\t\t<\/dt><\/dl><dl class='gallery-item'>\n\t\t\t\t<dt class='gallery-icon landscape'>\n\t\t\t\t\t<a class=\"rollover rollover-zoom dt-pswp-item\" title=\"5a5411f7-f60a-4440-bc2a-e49fc5834782\" data-dt-img-description=\"\" data-large_image_width=\"1599\" data-large_image_height=\"1200\"href='https:\/\/www.radiopiu.net\/wordpress\/wp-content\/uploads\/2020\/08\/5a5411f7-f60a-4440-bc2a-e49fc5834782.jpg'><img loading=\"lazy\" decoding=\"async\" width=\"150\" height=\"150\" src=\"https:\/\/www.radiopiu.net\/wordpress\/wp-content\/uploads\/2020\/08\/5a5411f7-f60a-4440-bc2a-e49fc5834782-150x150.jpg\" class=\"attachment-thumbnail size-thumbnail\" alt=\"\" \/><\/a>\n\t\t\t\t<\/dt><\/dl><br style=\"clear: both\" \/>\n\t\t\t<\/div>\n\n<p>&nbsp;<\/p>\n<hr \/>\n<p>&nbsp;<\/p>\n<blockquote>\n<h3>ELEZIONI REGIONALI DI SETTEMBRE, SARANNO 2 I SEGGI PER BELLUNO<\/h3>\n<\/blockquote>\n<p><strong><a class=\"dt-pswp-item\" href=\"https:\/\/www.radiopiu.net\/wordpress\/wp-content\/uploads\/2020\/08\/ELEZIONI-REGIONALI.png\" data-dt-img-description=\"\" data-large_image_width=\"1248\" data-large_image_height=\"694\"><img loading=\"lazy\" decoding=\"async\" class=\"size-medium wp-image-152592 alignleft\" src=\"https:\/\/www.radiopiu.net\/wordpress\/wp-content\/uploads\/2020\/08\/ELEZIONI-REGIONALI-300x167.png\" alt=\"\" width=\"300\" height=\"167\" srcset=\"https:\/\/www.radiopiu.net\/wordpress\/wp-content\/uploads\/2020\/08\/ELEZIONI-REGIONALI-300x167.png 300w, https:\/\/www.radiopiu.net\/wordpress\/wp-content\/uploads\/2020\/08\/ELEZIONI-REGIONALI-1024x569.png 1024w, https:\/\/www.radiopiu.net\/wordpress\/wp-content\/uploads\/2020\/08\/ELEZIONI-REGIONALI-768x427.png 768w, https:\/\/www.radiopiu.net\/wordpress\/wp-content\/uploads\/2020\/08\/ELEZIONI-REGIONALI.png 1248w\" sizes=\"auto, (max-width: 300px) 100vw, 300px\" \/><\/a>VENEZIA<\/strong> Domenica 20 e luned\u00ec 21 settembre il Veneto sar\u00e0 chiamato al voto per eleggere il nuovo Presidente della Regione e i consiglieri. Saranno 2 i seggi affidati a Belluno sui 49 totali.<\/p>\n<p>&nbsp;<\/p>\n<p>&nbsp;<\/p>\n<p>&nbsp;<\/p>\n<p>&nbsp;<\/p>\n<p>&nbsp;<\/p>\n<p><strong>DI SEGUITO LA TABELLA CON L&#8217;ASSEGNAZIONE DEI SEGGI PROVINCIA PER PROVINCIA<\/strong><\/p>\n<a href=\"https:\/\/www.radiopiu.net\/wordpress\/wp-content\/uploads\/2020\/08\/76_DPGR_2020_07_30_N076_All_A_425170.pdf\" class=\"pdfemb-viewer\" style=\"\" data-width=\"max\" data-height=\"max\" data-toolbar=\"top\" data-toolbar-fixed=\"on\">76_DPGR_2020_07_30_N076_All_A_425170<\/a>\n<p>&nbsp;<\/p>\n<p>&nbsp;<\/p>\n<hr \/>\n<p>&nbsp;<\/p>\n<blockquote>\n<h3>LA PROTEZIONE CIVILE PER LE CODE IN ALEMAGNA<\/h3>\n<\/blockquote>\n<p><strong><a class=\"dt-pswp-item\" href=\"https:\/\/www.radiopiu.net\/wordpress\/wp-content\/uploads\/2020\/08\/3ea48cfa-13ad-44ac-ae50-50e918d75329.jpg\" data-dt-img-description=\"\" data-large_image_width=\"1200\" data-large_image_height=\"1600\"><img loading=\"lazy\" decoding=\"async\" class=\"size-medium wp-image-152638 alignleft\" src=\"https:\/\/www.radiopiu.net\/wordpress\/wp-content\/uploads\/2020\/08\/3ea48cfa-13ad-44ac-ae50-50e918d75329-225x300.jpg\" alt=\"\" width=\"225\" height=\"300\" srcset=\"https:\/\/www.radiopiu.net\/wordpress\/wp-content\/uploads\/2020\/08\/3ea48cfa-13ad-44ac-ae50-50e918d75329-225x300.jpg 225w, https:\/\/www.radiopiu.net\/wordpress\/wp-content\/uploads\/2020\/08\/3ea48cfa-13ad-44ac-ae50-50e918d75329-768x1024.jpg 768w, https:\/\/www.radiopiu.net\/wordpress\/wp-content\/uploads\/2020\/08\/3ea48cfa-13ad-44ac-ae50-50e918d75329-1152x1536.jpg 1152w, https:\/\/www.radiopiu.net\/wordpress\/wp-content\/uploads\/2020\/08\/3ea48cfa-13ad-44ac-ae50-50e918d75329.jpg 1200w\" sizes=\"auto, (max-width: 225px) 100vw, 225px\" \/><\/a><\/strong><\/p>\n<p><strong>VENEZIA\u00a0<\/strong> Precisazione serale dell&#8217;assessore Gianpaolo Bottacin: <em>&#8220;Oggi la REGIONE ha attivato i volontari di protezione civile per supporto ai cittadini incolonnati lungo la statale di Alemagna ( le spese sostenute dai volontari, come sempre, vengono rimborsate dalla REGIONE)&#8221;<\/em><\/p>\n<p><strong>BELLUNO <\/strong>Attivate\u00a0le squadre di Protezione Civile per dare supporto agli automobilisti in colonna. Anche oggi, infatti, si sono formati diversi chilometri di coda tra l\u2019uscita della A27 a Pian di Vedoia e Castellavazzo. \u00abSu richiesta della Prefettura, abbiamo mandato alcuni volontari dei gruppi Antelao e Longarone, per dare informazioni agli automobilisti fermi e per provare a snellire il traffico, coordinati dalla polizia stradale, e dotati anche di bottiglie d\u2019acqua da distribuire in caso di necessit\u00e0 &#8211; spiega\u00a0 Massimo Bortoluzzi\u00a0 consigliere provinciale delegato alla Protezione Civile -. Si tratta di un supporto doveroso, ma che non pu\u00f2 rappresentare una costante. L\u2019emergenza \u00e8 qualcosa che ormai non compete pi\u00f9 alla situazione della Statale di Alemagna, visto che ogni fine settimana, puntualmente, abbiamo lo stesso problema. Un danno per il turismo e un disagio enorme per le comunit\u00e0 locali, visto che anche i volontari oggi hanno faticato non poco a raggiungere il luogo dove dovevano coordinarsi con la polizia, a causa del traffico\u00bb. \u00abOggi i movieri di Anas non c\u2019erano, ma polizia e carabinieri erano attivi per distribuire il traffico e la situazione sul nodo di Longarone non era certo migliore &#8211; continua il consigliere provinciale -. So che \u00e8 un argomento tab\u00f9, anche se non ne comprendo il motivo. Ma sono sempre pi\u00f9 convinto che il prolungamento autostradale sia l\u2019unica soluzione. C\u2019\u00e8 un progetto che fa arrivare la A27 fino a Tai. \u00c8 stato approvato in commissione Via qualche anno fa. Credo sarebbe doveroso riprendere in mano il discorso\u00bb.<\/p>\n<p><strong>\u00a0<\/strong><\/p>\n<p>&nbsp;<\/p>\n<p>&nbsp;<\/p>\n<p>&nbsp;<\/p>\n<p>&nbsp;<\/p>\n<hr \/>\n<p>&nbsp;<\/p>\n<blockquote>\n<h3>LETTERA UNCEM AI VERTICI DI RCS E GAZZETTA DELLO SPORT: VERSO MILANO-SANREMO, GIRO E GRANDI CLASSICHE, INSIEME PER SOSTENERE COMUNI E TERRITORI. CICLISMO \u00c8 MONTAGNA. \u00c8 STORIA E CULTURA DEI PAESI CHE FANNO IL PAESE<\/h3>\n<\/blockquote>\n<p><strong><a class=\"dt-pswp-item\" href=\"https:\/\/www.radiopiu.net\/wordpress\/wp-content\/uploads\/2020\/04\/UNCEM.jpg\" data-dt-img-description=\"\" data-large_image_width=\"500\" data-large_image_height=\"500\"><img loading=\"lazy\" decoding=\"async\" class=\"size-medium wp-image-133399 alignleft\" src=\"https:\/\/www.radiopiu.net\/wordpress\/wp-content\/uploads\/2020\/04\/UNCEM-300x300.jpg\" alt=\"\" width=\"300\" height=\"300\" srcset=\"https:\/\/www.radiopiu.net\/wordpress\/wp-content\/uploads\/2020\/04\/UNCEM-300x300.jpg 300w, https:\/\/www.radiopiu.net\/wordpress\/wp-content\/uploads\/2020\/04\/UNCEM-150x150.jpg 150w, https:\/\/www.radiopiu.net\/wordpress\/wp-content\/uploads\/2020\/04\/UNCEM.jpg 500w\" sizes=\"auto, (max-width: 300px) 100vw, 300px\" \/><\/a>ROMA\u00a0<\/strong>&#8220;<em>Ho scritto poco fa una\u00a0lettera ai vertici di RCS Sport, de La Gazzetta dello Sport, al Direttore del Giro Mauro Vegni. L&#8217;ho scritta da Presidente Uncem e da grande appassionato di ciclismo. L&#8217;ho scritta per\u00a0dare la disponibilit\u00e0 dell&#8217;Associazione che pro tempore rappresento ad alimentare percorsi di dialogo con i Comuni, con i Sindaci, con i territori. Non solo verso una &#8216;troppo chiacchierata&#8217; Milano Sanremo con il nuovo bellissimo percorso. La Val Tanaro \u00e8 gi\u00e0 carica di emozione, prontissima per il passaggio. Possiamo evitare, nei prossimi mesi, che dilaghino polemiche, incomprensioni, delusioni, e prevalgano invece Passione, storia, fatica, territori stessi. Il ciclismo \u00e8 l&#8217;Italia e\u00a0il ciclismo \u00e8 la montagna, le corse sono la gente, il tifo per tutti e sono le strade che secondo il claim del Giro d&#8217;Italia permettono di avere &#8216;la corsa pi\u00f9 dura del mondo, nel Paese pi\u00f9 bello del mondo&#8217;. Storia e cultura dei paesi che fanno il Paese.\u00a0Occorrono sempre gioco di territorio, intesa e dialogo. Soprattutto quest&#8217;anno, con le due ruote che sono grandi protagonisti dell\u2019estate post-lockdown e delle pratiche outdoor sui territori. Uncem pu\u00f2 dare una mano. Ecco il perch\u00e9 della lettera. Noi ci siamo<\/em>&#8220;.\u00a0Lo afferma il Presidente Uncem, Marco Bussone.<\/p>\n<p>&nbsp;<\/p>\n<p>&nbsp;<\/p>\n<p>&nbsp;<\/p>\n<p>&nbsp;<\/p>\n<p>&nbsp;<\/p>\n<hr \/>\n<p>&nbsp;<\/p>\n<div>\n<blockquote>\n<h3>OGGI ALLE 11: IN DIRETTA DIFFERITA<\/h3>\n<\/blockquote>\n<h3><a class=\"dt-pswp-item\" href=\"https:\/\/www.radiopiu.net\/wordpress\/wp-content\/uploads\/2020\/07\/107664234_888260738334098_5785740884384157881_n.jpg\" data-dt-img-description=\"\" data-large_image_width=\"400\" data-large_image_height=\"284\"><img loading=\"lazy\" decoding=\"async\" class=\"wp-image-152279 alignleft\" src=\"https:\/\/www.radiopiu.net\/wordpress\/wp-content\/uploads\/2020\/07\/107664234_888260738334098_5785740884384157881_n-300x213.jpg\" alt=\"\" width=\"179\" height=\"127\" srcset=\"https:\/\/www.radiopiu.net\/wordpress\/wp-content\/uploads\/2020\/07\/107664234_888260738334098_5785740884384157881_n-300x213.jpg 300w, https:\/\/www.radiopiu.net\/wordpress\/wp-content\/uploads\/2020\/07\/107664234_888260738334098_5785740884384157881_n.jpg 400w\" sizes=\"auto, (max-width: 179px) 100vw, 179px\" \/><\/a><\/h3>\n<p><strong>AGORDO<\/strong>\u00a0 Dal Mont Alt di Framont di Agordo Agordo Musica, Asolo Musica, CAI sezione di Agordo e RadioPi\u00f9 Emittente Agordina presentano ASPETTANDO MUSICA NELL&#8217;AGORDINO : IMPROVVISAZIONI IN QUOTA Con Andrea Bernardi, Agordo Musica Anna Magro e Dario Dell&#8217;Osbel, CAI sezione di Agordo e la partecipazione straordinaria di Paolo Forte alla fisarmonica. Alla radio e in streaming in tutto il mondo domenica mattina dalle 11. <strong>AI MICROFONI DI RADIO PIU IL FISARMONICISTA PAOLO FORTE CON ANDREA BERNARDI\u00a0\u00a0<\/strong><\/p>\n<audio class=\"wp-audio-shortcode\" id=\"audio-152604-6\" preload=\"none\" style=\"width: 100%;\" controls=\"controls\"><source type=\"audio\/mpeg\" src=\"https:\/\/www.radiopiu.net\/wordpress\/wp-content\/uploads\/2020\/07\/intervista-paolo-forte.mp3?_=6\" \/><a href=\"https:\/\/www.radiopiu.net\/wordpress\/wp-content\/uploads\/2020\/07\/intervista-paolo-forte.mp3\">https:\/\/www.radiopiu.net\/wordpress\/wp-content\/uploads\/2020\/07\/intervista-paolo-forte.mp3<\/a><\/audio>\n<p>&nbsp;<\/p>\n<p>&nbsp;<\/p>\n<\/div>\n<div>\n<hr \/>\n<blockquote>\n<h3>E OGGI IN PIAZZA AD AGORDO&#8230;. LES MAGOTS IN SALA DON TAMIS IN CASO DI MALTEMPO<\/h3>\n<p>in caso di pioggia concerto\u00a0 in sala don Tamis, quindi la prenotazione \u00e8 ancora pi\u00f9 importante vista la capienza limitata intorno alle 100 persone.<\/p><\/blockquote>\n<p><a class=\"dt-pswp-item\" href=\"https:\/\/www.radiopiu.net\/wordpress\/wp-content\/uploads\/2020\/07\/maxresdefault.jpg\" data-dt-img-description=\"\" data-large_image_width=\"1280\" data-large_image_height=\"720\"><img loading=\"lazy\" decoding=\"async\" class=\"size-medium wp-image-151984 alignleft\" src=\"https:\/\/www.radiopiu.net\/wordpress\/wp-content\/uploads\/2020\/07\/maxresdefault-300x169.jpg\" alt=\"\" width=\"300\" height=\"169\" srcset=\"https:\/\/www.radiopiu.net\/wordpress\/wp-content\/uploads\/2020\/07\/maxresdefault-300x169.jpg 300w, https:\/\/www.radiopiu.net\/wordpress\/wp-content\/uploads\/2020\/07\/maxresdefault-1024x576.jpg 1024w, https:\/\/www.radiopiu.net\/wordpress\/wp-content\/uploads\/2020\/07\/maxresdefault-768x432.jpg 768w, https:\/\/www.radiopiu.net\/wordpress\/wp-content\/uploads\/2020\/07\/maxresdefault.jpg 1280w\" sizes=\"auto, (max-width: 300px) 100vw, 300px\" \/><\/a><\/p>\n<p>&nbsp;<\/p>\n<p>&nbsp;<\/p>\n<blockquote><p>&nbsp;<\/p><\/blockquote>\n<p>&nbsp;<\/p>\n<\/div>\n<p>&nbsp;<\/p>\n<audio class=\"wp-audio-shortcode\" id=\"audio-152604-7\" preload=\"none\" style=\"width: 100%;\" controls=\"controls\"><source type=\"audio\/mpeg\" src=\"https:\/\/www.radiopiu.net\/wordpress\/wp-content\/uploads\/2020\/07\/intervista-magots.mp3?_=7\" \/><a href=\"https:\/\/www.radiopiu.net\/wordpress\/wp-content\/uploads\/2020\/07\/intervista-magots.mp3\">https:\/\/www.radiopiu.net\/wordpress\/wp-content\/uploads\/2020\/07\/intervista-magots.mp3<\/a><\/audio>\n<p>&nbsp;<\/p>\n<p>&nbsp;<\/p>\n<div>\n<hr \/>\n<p>&nbsp;<\/p>\n<blockquote>\n<h3>APRE AD ARABBA LA MOSTRA FOTOGRAFICA \u201cEMIGRAZIONE DALLE DOLOMITI NEL NOVECENTO\u201d A CURA DI LUCIANA PALLA<\/h3>\n<\/blockquote>\n<p><strong><a class=\"dt-pswp-item\" href=\"https:\/\/www.radiopiu.net\/wordpress\/wp-content\/uploads\/2020\/07\/mostra_dolomiti.jpeg\" data-dt-img-description=\"\" data-large_image_width=\"982\" data-large_image_height=\"1389\"><img loading=\"lazy\" decoding=\"async\" class=\" wp-image-152028 alignleft\" src=\"https:\/\/www.radiopiu.net\/wordpress\/wp-content\/uploads\/2020\/07\/mostra_dolomiti-212x300.jpeg\" alt=\"\" width=\"132\" height=\"187\" srcset=\"https:\/\/www.radiopiu.net\/wordpress\/wp-content\/uploads\/2020\/07\/mostra_dolomiti-212x300.jpeg 212w, https:\/\/www.radiopiu.net\/wordpress\/wp-content\/uploads\/2020\/07\/mostra_dolomiti-724x1024.jpeg 724w, https:\/\/www.radiopiu.net\/wordpress\/wp-content\/uploads\/2020\/07\/mostra_dolomiti-768x1086.jpeg 768w, https:\/\/www.radiopiu.net\/wordpress\/wp-content\/uploads\/2020\/07\/mostra_dolomiti.jpeg 982w\" sizes=\"auto, (max-width: 132px) 100vw, 132px\" \/><\/a>LIVINALLONGO <\/strong>Arabba Fodom Turismo e L\u2019Istituto Culturale Ladino \u201cCesa de Jan\u201d offrono l\u2019opportunit\u00e0 di visitare la mostra \u201cEmigrazione dalle Dolomiti nel Novecento\u201d, a cura di Luciana Palla.Un interessante percorso fatto di fotografie, documenti e filmati che esplorano alcuni aspetti del nostro territorio a volte poco conosciuti. L\u2019esposizione, a ingresso libero, sar\u00e0 visitabile dal 29 luglio al 5 settembre 2020 presso la sala piano terra dell\u2019ufficio turistico di Arabba: dalle 8.45 alle 12.00 e dalle 15.30 alle 18.30.<\/p>\n<p>&nbsp;<\/p>\n<p>&nbsp;<\/p>\n<p>&nbsp;<\/p>\n<p>&nbsp;<\/p>\n<\/div>\n<div><\/div>\n<div>\n<hr \/>\n<p>&nbsp;<\/p>\n<blockquote>\n<h2>TERZO PREMIO ALLA SCUOLA DELL&#8217;INFANZIA DI TAIBON SUL CONCORSO INDETTO DA ARPAV<\/h2>\n<\/blockquote>\n<p><strong>TAIBON<\/strong> Tante soddisfazioni per i bambini della scuola dell&#8217;infanzia di Taibon che hanno partecipato ad un concorso indetto da ARPAV dal titolo &#8220;Quale Idea 2020&#8221; dedicato a tutte le scuole dell&#8217;infanzia e parentali della regione Veneto.<\/p>\n<p><strong>IL VIDEO CON LA DESCRIZIONE DELLA MAESTRA PAOLA E IL LAVORO PRESENTATO<\/strong><\/p>\n<div style=\"width: 720px;\" class=\"wp-video\"><video class=\"wp-video-shortcode\" id=\"video-152604-1\" width=\"720\" height=\"480\" preload=\"metadata\" controls=\"controls\"><source type=\"video\/mp4\" src=\"https:\/\/www.radiopiu.net\/wordpress\/wp-content\/uploads\/2020\/08\/SCUOLA-MATERNA-TAIBON-PREMIO-ARPAV-OK.mp4?_=1\" \/><a href=\"https:\/\/www.radiopiu.net\/wordpress\/wp-content\/uploads\/2020\/08\/SCUOLA-MATERNA-TAIBON-PREMIO-ARPAV-OK.mp4\">https:\/\/www.radiopiu.net\/wordpress\/wp-content\/uploads\/2020\/08\/SCUOLA-MATERNA-TAIBON-PREMIO-ARPAV-OK.mp4<\/a><\/video><\/div>\n<p>&nbsp;<\/p>\n<p><strong>LE FOTO DEI BAMBINI AL LAVORO<\/strong><\/p>\n\n\t\t\t<style type='text\/css'>\n\t\t\t\t#gallery-5 {\n\t\t\t\t\tmargin: auto;\n\t\t\t\t}\n\t\t\t\t#gallery-5 .gallery-item {\n\t\t\t\t\tfloat: left;\n\t\t\t\t\tmargin-top: 10px;\n\t\t\t\t\ttext-align: center;\n\t\t\t\t\twidth: 16%;\n\t\t\t\t}\n\t\t\t\t#gallery-5 img {\n\t\t\t\t\tborder: 2px solid #cfcfcf;\n\t\t\t\t}\n\t\t\t\t#gallery-5 .gallery-caption {\n\t\t\t\t\tmargin-left: 0;\n\t\t\t\t}\n\t\t\t\t\/* see gallery_shortcode() in wp-includes\/media.php *\/\n\t\t\t<\/style>\n\t\t<div id='gallery-5' class='dt-gallery-container gallery galleryid-152604 gallery-columns-6 gallery-size-thumbnail'><dl class='gallery-item'>\n\t\t\t\t<dt class='gallery-icon portrait'>\n\t\t\t\t\t<a class=\"rollover rollover-zoom dt-pswp-item\" title=\"27363d84-6cdf-46fd-97b1-220d6cbce311\" data-dt-img-description=\"\" data-large_image_width=\"768\" data-large_image_height=\"1024\"href='https:\/\/www.radiopiu.net\/wordpress\/wp-content\/uploads\/2020\/08\/27363d84-6cdf-46fd-97b1-220d6cbce311.jpg'><img loading=\"lazy\" decoding=\"async\" width=\"150\" height=\"150\" src=\"https:\/\/www.radiopiu.net\/wordpress\/wp-content\/uploads\/2020\/08\/27363d84-6cdf-46fd-97b1-220d6cbce311-150x150.jpg\" class=\"attachment-thumbnail size-thumbnail\" alt=\"\" \/><\/a>\n\t\t\t\t<\/dt><\/dl><dl class='gallery-item'>\n\t\t\t\t<dt class='gallery-icon portrait'>\n\t\t\t\t\t<a class=\"rollover rollover-zoom dt-pswp-item\" title=\"92615fec-f596-40ee-93d3-7c4881e826bd\" data-dt-img-description=\"\" data-large_image_width=\"964\" data-large_image_height=\"1600\"href='https:\/\/www.radiopiu.net\/wordpress\/wp-content\/uploads\/2020\/08\/92615fec-f596-40ee-93d3-7c4881e826bd.jpg'><img loading=\"lazy\" decoding=\"async\" width=\"150\" height=\"150\" src=\"https:\/\/www.radiopiu.net\/wordpress\/wp-content\/uploads\/2020\/08\/92615fec-f596-40ee-93d3-7c4881e826bd-150x150.jpg\" class=\"attachment-thumbnail size-thumbnail\" alt=\"\" \/><\/a>\n\t\t\t\t<\/dt><\/dl><dl class='gallery-item'>\n\t\t\t\t<dt class='gallery-icon portrait'>\n\t\t\t\t\t<a class=\"rollover rollover-zoom dt-pswp-item\" title=\"c700d70b-6123-4572-a9af-da4f7eb96db9\" data-dt-img-description=\"\" data-large_image_width=\"1200\" data-large_image_height=\"1600\"href='https:\/\/www.radiopiu.net\/wordpress\/wp-content\/uploads\/2020\/08\/c700d70b-6123-4572-a9af-da4f7eb96db9.jpg'><img loading=\"lazy\" decoding=\"async\" width=\"150\" height=\"150\" src=\"https:\/\/www.radiopiu.net\/wordpress\/wp-content\/uploads\/2020\/08\/c700d70b-6123-4572-a9af-da4f7eb96db9-150x150.jpg\" class=\"attachment-thumbnail size-thumbnail\" alt=\"\" \/><\/a>\n\t\t\t\t<\/dt><\/dl><dl class='gallery-item'>\n\t\t\t\t<dt class='gallery-icon portrait'>\n\t\t\t\t\t<a class=\"rollover rollover-zoom dt-pswp-item\" title=\"5f501863-4d11-48a5-a33e-13254a479988\" data-dt-img-description=\"\" data-large_image_width=\"1200\" data-large_image_height=\"1600\"href='https:\/\/www.radiopiu.net\/wordpress\/wp-content\/uploads\/2020\/08\/5f501863-4d11-48a5-a33e-13254a479988.jpg'><img loading=\"lazy\" decoding=\"async\" width=\"150\" height=\"150\" src=\"https:\/\/www.radiopiu.net\/wordpress\/wp-content\/uploads\/2020\/08\/5f501863-4d11-48a5-a33e-13254a479988-150x150.jpg\" class=\"attachment-thumbnail size-thumbnail\" alt=\"\" \/><\/a>\n\t\t\t\t<\/dt><\/dl><dl class='gallery-item'>\n\t\t\t\t<dt class='gallery-icon portrait'>\n\t\t\t\t\t<a class=\"rollover rollover-zoom dt-pswp-item\" title=\"bd008fab-6646-4f29-a34e-60973d63410c\" data-dt-img-description=\"\" data-large_image_width=\"1200\" data-large_image_height=\"1600\"href='https:\/\/www.radiopiu.net\/wordpress\/wp-content\/uploads\/2020\/08\/bd008fab-6646-4f29-a34e-60973d63410c.jpg'><img loading=\"lazy\" decoding=\"async\" width=\"150\" height=\"150\" src=\"https:\/\/www.radiopiu.net\/wordpress\/wp-content\/uploads\/2020\/08\/bd008fab-6646-4f29-a34e-60973d63410c-150x150.jpg\" class=\"attachment-thumbnail size-thumbnail\" alt=\"\" \/><\/a>\n\t\t\t\t<\/dt><\/dl><dl class='gallery-item'>\n\t\t\t\t<dt class='gallery-icon landscape'>\n\t\t\t\t\t<a class=\"rollover rollover-zoom dt-pswp-item\" title=\"f8fbc367-b718-4c93-b1f5-a12b7104b06b\" data-dt-img-description=\"\" data-large_image_width=\"1600\" data-large_image_height=\"1200\"href='https:\/\/www.radiopiu.net\/wordpress\/wp-content\/uploads\/2020\/08\/f8fbc367-b718-4c93-b1f5-a12b7104b06b.jpg'><img loading=\"lazy\" decoding=\"async\" width=\"150\" height=\"150\" src=\"https:\/\/www.radiopiu.net\/wordpress\/wp-content\/uploads\/2020\/08\/f8fbc367-b718-4c93-b1f5-a12b7104b06b-150x150.jpg\" class=\"attachment-thumbnail size-thumbnail\" alt=\"\" \/><\/a>\n\t\t\t\t<\/dt><\/dl><br style=\"clear: both\" \/>\n\t\t\t<\/div>\n\n<p>&nbsp;<\/p>\n<\/div>\n<div>\n<p>&nbsp;<\/p>\n<hr \/>\n<p>&nbsp;<\/p>\n<h3 class=\"photoswipe-wrapper\"><img loading=\"lazy\" decoding=\"async\" class=\"aligncenter wp-image-61958 size-full\" src=\"https:\/\/i2.wp.com\/www.radiopiu.net\/wordpress\/wp-content\/uploads\/2018\/09\/appuntamenti.jpeg?resize=800%2C100&amp;ssl=1\" sizes=\"auto, (max-width: 800px) 100vw, 800px\" srcset=\"https:\/\/i2.wp.com\/www.radiopiu.net\/wordpress\/wp-content\/uploads\/2018\/09\/appuntamenti.jpeg?w=800&amp;ssl=1 800w, https:\/\/i2.wp.com\/www.radiopiu.net\/wordpress\/wp-content\/uploads\/2018\/09\/appuntamenti.jpeg?resize=300%2C38&amp;ssl=1 300w, https:\/\/i2.wp.com\/www.radiopiu.net\/wordpress\/wp-content\/uploads\/2018\/09\/appuntamenti.jpeg?resize=768%2C96&amp;ssl=1 768w\" alt=\"\" width=\"800\" height=\"100\" \/><\/h3>\n<\/div>\n<blockquote>\n<h3><\/h3>\n<h3 class=\"photoswipe-wrapper\">IL RITORNO DEL CIRCO PATUF SUL BROI DI AGORDO CON LA COLLABORAZIONE DI AD AGORDO PROLOCO E COMUNE DI AGORDO<\/h3>\n<\/blockquote>\n<p><strong>L&#8217;ASSESSORE CHIARA FONTANIVE<\/strong><\/p>\n<audio class=\"wp-audio-shortcode\" id=\"audio-152604-8\" preload=\"none\" style=\"width: 100%;\" controls=\"controls\"><source type=\"audio\/mpeg\" src=\"https:\/\/www.radiopiu.net\/wordpress\/wp-content\/uploads\/2020\/07\/CHIARA.mp3?_=8\" \/><a href=\"https:\/\/www.radiopiu.net\/wordpress\/wp-content\/uploads\/2020\/07\/CHIARA.mp3\">https:\/\/www.radiopiu.net\/wordpress\/wp-content\/uploads\/2020\/07\/CHIARA.mp3<\/a><\/audio>\n<p>&nbsp;<\/p>\n<div>\n<p><strong>FONZASO<\/strong> Lunedi alle 11 in via Monte Vallorca (sopra il negozio tempo di sport) sar\u00e0 presentato lo spazio culturale Dolomiti Hub <a href=\"http:\/\/dolomitihub.it\/\" target=\"_blank\" rel=\"noopener noreferrer\">dolomitihub.it<\/a>\u00a0 |\u00a0\u00a0<a target=\"_blank\" rel=\"noopener noreferrer\">info@dolomitihub.it<\/a><\/p>\n<p>&nbsp;<\/p>\n<p><strong>BELLUNO<\/strong> Dopo mesi di inattivit\u00e0, causa lockdown, il coro Monti dl Sole ha iniziato\u00a0 la propria attivit\u00e0 con le consuete prove settimanali.\u00a0 Questa sera alle 20,45 proporr\u00e0 una rassegna corale all&#8217;aperto, nella piazza di Longano, organizzata dal comitato colturale e ricreativo di Longano, giunta ormai alla 13^ edizione. Presenter\u00e0 la serata Michela Da Canal. In caso di maltempo il concerto verr\u00e0 rinviato.<\/p>\n<p>&nbsp;<\/p>\n<hr \/>\n<blockquote>\n<h3><\/h3>\n<h3>CINEMA SOTTO LE STELLE A SEDICO, MA NON SOLO CINEMA.<\/h3>\n<\/blockquote>\n<p class=\"photoswipe-wrapper\"><strong>SEDICO<\/strong> Con la Proloco di Sedico, i mercoled\u00ec sera a Villa Patt di Sedico.\u00a0 Per chi lo desidera c\u2019\u00e8 la possibilit\u00e0 di prenotare i biglietti online, al proposito riportiamo i link della varie serate, ingresso 5 euro adulti, 2 euro bambini con chiosco, pop corn e patatine. Domani presentazione dei libri dell\u2019associazione Feudo Mel: Saluti da Mel di Paolo Brunella-Dario Tonet e Ogni Maledetto Museo di Michele Da Rold. Nel corso della presentazione consegna della borsa di merito Beniamino Triches agli studenti universitari con l\u2019amministrazione comunale. <strong>05\/08\/2020 LA PELLE DELL\u2019ORSO<\/strong>\u00a0Anni 50 domenico vive nelle Dolomiti, il padre consumato dal vino e dalla solitudine si mette sulle tracce dell\u2019orso che minaccia la tranquillit\u00e0 della valle, padre e figlio si immergono nei boschi sempre pi\u00f9 a fondo:\u00a0<a href=\"https:\/\/docs.google.com\/forms\/d\/e\/1FAIpQLSdlVyzeY3aBwq0XTiPi4LajY2jIdzDsRvaDIq7zSKIEWT8obA\/viewform\">CLICCA QUI<\/a> \u00a0<strong>12\/08\/2020 BIANCO COME IL NERO \u2013 L\u2019AURORA<\/strong>\u00a0doppio appuntamento nel primo lo scenario della Grande Guerra durante il 1917 (l\u2019an de la fam) la gente di montagna cerca di resistere alla tragedia con l\u2019aiuto dei frati della certosa. In l\u2019Aurora una donna bella fuori ma malinconica dentro che si chiude in un mondo di immersioni in apnea e creazioni sartoriali nel laboratorio dove lavora:<a href=\"https:\/\/docs.google.com\/forms\/d\/e\/1FAIpQLSdXMb0Hr099eyzGSoVYTl8WpsZW3TKfCQXQAcF__f3NRouX5Q\/viewform\">\u00a0CLICCA QUI<\/a> <strong>19\/08\/2020 ROCKETMAN<\/strong>\u00a0Un timido pianista di provincia costruisce la propria carriera e il proprio personaggio fino a divenire una delle pi\u00f9 note stelle della musica internazionale. Lui \u00e8 Reginald Dwight ovvero Elton John\u00a0<a href=\"https:\/\/docs.google.com\/forms\/d\/e\/1FAIpQLSf32PztPJJRQslTRKR5qlhJRoHr-LQLsAXpTy6U6XSL_Ykf-A\/viewform\">CLICCA QUI<\/a><\/p>\n<p>&nbsp;<\/p>\n<p>&nbsp;<\/p>\n<p>&nbsp;<\/p>\n<hr \/>\n<p>&nbsp;<\/p>\n<blockquote>\n<blockquote>\n<h3><b>III EDIZIONE DEL FESTIVAL INTERNAZIONALE DI MUSICA ANTICA IN VAL DI ZOLDO<\/b><\/h3>\n<\/blockquote>\n<\/blockquote>\n<p><strong>VAL DI ZOLDO <\/strong>Concerto dell\u2019organista bavarese Tobias Lindner,\u00a0 domani\u00a0 a Pieve di Zoldo nella chiesa di San Floriano alle ore 17, con replica alle ore 19, per permettere a un pi\u00f9 vasto pubblico di assistervi.<\/p>\n<p>&nbsp;<\/p>\n<hr \/>\n<blockquote>\n<h3><\/h3>\n<\/blockquote>\n<blockquote>\n<h3>SILVIA TESSARI IN CONCERTO<\/h3>\n<\/blockquote>\n<p><strong>FALCADE<\/strong> Il 12 agosto alle 21 alla casa della giovent\u00f9 di Caviola &#8220;Inno alla gioia&#8221;, concerto della pianista Silvia Tessari. Prenotazione obbligatoria via telefono (anche messaggio) al 347 8870898. In caso di raggiungimento del numero massimo consentito sar\u00e0 previsto un secondo concerto per lo stesso giorno alle 18.<\/p>\n<p>&nbsp;<\/p>\n<hr \/>\n<blockquote>\n<h3><\/h3>\n<h3>NEOWISE LA GRANDE COMETA DEL 2020<\/h3>\n<\/blockquote>\n<p><strong>CENCENIGHE<\/strong> Venerdi 7 agosto alle 20.30 nella sala culturale del Municipio conferenza con audiovisivi di Claudio Pra, organizza la Biblioteca Comunale, Proloco, Comune di Cencenighe.<\/p>\n<p>&nbsp;<\/p>\n<hr \/>\n<blockquote>\n<h3><\/h3>\n<\/blockquote>\n<blockquote>\n<h3>EL CANAL DE AGORDO<\/h3>\n<\/blockquote>\n<p><strong>AGORDO<\/strong>\u00a0Scavare nel passato, storia ed archeologia da San Gottardo a Pont del Cristo. La mostra \u00e8 allestita al Museo mineralogico e paleontologico di via 5 maggio con ingresso libero. Fino al 6 settembre il venerdi, sabato e domenica dalle 10 alle 12.30 e dalle 16 alle 19. Info: archeoagordo.arca@gmail.com<\/p>\n<p>&nbsp;<\/p>\n<hr \/>\n<p>&nbsp;<\/p>\n<blockquote>\n<h2 class=\"tw-data-text tw-text-large XcVN5d tw-ta\" dir=\"ltr\" data-placeholder=\"Traduzione\"><span lang=\"en\">appointments recommended by radio pi\u00f9<\/span><\/h2>\n<\/blockquote>\n\n\t\t\t<style type='text\/css'>\n\t\t\t\t#gallery-6 {\n\t\t\t\t\tmargin: auto;\n\t\t\t\t}\n\t\t\t\t#gallery-6 .gallery-item {\n\t\t\t\t\tfloat: left;\n\t\t\t\t\tmargin-top: 10px;\n\t\t\t\t\ttext-align: center;\n\t\t\t\t\twidth: 20%;\n\t\t\t\t}\n\t\t\t\t#gallery-6 img {\n\t\t\t\t\tborder: 2px solid #cfcfcf;\n\t\t\t\t}\n\t\t\t\t#gallery-6 .gallery-caption {\n\t\t\t\t\tmargin-left: 0;\n\t\t\t\t}\n\t\t\t\t\/* see gallery_shortcode() in wp-includes\/media.php *\/\n\t\t\t<\/style>\n\t\t<div id='gallery-6' class='dt-gallery-container gallery galleryid-152604 gallery-columns-5 gallery-size-thumbnail'><dl class='gallery-item'>\n\t\t\t\t<dt class='gallery-icon portrait'>\n\t\t\t\t\t<a class=\"rollover rollover-zoom dt-pswp-item\" title=\"yogaandraz\" data-dt-img-description=\"\" data-large_image_width=\"905\" data-large_image_height=\"1280\"href='https:\/\/www.radiopiu.net\/wordpress\/wp-content\/uploads\/2020\/07\/yogaandraz.jpg'><img loading=\"lazy\" decoding=\"async\" width=\"150\" height=\"150\" src=\"https:\/\/www.radiopiu.net\/wordpress\/wp-content\/uploads\/2020\/07\/yogaandraz-150x150.jpg\" class=\"attachment-thumbnail size-thumbnail\" alt=\"\" \/><\/a>\n\t\t\t\t<\/dt><\/dl><dl class='gallery-item'>\n\t\t\t\t<dt class='gallery-icon portrait'>\n\t\t\t\t\t<a class=\"rollover rollover-zoom dt-pswp-item\" title=\"RITROVARSI IN SINISTRA PIAVE locandina definitiva\" data-dt-img-description=\"\" data-large_image_width=\"1293\" data-large_image_height=\"2560\"href='https:\/\/www.radiopiu.net\/wordpress\/wp-content\/uploads\/2020\/07\/RITROVARSI-IN-SINISTRA-PIAVE-locandina-definitiva-scaled.jpg'><img loading=\"lazy\" decoding=\"async\" width=\"150\" height=\"150\" src=\"https:\/\/www.radiopiu.net\/wordpress\/wp-content\/uploads\/2020\/07\/RITROVARSI-IN-SINISTRA-PIAVE-locandina-definitiva-150x150.jpg\" class=\"attachment-thumbnail size-thumbnail\" alt=\"\" \/><\/a>\n\t\t\t\t<\/dt><\/dl><dl class='gallery-item'>\n\t\t\t\t<dt class='gallery-icon portrait'>\n\t\t\t\t\t<a class=\"rollover rollover-zoom dt-pswp-item\" title=\"82799889_285851282792527_7947034300049837793_n\" data-dt-img-description=\"\" data-large_image_width=\"678\" data-large_image_height=\"960\"href='https:\/\/www.radiopiu.net\/wordpress\/wp-content\/uploads\/2020\/07\/82799889_285851282792527_7947034300049837793_n.jpg'><img loading=\"lazy\" decoding=\"async\" width=\"150\" height=\"150\" src=\"https:\/\/www.radiopiu.net\/wordpress\/wp-content\/uploads\/2020\/07\/82799889_285851282792527_7947034300049837793_n-150x150.jpg\" class=\"attachment-thumbnail size-thumbnail\" alt=\"\" \/><\/a>\n\t\t\t\t<\/dt><\/dl><dl class='gallery-item'>\n\t\t\t\t<dt class='gallery-icon landscape'>\n\t\t\t\t\t<a class=\"rollover rollover-zoom dt-pswp-item\" title=\"987da034-0d4d-4831-a578-694c73f67a5b\" data-dt-img-description=\"\" data-large_image_width=\"1600\" data-large_image_height=\"1600\"href='https:\/\/www.radiopiu.net\/wordpress\/wp-content\/uploads\/2020\/07\/987da034-0d4d-4831-a578-694c73f67a5b.jpg'><img loading=\"lazy\" decoding=\"async\" width=\"150\" height=\"150\" src=\"https:\/\/www.radiopiu.net\/wordpress\/wp-content\/uploads\/2020\/07\/987da034-0d4d-4831-a578-694c73f67a5b-150x150.jpg\" class=\"attachment-thumbnail size-thumbnail\" alt=\"\" srcset=\"https:\/\/www.radiopiu.net\/wordpress\/wp-content\/uploads\/2020\/07\/987da034-0d4d-4831-a578-694c73f67a5b-150x150.jpg 150w, https:\/\/www.radiopiu.net\/wordpress\/wp-content\/uploads\/2020\/07\/987da034-0d4d-4831-a578-694c73f67a5b-300x300.jpg 300w, https:\/\/www.radiopiu.net\/wordpress\/wp-content\/uploads\/2020\/07\/987da034-0d4d-4831-a578-694c73f67a5b-1024x1024.jpg 1024w, https:\/\/www.radiopiu.net\/wordpress\/wp-content\/uploads\/2020\/07\/987da034-0d4d-4831-a578-694c73f67a5b-768x768.jpg 768w, https:\/\/www.radiopiu.net\/wordpress\/wp-content\/uploads\/2020\/07\/987da034-0d4d-4831-a578-694c73f67a5b-1536x1536.jpg 1536w, https:\/\/www.radiopiu.net\/wordpress\/wp-content\/uploads\/2020\/07\/987da034-0d4d-4831-a578-694c73f67a5b.jpg 1600w\" sizes=\"auto, (max-width: 150px) 100vw, 150px\" \/><\/a>\n\t\t\t\t<\/dt><\/dl><dl class='gallery-item'>\n\t\t\t\t<dt class='gallery-icon portrait'>\n\t\t\t\t\t<a class=\"rollover rollover-zoom dt-pswp-item\" title=\"fb0f2285-210f-4bba-8573-b8ff07a91fa8\" data-dt-img-description=\"\" data-large_image_width=\"726\" data-large_image_height=\"1024\"href='https:\/\/www.radiopiu.net\/wordpress\/wp-content\/uploads\/2020\/07\/fb0f2285-210f-4bba-8573-b8ff07a91fa8.jpg'><img loading=\"lazy\" decoding=\"async\" width=\"150\" height=\"150\" src=\"https:\/\/www.radiopiu.net\/wordpress\/wp-content\/uploads\/2020\/07\/fb0f2285-210f-4bba-8573-b8ff07a91fa8-150x150.jpg\" class=\"attachment-thumbnail size-thumbnail\" alt=\"\" \/><\/a>\n\t\t\t\t<\/dt><\/dl><br style=\"clear: both\" \/><dl class='gallery-item'>\n\t\t\t\t<dt class='gallery-icon portrait'>\n\t\t\t\t\t<a class=\"rollover rollover-zoom dt-pswp-item\" title=\"446199a0-ccb6-4daa-88f9-ee34f5a4944a\" data-dt-img-description=\"\" data-large_image_width=\"1080\" data-large_image_height=\"1350\"href='https:\/\/www.radiopiu.net\/wordpress\/wp-content\/uploads\/2020\/07\/446199a0-ccb6-4daa-88f9-ee34f5a4944a.jpg'><img loading=\"lazy\" decoding=\"async\" width=\"150\" height=\"150\" src=\"https:\/\/www.radiopiu.net\/wordpress\/wp-content\/uploads\/2020\/07\/446199a0-ccb6-4daa-88f9-ee34f5a4944a-150x150.jpg\" class=\"attachment-thumbnail size-thumbnail\" alt=\"\" \/><\/a>\n\t\t\t\t<\/dt><\/dl><dl class='gallery-item'>\n\t\t\t\t<dt class='gallery-icon portrait'>\n\t\t\t\t\t<a class=\"rollover rollover-zoom dt-pswp-item\" title=\"8decb5e4-5a09-4396-8808-991f536b16f0\" data-dt-img-description=\"\" data-large_image_width=\"1130\" data-large_image_height=\"1600\"href='https:\/\/www.radiopiu.net\/wordpress\/wp-content\/uploads\/2020\/07\/8decb5e4-5a09-4396-8808-991f536b16f0.jpg'><img loading=\"lazy\" decoding=\"async\" width=\"150\" height=\"150\" src=\"https:\/\/www.radiopiu.net\/wordpress\/wp-content\/uploads\/2020\/07\/8decb5e4-5a09-4396-8808-991f536b16f0-150x150.jpg\" class=\"attachment-thumbnail size-thumbnail\" alt=\"\" \/><\/a>\n\t\t\t\t<\/dt><\/dl><dl class='gallery-item'>\n\t\t\t\t<dt class='gallery-icon portrait'>\n\t\t\t\t\t<a class=\"rollover rollover-zoom dt-pswp-item\" title=\"LOCANDINA MOSTRA ARCA 2019 Patrocinio\" data-dt-img-description=\"\" data-large_image_width=\"1810\" data-large_image_height=\"2560\"href='https:\/\/www.radiopiu.net\/wordpress\/wp-content\/uploads\/2020\/07\/LOCANDINA-MOSTRA-ARCA-2020-scaled.jpg'><img loading=\"lazy\" decoding=\"async\" width=\"150\" height=\"150\" src=\"https:\/\/www.radiopiu.net\/wordpress\/wp-content\/uploads\/2020\/07\/LOCANDINA-MOSTRA-ARCA-2020-150x150.jpg\" class=\"attachment-thumbnail size-thumbnail\" alt=\"\" \/><\/a>\n\t\t\t\t<\/dt><\/dl><dl class='gallery-item'>\n\t\t\t\t<dt class='gallery-icon portrait'>\n\t\t\t\t\t<a class=\"rollover rollover-zoom dt-pswp-item\" title=\"0995c87e-41e6-46f0-81e9-380485c41502\" data-dt-img-description=\"\" data-large_image_width=\"1447\" data-large_image_height=\"2048\"href='https:\/\/www.radiopiu.net\/wordpress\/wp-content\/uploads\/2020\/07\/0995c87e-41e6-46f0-81e9-380485c41502.jpg'><img loading=\"lazy\" decoding=\"async\" width=\"150\" height=\"150\" src=\"https:\/\/www.radiopiu.net\/wordpress\/wp-content\/uploads\/2020\/07\/0995c87e-41e6-46f0-81e9-380485c41502-150x150.jpg\" class=\"attachment-thumbnail size-thumbnail\" alt=\"\" \/><\/a>\n\t\t\t\t<\/dt><\/dl><dl class='gallery-item'>\n\t\t\t\t<dt class='gallery-icon portrait'>\n\t\t\t\t\t<a class=\"rollover rollover-zoom dt-pswp-item\" title=\"4dd872a2-f52d-4a12-9746-816401dfe394\" data-dt-img-description=\"\" data-large_image_width=\"1131\" data-large_image_height=\"1600\"href='https:\/\/www.radiopiu.net\/wordpress\/wp-content\/uploads\/2020\/07\/4dd872a2-f52d-4a12-9746-816401dfe394.jpg'><img loading=\"lazy\" decoding=\"async\" width=\"150\" height=\"150\" src=\"https:\/\/www.radiopiu.net\/wordpress\/wp-content\/uploads\/2020\/07\/4dd872a2-f52d-4a12-9746-816401dfe394-150x150.jpg\" class=\"attachment-thumbnail size-thumbnail\" alt=\"\" \/><\/a>\n\t\t\t\t<\/dt><\/dl><br style=\"clear: both\" \/><dl class='gallery-item'>\n\t\t\t\t<dt class='gallery-icon portrait'>\n\t\t\t\t\t<a class=\"rollover rollover-zoom dt-pswp-item\" title=\"concerto Tessari\" data-dt-img-description=\"\" data-large_image_width=\"1239\" data-large_image_height=\"1754\"href='https:\/\/www.radiopiu.net\/wordpress\/wp-content\/uploads\/2020\/07\/concerto-Tessari.jpg'><img loading=\"lazy\" decoding=\"async\" width=\"150\" height=\"150\" src=\"https:\/\/www.radiopiu.net\/wordpress\/wp-content\/uploads\/2020\/07\/concerto-Tessari-150x150.jpg\" class=\"attachment-thumbnail size-thumbnail\" alt=\"\" \/><\/a>\n\t\t\t\t<\/dt><\/dl><dl class='gallery-item'>\n\t\t\t\t<dt class='gallery-icon portrait'>\n\t\t\t\t\t<a class=\"rollover rollover-zoom dt-pswp-item\" title=\"ALLA SCOPERTA DI CANALE\" data-dt-img-description=\"\" data-large_image_width=\"620\" data-large_image_height=\"873\"href='https:\/\/www.radiopiu.net\/wordpress\/wp-content\/uploads\/2020\/07\/ALLA-SCOPERTA-DI-CANALE-.jpg'><img loading=\"lazy\" decoding=\"async\" width=\"150\" height=\"150\" src=\"https:\/\/www.radiopiu.net\/wordpress\/wp-content\/uploads\/2020\/07\/ALLA-SCOPERTA-DI-CANALE--150x150.jpg\" class=\"attachment-thumbnail size-thumbnail\" alt=\"\" \/><\/a>\n\t\t\t\t<\/dt><\/dl><dl class='gallery-item'>\n\t\t\t\t<dt class='gallery-icon portrait'>\n\t\t\t\t\t<a class=\"rollover rollover-zoom dt-pswp-item\" title=\"trekking_fotografico_DEF\" data-dt-img-description=\"\" data-large_image_width=\"905\" data-large_image_height=\"1280\"href='https:\/\/www.radiopiu.net\/wordpress\/wp-content\/uploads\/2020\/07\/trekking_fotografico_DEF.png'><img loading=\"lazy\" decoding=\"async\" width=\"150\" height=\"150\" src=\"https:\/\/www.radiopiu.net\/wordpress\/wp-content\/uploads\/2020\/07\/trekking_fotografico_DEF-150x150.png\" class=\"attachment-thumbnail size-thumbnail\" alt=\"\" \/><\/a>\n\t\t\t\t<\/dt><\/dl><dl class='gallery-item'>\n\t\t\t\t<dt class='gallery-icon portrait'>\n\t\t\t\t\t<a class=\"rollover rollover-zoom dt-pswp-item\" title=\"Locandina eventi 2\" data-dt-img-description=\"\" data-large_image_width=\"905\" data-large_image_height=\"1280\"href='https:\/\/www.radiopiu.net\/wordpress\/wp-content\/uploads\/2020\/07\/Locandina-eventi-2.png'><img loading=\"lazy\" decoding=\"async\" width=\"150\" height=\"150\" src=\"https:\/\/www.radiopiu.net\/wordpress\/wp-content\/uploads\/2020\/07\/Locandina-eventi-2-150x150.png\" class=\"attachment-thumbnail size-thumbnail\" alt=\"\" \/><\/a>\n\t\t\t\t<\/dt><\/dl><dl class='gallery-item'>\n\t\t\t\t<dt class='gallery-icon portrait'>\n\t\t\t\t\t<a class=\"rollover rollover-zoom dt-pswp-item\" title=\"newsletter Week 4 Kids Summer\" data-dt-img-description=\"\" data-large_image_width=\"1280\" data-large_image_height=\"2560\"href='https:\/\/www.radiopiu.net\/wordpress\/wp-content\/uploads\/2020\/07\/newsletter-Week-4-Kids-Summer-scaled.jpg'><img loading=\"lazy\" decoding=\"async\" width=\"150\" height=\"150\" src=\"https:\/\/www.radiopiu.net\/wordpress\/wp-content\/uploads\/2020\/07\/newsletter-Week-4-Kids-Summer-150x150.jpg\" class=\"attachment-thumbnail size-thumbnail\" alt=\"\" \/><\/a>\n\t\t\t\t<\/dt><\/dl><br style=\"clear: both\" \/>\n\t\t\t<\/div>\n\n<p>&nbsp;<\/p>\n<hr \/>\n<p>&nbsp;<\/p>\n<h2>IERI ALLA RADIO<\/h2>\n<h2><a class=\"dt-pswp-item\" href=\"https:\/\/www.radiopiu.net\/wordpress\/wp-content\/uploads\/2017\/10\/DORIGO.jpg\" data-dt-img-description=\"\" data-large_image_width=\"960\" data-large_image_height=\"959\"><img loading=\"lazy\" decoding=\"async\" class=\"size-medium wp-image-37147 alignleft\" src=\"https:\/\/www.radiopiu.net\/wordpress\/wp-content\/uploads\/2017\/10\/DORIGO-300x300.jpg\" alt=\"\" width=\"300\" height=\"300\" \/><\/a><span style=\"color: #0000ff;\">LA RASSEGNA STAMPA DALL&#8217;AMICO DEL POPOLO di Gianni Santomaso\u00a0<\/span><\/h2>\n<audio class=\"wp-audio-shortcode\" id=\"audio-152604-9\" preload=\"none\" style=\"width: 100%;\" controls=\"controls\"><source type=\"audio\/mpeg\" src=\"https:\/\/www.radiopiu.net\/wordpress\/wp-content\/uploads\/2020\/08\/RASSEGNA-GIANNI.mp3?_=9\" \/><a href=\"https:\/\/www.radiopiu.net\/wordpress\/wp-content\/uploads\/2020\/08\/RASSEGNA-GIANNI.mp3\">https:\/\/www.radiopiu.net\/wordpress\/wp-content\/uploads\/2020\/08\/RASSEGNA-GIANNI.mp3<\/a><\/audio>\n<p>&nbsp;<\/p>\n<hr \/>\n<p>&nbsp;<\/p>\n<h2><span style=\"color: #993300;\">JOHN WISE CON NICOLO&#8217;, MATTEO E ALESSANDRO A RADIO PIU&#8217;<\/span><\/h2>\n<p>DIRETTA RADIO &#8230;. STUDIO2 RADIO PIU&#8217;<\/p>\n<p><a class=\"dt-pswp-item\" href=\"https:\/\/www.radiopiu.net\/wordpress\/wp-content\/uploads\/2020\/08\/c527d632-ec5d-482d-b636-6592350c4170.jpg\" data-dt-img-description=\"\" data-large_image_width=\"1280\" data-large_image_height=\"960\"><img loading=\"lazy\" decoding=\"async\" class=\"alignnone size-medium wp-image-152576\" src=\"https:\/\/www.radiopiu.net\/wordpress\/wp-content\/uploads\/2020\/08\/c527d632-ec5d-482d-b636-6592350c4170-300x225.jpg\" alt=\"\" width=\"300\" height=\"225\" srcset=\"https:\/\/www.radiopiu.net\/wordpress\/wp-content\/uploads\/2020\/08\/c527d632-ec5d-482d-b636-6592350c4170-300x225.jpg 300w, https:\/\/www.radiopiu.net\/wordpress\/wp-content\/uploads\/2020\/08\/c527d632-ec5d-482d-b636-6592350c4170-1024x768.jpg 1024w, https:\/\/www.radiopiu.net\/wordpress\/wp-content\/uploads\/2020\/08\/c527d632-ec5d-482d-b636-6592350c4170-768x576.jpg 768w, https:\/\/www.radiopiu.net\/wordpress\/wp-content\/uploads\/2020\/08\/c527d632-ec5d-482d-b636-6592350c4170.jpg 1280w\" sizes=\"auto, (max-width: 300px) 100vw, 300px\" \/><\/a><\/p>\n<audio class=\"wp-audio-shortcode\" id=\"audio-152604-10\" preload=\"none\" style=\"width: 100%;\" controls=\"controls\"><source type=\"audio\/mpeg\" src=\"https:\/\/www.radiopiu.net\/wordpress\/wp-content\/uploads\/2020\/07\/JOHN-WISE.mp3?_=10\" \/><a href=\"https:\/\/www.radiopiu.net\/wordpress\/wp-content\/uploads\/2020\/07\/JOHN-WISE.mp3\">https:\/\/www.radiopiu.net\/wordpress\/wp-content\/uploads\/2020\/07\/JOHN-WISE.mp3<\/a><\/audio>\n<p>&nbsp;<\/p>\n<hr \/>\n<p>&nbsp;<\/p>\n<h2><span style=\"color: #ff0000;\">DUE MINUTI UN LIBRO<\/span><\/h2>\n<blockquote class=\"wp-embedded-content\" data-secret=\"ug1MrhXOrN\"><p><a href=\"https:\/\/www.radiopiu.net\/wordpress\/quel-che-affidiamo-al-vento\/\">QUEL CHE AFFIDIAMO AL VENTO<\/a><\/p><\/blockquote>\n<p><iframe loading=\"lazy\" class=\"wp-embedded-content\" sandbox=\"allow-scripts\" security=\"restricted\" style=\"position: absolute; clip: rect(1px, 1px, 1px, 1px);\" title=\"&#8220;QUEL CHE AFFIDIAMO AL VENTO&#8221; &#8212; Radio Pi\u00f9\" src=\"https:\/\/www.radiopiu.net\/wordpress\/quel-che-affidiamo-al-vento\/embed\/#?secret=ug1MrhXOrN\" data-secret=\"ug1MrhXOrN\" width=\"600\" height=\"338\" frameborder=\"0\" marginwidth=\"0\" marginheight=\"0\" scrolling=\"no\"><\/iframe><\/p>\n<p><strong>LE ALTRE PUNTATE<\/strong><\/p>\n<blockquote class=\"wp-embedded-content\" data-secret=\"D6tza4gATS\"><p><a href=\"https:\/\/www.radiopiu.net\/wordpress\/due-minuti-un-libro\/\">Due minuti un libro<\/a><\/p><\/blockquote>\n<p><iframe loading=\"lazy\" class=\"wp-embedded-content\" sandbox=\"allow-scripts\" security=\"restricted\" style=\"position: absolute; clip: rect(1px, 1px, 1px, 1px);\" title=\"&#8220;Due minuti un libro&#8221; &#8212; Radio Pi\u00f9\" src=\"https:\/\/www.radiopiu.net\/wordpress\/due-minuti-un-libro\/embed\/#?secret=D6tza4gATS\" data-secret=\"D6tza4gATS\" width=\"600\" height=\"338\" frameborder=\"0\" marginwidth=\"0\" marginheight=\"0\" scrolling=\"no\"><\/iframe><\/p>\n<p>&nbsp;<\/p>\n<p>&nbsp;<\/p>\n<p>&nbsp;<\/p>\n<hr \/>\n<p>&nbsp;<\/p>\n<h2><a class=\"dt-pswp-item\" href=\"https:\/\/www.radiopiu.net\/wordpress\/wp-content\/uploads\/2020\/06\/4f376fe2-d9cd-4dc8-b8ec-9bd773546a4e.jpg\" data-dt-img-description=\"\" data-large_image_width=\"960\" data-large_image_height=\"720\"><img loading=\"lazy\" decoding=\"async\" class=\"wp-image-146572 alignleft\" src=\"https:\/\/www.radiopiu.net\/wordpress\/wp-content\/uploads\/2020\/06\/4f376fe2-d9cd-4dc8-b8ec-9bd773546a4e-300x225.jpg\" alt=\"\" width=\"132\" height=\"99\" srcset=\"https:\/\/www.radiopiu.net\/wordpress\/wp-content\/uploads\/2020\/06\/4f376fe2-d9cd-4dc8-b8ec-9bd773546a4e-300x225.jpg 300w, https:\/\/www.radiopiu.net\/wordpress\/wp-content\/uploads\/2020\/06\/4f376fe2-d9cd-4dc8-b8ec-9bd773546a4e-768x576.jpg 768w, https:\/\/www.radiopiu.net\/wordpress\/wp-content\/uploads\/2020\/06\/4f376fe2-d9cd-4dc8-b8ec-9bd773546a4e.jpg 960w\" sizes=\"auto, (max-width: 132px) 100vw, 132px\" \/><\/a><\/h2>\n<h2><\/h2>\n<h2><span style=\"color: #00ccff;\">DON CESARE, IL PENSIERO DEL GIORNO. ALLA RADIO ALLE 7 DEL MATTINO E ALLE 19.30 DELLA SERA.<\/span><\/h2>\n<p>&nbsp;<\/p>\n<audio class=\"wp-audio-shortcode\" id=\"audio-152604-11\" preload=\"none\" style=\"width: 100%;\" controls=\"controls\"><source type=\"audio\/mpeg\" src=\"https:\/\/www.radiopiu.net\/wordpress\/wp-content\/uploads\/2020\/08\/CHIESA-DON-CESARE-QUOTIDIANO.mp3?_=11\" \/><a href=\"https:\/\/www.radiopiu.net\/wordpress\/wp-content\/uploads\/2020\/08\/CHIESA-DON-CESARE-QUOTIDIANO.mp3\">https:\/\/www.radiopiu.net\/wordpress\/wp-content\/uploads\/2020\/08\/CHIESA-DON-CESARE-QUOTIDIANO.mp3<\/a><\/audio>\n<hr \/>\n<p>&nbsp;<\/p>\n<p>&nbsp;<\/p>\n<h2><span style=\"color: #008000;\">AGORDINOMERON&#8230;LA RACCOLTA<\/span><\/h2>\n<blockquote class=\"wp-embedded-content\" data-secret=\"56MPT4dbAX\"><p><a href=\"https:\/\/www.radiopiu.net\/wordpress\/agordinomeron\/\">AGORDINOMERON, IL TERRITORIO SI RACCONTA Da un&#8217;idea di Gianni Santomaso<\/a><\/p><\/blockquote>\n<p><iframe loading=\"lazy\" class=\"wp-embedded-content\" sandbox=\"allow-scripts\" security=\"restricted\" style=\"position: absolute; clip: rect(1px, 1px, 1px, 1px);\" title=\"&#8220;AGORDINOMERON, IL TERRITORIO SI RACCONTA Da un&#8217;idea di Gianni Santomaso&#8221; &#8212; Radio Pi\u00f9\" src=\"https:\/\/www.radiopiu.net\/wordpress\/agordinomeron\/embed\/#?secret=56MPT4dbAX\" data-secret=\"56MPT4dbAX\" width=\"600\" height=\"338\" frameborder=\"0\" marginwidth=\"0\" marginheight=\"0\" scrolling=\"no\"><\/iframe><\/p>\n<p>&nbsp;<\/p>\n<p>&nbsp;<\/p>\n<hr \/>\n<p>&nbsp;<\/p>\n<p>&nbsp;<\/p>\n<h2><span style=\"color: #ff00ff;\">ZAINO DA VIAGGIO AL FEMMINILE DI PAOLA LANCIATO<\/span><\/h2>\n<h2>L&#8217;INTERA RACCOLTA<\/h2>\n<blockquote class=\"wp-embedded-content\" data-secret=\"xO3Omxxza3\"><p><a href=\"https:\/\/www.radiopiu.net\/wordpress\/zaino-femminile-lanciato\/\">Zaino da viaggio al femminile<\/a><\/p><\/blockquote>\n<p><iframe loading=\"lazy\" class=\"wp-embedded-content\" sandbox=\"allow-scripts\" security=\"restricted\" style=\"position: absolute; clip: rect(1px, 1px, 1px, 1px);\" title=\"&#8220;Zaino da viaggio al femminile&#8221; &#8212; Radio Pi\u00f9\" src=\"https:\/\/www.radiopiu.net\/wordpress\/zaino-femminile-lanciato\/embed\/#?secret=xO3Omxxza3\" data-secret=\"xO3Omxxza3\" width=\"600\" height=\"338\" frameborder=\"0\" marginwidth=\"0\" marginheight=\"0\" scrolling=\"no\"><\/iframe><\/p>\n<hr \/>\n<p>&nbsp;<\/p>\n<p>&nbsp;<\/p>\n<p>&nbsp;<\/p>\n<h2><span style=\"color: #666699;\">I RACCONTI DI PAOLO SOPPELSA&#8230;LA RACCOLTA COMPLETA<\/span><\/h2>\n<blockquote class=\"wp-embedded-content\" data-secret=\"EjefVA42PR\"><p><a href=\"https:\/\/www.radiopiu.net\/wordpress\/i-racconti-di-paolo-soppelsa\/\">I racconti di Paolo Soppelsa<\/a><\/p><\/blockquote>\n<p><iframe loading=\"lazy\" class=\"wp-embedded-content\" sandbox=\"allow-scripts\" security=\"restricted\" style=\"position: absolute; clip: rect(1px, 1px, 1px, 1px);\" title=\"&#8220;I racconti di Paolo Soppelsa&#8221; &#8212; Radio Pi\u00f9\" src=\"https:\/\/www.radiopiu.net\/wordpress\/i-racconti-di-paolo-soppelsa\/embed\/#?secret=EjefVA42PR\" data-secret=\"EjefVA42PR\" width=\"600\" height=\"338\" frameborder=\"0\" marginwidth=\"0\" marginheight=\"0\" scrolling=\"no\"><\/iframe><\/p>\n<p>&nbsp;<\/p>\n<hr \/>\n<p>&nbsp;<\/p>\n<p>&nbsp;<\/p>\n<h2><span style=\"color: #333399;\">SUL SITO DI RADIO PIU&#8217; LA VIDEO GALLERY<\/span><\/h2>\n<blockquote class=\"wp-embedded-content\" data-secret=\"ZbdwILefL5\"><p><a href=\"https:\/\/www.radiopiu.net\/wordpress\/ep-center-video-gallery\/\">EP CENTER video gallery<\/a><\/p><\/blockquote>\n<p><iframe loading=\"lazy\" class=\"wp-embedded-content\" sandbox=\"allow-scripts\" security=\"restricted\" style=\"position: absolute; clip: rect(1px, 1px, 1px, 1px);\" title=\"&#8220;EP CENTER video gallery&#8221; &#8212; Radio Pi\u00f9\" src=\"https:\/\/www.radiopiu.net\/wordpress\/ep-center-video-gallery\/embed\/#?secret=ZbdwILefL5\" data-secret=\"ZbdwILefL5\" width=\"600\" height=\"338\" frameborder=\"0\" marginwidth=\"0\" marginheight=\"0\" scrolling=\"no\"><\/iframe><\/p>\n<p>&nbsp;<\/p>\n<hr \/>\n<h3><\/h3>\n<p><strong class=\"photoswipe-wrapper\"><a class=\"dt-pswp-item pspw-wrap-ready\" href=\"https:\/\/i0.wp.com\/www.radiopiu.net\/wordpress\/wp-content\/uploads\/2018\/09\/viabilita.jpeg?ssl=1\" data-dt-img-description=\"\" data-large_image_width=\"800\" data-large_image_height=\"100\"><img loading=\"lazy\" decoding=\"async\" class=\"aligncenter wp-image-61954 size-full jetpack-lazy-image jetpack-lazy-image--handled\" src=\"https:\/\/i0.wp.com\/www.radiopiu.net\/wordpress\/wp-content\/uploads\/2018\/09\/viabilita.jpeg?resize=800%2C100&amp;ssl=1\" sizes=\"auto, (max-width: 800px) 100vw, 800px\" srcset=\"https:\/\/i0.wp.com\/www.radiopiu.net\/wordpress\/wp-content\/uploads\/2018\/09\/viabilita.jpeg?w=800&amp;ssl=1 800w, https:\/\/i0.wp.com\/www.radiopiu.net\/wordpress\/wp-content\/uploads\/2018\/09\/viabilita.jpeg?resize=300%2C38&amp;ssl=1 300w, https:\/\/i0.wp.com\/www.radiopiu.net\/wordpress\/wp-content\/uploads\/2018\/09\/viabilita.jpeg?resize=768%2C96&amp;ssl=1 768w\" alt=\"\" width=\"800\" height=\"100\" data-lazy-loaded=\"1\" \/><\/a><\/strong><\/p>\n<p>&nbsp;<\/p>\n<div class=\"page-title-head hgroup\">\n<h3 class=\"entry-title\">SELVA DI CADORE \u00a0FINO AL 7 AGOSTO DALLE 7 ALLE 18 \u00a0E DAL 24 AGOSTO AL 15 SETTEMBRE SEMPRE DALLE 7 ALLE 18 (FESTIVI E PRE FESTIVI ESCLUSI) SENSO UNICO ALTERNATO CON MOVIERI O SEMAFORO IN LOCALIT\u00c0 SOLATOR. DAL CHILOMETRO 4.400 AL CHILOMETRO 5.100<\/h3>\n<\/div>\n<p>PROVINCIALE 641 DI PASSO FEDAIA, FINO AL 7 AGOSTO, INCLUSI SABATO, DOMENICA, FESTIVI E PREFESTIVI, SENSO UNICO IN LOCALIT\u00c0 ROCCA PIETORE PER SOSTITUZIONI BARRIERE LATERALI<\/p>\n<p>FINO AL 7 AGOSTO SABATO E DOMENICA COMPRESI LUNGO LA 641 DI PASSO FEDAIA IN LOCALIT\u00e0 CAPANNA BILL E COL DI ROCCA, SENSO UNICO ALTERNATO CON SEMAFORO<\/p>\n<p>STRADA PROVINCIALE 619 DI VIGO DI CADORE, FINO\u00a0 AL 7 AGOSTO, ESCLUSI SABATI E DOMENICHE, SENSO UNICO ALTERNATO REGOLATO DA IMPIANTO SEMAFORICO O MOVIERI PER MESSA IN SICUREZZA DELLA STRADA<\/p>\n<h2><\/h2>\n<p>&nbsp;<\/p>\n<p>&nbsp;<\/p>\n<p class=\"photoswipe-wrapper\"><a class=\"dt-pswp-item pspw-wrap-ready\" href=\"https:\/\/i0.wp.com\/www.radiopiu.net\/wordpress\/wp-content\/uploads\/2018\/09\/WhatsApp-Image-2018-09-20-at-16.04.06.jpeg?ssl=1\" data-dt-img-description=\"\" data-large_image_width=\"800\" data-large_image_height=\"100\"><img loading=\"lazy\" decoding=\"async\" class=\"aligncenter wp-image-61378 size-full jetpack-lazy-image jetpack-lazy-image--handled\" src=\"https:\/\/i0.wp.com\/www.radiopiu.net\/wordpress\/wp-content\/uploads\/2018\/09\/WhatsApp-Image-2018-09-20-at-16.04.06.jpeg?resize=800%2C100&amp;ssl=1\" sizes=\"auto, (max-width: 800px) 100vw, 800px\" srcset=\"https:\/\/i0.wp.com\/www.radiopiu.net\/wordpress\/wp-content\/uploads\/2018\/09\/WhatsApp-Image-2018-09-20-at-16.04.06.jpeg?w=800&amp;ssl=1 800w, https:\/\/i0.wp.com\/www.radiopiu.net\/wordpress\/wp-content\/uploads\/2018\/09\/WhatsApp-Image-2018-09-20-at-16.04.06.jpeg?resize=300%2C38&amp;ssl=1 300w, https:\/\/i0.wp.com\/www.radiopiu.net\/wordpress\/wp-content\/uploads\/2018\/09\/WhatsApp-Image-2018-09-20-at-16.04.06.jpeg?resize=768%2C96&amp;ssl=1 768w\" alt=\"\" width=\"800\" height=\"100\" data-lazy-loaded=\"1\" \/><\/a><\/p>\n<p>&nbsp;<\/p>\n<p><center><b>Domenica 2<\/b><\/center><b>Tempo atteso:\u00a0<\/b>Al mattino qualche tratto soleggiato, specie sulle Dolomiti, e nuvolosit\u00e0 irregolare, anche cumuliforme, pi\u00f9 presente sulla fascia prealpina. Copertura nuvolosa che potr\u00e0 gi\u00e0 essere associata a qualche fenomeno. Nel pomeriggio ulteriore intensificazione della nuvolosit\u00e0 con nuovi fenomeni. Clima decisamente meno caldo per deficit di sole ed episodi d&#8217;instabilit\u00e0.<br \/>\n<b>Precipitazioni:\u00a0<\/b>Probabilit\u00e0 notturna (60\/70%) per proseguimento dei temporali serali. Al mattino per rovesci e temporali sparsi probabilit\u00e0 medio-bassa (30\/40%) sulle Dolomiti e medio-alta sulle Prealpi (50\/70%). Al pomeriggio aumento del rischio rovesci e temporali (80\/90%), i quali saranno sparsi ed intermittenti.<br \/>\n<b>Temperature:\u00a0<\/b>In generale contenuta diminuzione, eccetto aumento delle minime nelle valli. Sono previste punte di 26\/28\u00b0C nei fondovalle prealpini e di 21\/24\u00b0C a 1000\/1200 m. Su Prealpi a 1500 m min 15\u00b0C max 18\u00b0C, a 2000 m min 12\u00b0C max 16\u00b0C. Su Dolomiti a 2000 m min 12\u00b0C max 15\u00b0C, a 3000 m min 5\u00b0C max 8\u00b0C.<br \/>\n<b>Venti:\u00a0<\/b>Nelle valli generalmente deboli di direzione variabile, salvo locali rinforzi in prossimit\u00e0 dei temporali; in quota deboli\/moderati da sud-ovest, in rinforzo alla sera, a 5-10 km\/h a 2000 m e 15-25 km\/h a 3000 m.<\/p>\n<hr \/>\n<p><center><b>Lunedi 3<\/b><\/center><b>Tempo atteso:\u00a0<\/b>Tempo variabile\/instabile, anche perturbato alla sera, con cielo spesso molto nuvoloso e brevi schiarite. In questo contesto i fenomeni saranno frequenti ma intermittenti di giorno, diventando pi\u00f9 diffusi e di magggiore intensit\u00e0 nel tardo pomeriggio\/sera. Clima pi\u00f9 fresco con debole escursione termica diurna.<br \/>\n<b>Precipitazioni:\u00a0<\/b>Probabilit\u00e0 molto alta (90\/100%) per rovesci e temporali. I fenomeni saranno sparsi ed intermittenti con qualche pausa nel corso della giornata, mentre saranno diffusi ed intensi tra il tardo pomeriggio e la sera per apice del maltempo.<br \/>\n<b>Temperature:\u00a0<\/b>In ulteriore diminuzione, con minime osservate alla sera. Sono previste punte di 24\/25\u00b0C nei fondovalle prealpini e di 19\/21\u00b0C a 1000\/1200 m. Su Prealpi a 1500 m min 11\u00b0C max 15\u00b0C, a 2000 m min 8\u00b0C max 12\u00b0C. Su Dolomiti a 2000 m min 7\u00b0C max 11\u00b0C, a 3000 m min 2\u00b0C max 4\u00b0C.<br \/>\n<b>Venti:\u00a0<\/b>Nelle valli generalmente deboli di direzione variabile, salvo locali rinforzi in prossimit\u00e0 dei temporali; in quota perlopi\u00f9 deboli da sud-ovest al mattino, a tratti moderati sulle cime pi\u00f9 alte, nel tardo pomeriggio sera in rotazione da nord ed in netto rinforzo a 5-20 km\/h a 2000 m e 10-45 km\/h a 3000 m.<\/p>\n<hr \/>\n<p><center><b>Martedi 4<\/b><\/center>Nottetempo e parte del mattino maltempo con cielo coperto e precipitazioni ancora piuttosto diffuse. Al pomeriggio attenuazione della copertura nuvolosa ed esaurimento dei fenomeni. L&#8217;ulteriore calo termico riporter\u00e0 la neve oltre i 2900 m sulle cime dolomitiche. Alla sera migliora con rasserenamenti. Temperature in calo, sotto la media del periodo. Venti irregolari di direzione variabile nelle valli, con qualche episodio di Foehn; in quota tesi\/forti da nord nord-est, in attenuazione alla sera.<\/p>\n<hr \/>\n<p><center><b>Mercoledi 5<\/b><\/center>Netto miglioramento del tempo con sole, cielo terso, aria limpida ed ottima visibilit\u00e0 al mattino. Nella seconda parte del giorno cielo sereno o poco nuvoloso per qualche modesto cumulo, pi\u00f9 probabile sulle Prealpi. Temperature minime in calo con clima fresco all&#8217;alba, massime in generale ripresa. Venti a regime di brezza nelle valli, con qualche episodio di Foehn tra notte e mattino; in quota deboli\/moderati da nord-est.<\/p>\n<p>&nbsp;<\/p>\n<hr \/>\n<p>&nbsp;<\/p>\n<p><iframe loading=\"lazy\" title=\"Spot Buttalibene TV\" width=\"1200\" height=\"675\" src=\"https:\/\/www.youtube.com\/embed\/fjHWpfyAevE?feature=oembed\" frameborder=\"0\" allow=\"accelerometer; autoplay; clipboard-write; encrypted-media; gyroscope; picture-in-picture\" allowfullscreen><\/iframe><\/p>\n<hr \/>\n<p>&nbsp;<\/p>\n<p class=\"photoswipe-wrapper\"><a class=\"dt-pswp-item pspw-wrap-ready\" href=\"https:\/\/i1.wp.com\/www.radiopiu.net\/wordpress\/wp-content\/uploads\/2018\/09\/sport.jpg?ssl=1\" data-dt-img-description=\"\" data-large_image_width=\"800\" data-large_image_height=\"100\"><img loading=\"lazy\" decoding=\"async\" class=\"wp-image-60761 size-full aligncenter\" src=\"https:\/\/i1.wp.com\/www.radiopiu.net\/wordpress\/wp-content\/uploads\/2018\/09\/sport.jpg?resize=800%2C100&amp;ssl=1\" sizes=\"auto, (max-width: 800px) 100vw, 800px\" srcset=\"https:\/\/i1.wp.com\/www.radiopiu.net\/wordpress\/wp-content\/uploads\/2018\/09\/sport.jpg?w=800&amp;ssl=1 800w, https:\/\/i1.wp.com\/www.radiopiu.net\/wordpress\/wp-content\/uploads\/2018\/09\/sport.jpg?resize=300%2C38&amp;ssl=1 300w, https:\/\/i1.wp.com\/www.radiopiu.net\/wordpress\/wp-content\/uploads\/2018\/09\/sport.jpg?resize=768%2C96&amp;ssl=1 768w\" alt=\"\" width=\"800\" height=\"100\" data-recalc-dims=\"1\" \/><\/a><\/p>\n<\/div>\n<p>&nbsp;<\/p>\n<blockquote>\n<h3>HOCKEY GHIACCIO, NAZIONALI\u00a0FEMMINILI E GIOVANILI AL LAVORO<\/h3>\n<\/blockquote>\n<p><strong>MILANO<\/strong> Nonostante il periodo estivo e le incertezze legate alla ripresa ufficiale delle attivit\u00e0 e dei campionati, l\u2019hockey su ghiaccio italiano cerca di riaccendere i motori. Dopo le nazionali maschili senior e under 20, che hanno effettato i test fisici e atletici presso il Centro di preparazione olimpica del CONI di Formia, e in attesa del primo raduno sul ghiaccio della squadra di coach Greg Ireland (Egna 16-23 agosto), nei giorni scorsi \u00e8 stata la volta delle rappresentative femminili e junior maschili.<\/p>\n<p><strong><a class=\"dt-pswp-item\" href=\"https:\/\/www.radiopiu.net\/wordpress\/wp-content\/uploads\/2020\/08\/HOCKEY-FEMMINILE.jpeg\" data-dt-img-description=\"\" data-large_image_width=\"640\" data-large_image_height=\"480\"><img loading=\"lazy\" decoding=\"async\" class=\"size-medium wp-image-152608 alignleft\" src=\"https:\/\/www.radiopiu.net\/wordpress\/wp-content\/uploads\/2020\/08\/HOCKEY-FEMMINILE-300x225.jpeg\" alt=\"\" width=\"300\" height=\"225\" srcset=\"https:\/\/www.radiopiu.net\/wordpress\/wp-content\/uploads\/2020\/08\/HOCKEY-FEMMINILE-300x225.jpeg 300w, https:\/\/www.radiopiu.net\/wordpress\/wp-content\/uploads\/2020\/08\/HOCKEY-FEMMINILE.jpeg 640w\" sizes=\"auto, (max-width: 300px) 100vw, 300px\" \/><\/a>Italia femminile, test fisici sul Garda<\/strong><br \/>\nCastelnuovo del Garda ha ospitato le ragazze della nazionale femminile senior e della nazionale femminile under 18. I due raduni hanno consentito allo staff guidato da coach Max Fedrizzi, capo-allenatore di entrambe le squadre, di testare le condizioni fisiche e atletiche delle giocatrici che, nella prossima stagione, saranno attese da una serie di importanti appuntamenti. Per la nazionale senior si parte con la sfida casalinga della pre-qualificazione olimpica (11-14 febbraio 2020 a Torre Pellice) contro Kazakhstan, Spagna e Taipei. Il torneo, inizialmente previsto a Cortina, \u00e8 stato spostato in Piemonte per la contemporaneit\u00e0 con i Mondiali di sci alpino. Per le azzurre, in caso di passaggio del turno (passa la prima classificata), torneo di qualificazione per Pechino 2022 a fine agosto dell\u2019anno prossimo. Sempre Pechino, inoltre, sar\u00e0 teatro del Mondiale Prima Divisione Gruppo B (8-14 aprile 2021) con le azzurre che affronteranno Cina, Corea del Sud, Kazakhstan, Slovenia e Polonia. Per le ragazze della nazionale under 18, invece, il 2021 sar\u00e0 l\u2019anno del Mondiale Prima Divisione Gruppo A di Gyor, in Ungheria (10-16 gennaio 2021): oltre alle padrone di casa, le azzurrine cercheranno di restare fra le prime 16 squadre al mondo affrontando Slovacchia, Giappone, Francia e Norvegia.<\/p>\n<p><strong><a class=\"dt-pswp-item\" href=\"https:\/\/www.radiopiu.net\/wordpress\/wp-content\/uploads\/2020\/08\/HOCKEY-MASCHILE-JUNIOR.jpeg\" data-dt-img-description=\"\" data-large_image_width=\"640\" data-large_image_height=\"417\"><img loading=\"lazy\" decoding=\"async\" class=\"size-medium wp-image-152609 alignright\" src=\"https:\/\/www.radiopiu.net\/wordpress\/wp-content\/uploads\/2020\/08\/HOCKEY-MASCHILE-JUNIOR-300x195.jpeg\" alt=\"\" width=\"300\" height=\"195\" srcset=\"https:\/\/www.radiopiu.net\/wordpress\/wp-content\/uploads\/2020\/08\/HOCKEY-MASCHILE-JUNIOR-300x195.jpeg 300w, https:\/\/www.radiopiu.net\/wordpress\/wp-content\/uploads\/2020\/08\/HOCKEY-MASCHILE-JUNIOR.jpeg 640w\" sizes=\"auto, (max-width: 300px) 100vw, 300px\" \/><\/a>Junior maschile tra Egna e Aosta<\/strong><br \/>\nNel settore maschile, oltre a senior e Under 20, spazio anche alle altre due nazionali junior che hanno ripreso l\u2019attivit\u00e0. Per la nazionale under 18 di coach Fabio Armani (assistenti Dino Grossi e Giovanni Marchetti) raduno a Egna dal 26 luglio al 1\u00b0 agosto dove, oltre alla parte legata alla preparazione fisica, \u00e8 stato possibile anche avere un primo \u201cassaggio\u201d di ghiaccio. A livello di appuntamenti internazionali, gli azzurrini disputeranno in questa stagione il Mondiale di Prima Divisione Gruppo B ad Asiago (18-25 aprile 2021) contro Ucraina, Austria, Ungheria, Slovenia e Polonia. I giovanissimi della nazionale under 16 di coach Robert Chizzali e dei due assistenti Jimmy Canei e Jacopo Cancellieri si sono invece divisi in due gruppi per un mini-raduno esclusivamente \u201coff ice\u201d: una parte della squadra si \u00e8 ritrovata a Egna, un\u2019altra parte ad Aosta.<\/p>\n<p><strong>Senior femminile<\/strong><br \/>\n<strong>Atlete<\/strong>: Aurora Abatangelo, Valentina Bettarini, Anna Caumo, Eleonora Dalpr\u00e0, Eleonora Frigo, Federica Galtieri, Samantha Gius, Alessia Labruna, Nadia Mattivi, Greta Niccolai, Anneke Orlandini, Camilla Palmieri, Elena Perathoner, Carola Saletta, Franziska Stocker.<br \/>\n<strong>Coach<\/strong>: Massimo Fedrizzi<\/p>\n<p><strong>Under 18 femminile<\/strong><br \/>\n<strong>Portieri<\/strong>: Martina Fedel, Elisabeth Kofler, Margherita Ostoni, Carlotta Regine, Hanna Weithaler<br \/>\n<strong>Difensori<\/strong>: Anna Bertoluzzo, Anna Callovini, Elisa Innocenti, Laura Lobis, Agata Muraro, Saskia Rohregger, Greta Thoma<br \/>\n<strong>Attaccanti<\/strong>: Anna Carissimi, Sarah Engele, Matilde Fantin, Sara Kaneppele, Ilary Larese De Pasqua, Lea Mair, Marta Mazzocchi, Priscilla Palazzari, Emma Rindone, Linda Salmaso, Alessia Terranova, Lara Zanettini<br \/>\n<strong>Coach<\/strong>: Massimo Fedrizzi<br \/>\n<a class=\"dt-pswp-item\" href=\"https:\/\/www.radiopiu.net\/wordpress\/wp-content\/uploads\/2020\/08\/HOCKEY-FEMMINILE-JUNIOR.jpeg\" data-dt-img-description=\"\" data-large_image_width=\"640\" data-large_image_height=\"399\"><img loading=\"lazy\" decoding=\"async\" class=\"size-medium wp-image-152610 alignleft\" src=\"https:\/\/www.radiopiu.net\/wordpress\/wp-content\/uploads\/2020\/08\/HOCKEY-FEMMINILE-JUNIOR-300x187.jpeg\" alt=\"\" width=\"300\" height=\"187\" srcset=\"https:\/\/www.radiopiu.net\/wordpress\/wp-content\/uploads\/2020\/08\/HOCKEY-FEMMINILE-JUNIOR-300x187.jpeg 300w, https:\/\/www.radiopiu.net\/wordpress\/wp-content\/uploads\/2020\/08\/HOCKEY-FEMMINILE-JUNIOR.jpeg 640w\" sizes=\"auto, (max-width: 300px) 100vw, 300px\" \/><\/a><br \/>\n<strong>Under 18 maschile<\/strong><br \/>\n<strong>Portieri<\/strong>: Marco Felicetti (Fassa), Killian Pallabazzer (Egna), Mike Reinalter (Ravensburg \u2013 GER), Matthias Rindone (Porin \u00c4ss\u00e4t \u2013 FIN).<br \/>\n<strong>Difensori<\/strong>: Kevin Baumgartner (Val Pusteria), Michele Bridda (Pieve di Cadore), Philippe Charles (Aosta), Alberto Colli (Cortina), Matteo Deanesi (Egna), Fabian Dellagiacoma (Appiano), Nicol\u00f2 Fanelli (Aosta), Lorenz Gruber (Caldaro), Enrico Larcher (Pieve di Cadore), Jean Leger (Valpellice), Matteo Liprandi (Real Torino), Luca Tescari (Asiago)<br \/>\n<strong>Attaccanti<\/strong>: Aleandro Anegran (Ravensburg \u2013 GER), Simone Dadi\u00e8 (Okanagan Europe \u2013 AUT), Thomas Galimberti (Appiano), Fabian Gschliesser, Leonhard Hasler (Val Pusteria), Alan Lobis (Caldaro), Cristian Long (Valpellice), Matteo Longhini (Asiago), Mattia Mocellin (Porin \u00c4ss\u00e4t \u2013 FIN), Tobias Morandell (Porin \u00c4ss\u00e4t \u2013 FIN), Noel Oberrauch (Landshut \u2013 GER), Nicol\u00f2 Papalia (Pergine\/Trento), Emanuele Piotto (Valpellice), Lion Ramoser (Renon), Filippo Rigoni (Asiago), Emanuel Rottensteiner (Appiano), Patrick Igor Timpone (TRC Academy \u2013 CAN), Dario Vissa (Asiago), Samuele Zampieri (Asiago)<br \/>\n<strong>Coaching staff<\/strong>: Fabio Armani, Dino Grossi, Giovanni Marchetti<\/p>\n","protected":false},"excerpt":{"rendered":"<p>PER RICEVERE QUESTO NOTIZIARIO DIRETTAMENTE SUL TUO CELLULARE ISCRIVITI AL CANALE TELEGRAM\u00a0\u201cRADIO PIU\u00a0 INFORMAZIONE ATTENZIONE: LA NUOVA APP PER IOS-IPHONE https:\/\/apps.apple.com\/it\/app\/radio-pi%C3%B9-emittente-agordina\/id1515939845 ATTENZIONE: LA NUOVA APP RADIO\u00a0 PER ANDROID https:\/\/play.google.com\/store\/apps\/details?id=net.radiopiu.iniko \u00a0 &nbsp; &nbsp; LA FOTO DEL GIORNO RED CANZIAN AL GIORNALE E CAFFE&#8217; DERSUT DI TAIBON &#8230; CON OSPITALITA&#8217; DIFFUSA &nbsp; \u00a0 &nbsp; &nbsp; &nbsp; OGGI&hellip;<\/p>\n","protected":false},"author":4,"featured_media":152710,"comment_status":"closed","ping_status":"closed","sticky":false,"template":"","format":"standard","meta":{"_monsterinsights_skip_tracking":false,"_monsterinsights_sitenote_active":false,"_monsterinsights_sitenote_note":"","_monsterinsights_sitenote_category":0,"footnotes":""},"categories":[1,86,49],"tags":[],"class_list":["post-152604","post","type-post","status-publish","format-standard","has-post-thumbnail","hentry","category-senza-categoria","category-gr","category-news-18","category-1","category-86","category-49","description-off"],"img_url":"https:\/\/www.radiopiu.net\/wordpress\/wp-content\/uploads\/2020\/08\/116443022_963626157398799_6968672278458717633_o.jpg","_links":{"self":[{"href":"https:\/\/www.radiopiu.net\/wordpress\/wp-json\/wp\/v2\/posts\/152604","targetHints":{"allow":["GET"]}}],"collection":[{"href":"https:\/\/www.radiopiu.net\/wordpress\/wp-json\/wp\/v2\/posts"}],"about":[{"href":"https:\/\/www.radiopiu.net\/wordpress\/wp-json\/wp\/v2\/types\/post"}],"author":[{"embeddable":true,"href":"https:\/\/www.radiopiu.net\/wordpress\/wp-json\/wp\/v2\/users\/4"}],"replies":[{"embeddable":true,"href":"https:\/\/www.radiopiu.net\/wordpress\/wp-json\/wp\/v2\/comments?post=152604"}],"version-history":[{"count":0,"href":"https:\/\/www.radiopiu.net\/wordpress\/wp-json\/wp\/v2\/posts\/152604\/revisions"}],"wp:featuredmedia":[{"embeddable":true,"href":"https:\/\/www.radiopiu.net\/wordpress\/wp-json\/wp\/v2\/media\/152710"}],"wp:attachment":[{"href":"https:\/\/www.radiopiu.net\/wordpress\/wp-json\/wp\/v2\/media?parent=152604"}],"wp:term":[{"taxonomy":"category","embeddable":true,"href":"https:\/\/www.radiopiu.net\/wordpress\/wp-json\/wp\/v2\/categories?post=152604"},{"taxonomy":"post_tag","embeddable":true,"href":"https:\/\/www.radiopiu.net\/wordpress\/wp-json\/wp\/v2\/tags?post=152604"}],"curies":[{"name":"wp","href":"https:\/\/api.w.org\/{rel}","templated":true}]}}