{"id":152629,"date":"2020-08-01T16:19:15","date_gmt":"2020-08-01T14:19:15","guid":{"rendered":"https:\/\/www.radiopiu.net\/wordpress\/?p=152629"},"modified":"2025-10-22T04:51:19","modified_gmt":"2025-10-22T02:51:19","slug":"la-provincia-chiama-la-protezione-civile-per-le-code-in-alemagna","status":"publish","type":"post","link":"https:\/\/www.radiopiu.net\/wordpress\/la-provincia-chiama-la-protezione-civile-per-le-code-in-alemagna\/","title":{"rendered":"LA PROTEZIONE CIVILE PER LE CODE IN ALEMAGNA"},"content":{"rendered":"\r\n<p><strong><a class=\"dt-pswp-item\" href=\"https:\/\/www.radiopiu.net\/wordpress\/wp-content\/uploads\/2020\/08\/3ea48cfa-13ad-44ac-ae50-50e918d75329.jpg\" data-dt-img-description=\"\" data-large_image_width=\"1200\" data-large_image_height=\"1600\"><img loading=\"lazy\" decoding=\"async\" class=\"size-medium wp-image-152638 alignleft\" src=\"https:\/\/www.radiopiu.net\/wordpress\/wp-content\/uploads\/2020\/08\/3ea48cfa-13ad-44ac-ae50-50e918d75329-225x300.jpg\" alt=\"\" width=\"225\" height=\"300\" srcset=\"https:\/\/www.radiopiu.net\/wordpress\/wp-content\/uploads\/2020\/08\/3ea48cfa-13ad-44ac-ae50-50e918d75329-225x300.jpg 225w, https:\/\/www.radiopiu.net\/wordpress\/wp-content\/uploads\/2020\/08\/3ea48cfa-13ad-44ac-ae50-50e918d75329-768x1024.jpg 768w, https:\/\/www.radiopiu.net\/wordpress\/wp-content\/uploads\/2020\/08\/3ea48cfa-13ad-44ac-ae50-50e918d75329-1152x1536.jpg 1152w, https:\/\/www.radiopiu.net\/wordpress\/wp-content\/uploads\/2020\/08\/3ea48cfa-13ad-44ac-ae50-50e918d75329.jpg 1200w\" sizes=\"auto, (max-width: 225px) 100vw, 225px\" \/><\/a><\/strong><\/p>\r\n<p><strong>VENEZIA\u00a0<\/strong> Precisazione serale dell&#8217;assessore Gianpaolo Bottacin: <em>&#8220;Oggi la REGIONE ha attivato i volontari di protezione civile per supporto ai cittadini incolonnati lungo la statale di Alemagna ( le spese sostenute dai volontari, come sempre, vengono rimborsate dalla REGIONE)&#8221;<\/em><\/p>\r\n<p>&nbsp;<\/p>\r\n<p><strong>BELLUNO <\/strong>Attivate\u00a0le squadre di Protezione Civile per dare supporto agli automobilisti in colonna. Anche oggi, infatti, si sono formati diversi chilometri di coda tra l\u2019uscita della A27 a Pian di Vedoia e Castellavazzo. \u00abSu richiesta della Prefettura, abbiamo mandato alcuni volontari dei gruppi Antelao e Longarone, per dare informazioni agli automobilisti fermi e per provare a snellire il traffico, coordinati dalla polizia stradale, e dotati anche di bottiglie d\u2019acqua da distribuire in caso di necessit\u00e0 &#8211; spiega\u00a0 Massimo Bortoluzzi\u00a0 consigliere provinciale delegato alla Protezione Civile -. Si tratta di un supporto doveroso, ma che non pu\u00f2 rappresentare una costante. L\u2019emergenza \u00e8 qualcosa che ormai non compete pi\u00f9 alla situazione della Statale di Alemagna, visto che ogni fine settimana, puntualmente, abbiamo lo stesso problema. Un danno per il turismo e un disagio enorme per le comunit\u00e0 locali, visto che anche i volontari oggi hanno faticato non poco a raggiungere il luogo dove dovevano coordinarsi con la polizia, a causa del traffico\u00bb. \u00abOggi i movieri di Anas non c\u2019erano, ma polizia e carabinieri erano attivi per distribuire il traffico e la situazione sul nodo di Longarone non era certo migliore &#8211; continua il consigliere provinciale -. So che \u00e8 un argomento tab\u00f9, anche se non ne comprendo il motivo. Ma sono sempre pi\u00f9 convinto che il prolungamento autostradale sia l\u2019unica soluzione. C\u2019\u00e8 un progetto che fa arrivare la A27 fino a Tai. \u00c8 stato approvato in commissione Via qualche anno fa. Credo sarebbe doveroso riprendere in mano il discorso\u00bb.<\/p>\r\n","protected":false},"excerpt":{"rendered":"<p>VENEZIA\u00a0 Precisazione serale dell&#8217;assessore Gianpaolo Bottacin: &#8220;Oggi la REGIONE ha attivato i volontari di protezione civile per supporto ai cittadini incolonnati lungo la statale di Alemagna ( le spese sostenute dai volontari, come sempre, vengono rimborsate dalla REGIONE)&#8221; &nbsp; BELLUNO Attivate\u00a0le squadre di Protezione Civile per dare supporto agli automobilisti in colonna. Anche oggi, infatti,&hellip;<\/p>\n","protected":false},"author":4,"featured_media":152628,"comment_status":"closed","ping_status":"closed","sticky":false,"template":"","format":"standard","meta":{"_monsterinsights_skip_tracking":false,"_monsterinsights_sitenote_active":false,"_monsterinsights_sitenote_note":"","_monsterinsights_sitenote_category":0,"footnotes":""},"categories":[1,49],"tags":[],"class_list":["post-152629","post","type-post","status-publish","format-standard","has-post-thumbnail","hentry","category-senza-categoria","category-news-18","category-1","category-49","description-off"],"img_url":"https:\/\/www.radiopiu.net\/wordpress\/wp-content\/uploads\/2020\/08\/img_2604.jpg","_links":{"self":[{"href":"https:\/\/www.radiopiu.net\/wordpress\/wp-json\/wp\/v2\/posts\/152629","targetHints":{"allow":["GET"]}}],"collection":[{"href":"https:\/\/www.radiopiu.net\/wordpress\/wp-json\/wp\/v2\/posts"}],"about":[{"href":"https:\/\/www.radiopiu.net\/wordpress\/wp-json\/wp\/v2\/types\/post"}],"author":[{"embeddable":true,"href":"https:\/\/www.radiopiu.net\/wordpress\/wp-json\/wp\/v2\/users\/4"}],"replies":[{"embeddable":true,"href":"https:\/\/www.radiopiu.net\/wordpress\/wp-json\/wp\/v2\/comments?post=152629"}],"version-history":[{"count":0,"href":"https:\/\/www.radiopiu.net\/wordpress\/wp-json\/wp\/v2\/posts\/152629\/revisions"}],"wp:featuredmedia":[{"embeddable":true,"href":"https:\/\/www.radiopiu.net\/wordpress\/wp-json\/wp\/v2\/media\/152628"}],"wp:attachment":[{"href":"https:\/\/www.radiopiu.net\/wordpress\/wp-json\/wp\/v2\/media?parent=152629"}],"wp:term":[{"taxonomy":"category","embeddable":true,"href":"https:\/\/www.radiopiu.net\/wordpress\/wp-json\/wp\/v2\/categories?post=152629"},{"taxonomy":"post_tag","embeddable":true,"href":"https:\/\/www.radiopiu.net\/wordpress\/wp-json\/wp\/v2\/tags?post=152629"}],"curies":[{"name":"wp","href":"https:\/\/api.w.org\/{rel}","templated":true}]}}