{"id":152657,"date":"2020-08-01T18:52:55","date_gmt":"2020-08-01T16:52:55","guid":{"rendered":"https:\/\/www.radiopiu.net\/wordpress\/?p=152657"},"modified":"2020-08-02T00:18:09","modified_gmt":"2020-08-01T22:18:09","slug":"ai-funerali-di-alan-collaboriamo-con-la-protezione-civile","status":"publish","type":"post","link":"https:\/\/www.radiopiu.net\/wordpress\/ai-funerali-di-alan-collaboriamo-con-la-protezione-civile\/","title":{"rendered":"AI FUNERALI DI ALAN COLLABORIAMO CON LA PROTEZIONE CIVILE"},"content":{"rendered":"<p><strong><a class=\"dt-pswp-item\" href=\"https:\/\/www.radiopiu.net\/wordpress\/wp-content\/uploads\/2020\/08\/7c7b5eae-5e81-4d14-bf22-bd8b671460ff.jpg\" data-dt-img-description=\"\" data-large_image_width=\"1600\" data-large_image_height=\"1131\"><img loading=\"lazy\" decoding=\"async\" class=\"size-medium wp-image-152668 alignleft\" src=\"https:\/\/www.radiopiu.net\/wordpress\/wp-content\/uploads\/2020\/08\/7c7b5eae-5e81-4d14-bf22-bd8b671460ff-300x212.jpg\" alt=\"\" width=\"300\" height=\"212\" srcset=\"https:\/\/www.radiopiu.net\/wordpress\/wp-content\/uploads\/2020\/08\/7c7b5eae-5e81-4d14-bf22-bd8b671460ff-300x212.jpg 300w, https:\/\/www.radiopiu.net\/wordpress\/wp-content\/uploads\/2020\/08\/7c7b5eae-5e81-4d14-bf22-bd8b671460ff-1024x724.jpg 1024w, https:\/\/www.radiopiu.net\/wordpress\/wp-content\/uploads\/2020\/08\/7c7b5eae-5e81-4d14-bf22-bd8b671460ff-768x543.jpg 768w, https:\/\/www.radiopiu.net\/wordpress\/wp-content\/uploads\/2020\/08\/7c7b5eae-5e81-4d14-bf22-bd8b671460ff-1536x1086.jpg 1536w, https:\/\/www.radiopiu.net\/wordpress\/wp-content\/uploads\/2020\/08\/7c7b5eae-5e81-4d14-bf22-bd8b671460ff.jpg 1600w\" sizes=\"auto, (max-width: 300px) 100vw, 300px\" \/><\/a>VOLTAGO<\/strong> Alle 14:30 si svolgeranno i funerali di Alan Scussel al campo di calcio di Voltago. Per il rispetto delle norme anti Covid-19 si sta organizzanzo il gruppo di Protezione Civile del paese dove Alan faceva parte. Saranno organizzati corridoi per l&#8217;entrata in sicurezza, Precise posizioni da rispettare. Predisposte anche le aree parcheggio.<strong>AI MICROFONI DI RADIO PIU&#8217; IL RESPONSABILE DEL GRUPPO PROTEZIONE CIVILE DI VOLTAGO GIUSEPPE SCHENA<\/strong><\/p>\n<audio class=\"wp-audio-shortcode\" id=\"audio-152657-1\" preload=\"none\" style=\"width: 100%;\" controls=\"controls\"><source type=\"audio\/mpeg\" src=\"https:\/\/www.radiopiu.net\/wordpress\/wp-content\/uploads\/2020\/08\/GIUSEPPE-SCHENA-FUNERALI-ALAN.mp3?_=1\" \/><a href=\"https:\/\/www.radiopiu.net\/wordpress\/wp-content\/uploads\/2020\/08\/GIUSEPPE-SCHENA-FUNERALI-ALAN.mp3\">https:\/\/www.radiopiu.net\/wordpress\/wp-content\/uploads\/2020\/08\/GIUSEPPE-SCHENA-FUNERALI-ALAN.mp3<\/a><\/audio>\n<p><strong>DON FABIANO DEL FAVERO:<\/strong> <em>&#8230;siamo alla vigilia di un momento difficile per la comunit\u00e0 di Voltago, ma non solo. Il lutto che ha colpito la famiglia di Alan \u00e8 il lutto di tutti noi, nelle diverse sfaccettature e sfumature del quotidiano. Quale prete di questa comunit\u00e0 e delle due che vanno a costituire il comune di Voltago, in queste ore ho apprezzato veramente la dedizione e disponibilit\u00e0 alla collaborazione delle varie anime del nostro territorio! Grazie fin da ora, per tutto!<\/em><\/p>\n<p>&nbsp;<\/p>\n","protected":false},"excerpt":{"rendered":"<p>VOLTAGO Alle 14:30 si svolgeranno i funerali di Alan Scussel al campo di calcio di Voltago. Per il rispetto delle norme anti Covid-19 si sta organizzanzo il gruppo di Protezione Civile del paese dove Alan faceva parte. Saranno organizzati corridoi per l&#8217;entrata in sicurezza, Precise posizioni da rispettare. Predisposte anche le aree parcheggio.AI MICROFONI DI&hellip;<\/p>\n","protected":false},"author":4,"featured_media":151752,"comment_status":"closed","ping_status":"closed","sticky":false,"template":"","format":"standard","meta":{"_monsterinsights_skip_tracking":false,"_monsterinsights_sitenote_active":false,"_monsterinsights_sitenote_note":"","_monsterinsights_sitenote_category":0,"footnotes":""},"categories":[51,49],"tags":[],"class_list":["post-152657","post","type-post","status-publish","format-standard","has-post-thumbnail","hentry","category-evidenza-top","category-news-18","category-51","category-49","description-off"],"img_url":"https:\/\/www.radiopiu.net\/wordpress\/wp-content\/uploads\/2020\/07\/bc680d2a-4859-492c-bea4-0f56d96ebf3c.jpg","_links":{"self":[{"href":"https:\/\/www.radiopiu.net\/wordpress\/wp-json\/wp\/v2\/posts\/152657","targetHints":{"allow":["GET"]}}],"collection":[{"href":"https:\/\/www.radiopiu.net\/wordpress\/wp-json\/wp\/v2\/posts"}],"about":[{"href":"https:\/\/www.radiopiu.net\/wordpress\/wp-json\/wp\/v2\/types\/post"}],"author":[{"embeddable":true,"href":"https:\/\/www.radiopiu.net\/wordpress\/wp-json\/wp\/v2\/users\/4"}],"replies":[{"embeddable":true,"href":"https:\/\/www.radiopiu.net\/wordpress\/wp-json\/wp\/v2\/comments?post=152657"}],"version-history":[{"count":0,"href":"https:\/\/www.radiopiu.net\/wordpress\/wp-json\/wp\/v2\/posts\/152657\/revisions"}],"wp:featuredmedia":[{"embeddable":true,"href":"https:\/\/www.radiopiu.net\/wordpress\/wp-json\/wp\/v2\/media\/151752"}],"wp:attachment":[{"href":"https:\/\/www.radiopiu.net\/wordpress\/wp-json\/wp\/v2\/media?parent=152657"}],"wp:term":[{"taxonomy":"category","embeddable":true,"href":"https:\/\/www.radiopiu.net\/wordpress\/wp-json\/wp\/v2\/categories?post=152657"},{"taxonomy":"post_tag","embeddable":true,"href":"https:\/\/www.radiopiu.net\/wordpress\/wp-json\/wp\/v2\/tags?post=152657"}],"curies":[{"name":"wp","href":"https:\/\/api.w.org\/{rel}","templated":true}]}}