{"id":152661,"date":"2020-08-01T18:45:58","date_gmt":"2020-08-01T16:45:58","guid":{"rendered":"https:\/\/www.radiopiu.net\/wordpress\/?p=152661"},"modified":"2020-08-01T21:02:48","modified_gmt":"2020-08-01T19:02:48","slug":"motociclista-nel-bosco-sul-posto-carabinieri-e-vigili-del-fuoco","status":"publish","type":"post","link":"https:\/\/www.radiopiu.net\/wordpress\/motociclista-nel-bosco-sul-posto-carabinieri-e-vigili-del-fuoco\/","title":{"rendered":"MOTOCICLISTA NEL BOSCO, SUL POSTO CARABINIERI E VIGILI DEL FUOCO"},"content":{"rendered":"<p><strong><a class=\"dt-pswp-item\" href=\"https:\/\/www.radiopiu.net\/wordpress\/wp-content\/uploads\/2020\/08\/acc839a0-5342-42fc-bdb2-bf7b86dfde20.jpg\" data-dt-img-description=\"\" data-large_image_width=\"1280\" data-large_image_height=\"960\"><img loading=\"lazy\" decoding=\"async\" class=\" wp-image-152682 alignleft\" src=\"https:\/\/www.radiopiu.net\/wordpress\/wp-content\/uploads\/2020\/08\/acc839a0-5342-42fc-bdb2-bf7b86dfde20-300x225.jpg\" alt=\"\" width=\"176\" height=\"132\" srcset=\"https:\/\/www.radiopiu.net\/wordpress\/wp-content\/uploads\/2020\/08\/acc839a0-5342-42fc-bdb2-bf7b86dfde20-300x225.jpg 300w, https:\/\/www.radiopiu.net\/wordpress\/wp-content\/uploads\/2020\/08\/acc839a0-5342-42fc-bdb2-bf7b86dfde20-1024x768.jpg 1024w, https:\/\/www.radiopiu.net\/wordpress\/wp-content\/uploads\/2020\/08\/acc839a0-5342-42fc-bdb2-bf7b86dfde20-768x576.jpg 768w, https:\/\/www.radiopiu.net\/wordpress\/wp-content\/uploads\/2020\/08\/acc839a0-5342-42fc-bdb2-bf7b86dfde20.jpg 1280w\" sizes=\"auto, (max-width: 176px) 100vw, 176px\" \/><\/a>GOSALDO<\/strong> Un motociclista tedesco ha tirato diritto in curva e cos\u00ec ha preso la via del bosco. Gli \u00e8 andata bene non avendo riportato lesioni. La moto \u00e8 stata recuperata dai vigili del fuoco volontari di Gosaldo e dall&#8217;autogru della sede Centrale di Belluno. Impegnate 10 persone. Sul posto i Carabinieri di Gosaldo.<\/p>\n<p><a class=\"dt-pswp-item\" href=\"https:\/\/www.radiopiu.net\/wordpress\/wp-content\/uploads\/2020\/08\/0e5ba626-8878-42ee-86cb-d6cfe966a2f9.jpg\" data-dt-img-description=\"\" data-large_image_width=\"451\" data-large_image_height=\"800\"><img loading=\"lazy\" decoding=\"async\" class=\"alignnone size-medium wp-image-152663\" src=\"https:\/\/www.radiopiu.net\/wordpress\/wp-content\/uploads\/2020\/08\/0e5ba626-8878-42ee-86cb-d6cfe966a2f9-169x300.jpg\" alt=\"\" width=\"169\" height=\"300\" srcset=\"https:\/\/www.radiopiu.net\/wordpress\/wp-content\/uploads\/2020\/08\/0e5ba626-8878-42ee-86cb-d6cfe966a2f9-169x300.jpg 169w, https:\/\/www.radiopiu.net\/wordpress\/wp-content\/uploads\/2020\/08\/0e5ba626-8878-42ee-86cb-d6cfe966a2f9.jpg 451w\" sizes=\"auto, (max-width: 169px) 100vw, 169px\" \/><\/a><a class=\"dt-pswp-item\" href=\"https:\/\/www.radiopiu.net\/wordpress\/wp-content\/uploads\/2020\/08\/963ca398-103c-4e2d-9b9d-aaf3eff9fd20.jpg\" data-dt-img-description=\"\" data-large_image_width=\"451\" data-large_image_height=\"800\"><img loading=\"lazy\" decoding=\"async\" class=\"alignnone size-medium wp-image-152662\" src=\"https:\/\/www.radiopiu.net\/wordpress\/wp-content\/uploads\/2020\/08\/963ca398-103c-4e2d-9b9d-aaf3eff9fd20-169x300.jpg\" alt=\"\" width=\"169\" height=\"300\" srcset=\"https:\/\/www.radiopiu.net\/wordpress\/wp-content\/uploads\/2020\/08\/963ca398-103c-4e2d-9b9d-aaf3eff9fd20-169x300.jpg 169w, https:\/\/www.radiopiu.net\/wordpress\/wp-content\/uploads\/2020\/08\/963ca398-103c-4e2d-9b9d-aaf3eff9fd20.jpg 451w\" sizes=\"auto, (max-width: 169px) 100vw, 169px\" \/><\/a><a class=\"dt-pswp-item\" href=\"https:\/\/www.radiopiu.net\/wordpress\/wp-content\/uploads\/2020\/08\/64f74506-2714-4289-b952-4a725f8e74b5.jpg\" data-dt-img-description=\"\" data-large_image_width=\"320\" data-large_image_height=\"240\"><img loading=\"lazy\" decoding=\"async\" class=\"alignnone size-medium wp-image-152664\" src=\"https:\/\/www.radiopiu.net\/wordpress\/wp-content\/uploads\/2020\/08\/64f74506-2714-4289-b952-4a725f8e74b5-300x225.jpg\" alt=\"\" width=\"300\" height=\"225\" srcset=\"https:\/\/www.radiopiu.net\/wordpress\/wp-content\/uploads\/2020\/08\/64f74506-2714-4289-b952-4a725f8e74b5-300x225.jpg 300w, https:\/\/www.radiopiu.net\/wordpress\/wp-content\/uploads\/2020\/08\/64f74506-2714-4289-b952-4a725f8e74b5.jpg 320w\" sizes=\"auto, (max-width: 300px) 100vw, 300px\" \/><\/a><\/p>\n","protected":false},"excerpt":{"rendered":"<p>GOSALDO Un motociclista tedesco ha tirato diritto in curva e cos\u00ec ha preso la via del bosco. Gli \u00e8 andata bene non avendo riportato lesioni. La moto \u00e8 stata recuperata dai vigili del fuoco volontari di Gosaldo e dall&#8217;autogru della sede Centrale di Belluno. Impegnate 10 persone. Sul posto i Carabinieri di Gosaldo.<\/p>\n","protected":false},"author":1,"featured_media":152682,"comment_status":"closed","ping_status":"closed","sticky":false,"template":"","format":"standard","meta":{"_monsterinsights_skip_tracking":false,"_monsterinsights_sitenote_active":false,"_monsterinsights_sitenote_note":"","_monsterinsights_sitenote_category":0,"footnotes":""},"categories":[51,49],"tags":[],"class_list":["post-152661","post","type-post","status-publish","format-standard","has-post-thumbnail","hentry","category-evidenza-top","category-news-18","category-51","category-49","description-off"],"img_url":"https:\/\/www.radiopiu.net\/wordpress\/wp-content\/uploads\/2020\/08\/acc839a0-5342-42fc-bdb2-bf7b86dfde20.jpg","_links":{"self":[{"href":"https:\/\/www.radiopiu.net\/wordpress\/wp-json\/wp\/v2\/posts\/152661","targetHints":{"allow":["GET"]}}],"collection":[{"href":"https:\/\/www.radiopiu.net\/wordpress\/wp-json\/wp\/v2\/posts"}],"about":[{"href":"https:\/\/www.radiopiu.net\/wordpress\/wp-json\/wp\/v2\/types\/post"}],"author":[{"embeddable":true,"href":"https:\/\/www.radiopiu.net\/wordpress\/wp-json\/wp\/v2\/users\/1"}],"replies":[{"embeddable":true,"href":"https:\/\/www.radiopiu.net\/wordpress\/wp-json\/wp\/v2\/comments?post=152661"}],"version-history":[{"count":0,"href":"https:\/\/www.radiopiu.net\/wordpress\/wp-json\/wp\/v2\/posts\/152661\/revisions"}],"wp:featuredmedia":[{"embeddable":true,"href":"https:\/\/www.radiopiu.net\/wordpress\/wp-json\/wp\/v2\/media\/152682"}],"wp:attachment":[{"href":"https:\/\/www.radiopiu.net\/wordpress\/wp-json\/wp\/v2\/media?parent=152661"}],"wp:term":[{"taxonomy":"category","embeddable":true,"href":"https:\/\/www.radiopiu.net\/wordpress\/wp-json\/wp\/v2\/categories?post=152661"},{"taxonomy":"post_tag","embeddable":true,"href":"https:\/\/www.radiopiu.net\/wordpress\/wp-json\/wp\/v2\/tags?post=152661"}],"curies":[{"name":"wp","href":"https:\/\/api.w.org\/{rel}","templated":true}]}}