{"id":152832,"date":"2020-08-02T23:59:00","date_gmt":"2020-08-02T21:59:00","guid":{"rendered":"https:\/\/www.radiopiu.net\/wordpress\/?p=152832"},"modified":"2020-08-02T15:57:37","modified_gmt":"2020-08-02T13:57:37","slug":"le-case-emmaus-e-prade-opportunita-preziose-per-le-persone-meno-fortunate-di-renato-bona","status":"publish","type":"post","link":"https:\/\/www.radiopiu.net\/wordpress\/le-case-emmaus-e-prade-opportunita-preziose-per-le-persone-meno-fortunate-di-renato-bona\/","title":{"rendered":"LE CASE \u201cEMMAUS\u201d E \u201cPRADE\u201d: OPPORTUNITA\u2019 PREZIOSE PER LE PERSONE MENO FORTUNATE di Renato Bona"},"content":{"rendered":"<p><strong><a class=\"dt-pswp-item\" href=\"https:\/\/www.radiopiu.net\/wordpress\/wp-content\/uploads\/2019\/08\/553085_385905871470280_1626001170_n.jpg\" data-dt-img-description=\"\" data-large_image_width=\"855\" data-large_image_height=\"569\"><img loading=\"lazy\" decoding=\"async\" class=\" wp-image-94070 alignleft\" src=\"https:\/\/www.radiopiu.net\/wordpress\/wp-content\/uploads\/2019\/08\/553085_385905871470280_1626001170_n-300x200.jpg\" alt=\"\" width=\"161\" height=\"107\" \/><\/a>di\u00a0Renato\u00a0Bona\u00a0<\/strong><\/p>\n<p>Le vicende tragiche della pandemia di Coronavirus che sta ancora imperversando nel mondo, hanno fatto riscoprire l\u2019importante ruolo svolto da quanti, per ufficio o volontariato, prestano la loro preziosa, spesso insostituibile opera in favore dei meno fortunati. E\u2019 il caso, nel suo piccolo, di una realt\u00e0 come Casa Emmaus di Belluno, poco oltre la Piazza San Giovanni Bosco, che &#8211; ce lo ricorda il direttore della Caritas diocesana, il diacono Francesco D\u2019Alfonso &#8211; \u201c\u00e8 stata inaugurata come casa di accoglienza Caritas il 1. luglio del 1991. Di propriet\u00e0 della Parrocchia di San Giovanni Bosco \u00e8 stata gestita come dormitorio, cio\u00e8 struttura di accoglienza notturna per uomini, per permanenze di periodi relativamente brevi. L\u2019idea era stata di don Claudio Sacco, allora direttore della Caritas diocesana\u201d. Ancora D\u2019Alfonso spiega che \u201cla struttura comprende otto posti letto oltre ai locali utilizzati come abitazione del custode che vi abita e presta servizio di volontariato dal 1992, esercita vigilanza e assistenza per le persone ospitate, le quali vengono accolte normalmente, all\u2019interno di un progetto di accompagnamento predisposto dal Centro di ascolto Caritas\u201d. E veniamo all\u2019attualit\u00e0 con Francesco D\u2019Alfonso che sottolinea come dall\u2019inizio di quest\u2019anno 2020 Casa Emmaus \u00e8 stata data formalmente in comodato gratuito dalla parrocchia di San Giovanni Bosco alla Caritas diocesana. A seguito delle disposizioni relative alla pandemia di Covid 19, le modalit\u00e0 dell\u2019accoglienza sono state adeguate alla normativa nazionale e regionale. Pertanto si \u00e8 trasformata da dormitorio notturno a struttura residenziale e ha dovuto ridurre i posti letto in ragione della distanza fisica richiesta dalla normativa di prevenzione sanitaria. Dal mese di marzo i posti letto sono diventati 4; inoltre si \u00e8 ritenuto necessario provvedere alla copertura del pasto serale mentre quello di mezzogiorno veniva garantito dalla mensa dei frati Cappuccini di Mussoi. Al momento, vista l\u2019incertezza sul prolungamento dell\u2019emergenza sanitaria, non \u00e8 dato prevedere se e quando la struttura torner\u00e0 ad essere dormitorio notturno. Opportunamente, in chiusura, il diacono D\u2019Alfonso tiene a sottolineare che \u201cL\u2019accoglienza di persone in difficolt\u00e0 \u00e8 nel Dna della Caritas, cio\u00e8 della comunit\u00e0 cristiana; ma Casa Emmaus non intende essere soltanto un servizio, bens\u00ec un\u2019opera \u2018segno\u2019: un\u2019opera che ha il compito di educare la comunit\u00e0 cristiana a farsi carico delle persone pi\u00f9 fragili e bisognose. In questo senso si vorrebbe che attorno alla Casa nascesse una rete fatta di persone, associazioni e rappresentanza di istituzioni in grado di supportare e accompagnare le persone accolte\u201d. A questo punto non possiamo non ricordare che nello scorso aprile \u00e8 stato avviato a Belluno un altro prezioso servizio Caritas: la \u201cCasa Prade\u201d che \u00e8 struttura di accoglienza che opera nell\u2019ambito delle persone senza fissa dimora. Di propriet\u00e0 del Comune di Belluno, la casa, che era in passato abitazione del custode del cimitero urbano,\u00e8 passata alla Caritas con contratto di comodato gratuito, al fine di consentire a persone senza dimora, nel tempo dell\u2019emergenza conseguente alla pandemia, di poter contare su un luogo ove vivere senza situazioni di pericolo per s\u00e9 e gli altri. In questo caso sono sei le persone che potranno usufruire di questa preziosa opportunit\u00e0. Viene precisato che l\u2019esperienza proseguir\u00e0 anche dopo l\u2019attuale periodo, non perdendo di vista che nella realt\u00e0 bellunese vi sono non da ora situazioni di disagio per persone che, per varie ragioni, non dispongono di un tetto e di un letto. Viene dunque ribadito il fatto che Casa Prade non intende essere semplice struttura di accoglienza per l\u2019attuale emergenza ma concreto progetto di accompagnamento per persone in difficolt\u00e0 abitativa in vista di una autonomia cui puntare col sostegno collaborativo garantito dai servizi sociali comunali e dalla Caritas diocesana. Con queste premesse, il Comune guidato da Jacopo Massaro ha deciso con apposita delibera di continuare per altri tre anni la collaborazione con la Caritas proprio per la gestione di Casa Prade, anche con contributo alle spese di gestione di poco superiore ai 10 mila euro, per recuperare la condizione di difficolt\u00e0 di persone senza fissa dimora in un clima familiare e di partecipazione di comunit\u00e0 nell\u2019ambito di un progetto che interessa i 4t6 comuni della ex Ulss 1 vale a dire le aree del Bellunese, Agordino e Cadore.<\/p>\n\n\t\t\t<style type='text\/css'>\n\t\t\t\t#gallery-1 {\n\t\t\t\t\tmargin: auto;\n\t\t\t\t}\n\t\t\t\t#gallery-1 .gallery-item {\n\t\t\t\t\tfloat: left;\n\t\t\t\t\tmargin-top: 10px;\n\t\t\t\t\ttext-align: center;\n\t\t\t\t\twidth: 33%;\n\t\t\t\t}\n\t\t\t\t#gallery-1 img {\n\t\t\t\t\tborder: 2px solid #cfcfcf;\n\t\t\t\t}\n\t\t\t\t#gallery-1 .gallery-caption {\n\t\t\t\t\tmargin-left: 0;\n\t\t\t\t}\n\t\t\t\t\/* see gallery_shortcode() in wp-includes\/media.php *\/\n\t\t\t<\/style>\n\t\t<div id='gallery-1' class='dt-gallery-container gallery galleryid-152832 gallery-columns-3 gallery-size-thumbnail'><dl class='gallery-item'>\n\t\t\t\t<dt class='gallery-icon portrait'>\n\t\t\t\t\t<a class=\"rollover rollover-zoom dt-pswp-item\" title=\"116807141_298948361423607_2381497239807703755_n\" data-dt-img-description=\"\" data-large_image_width=\"176\" data-large_image_height=\"179\"href='https:\/\/www.radiopiu.net\/wordpress\/wp-content\/uploads\/2020\/08\/116807141_298948361423607_2381497239807703755_n.png'><img loading=\"lazy\" decoding=\"async\" width=\"150\" height=\"150\" src=\"https:\/\/www.radiopiu.net\/wordpress\/wp-content\/uploads\/2020\/08\/116807141_298948361423607_2381497239807703755_n-150x150.png\" class=\"attachment-thumbnail size-thumbnail\" alt=\"\" \/><\/a>\n\t\t\t\t<\/dt><\/dl><dl class='gallery-item'>\n\t\t\t\t<dt class='gallery-icon landscape'>\n\t\t\t\t\t<a class=\"rollover rollover-zoom dt-pswp-item\" title=\"116710075_623715768547473_598396742045685474_n\" data-dt-img-description=\"\" data-large_image_width=\"480\" data-large_image_height=\"360\"href='https:\/\/www.radiopiu.net\/wordpress\/wp-content\/uploads\/2020\/08\/116710075_623715768547473_598396742045685474_n.jpg'><img loading=\"lazy\" decoding=\"async\" width=\"150\" height=\"150\" src=\"https:\/\/www.radiopiu.net\/wordpress\/wp-content\/uploads\/2020\/08\/116710075_623715768547473_598396742045685474_n-150x150.jpg\" class=\"attachment-thumbnail size-thumbnail\" alt=\"\" \/><\/a>\n\t\t\t\t<\/dt><\/dl><dl class='gallery-item'>\n\t\t\t\t<dt class='gallery-icon landscape'>\n\t\t\t\t\t<a class=\"rollover rollover-zoom dt-pswp-item\" title=\"116875948_977866199326748_5423922830630680614_n\" data-dt-img-description=\"\" data-large_image_width=\"2560\" data-large_image_height=\"1920\"href='https:\/\/www.radiopiu.net\/wordpress\/wp-content\/uploads\/2020\/08\/116875948_977866199326748_5423922830630680614_n-scaled.jpg'><img loading=\"lazy\" decoding=\"async\" width=\"150\" height=\"150\" src=\"https:\/\/www.radiopiu.net\/wordpress\/wp-content\/uploads\/2020\/08\/116875948_977866199326748_5423922830630680614_n-150x150.jpg\" class=\"attachment-thumbnail size-thumbnail\" alt=\"\" \/><\/a>\n\t\t\t\t<\/dt><\/dl><br style=\"clear: both\" \/><dl class='gallery-item'>\n\t\t\t\t<dt class='gallery-icon portrait'>\n\t\t\t\t\t<a class=\"rollover rollover-zoom dt-pswp-item\" title=\"117050335_305149380709709_7638398281831811797_n\" data-dt-img-description=\"\" data-large_image_width=\"1920\" data-large_image_height=\"2560\"href='https:\/\/www.radiopiu.net\/wordpress\/wp-content\/uploads\/2020\/08\/117050335_305149380709709_7638398281831811797_n-scaled.jpg'><img loading=\"lazy\" decoding=\"async\" width=\"150\" height=\"150\" src=\"https:\/\/www.radiopiu.net\/wordpress\/wp-content\/uploads\/2020\/08\/117050335_305149380709709_7638398281831811797_n-150x150.jpg\" class=\"attachment-thumbnail size-thumbnail\" alt=\"\" \/><\/a>\n\t\t\t\t<\/dt><\/dl><dl class='gallery-item'>\n\t\t\t\t<dt class='gallery-icon landscape'>\n\t\t\t\t\t<a class=\"rollover rollover-zoom dt-pswp-item\" title=\"116687312_327229725132468_6111167777648718534_n\" data-dt-img-description=\"\" data-large_image_width=\"2560\" data-large_image_height=\"1920\"href='https:\/\/www.radiopiu.net\/wordpress\/wp-content\/uploads\/2020\/08\/116687312_327229725132468_6111167777648718534_n-scaled.jpg'><img loading=\"lazy\" decoding=\"async\" width=\"150\" height=\"150\" src=\"https:\/\/www.radiopiu.net\/wordpress\/wp-content\/uploads\/2020\/08\/116687312_327229725132468_6111167777648718534_n-150x150.jpg\" class=\"attachment-thumbnail size-thumbnail\" alt=\"\" \/><\/a>\n\t\t\t\t<\/dt><\/dl><dl class='gallery-item'>\n\t\t\t\t<dt class='gallery-icon landscape'>\n\t\t\t\t\t<a class=\"rollover rollover-zoom dt-pswp-item\" title=\"116794127_581805709106364_4301271590384593034_n\" data-dt-img-description=\"\" data-large_image_width=\"2560\" data-large_image_height=\"1920\"href='https:\/\/www.radiopiu.net\/wordpress\/wp-content\/uploads\/2020\/08\/116794127_581805709106364_4301271590384593034_n-scaled.jpg'><img loading=\"lazy\" decoding=\"async\" width=\"150\" height=\"150\" src=\"https:\/\/www.radiopiu.net\/wordpress\/wp-content\/uploads\/2020\/08\/116794127_581805709106364_4301271590384593034_n-150x150.jpg\" class=\"attachment-thumbnail size-thumbnail\" alt=\"\" \/><\/a>\n\t\t\t\t<\/dt><\/dl><br style=\"clear: both\" \/><dl class='gallery-item'>\n\t\t\t\t<dt class='gallery-icon landscape'>\n\t\t\t\t\t<a class=\"rollover rollover-zoom dt-pswp-item\" title=\"116695554_617056695591252_5198420550379439129_n\" data-dt-img-description=\"\" data-large_image_width=\"2560\" data-large_image_height=\"1920\"href='https:\/\/www.radiopiu.net\/wordpress\/wp-content\/uploads\/2020\/08\/116695554_617056695591252_5198420550379439129_n-scaled.jpg'><img loading=\"lazy\" decoding=\"async\" width=\"150\" height=\"150\" src=\"https:\/\/www.radiopiu.net\/wordpress\/wp-content\/uploads\/2020\/08\/116695554_617056695591252_5198420550379439129_n-150x150.jpg\" class=\"attachment-thumbnail size-thumbnail\" alt=\"\" \/><\/a>\n\t\t\t\t<\/dt><\/dl><dl class='gallery-item'>\n\t\t\t\t<dt class='gallery-icon landscape'>\n\t\t\t\t\t<a class=\"rollover rollover-zoom dt-pswp-item\" title=\"116593255_295008268274591_5922690759049687722_n\" data-dt-img-description=\"\" data-large_image_width=\"772\" data-large_image_height=\"580\"href='https:\/\/www.radiopiu.net\/wordpress\/wp-content\/uploads\/2020\/08\/116593255_295008268274591_5922690759049687722_n.png'><img loading=\"lazy\" decoding=\"async\" width=\"150\" height=\"150\" src=\"https:\/\/www.radiopiu.net\/wordpress\/wp-content\/uploads\/2020\/08\/116593255_295008268274591_5922690759049687722_n-150x150.png\" class=\"attachment-thumbnail size-thumbnail\" alt=\"\" \/><\/a>\n\t\t\t\t<\/dt><\/dl><dl class='gallery-item'>\n\t\t\t\t<dt class='gallery-icon landscape'>\n\t\t\t\t\t<a class=\"rollover rollover-zoom dt-pswp-item\" title=\"117038874_227685525076768_4420835173744139726_n\" data-dt-img-description=\"\" data-large_image_width=\"494\" data-large_image_height=\"375\"href='https:\/\/www.radiopiu.net\/wordpress\/wp-content\/uploads\/2020\/08\/117038874_227685525076768_4420835173744139726_n.jpg'><img loading=\"lazy\" decoding=\"async\" width=\"150\" height=\"150\" src=\"https:\/\/www.radiopiu.net\/wordpress\/wp-content\/uploads\/2020\/08\/117038874_227685525076768_4420835173744139726_n-150x150.jpg\" class=\"attachment-thumbnail size-thumbnail\" alt=\"\" \/><\/a>\n\t\t\t\t<\/dt><\/dl><br style=\"clear: both\" \/>\n\t\t\t<\/div>\n\n<p>&nbsp;<\/p>\n<p>NELLE FOTO (Renato Bona, Caritas diocesana di Belluno, sito chiesabellunofeltre): il simbolo della Caritas diocesana bellunese; il direttore, diacono Francesco D\u2019Alfonso; vedute della Casa Emmaus; la targa che ricorda il benemerito benefattore Luigi Faena; esterno ed interno della Casa Prade.<\/p>\n","protected":false},"excerpt":{"rendered":"<p>di\u00a0Renato\u00a0Bona\u00a0 Le vicende tragiche della pandemia di Coronavirus che sta ancora imperversando nel mondo, hanno fatto riscoprire l\u2019importante ruolo svolto da quanti, per ufficio o volontariato, prestano la loro preziosa, spesso insostituibile opera in favore dei meno fortunati. E\u2019 il caso, nel suo piccolo, di una realt\u00e0 come Casa Emmaus di Belluno, poco oltre la&hellip;<\/p>\n","protected":false},"author":4,"featured_media":152839,"comment_status":"closed","ping_status":"closed","sticky":false,"template":"","format":"standard","meta":{"_monsterinsights_skip_tracking":false,"_monsterinsights_sitenote_active":false,"_monsterinsights_sitenote_note":"","_monsterinsights_sitenote_category":0,"footnotes":""},"categories":[49],"tags":[],"class_list":["post-152832","post","type-post","status-publish","format-standard","has-post-thumbnail","hentry","category-news-18","category-49","description-off"],"img_url":"https:\/\/www.radiopiu.net\/wordpress\/wp-content\/uploads\/2020\/08\/116875948_977866199326748_5423922830630680614_n-scaled.jpg","_links":{"self":[{"href":"https:\/\/www.radiopiu.net\/wordpress\/wp-json\/wp\/v2\/posts\/152832","targetHints":{"allow":["GET"]}}],"collection":[{"href":"https:\/\/www.radiopiu.net\/wordpress\/wp-json\/wp\/v2\/posts"}],"about":[{"href":"https:\/\/www.radiopiu.net\/wordpress\/wp-json\/wp\/v2\/types\/post"}],"author":[{"embeddable":true,"href":"https:\/\/www.radiopiu.net\/wordpress\/wp-json\/wp\/v2\/users\/4"}],"replies":[{"embeddable":true,"href":"https:\/\/www.radiopiu.net\/wordpress\/wp-json\/wp\/v2\/comments?post=152832"}],"version-history":[{"count":0,"href":"https:\/\/www.radiopiu.net\/wordpress\/wp-json\/wp\/v2\/posts\/152832\/revisions"}],"wp:featuredmedia":[{"embeddable":true,"href":"https:\/\/www.radiopiu.net\/wordpress\/wp-json\/wp\/v2\/media\/152839"}],"wp:attachment":[{"href":"https:\/\/www.radiopiu.net\/wordpress\/wp-json\/wp\/v2\/media?parent=152832"}],"wp:term":[{"taxonomy":"category","embeddable":true,"href":"https:\/\/www.radiopiu.net\/wordpress\/wp-json\/wp\/v2\/categories?post=152832"},{"taxonomy":"post_tag","embeddable":true,"href":"https:\/\/www.radiopiu.net\/wordpress\/wp-json\/wp\/v2\/tags?post=152832"}],"curies":[{"name":"wp","href":"https:\/\/api.w.org\/{rel}","templated":true}]}}