{"id":152928,"date":"2020-08-02T23:24:23","date_gmt":"2020-08-02T21:24:23","guid":{"rendered":"https:\/\/www.radiopiu.net\/wordpress\/?p=152928"},"modified":"2020-08-02T23:24:23","modified_gmt":"2020-08-02T21:24:23","slug":"nuovo-punto-informazioni-per-ad-agordo-pro-loco","status":"publish","type":"post","link":"https:\/\/www.radiopiu.net\/wordpress\/nuovo-punto-informazioni-per-ad-agordo-pro-loco\/","title":{"rendered":"NUOVO PUNTO INFORMAZIONI PER AD AGORDO PRO LOCO\u00a0"},"content":{"rendered":"<p>&nbsp;<\/p>\n<blockquote>\n<h3><\/h3>\n<\/blockquote>\n<p><strong><a class=\"dt-pswp-item\" href=\"https:\/\/www.radiopiu.net\/wordpress\/wp-content\/uploads\/2015\/07\/Candaten4-800.jpg\" data-dt-img-description=\"\" data-large_image_width=\"800\" data-large_image_height=\"600\"><img loading=\"lazy\" decoding=\"async\" class=\"size-medium wp-image-8542 alignleft\" src=\"https:\/\/www.radiopiu.net\/wordpress\/wp-content\/uploads\/2015\/07\/Candaten4-800-300x225.jpg\" alt=\"\" width=\"300\" height=\"225\" \/><\/a>AGORDO<\/strong> Da sabato\u00a0 Ad Agordo Proloco ha aperto il punto informativo di Candaten, riscontrando fin da subito grande interesse. Infatti nei primi due giorni di apertura ben 80 persone hanno usufruito dell\u2019ufficio per chiedere informazioni. Il direttivo di Ad Agordo Proloco ringrazia l\u2019Ente Parco Nazionale Dolomiti Bellunesi e l\u2019amministrazione comunale di Agordo per averli coinvolti in questo importante progetto. Ad Agordo Proloco ha accettato la proposta di aprire un punto informativo lontano da Agordo perch\u00e9 crede nell\u2019importanza di Candaten come porta d\u2019ingresso dell\u2019Agordino ed \u00e8 convinta che potr\u00e0 fornire un servizio utile a tutti i turisti diretti verso la Conca Agordina. Coloro che si fermano a Candaten trovano anche un\u2019area picnic attrezzata gestita dalla societ\u00e0 agricola feltrina Venice Dolomiti con un punto ristoro, panche, tavoli e 21 punti fuoco. Il punto informativo rester\u00e0 aperto il sabato e la domenica dalle 8:30 alle 12:30 nei mesi di agosto e settembre. La volont\u00e0 dell\u2019associazione \u00e8 quella di mantenere il sodalizio con l\u2019ente Parco Nazionale DolomitI Bellunesi anche per le prossime stagioni estive confidando in un ampliamento del periodo di apertura<\/p>\n<p><strong>\u00a0<\/strong><\/p>\n<p>&nbsp;<\/p>\n<p><strong>\u00a0<\/strong><\/p>\n<p><strong>IL PRESIDENTE DI AD AGORDO PRO LOCO DANIELE GALLIGANI<\/strong><\/p>\n<audio class=\"wp-audio-shortcode\" id=\"audio-152928-1\" preload=\"none\" style=\"width: 100%;\" controls=\"controls\"><source type=\"audio\/mpeg\" src=\"https:\/\/www.radiopiu.net\/wordpress\/wp-content\/uploads\/2020\/08\/DANIELE-GALLIGANI-AD-AGORDO-PRO-LOCO.mp3?_=1\" \/><a href=\"https:\/\/www.radiopiu.net\/wordpress\/wp-content\/uploads\/2020\/08\/DANIELE-GALLIGANI-AD-AGORDO-PRO-LOCO.mp3\">https:\/\/www.radiopiu.net\/wordpress\/wp-content\/uploads\/2020\/08\/DANIELE-GALLIGANI-AD-AGORDO-PRO-LOCO.mp3<\/a><\/audio>\n<p>&nbsp;<\/p>\n","protected":false},"excerpt":{"rendered":"<p>&nbsp; AGORDO Da sabato\u00a0 Ad Agordo Proloco ha aperto il punto informativo di Candaten, riscontrando fin da subito grande interesse. Infatti nei primi due giorni di apertura ben 80 persone hanno usufruito dell\u2019ufficio per chiedere informazioni. Il direttivo di Ad Agordo Proloco ringrazia l\u2019Ente Parco Nazionale Dolomiti Bellunesi e l\u2019amministrazione comunale di Agordo per averli&hellip;<\/p>\n","protected":false},"author":1,"featured_media":0,"comment_status":"closed","ping_status":"closed","sticky":false,"template":"","format":"standard","meta":{"_monsterinsights_skip_tracking":false,"_monsterinsights_sitenote_active":false,"_monsterinsights_sitenote_note":"","_monsterinsights_sitenote_category":0,"footnotes":""},"categories":[104,49],"tags":[],"class_list":["post-152928","post","type-post","status-publish","format-standard","hentry","category-evidenza_3","category-news-18","category-104","category-49","description-off"],"img_url":false,"_links":{"self":[{"href":"https:\/\/www.radiopiu.net\/wordpress\/wp-json\/wp\/v2\/posts\/152928","targetHints":{"allow":["GET"]}}],"collection":[{"href":"https:\/\/www.radiopiu.net\/wordpress\/wp-json\/wp\/v2\/posts"}],"about":[{"href":"https:\/\/www.radiopiu.net\/wordpress\/wp-json\/wp\/v2\/types\/post"}],"author":[{"embeddable":true,"href":"https:\/\/www.radiopiu.net\/wordpress\/wp-json\/wp\/v2\/users\/1"}],"replies":[{"embeddable":true,"href":"https:\/\/www.radiopiu.net\/wordpress\/wp-json\/wp\/v2\/comments?post=152928"}],"version-history":[{"count":0,"href":"https:\/\/www.radiopiu.net\/wordpress\/wp-json\/wp\/v2\/posts\/152928\/revisions"}],"wp:attachment":[{"href":"https:\/\/www.radiopiu.net\/wordpress\/wp-json\/wp\/v2\/media?parent=152928"}],"wp:term":[{"taxonomy":"category","embeddable":true,"href":"https:\/\/www.radiopiu.net\/wordpress\/wp-json\/wp\/v2\/categories?post=152928"},{"taxonomy":"post_tag","embeddable":true,"href":"https:\/\/www.radiopiu.net\/wordpress\/wp-json\/wp\/v2\/tags?post=152928"}],"curies":[{"name":"wp","href":"https:\/\/api.w.org\/{rel}","templated":true}]}}