{"id":152966,"date":"2020-08-04T05:53:25","date_gmt":"2020-08-04T03:53:25","guid":{"rendered":"https:\/\/www.radiopiu.net\/wordpress\/?p=152966"},"modified":"2020-08-04T09:54:59","modified_gmt":"2020-08-04T07:54:59","slug":"giornale-radiopiu-04-agosto-2020-direttore-mirko-mezzacasa","status":"publish","type":"post","link":"https:\/\/www.radiopiu.net\/wordpress\/giornale-radiopiu-04-agosto-2020-direttore-mirko-mezzacasa\/","title":{"rendered":"GIORNALE RADIOPIU 04 AGOSTO 2020 DIRETTORE MIRKO MEZZACASA"},"content":{"rendered":"<h3><strong>PER RICEVERE QUESTO NOTIZIARIO DIRETTAMENTE SUL TUO CELLULARE ISCRIVITI AL CANALE TELEGRAM\u00a0<\/strong><strong>\u201cRADIO PIU\u00a0 INFORMAZIONE<\/strong><\/h3>\n<p><em>ATTENZIONE: LA NUOVA APP PER IOS-IPHONE<\/em><\/p>\n<div>\n<div><a href=\"https:\/\/apps.apple.com\/it\/app\/radio-pi%C3%B9-emittente-agordina\/id1515939845\">https:\/\/apps.apple.com\/it\/app\/radio-pi%C3%B9-emittente-agordina\/id1515939845<\/a><\/div>\n<\/div>\n<div><\/div>\n<div>\n<div dir=\"auto\"><em>ATTENZIONE: LA NUOVA APP RADIO\u00a0 PER ANDROID<\/em><\/div>\n<\/div>\n<p><a href=\"https:\/\/play.google.com\/store\/apps\/details?id=net.radiopiu.iniko\" target=\"_blank\" rel=\"noopener noreferrer\">https:\/\/play.google.com\/store\/apps\/details?id=net.radiopiu.iniko \u00a0\u00a0\u00a0\u00a0<\/a><\/p>\n<p>&nbsp;<\/p>\n<blockquote>\n<h3>USCITA AUTONOMA IN VIA LUNGARDO A BELLUNO<\/h3>\n<\/blockquote>\n<p><strong>BELLUNO<\/strong> Nessun ferito e qualche disagio alla viabilit\u00e0 limitati grazie all&#8217;intervento della Polizia locale. L&#8217;autonoma fuoriuscita di strada nel pomeriggio di ieri in via Lungardo.<\/p>\n<p><a class=\"dt-pswp-item\" href=\"https:\/\/www.radiopiu.net\/wordpress\/wp-content\/uploads\/2020\/08\/7c013d3c-f877-424e-9268-b98fdfa71a93.jpg\" data-dt-img-description=\"\" data-large_image_width=\"1600\" data-large_image_height=\"1200\"><img loading=\"lazy\" decoding=\"async\" class=\"alignnone size-medium wp-image-153082\" src=\"https:\/\/www.radiopiu.net\/wordpress\/wp-content\/uploads\/2020\/08\/7c013d3c-f877-424e-9268-b98fdfa71a93-300x225.jpg\" alt=\"\" width=\"300\" height=\"225\" srcset=\"https:\/\/www.radiopiu.net\/wordpress\/wp-content\/uploads\/2020\/08\/7c013d3c-f877-424e-9268-b98fdfa71a93-300x225.jpg 300w, https:\/\/www.radiopiu.net\/wordpress\/wp-content\/uploads\/2020\/08\/7c013d3c-f877-424e-9268-b98fdfa71a93-1024x768.jpg 1024w, https:\/\/www.radiopiu.net\/wordpress\/wp-content\/uploads\/2020\/08\/7c013d3c-f877-424e-9268-b98fdfa71a93-768x576.jpg 768w, https:\/\/www.radiopiu.net\/wordpress\/wp-content\/uploads\/2020\/08\/7c013d3c-f877-424e-9268-b98fdfa71a93-1536x1152.jpg 1536w, https:\/\/www.radiopiu.net\/wordpress\/wp-content\/uploads\/2020\/08\/7c013d3c-f877-424e-9268-b98fdfa71a93.jpg 1600w\" sizes=\"auto, (max-width: 300px) 100vw, 300px\" \/><\/a><\/p>\n<hr \/>\n<p>&nbsp;<\/p>\n<p><strong>SAN TOMASO AGORDINO<\/strong>\u00a0nelle LOCALITA\u2019 ROI E COSTA l\u2019acqua erogata dall\u2019acquedotto non \u00e8 potabile e non pu\u00f2 essere usata per scopi alimentari. Verr\u00e0 effettuato servizio sostitutivo con autobotte.<\/p>\n<p><strong>TAIBON<\/strong>\u00a0Per lavori alla rete idrica comunale, OGGI\u00a0 dalle 8 a fine lavori, verr\u00e0 sospesa l\u2019erogazione dell\u2019acqua a in LOCALITA\u2019 SOCCOL.<\/p>\n<p><strong>VALLADA<\/strong>\u00a0Gestione Servizi Pubblici informa che, per lavori alla rete idrica comunale DOMANI dalle 8 alle 10.30, verr\u00e0 sospesa l\u2019erogazione dell\u2019acqua a VALLADA AGORDINA in LOCALITA\u2019 COGUL.<\/p>\n<p>&nbsp;<\/p>\n<hr \/>\n<p>&nbsp;<\/p>\n<h3><em>INFORMAZIONI DALL\u2019ISTITUTO FOLLADOR DE ROSSI\u00a0\u00a0<\/em><\/h3>\n<p><strong>AGORDO<\/strong>\u00a0Si ricorda che, ai fini della costituzione delle graduatorie provinciali, nonch\u00e9 delle correlate graduatorie d\u2019Istituto, per le nomine a tempo determinato del personale docente ed educativo per il biennio 20-21 e 21-22 la scadenza \u00e8 fissata al 6 agosto alle 23.59. Gli aspiranti dovranno presentare istanza di partecipazione in modalit\u00e0 telematica attraverso l\u2019applicazione \u201cIstanze on line\u201d del Ministero dell\u2019Istruzione.<\/p>\n<p>&nbsp;<\/p>\n<hr \/>\n<p>&nbsp;<\/p>\n<blockquote>\n<h3>METEO. STATO DI ATTENZIONE NEL VENETO PER POSSIBILI TEMPORALI INTENSI<\/h3>\n<\/blockquote>\n<p class=\"western\" align=\"JUSTIFY\"><strong>VENEZIA\u00a0<\/strong> <span style=\"font-size: x-large;\"><span style=\"font-size: medium;\">In riferimento alla situazione meteorologica attesa sul territorio, al fine di garantire un monitoraggio costante della situazione e la massima prontezza operativa del Sistema Regionale di Protezione Civile, il Centro Funzionale Decentrato della Regione ha emesso un <\/span><b><span style=\"font-size: medium;\">avviso di criticit\u00e0 idrogeologica, riferita allo scenario per temporali forti,<\/span><\/b><span style=\"font-size: medium;\"> decretando lo <\/span><b><span style=\"font-size: medium;\">stato di \u201cattenzione\u201d<\/span><\/b><span style=\"font-size: medium;\"> fino alle mezzanotte di oggi, <\/span><\/span><span style=\"font-size: medium;\"><i>\u00a0saranno possibili fenomeni localmente intensi (forti rovesci, grandinate, forti raffiche di vento) e in alcuni casi quantitativi di precipitazione consistenti.<\/i><\/span><\/p>\n<p>&nbsp;<\/p>\n<hr \/>\n<p>&nbsp;<\/p>\n<blockquote>\n<h3>LO CERCANO SULLE STRADE SILVO PASTORALI DI SELVA DI CADORE, MUORE PRECIPITANDO PER 20 METRI.<\/h3>\n<\/blockquote>\n<div class=\"im_message_text\" dir=\"auto\"><strong><img loading=\"lazy\" decoding=\"async\" class=\"alignleft\" src=\"https:\/\/www.radiopiu.net\/wordpress\/wp-content\/uploads\/2017\/08\/170821-comunicato-stampa-carabinieri-caprile.jpg\" width=\"265\" height=\"199\" \/>COLLE SANTA LUCIA<\/strong>\u00a0I militari della stazione dei Carabinieri di Caprile sono stati chiamati in seguito alla scomparsa di un uomo di Colle Santa Lucia, Cleto Colcuc di 75 anni. L&#8217;uomo \u00e8 stato ritrovato nella frazione Codalonga di Selva di Cadore lungo una strada mulattiera. Le cause della morte sono riconducibili a una caduta autonoma sul ciglio della strada a cui \u00e8 seguito un volo di almeno 20 metri.Il personale medico del Suem ha constatato il decesso per i politraumi subiti. L&#8217;uomo era uscito di casa come di consueto per una camminata, lo faceva spesso, viveva nella casa paterna in centro al paese dove \u00e8 ricordato per la sua professione di cuoco. Le ricerche di Cleto sono iniziate gi\u00e0 nella serata di domenica poich\u00e9 non era rincasato, attorno alle 21 lo ha ritrovato il cugino che ha notato la fioca luce di una pila che lo stesso Colcuc aveva acceso forse per chiedere aiuto. Non \u00e8 escluso che abbia trascorso una notte all&#8217;addiaccio, ferito nel mezzo del temporale poich\u00e9 il decesso potrebbe risalire alle 24 ore prima del ritrovamento. Lascia la sorella Natalia che vive a Verona. Il sindaco Paolo Frena nel porgere le condoglianze ai parenti aggiunge <em>&#8220;Lo vedevamo sempre a piedi. Lo incontravo tutti i giorni e scambiavamo qualche battuta: aveva sofferto molto le restrizioni del lockdown legate a questo periodo di Covid. Spesso veniva in Comune a chiedere informazioni sui danni subiti dalla sua casa due anni fa, scoperchiata da Vaia. Era una persona molto riservata&#8221;<\/em><\/div>\n<p>&nbsp;<\/p>\n<hr \/>\n<p>&nbsp;<\/p>\n<blockquote>\n<h3>LE RICERCHE DI PRIMO DE BORTOLI<\/h3>\n<\/blockquote>\n<p><strong><a class=\"dt-pswp-item\" href=\"https:\/\/www.radiopiu.net\/wordpress\/wp-content\/uploads\/2020\/08\/116802163_2416944088598842_1904680191494792585_n.jpg\" data-dt-img-description=\"\" data-large_image_width=\"510\" data-large_image_height=\"491\"><img loading=\"lazy\" decoding=\"async\" class=\"wp-image-153135 alignleft\" src=\"https:\/\/www.radiopiu.net\/wordpress\/wp-content\/uploads\/2020\/08\/116802163_2416944088598842_1904680191494792585_n-300x289.jpg\" alt=\"\" width=\"155\" height=\"149\" srcset=\"https:\/\/www.radiopiu.net\/wordpress\/wp-content\/uploads\/2020\/08\/116802163_2416944088598842_1904680191494792585_n-300x289.jpg 300w, https:\/\/www.radiopiu.net\/wordpress\/wp-content\/uploads\/2020\/08\/116802163_2416944088598842_1904680191494792585_n.jpg 510w\" sizes=\"auto, (max-width: 155px) 100vw, 155px\" \/><\/a>PEDAVENA<\/strong>\u00a0 Chi l&#8217;ha visto? Sono in corso le ricerche di \u00a0Primo De Bortoli, 57enne di Pedavena, manca da\u00a0 mercoled\u00ec. Le ricerche hanno preso il via\u00a0 dopo la denuncia di un famigliare e l&#8217;attivazione del protocollo persone scomparse, coordinato dalla Prefettura. Lanciato la richiesta di aiuto anche tramite i social: \u00abMio fratello \u00e8 uscito dalla sua abitazione con zaino mimetico in spalla, scarponi, jeans e maglietta e non \u00e8 pi\u00f9 rientrato a casa, se qualcuno lo avesse visto scrivetemi o chiamatemi a questo numero: 366 47 29 56 1&#8243;. Lo si cerca anche nei boschi. Fino a tarda sera non c&#8217;erano novit\u00e0 o tracce dello scomparso. Le ricerche riprenderanno stamane<\/p>\n<p>L&#8217;APPELLO FACEBOOK DELLA SORELLA CLAUDIA <em>&#8220;Dal giorno mercoled\u00ec 29 luglio mio fratello \u00e9 uscito dalla sua abitazione con zaino mimetico in spalla, scarponi, jeans e maglietta e non \u00e9 pi\u00f9 rientrato a casa, se qualcuno lo avesse visto scrivetemi o chiamatemi a questo numero: 366 47 29 56 1\u00c8 partito da zona Pedavena a piedi, probabilmente si \u00e9 diretto verso le montagne\/valli del luogo&#8221; (FOTO PAGINA FACEBOOK CLAUDIA DE BORTOLI)\u00a0<\/em><\/p>\n<p>&nbsp;<\/p>\n<p>&nbsp;<\/p>\n<hr \/>\n<blockquote>\n<h3>TRAUMA AL GINOCCHIO PER UN&#8217;ESCURSIONISTA SCIVOLATA IN VAL PRAMPER<\/h3>\n<\/blockquote>\n<div><strong><img loading=\"lazy\" decoding=\"async\" class=\"alignleft\" src=\"https:\/\/www.radiopiu.net\/wordpress\/wp-content\/uploads\/2020\/06\/ELICOTTERO-SUEM.jpg\" width=\"108\" height=\"60\" \/>VAL DI ZOLDO<\/strong> Una donna, M.C., 65 anni, di Roncade (TV) si \u00e8 infortunata in Val Pramper,\u00a0 partita da sola in direzione del Rifugio Sora&#8217;l Sass, si \u00e8 ritrovata su un sentiero sbagliato\u00a0 scivolando sopra un ponticello di legno, riportando un trauma al ginocchio. Una squadra del Soccorso alpino della Val di Zoldo, risalita alla sua posizione dalle coordinate, l&#8217;ha raggiunta e le ha prestato le prime cure, per poi trasportarla fino alla strada e affidarla all&#8217;ambulanza, che la ha accompagnata all&#8217;ospedale di Belluno.<\/div>\n<p>&nbsp;<\/p>\n<hr \/>\n<p>&nbsp;<\/p>\n<blockquote>\n<h3>CADE FERMATO DAI CHIODI, ILLESO MA CHE PAURA<\/h3>\n<\/blockquote>\n<p><strong>BELLUNO<\/strong>\u00a0 Un chiodo piantato su una radice sporgente lungo un sentiero tra Antole e Prapavei, frequentato da escursionisti a piedi e in mountain bike, \u00e8 la causa in un incidente che ha coinvolto un ciclista di Belluno durante un&#8217;escursione. L&#8217;uomo si \u00e8 ritrovato con entrambe le gomme a terra, una foratura improvvisa e tanto\u00a0 spavento per aver rischiato una brutta caduta.\u00a0 Un atto\u00a0 criminale, al chiodo era stata tagliata la testa prima di essere piantato con la punta rivolta verso l&#8217;alto. Evidente, a chi se l&#8217;\u00e8 trovato davanti, l&#8217;intenzione di danneggiare i passanti.<\/p>\n<p>&nbsp;<\/p>\n<hr \/>\n<blockquote>\n<h3>DI NUOVO LA TECNICA DELL&#8217;ABBRACCIO, RUBATA LA COLLANA A UN&#8217;OTTANTENNE<\/h3>\n<div class=\"im_history_message_wrap\">\n<div class=\"im_message_outer_wrap hasselect\" data-msg-id=\"13490\">\n<div class=\"im_message_wrap clearfix\">\n<div class=\"im_content_message_wrap im_message_in\">\n<div class=\"im_message_body\">\n<div dir=\"auto\"><strong><a class=\"dt-pswp-item\" href=\"https:\/\/www.radiopiu.net\/wordpress\/wp-content\/uploads\/2020\/08\/download-2.jpg\" data-dt-img-description=\"\" data-large_image_width=\"271\" data-large_image_height=\"186\"><img loading=\"lazy\" decoding=\"async\" class=\"size-full wp-image-153122 alignleft\" src=\"https:\/\/www.radiopiu.net\/wordpress\/wp-content\/uploads\/2020\/08\/download-2.jpg\" alt=\"\" width=\"271\" height=\"186\" \/><\/a>BORGOVALBELLUNA<\/strong> Nemmeno il Covid19 salva dalla tecnica del furto con abbraccio, un vigliacco gesto ladresco \u00e8 stato di nuovo messo a segno ai danni di un&#8217;anziana di 80 anni. Il sistema \u00e8 sempre il solito, l&#8217;abbraccio (vietatissimo in tempi di coronavirus, soprattutto tra estranei), l&#8217;operazione \u00e8 immediata, la donna che s&#8217;aggrappa alla vittima \u00e8 molto esperta, capace di sottrarre la collana d&#8217;oro in un istante. I Carabinieri di Trichiana che hanno raccolto la denuncia cercano una sconosciuta arrivata a bordo di un&#8217;auto di colore scuro. Era parecchio tempo che non succedeva in provincia, ma in Veneto di questi casi purtroppo ne sono stati denunciati parecchi. L&#8217;invito \u00e8 sempre il solito, importante, segnalare le persone sospette soprattutto se i vicini sono anziani e quindi facili bersagli dei malviventi.\u00a0 Dal Comando dell\u2019Arma raccomandano prudenza e di non aprire agli sconosciuti,\u00a0 quindi segnalando ogni persona sospetta che si avvicina agli anziani. A volte \u00e8 successo anche per strada, \u00a0le potenziali vittime vengono avvicinate utilizzando una scusa qualsiasi, come ad esempio chiedere loro un\u2019informazione e poi, in segno di ringraziamento, le si abbraccia e contestualmente si sottraggono loro con destrezza orologi, gioielli, collane o quant\u2019altro.<\/div>\n<\/div>\n<\/div>\n<\/div>\n<\/div>\n<\/div>\n<div class=\"im_history_message_wrap\">\n<div class=\"im_message_outer_wrap hasselect\" data-msg-id=\"13491\">\n<div class=\"im_message_wrap clearfix\">\n<div class=\"im_content_message_wrap im_message_in\">\n<div class=\"im_message_body\">\n<p>&nbsp;<\/p>\n<\/div>\n<\/div>\n<\/div>\n<\/div>\n<\/div>\n<\/blockquote>\n<p>&nbsp;<\/p>\n<hr \/>\n<blockquote>\n<h3>FURTO IN AGENZIA, SPARITI 1500 EURO IN CONTANTI<\/h3>\n<h3><strong><img loading=\"lazy\" decoding=\"async\" class=\"alignleft\" src=\"https:\/\/www.radiopiu.net\/wordpress\/wp-content\/uploads\/2015\/04\/ladri.jpg\" width=\"222\" height=\"166\" \/>BELLUNO<\/strong> Ignoti dopo aver forzato una finestra sono entrati nell&#8217;agenzia di pratiche d&#8217;auto &#8220;Asia Veneto&#8221;, tra l 13 di sabato e questa mattina. Una volta dentro l&#8217;ufficio si sono impossessati di 1500 euro in contanti custoditi in un armadio chiuso e forzato. Sul posto per le indagini, in via Tomea, i Carabinieri del NOR sezione Radiomobile di Belluno<\/h3>\n<\/blockquote>\n<p>&nbsp;<\/p>\n<p>&nbsp;<\/p>\n<blockquote>\n<hr \/>\n<p>&nbsp;<\/p>\n<h3>\u00a0CHIUSE STRADE E SENTIERI PER LA VAL OMBRETTA A FRANZEDAZ<\/h3>\n<\/blockquote>\n<p><strong><img loading=\"lazy\" decoding=\"async\" class=\"alignleft\" src=\"https:\/\/www.radiopiu.net\/wordpress\/wp-content\/uploads\/2020\/08\/3f4ccf74-09aa-4e09-b86c-c341a3579011.jpg\" width=\"180\" height=\"101\" \/>ROCCA PIETORE<\/strong> Il responsabile dell&#8217;ufficio tecnico del Comune di Rocca Pietore\u00a0 ha firmato l&#8217;ordinanza che vieta il transito tanto veicolare che pedonale (fino a data da destinarsi, tutti i giorni e in entrambi i sensi di marcia) sulle strade e sentieri che dal campeggio di Malga Ciapela portano a Gran Pian, Ru d&#8217;Alberch, Ombretta, Falier e Franzedaz. Prevista sanzioni ai contravventori da 25 a 500 euro. E&#8217; una conseguenza degli eventi meteorologici dell&#8217;1 e 2 agosto che hanno provato danni alle strade, sentieri anche\u00a0 con la distruzione di un ponte.<\/p>\n<h3><strong>IERI: Lavori in alveo Cordevole a Santa Maria.<\/strong><\/h3>\n<p><a class=\"dt-pswp-item\" href=\"https:\/\/www.radiopiu.net\/wordpress\/wp-content\/uploads\/2020\/08\/d545e13b-be24-4206-ad29-7ed2c4240ebe.jpg\" data-dt-img-description=\"\" data-large_image_width=\"1600\" data-large_image_height=\"1200\"><img loading=\"lazy\" decoding=\"async\" class=\"alignnone size-medium wp-image-153050\" src=\"https:\/\/www.radiopiu.net\/wordpress\/wp-content\/uploads\/2020\/08\/d545e13b-be24-4206-ad29-7ed2c4240ebe-300x225.jpg\" alt=\"\" width=\"300\" height=\"225\" srcset=\"https:\/\/www.radiopiu.net\/wordpress\/wp-content\/uploads\/2020\/08\/d545e13b-be24-4206-ad29-7ed2c4240ebe-300x225.jpg 300w, https:\/\/www.radiopiu.net\/wordpress\/wp-content\/uploads\/2020\/08\/d545e13b-be24-4206-ad29-7ed2c4240ebe-1024x768.jpg 1024w, https:\/\/www.radiopiu.net\/wordpress\/wp-content\/uploads\/2020\/08\/d545e13b-be24-4206-ad29-7ed2c4240ebe-768x576.jpg 768w, https:\/\/www.radiopiu.net\/wordpress\/wp-content\/uploads\/2020\/08\/d545e13b-be24-4206-ad29-7ed2c4240ebe-1536x1152.jpg 1536w, https:\/\/www.radiopiu.net\/wordpress\/wp-content\/uploads\/2020\/08\/d545e13b-be24-4206-ad29-7ed2c4240ebe.jpg 1600w\" sizes=\"auto, (max-width: 300px) 100vw, 300px\" \/><\/a><\/p>\n<p>&nbsp;<\/p>\n<hr \/>\n<blockquote><p>&nbsp;<\/p><\/blockquote>\n<div class=\"page-title-head hgroup\">\n<blockquote>\n<h1 class=\"entry-title\">AGGIORNAMENTO MALTEMPO E VIABILITA\u2019<\/h1>\n<\/blockquote>\n<p><a class=\"dt-pswp-item\" href=\"https:\/\/www.radiopiu.net\/wordpress\/wp-content\/uploads\/2020\/08\/116559144_3207732275962177_5008693793126595952_o.jpg\" data-dt-img-description=\"\" data-large_image_width=\"960\" data-large_image_height=\"720\"><img loading=\"lazy\" decoding=\"async\" class=\"alignnone wp-image-152987\" src=\"https:\/\/www.radiopiu.net\/wordpress\/wp-content\/uploads\/2020\/08\/116559144_3207732275962177_5008693793126595952_o-300x225.jpg\" alt=\"\" width=\"265\" height=\"199\" srcset=\"https:\/\/www.radiopiu.net\/wordpress\/wp-content\/uploads\/2020\/08\/116559144_3207732275962177_5008693793126595952_o-300x225.jpg 300w, https:\/\/www.radiopiu.net\/wordpress\/wp-content\/uploads\/2020\/08\/116559144_3207732275962177_5008693793126595952_o-768x576.jpg 768w, https:\/\/www.radiopiu.net\/wordpress\/wp-content\/uploads\/2020\/08\/116559144_3207732275962177_5008693793126595952_o.jpg 960w\" sizes=\"auto, (max-width: 265px) 100vw, 265px\" \/><\/a><a class=\"dt-pswp-item\" href=\"https:\/\/www.radiopiu.net\/wordpress\/wp-content\/uploads\/2020\/08\/116582462_3207732235962181_5596959867439047439_o.jpg\" data-dt-img-description=\"\" data-large_image_width=\"720\" data-large_image_height=\"960\"><img loading=\"lazy\" decoding=\"async\" class=\"alignnone wp-image-152986\" src=\"https:\/\/www.radiopiu.net\/wordpress\/wp-content\/uploads\/2020\/08\/116582462_3207732235962181_5596959867439047439_o-225x300.jpg\" alt=\"\" width=\"148\" height=\"197\" srcset=\"https:\/\/www.radiopiu.net\/wordpress\/wp-content\/uploads\/2020\/08\/116582462_3207732235962181_5596959867439047439_o-225x300.jpg 225w, https:\/\/www.radiopiu.net\/wordpress\/wp-content\/uploads\/2020\/08\/116582462_3207732235962181_5596959867439047439_o.jpg 720w\" sizes=\"auto, (max-width: 148px) 100vw, 148px\" \/><\/a><a class=\"dt-pswp-item\" href=\"https:\/\/www.radiopiu.net\/wordpress\/wp-content\/uploads\/2020\/08\/116562022_3207732369295501_5293229917196238754_o.jpg\" data-dt-img-description=\"\" data-large_image_width=\"960\" data-large_image_height=\"720\"><img loading=\"lazy\" decoding=\"async\" class=\"alignnone wp-image-152985\" src=\"https:\/\/www.radiopiu.net\/wordpress\/wp-content\/uploads\/2020\/08\/116562022_3207732369295501_5293229917196238754_o-300x225.jpg\" alt=\"\" width=\"260\" height=\"195\" srcset=\"https:\/\/www.radiopiu.net\/wordpress\/wp-content\/uploads\/2020\/08\/116562022_3207732369295501_5293229917196238754_o-300x225.jpg 300w, https:\/\/www.radiopiu.net\/wordpress\/wp-content\/uploads\/2020\/08\/116562022_3207732369295501_5293229917196238754_o-768x576.jpg 768w, https:\/\/www.radiopiu.net\/wordpress\/wp-content\/uploads\/2020\/08\/116562022_3207732369295501_5293229917196238754_o.jpg 960w\" sizes=\"auto, (max-width: 260px) 100vw, 260px\" \/><\/a><\/p>\n<p>foto VENETO STRADE SPA PAGINA FACEBOOK<\/p>\n<p><strong>AGORDINO<\/strong> Situazione di nuovo nella norma sui passi dolomitici, ieri a met\u00e0 mattinata \u00e8 stata riaperta la regionale 641\u00a0 interrotta nel corso della notte per una frana in localit\u00e0 Tabi\u00e0 Palazza tra Malga Ciapela e Passo Fedaia. Nel primo pomeriggio dopo due giorni di lavoro riaperta la 48 delle Dolomiti tra Arabba e Passo Pordoi. In entrambi i casi non si tratta di nuovi episodi, ma di situazioni che si ripetono nel tempo. Tra Arabba e Passo Pordoi soprattutto dove lo scorso anno in questa stagione tra sassi e fango erano finiti alcuni motociclisti tedeschi con mezzi danneggiati ma fortunatamente illesi dopo aver trovato un riparo di fortuna. Anche tra Malga Ciapela e Passo Fedaia i ruscelli che si trasformano in frane non sono una novit\u00e0. Lo hanno riscoperto nella notte due giovani agordini attorno alle 3 quando valicando il passo si sono ritrovati tra i sassi. Per loro solo un grande spavento e i danni all&#8217;auto che non \u00e8 ripartita. Sono intervenuti i vigili del fuoco di Caprile-Rocca Pietore, i permanenti di Agordo e il sindaco Andrea De Bernardin svegliato nel cuore della notte. Frana anche tra Costa e Costalissoio in Comelico, strada chiusa cos\u00ec come la\u00a0 provinciale 30 sbarrata per garantire i lavori di sgombero. In questo caso nessun automobilista \u00e8 stato coinvolto.<\/p>\n<p><strong>NELLE FOTO DI VENETO STRADE LE PROFONDE FERITE SULLA MONTAGNA A PASSO PORDOI Il maltempo ha provocato diversi danni. Sul versante della SR 48 della Dolomiti si \u00e8 aperto un solco. Dal km 77 al km 79<\/strong><\/p>\n\n\t\t\t<style type='text\/css'>\n\t\t\t\t#gallery-1 {\n\t\t\t\t\tmargin: auto;\n\t\t\t\t}\n\t\t\t\t#gallery-1 .gallery-item {\n\t\t\t\t\tfloat: left;\n\t\t\t\t\tmargin-top: 10px;\n\t\t\t\t\ttext-align: center;\n\t\t\t\t\twidth: 20%;\n\t\t\t\t}\n\t\t\t\t#gallery-1 img {\n\t\t\t\t\tborder: 2px solid #cfcfcf;\n\t\t\t\t}\n\t\t\t\t#gallery-1 .gallery-caption {\n\t\t\t\t\tmargin-left: 0;\n\t\t\t\t}\n\t\t\t\t\/* see gallery_shortcode() in wp-includes\/media.php *\/\n\t\t\t<\/style>\n\t\t<div id='gallery-1' class='dt-gallery-container gallery galleryid-152966 gallery-columns-5 gallery-size-thumbnail'><dl class='gallery-item'>\n\t\t\t\t<dt class='gallery-icon landscape'>\n\t\t\t\t\t<a class=\"rollover rollover-zoom dt-pswp-item\" title=\"117173441_3207550145980390_8124533800097786183_o\" data-dt-img-description=\"\" data-large_image_width=\"960\" data-large_image_height=\"720\"href='https:\/\/www.radiopiu.net\/wordpress\/wp-content\/uploads\/2020\/08\/117173441_3207550145980390_8124533800097786183_o.jpg'><img loading=\"lazy\" decoding=\"async\" width=\"150\" height=\"150\" src=\"https:\/\/www.radiopiu.net\/wordpress\/wp-content\/uploads\/2020\/08\/117173441_3207550145980390_8124533800097786183_o-150x150.jpg\" class=\"attachment-thumbnail size-thumbnail\" alt=\"\" \/><\/a>\n\t\t\t\t<\/dt><\/dl><dl class='gallery-item'>\n\t\t\t\t<dt class='gallery-icon landscape'>\n\t\t\t\t\t<a class=\"rollover rollover-zoom dt-pswp-item\" title=\"116623725_3207550249313713_4833964854372245839_o\" data-dt-img-description=\"\" data-large_image_width=\"1600\" data-large_image_height=\"1200\"href='https:\/\/www.radiopiu.net\/wordpress\/wp-content\/uploads\/2020\/08\/116623725_3207550249313713_4833964854372245839_o.jpg'><img loading=\"lazy\" decoding=\"async\" width=\"150\" height=\"150\" src=\"https:\/\/www.radiopiu.net\/wordpress\/wp-content\/uploads\/2020\/08\/116623725_3207550249313713_4833964854372245839_o-150x150.jpg\" class=\"attachment-thumbnail size-thumbnail\" alt=\"\" \/><\/a>\n\t\t\t\t<\/dt><\/dl><dl class='gallery-item'>\n\t\t\t\t<dt class='gallery-icon landscape'>\n\t\t\t\t\t<a class=\"rollover rollover-zoom dt-pswp-item\" title=\"116582214_3207550129313725_6318483509829643828_o\" data-dt-img-description=\"\" data-large_image_width=\"1600\" data-large_image_height=\"1200\"href='https:\/\/www.radiopiu.net\/wordpress\/wp-content\/uploads\/2020\/08\/116582214_3207550129313725_6318483509829643828_o.jpg'><img loading=\"lazy\" decoding=\"async\" width=\"150\" height=\"150\" src=\"https:\/\/www.radiopiu.net\/wordpress\/wp-content\/uploads\/2020\/08\/116582214_3207550129313725_6318483509829643828_o-150x150.jpg\" class=\"attachment-thumbnail size-thumbnail\" alt=\"\" \/><\/a>\n\t\t\t\t<\/dt><\/dl><dl class='gallery-item'>\n\t\t\t\t<dt class='gallery-icon landscape'>\n\t\t\t\t\t<a class=\"rollover rollover-zoom dt-pswp-item\" title=\"116582964_3207550275980377_1213408381620376572_o\" data-dt-img-description=\"\" data-large_image_width=\"1600\" data-large_image_height=\"1200\"href='https:\/\/www.radiopiu.net\/wordpress\/wp-content\/uploads\/2020\/08\/116582964_3207550275980377_1213408381620376572_o.jpg'><img loading=\"lazy\" decoding=\"async\" width=\"150\" height=\"150\" src=\"https:\/\/www.radiopiu.net\/wordpress\/wp-content\/uploads\/2020\/08\/116582964_3207550275980377_1213408381620376572_o-150x150.jpg\" class=\"attachment-thumbnail size-thumbnail\" alt=\"\" \/><\/a>\n\t\t\t\t<\/dt><\/dl><dl class='gallery-item'>\n\t\t\t\t<dt class='gallery-icon landscape'>\n\t\t\t\t\t<a class=\"rollover rollover-zoom dt-pswp-item\" title=\"116589952_3207550255980379_6359718322190612933_o\" data-dt-img-description=\"\" data-large_image_width=\"1600\" data-large_image_height=\"1200\"href='https:\/\/www.radiopiu.net\/wordpress\/wp-content\/uploads\/2020\/08\/116589952_3207550255980379_6359718322190612933_o.jpg'><img loading=\"lazy\" decoding=\"async\" width=\"150\" height=\"150\" src=\"https:\/\/www.radiopiu.net\/wordpress\/wp-content\/uploads\/2020\/08\/116589952_3207550255980379_6359718322190612933_o-150x150.jpg\" class=\"attachment-thumbnail size-thumbnail\" alt=\"\" \/><\/a>\n\t\t\t\t<\/dt><\/dl><br style=\"clear: both\" \/>\n\t\t\t<\/div>\n\n<p>&nbsp;<\/p>\n<hr \/>\n<p>&nbsp;<\/p>\n<blockquote>\n<h2><a class=\"dt-pswp-item\" href=\"https:\/\/www.radiopiu.net\/wordpress\/wp-content\/uploads\/2020\/08\/b1e48135-2e04-4e58-914d-3af8027671cb.jpg\" data-dt-img-description=\"\" data-large_image_width=\"2048\" data-large_image_height=\"1536\"><img loading=\"lazy\" decoding=\"async\" class=\" wp-image-152764 alignleft\" src=\"https:\/\/www.radiopiu.net\/wordpress\/wp-content\/uploads\/2020\/08\/b1e48135-2e04-4e58-914d-3af8027671cb-300x225.jpg\" alt=\"\" width=\"172\" height=\"129\" srcset=\"https:\/\/www.radiopiu.net\/wordpress\/wp-content\/uploads\/2020\/08\/b1e48135-2e04-4e58-914d-3af8027671cb-300x225.jpg 300w, https:\/\/www.radiopiu.net\/wordpress\/wp-content\/uploads\/2020\/08\/b1e48135-2e04-4e58-914d-3af8027671cb-1024x768.jpg 1024w, https:\/\/www.radiopiu.net\/wordpress\/wp-content\/uploads\/2020\/08\/b1e48135-2e04-4e58-914d-3af8027671cb-768x576.jpg 768w, https:\/\/www.radiopiu.net\/wordpress\/wp-content\/uploads\/2020\/08\/b1e48135-2e04-4e58-914d-3af8027671cb-1536x1152.jpg 1536w, https:\/\/www.radiopiu.net\/wordpress\/wp-content\/uploads\/2020\/08\/b1e48135-2e04-4e58-914d-3af8027671cb.jpg 2048w\" sizes=\"auto, (max-width: 172px) 100vw, 172px\" \/><\/a>CHIUSA LA STRADA PER GRAN PIAN, LAVORI PER L&#8217;ACQUEDOTTO A FALCADE, SUL LAGO AD ALLEGHE. SINDACI AL LAVORO DOPO I DANNI DEL MALTEMPO\u00a0 CON LA SPERANZA CHE I LAVORI NON VENGANO VANIFICATI DALLA PROSSIMA &#8220;BRENTANA&#8221; IN VALLE DEL BIOIS APERTO ANCHE IL COC<\/h2>\n<\/blockquote>\n<p><strong><span style=\"color: #ff0000;\">DI GIANNI SANTOMASO<\/span><\/strong><\/p>\n<audio class=\"wp-audio-shortcode\" id=\"audio-152966-1\" preload=\"none\" style=\"width: 100%;\" controls=\"controls\"><source type=\"audio\/mpeg\" src=\"https:\/\/www.radiopiu.net\/wordpress\/wp-content\/uploads\/2020\/08\/GIANNI-STRADE.mp3?_=1\" \/><a href=\"https:\/\/www.radiopiu.net\/wordpress\/wp-content\/uploads\/2020\/08\/GIANNI-STRADE.mp3\">https:\/\/www.radiopiu.net\/wordpress\/wp-content\/uploads\/2020\/08\/GIANNI-STRADE.mp3<\/a><\/audio>\n<p>&nbsp;<\/p>\n<h3>IL LAGO DI ALLEGHE AD AGOSTO<\/h3>\n<\/div>\n<div class=\"page-title-breadcrumbs\">\n\n\t\t\t<style type='text\/css'>\n\t\t\t\t#gallery-2 {\n\t\t\t\t\tmargin: auto;\n\t\t\t\t}\n\t\t\t\t#gallery-2 .gallery-item {\n\t\t\t\t\tfloat: left;\n\t\t\t\t\tmargin-top: 10px;\n\t\t\t\t\ttext-align: center;\n\t\t\t\t\twidth: 33%;\n\t\t\t\t}\n\t\t\t\t#gallery-2 img {\n\t\t\t\t\tborder: 2px solid #cfcfcf;\n\t\t\t\t}\n\t\t\t\t#gallery-2 .gallery-caption {\n\t\t\t\t\tmargin-left: 0;\n\t\t\t\t}\n\t\t\t\t\/* see gallery_shortcode() in wp-includes\/media.php *\/\n\t\t\t<\/style>\n\t\t<div id='gallery-2' class='dt-gallery-container gallery galleryid-152966 gallery-columns-3 gallery-size-thumbnail'><dl class='gallery-item'>\n\t\t\t\t<dt class='gallery-icon landscape'>\n\t\t\t\t\t<a class=\"rollover rollover-zoom dt-pswp-item\" title=\"98221fe7-e457-41a0-82ef-3e1b4c5a4511\" data-dt-img-description=\"\" data-large_image_width=\"2000\" data-large_image_height=\"1500\"href='https:\/\/www.radiopiu.net\/wordpress\/wp-content\/uploads\/2020\/08\/98221fe7-e457-41a0-82ef-3e1b4c5a4511.jpg'><img loading=\"lazy\" decoding=\"async\" width=\"150\" height=\"150\" src=\"https:\/\/www.radiopiu.net\/wordpress\/wp-content\/uploads\/2020\/08\/98221fe7-e457-41a0-82ef-3e1b4c5a4511-150x150.jpg\" class=\"attachment-thumbnail size-thumbnail\" alt=\"\" \/><\/a>\n\t\t\t\t<\/dt><\/dl><dl class='gallery-item'>\n\t\t\t\t<dt class='gallery-icon landscape'>\n\t\t\t\t\t<a class=\"rollover rollover-zoom dt-pswp-item\" title=\"404c95ad-6284-44b2-b082-0161897c7004\" data-dt-img-description=\"\" data-large_image_width=\"2000\" data-large_image_height=\"1500\"href='https:\/\/www.radiopiu.net\/wordpress\/wp-content\/uploads\/2020\/08\/404c95ad-6284-44b2-b082-0161897c7004.jpg'><img loading=\"lazy\" decoding=\"async\" width=\"150\" height=\"150\" src=\"https:\/\/www.radiopiu.net\/wordpress\/wp-content\/uploads\/2020\/08\/404c95ad-6284-44b2-b082-0161897c7004-150x150.jpg\" class=\"attachment-thumbnail size-thumbnail\" alt=\"\" \/><\/a>\n\t\t\t\t<\/dt><\/dl><dl class='gallery-item'>\n\t\t\t\t<dt class='gallery-icon landscape'>\n\t\t\t\t\t<a class=\"rollover rollover-zoom dt-pswp-item\" title=\"68457e8d-4654-49e9-b10b-427bf92095bc\" data-dt-img-description=\"\" data-large_image_width=\"2000\" data-large_image_height=\"1500\"href='https:\/\/www.radiopiu.net\/wordpress\/wp-content\/uploads\/2020\/08\/68457e8d-4654-49e9-b10b-427bf92095bc.jpg'><img loading=\"lazy\" decoding=\"async\" width=\"150\" height=\"150\" src=\"https:\/\/www.radiopiu.net\/wordpress\/wp-content\/uploads\/2020\/08\/68457e8d-4654-49e9-b10b-427bf92095bc-150x150.jpg\" class=\"attachment-thumbnail size-thumbnail\" alt=\"\" \/><\/a>\n\t\t\t\t<\/dt><\/dl><br style=\"clear: both\" \/>\n\t\t\t<\/div>\n\n<\/div>\n<p>&nbsp;<\/p>\n<hr \/>\n<blockquote>\n<h3><strong><a class=\"dt-pswp-item\" href=\"https:\/\/www.radiopiu.net\/wordpress\/wp-content\/uploads\/2019\/05\/TAIBON-SILVIA-TORMEN.jpeg\" data-dt-img-description=\"\" data-large_image_width=\"1062\" data-large_image_height=\"1600\"><img loading=\"lazy\" decoding=\"async\" class=\"size-medium wp-image-86482 alignleft\" src=\"https:\/\/www.radiopiu.net\/wordpress\/wp-content\/uploads\/2019\/05\/TAIBON-SILVIA-TORMEN-199x300.jpeg\" alt=\"\" width=\"199\" height=\"300\" srcset=\"https:\/\/www.radiopiu.net\/wordpress\/wp-content\/uploads\/2019\/05\/TAIBON-SILVIA-TORMEN-199x300.jpeg 199w, https:\/\/www.radiopiu.net\/wordpress\/wp-content\/uploads\/2019\/05\/TAIBON-SILVIA-TORMEN-768x1157.jpeg 768w, https:\/\/www.radiopiu.net\/wordpress\/wp-content\/uploads\/2019\/05\/TAIBON-SILVIA-TORMEN-680x1024.jpeg 680w, https:\/\/www.radiopiu.net\/wordpress\/wp-content\/uploads\/2019\/05\/TAIBON-SILVIA-TORMEN.jpeg 1062w\" sizes=\"auto, (max-width: 199px) 100vw, 199px\" \/><\/a><\/strong>PROTEZIONE CIVILE, SERVIZIO PREZIOSO PER LA COMUNITA&#8217;. COSTITUITO IL NUOVO GRUPPO A TAIBON E PRESENTATO IL REGOLAMENTO. CONSIGLIO COMUNALE CHIAMATO AD ESPRIMERE UN PARERE SUL SUAP PRESENTATO DAL RIFUGIO CAPANNA TRIESTE IN VAL CORPASSA PER LA RICHIESTA DI AMPLIAMENTO. INDETTA PER IERI LA CONFERENZA DEI SERVIZI. PARERE NON ESPRESSO PER UN VIZIO DI PROPRIETA&#8217; A MONTE (USO CIVICO), IL CONSIGLIO NON SI ESPRIME SUI CONTENUTI DEL PROGETTO.<\/h3>\n<p>&nbsp;<\/p><\/blockquote>\n<p><strong>DI GIANNI SANTOMASO\u00a0<\/strong><\/p>\n<audio class=\"wp-audio-shortcode\" id=\"audio-152966-2\" preload=\"none\" style=\"width: 100%;\" controls=\"controls\"><source type=\"audio\/mpeg\" src=\"https:\/\/www.radiopiu.net\/wordpress\/wp-content\/uploads\/2020\/08\/PROT-GIANNI.mp3?_=2\" \/><a href=\"https:\/\/www.radiopiu.net\/wordpress\/wp-content\/uploads\/2020\/08\/PROT-GIANNI.mp3\">https:\/\/www.radiopiu.net\/wordpress\/wp-content\/uploads\/2020\/08\/PROT-GIANNI.mp3<\/a><\/audio>\n<p>&nbsp;<\/p>\n<p><strong>TAIBON\u00a0<\/strong>Si \u00e8 svolto sabato mattina il consiglio comunale di Taibon Agordino.<\/p>\n<p>AI MICROFONI DI RADIO PIU IL SINDACO SILVIA TORMEN<\/p>\n<audio class=\"wp-audio-shortcode\" id=\"audio-152966-3\" preload=\"none\" style=\"width: 100%;\" controls=\"controls\"><source type=\"audio\/mpeg\" src=\"https:\/\/www.radiopiu.net\/wordpress\/wp-content\/uploads\/2020\/08\/SILVIA-TORMEN-CONSIGLIO-COMUNALE-1-AGOSTO.mp3?_=3\" \/><a href=\"https:\/\/www.radiopiu.net\/wordpress\/wp-content\/uploads\/2020\/08\/SILVIA-TORMEN-CONSIGLIO-COMUNALE-1-AGOSTO.mp3\">https:\/\/www.radiopiu.net\/wordpress\/wp-content\/uploads\/2020\/08\/SILVIA-TORMEN-CONSIGLIO-COMUNALE-1-AGOSTO.mp3<\/a><\/audio>\n<p>&nbsp;<\/p>\n<hr \/>\n<p>&nbsp;<\/p>\n<p>&nbsp;<\/p>\n<h3 style=\"text-align: center;\"><a class=\"dt-pswp-item\" href=\"https:\/\/www.radiopiu.net\/wordpress\/wp-content\/uploads\/2017\/05\/GIOVANNI-NINO-DEON.jpg\" data-dt-img-description=\"\" data-large_image_width=\"745\" data-large_image_height=\"721\"><img loading=\"lazy\" decoding=\"async\" class=\"wp-image-32109 alignleft\" src=\"https:\/\/www.radiopiu.net\/wordpress\/wp-content\/uploads\/2017\/05\/GIOVANNI-NINO-DEON-300x290.jpg\" alt=\"\" width=\"134\" height=\"130\" \/><\/a>DOMANI IL CONSIGLIO COMUNALE A RIVAMONTE CON L&#8217;IMMANCABILE ORDINANZA DEL CONSIGLIERE<\/h3>\n<p><strong>DI GIANNI SANTOMASO<\/strong><\/p>\n<audio class=\"wp-audio-shortcode\" id=\"audio-152966-4\" preload=\"none\" style=\"width: 100%;\" controls=\"controls\"><source type=\"audio\/mpeg\" src=\"https:\/\/www.radiopiu.net\/wordpress\/wp-content\/uploads\/2020\/08\/GIANNI-RIVA.mp3?_=4\" \/><a href=\"https:\/\/www.radiopiu.net\/wordpress\/wp-content\/uploads\/2020\/08\/GIANNI-RIVA.mp3\">https:\/\/www.radiopiu.net\/wordpress\/wp-content\/uploads\/2020\/08\/GIANNI-RIVA.mp3<\/a><\/audio>\n<p>&nbsp;<\/p>\n<p>&nbsp;<\/p>\n<hr \/>\n<p>&nbsp;<\/p>\n<blockquote>\n<h2>PARTE LA SPERIMENTAZIONE DEL VACCINO ANTI VIRUS, IN CONFERENZA STAMPA IL RETTORE DELL&#8217;UNIVERISTA&#8217; DI VERONA<\/h2>\n<\/blockquote>\n<p><span style=\"color: #ff0000;\"><strong>IL VIRUS C&#8217;E&#8217; MA NON PESA NEGLI OSPEDALI, 112 PAZIENTI RICOVERATI, 7 IN TERAPIA INTENSIVA\u00a0<\/strong><\/span><\/p>\n<p>1254000 TAMPONI\u00a0 20.233 POSITIVI (+9, 0 A TREVISO) 4090 PERSONE IN ISOLAMENTO decessi 2076 (+1) RICOVERATI 112 (IL 18\u00a0 MAGGIO ERANO 457 IN PIU&#8217;) TERAPIE INTENSIVE 7 (4 POSITIVI). DIMESSI 3767<\/p>\n<p>&nbsp;<\/p>\n<blockquote>\n<h2>LEGGI LA CONFERENZA STAMPA DI LUCA ZAIA<\/h2>\n<\/blockquote>\n<p><strong>VENEZIA<\/strong> Ospite il Rettore dell\u2019Universit\u00e0 di Verona Pier Francesco Nocini ed ai ricercatori del Centro Ricerche Cliniche, presenta l\u2019avvio della sperimentazione Fase 1 del vaccino anti COVID<\/p>\n<p><strong>FOCOLAI <\/strong>\u00a0&#8220;Gli immigrati ospitati devono tornare a casa loro, se non aventi titolo per restare. Dei 137 contagiati a Treviso c&#8217;\u00e8 solo un operatore, significa che qualcuno usava i dispositivi, altri no. Con la prevenzione non ci sarebbe stato un focolaio del genere&#8221;.<\/p>\n<p><strong>SCUOLA<\/strong> &#8220;Prevediamo screening a tappeto sui docenti e sul personale scolastico. Sugli studenti non \u00e8 previsto ed \u00e8 impossibile, non abbiamo le risorsE&#8221;<\/p>\n<p><strong>\u00a0Pier Francesco Nocini<\/strong> Sono 25 i vaccini testati al mondo in questo momento, 5 sono gi\u00e0 in Fase 3. Noi partiamo dalla Fase 1, il vaccino sar\u00e0 testato su volontari, poi alla Fase 2 su 40mila persone e alla Fase 3 <em>&#8220;La sicurezza dei pazienti che si sottoporranno alla sperimentazione \u00e8 estrema e garantita. &#8220;Dobbiamo confrontarci tutti, arrivare a un tavolo per capire quale funzioni meglio. I vaccini si basano su principi diversi, il nostro usa l&#8217;adenavirus, che viene dal gorilla, utilizza la proteina S, \u00e8 intramuscolo&#8221;. <\/em>&#8220;La sperimentazione\u00a0sulle persone vulnerabili &#8211; vale a dire chi ha pi\u00f9 di 65-70 anni o con patologie neoplastiche precedenti e superate. L&#8217;appello a candidarsi come volontari \u00e8 sempre valido&#8221;.<\/p>\n<p><strong>Il professor Milleri <\/strong>spiega la sperimentazione, il protocollo di studio I soggetti saranno seguiti per 6 mesi, la sperimentazione finir\u00e0 entro marzo. Le tre fasi dovrebbero concludersi entro il 2021.<\/p>\n<p>https:\/\/www.facebook.com\/zaiaufficiale\/videos\/2342860359355697\/<\/p>\n<p>&nbsp;<\/p>\n<hr \/>\n<p>&nbsp;<\/p>\n<blockquote>\n<h3><strong>PRECISAZIONI DOTTOR RIGOLI SU INDISCREZIONI <\/strong><strong>\u00a0RELATIVE AL COORDINAMENTO DELLE MICROBIOLOGIE DEL VENETO<\/strong><\/h3>\n<\/blockquote>\n<p><strong><a class=\"dt-pswp-item\" href=\"https:\/\/www.radiopiu.net\/wordpress\/wp-content\/uploads\/2020\/08\/download-1.jpg\" data-dt-img-description=\"\" data-large_image_width=\"300\" data-large_image_height=\"168\"><img loading=\"lazy\" decoding=\"async\" class=\"size-full wp-image-153070 alignleft\" src=\"https:\/\/www.radiopiu.net\/wordpress\/wp-content\/uploads\/2020\/08\/download-1.jpg\" alt=\"\" width=\"300\" height=\"168\" \/><\/a>VENEZIA\u00a0<\/strong> Il dottor Roberto Rigoli, in relazione alle indiscrezioni\u00a0 relative al coordinamento delle microbiologie del Veneto, precisa quanto segue: <em>\u201cHo letto con un certo stupore le dichiarazioni\u00a0 del Professor Crisanti il quale, peraltro, commenta un\u2019investitura del laboratorio di microbiologia di Treviso come riferimento regionale che, sinceramente non mi risulta. A quanto mi \u00e8 dato conoscere (pur non avendo la sfera di cristallo e pur non avendo letto il Piano Sanitario per l\u2019autunno) il laboratorio di Padova rimarr\u00e0 centro di riferimento regionale per la processazione dei tamponi. Il coordinamento dei 14 laboratori di microbiologia del Veneto, quello che ho definito con un sorriso \u201cla manovalanza da laboratorio\u201d, \u00e8 sempre stato, in realt\u00e0, in capo alla microbiologia di Treviso, da me retto anche in considerazione del mio incarico di vicepresidente nazionale delle microbiologie e del fatto che, durante l\u2019emergenza coronavirus, ho partecipato a tutte le oltre 140 riunioni quotidiane sul covid-19 con il direttori generali della sanit\u00e0 veneta. Ma a prescindere da questo, ancora una volta non bisogna dimenticare che il vero valore aggiunto \u00e8 il fatto che lavoriamo in pieno spirito di squadra tra tutte le 14 microbiologie del Veneto. Se il laboratorio di riferimento regionale rester\u00e0 quello dell\u2019Azienda Ospedaliera di Padova, ci\u00f2 non deve tuttavia impedire che, se qualcuno raggiunge risultati importanti con la propria attivit\u00e0, tali risultati debbano essere silenziati. Il laboratorio di microbiologia di Treviso, da me diretto ma composto da una squadra di grandi professionisti che remano tutti nella stessa direzione, ha avviato il sistema di processazione dei tamponi in pooling , quello che consente (i colleghi non me ne vogliano) di processare cinque o pi\u00f9 tamponi, moltiplicando il potenziale di screening; ha testato per primo i test rapidi coreani, oggi oggetto di validazione dal centro di riferimento nazionale dello Spallanzani di Roma. Se queste vengono considerate colpe, non resta che prenderne atto, con un sorriso e molta serenit\u00e0. Ma nessuno dimentichi che stiamo parlando della salute dei cittadini e non di progeniture di qualsivoglia genere che, per quanto mi riguarda, non sono assolutamente un problema di tipo personale n\u00e9 tanto meno carrieristico\u201d.<\/em><\/p>\n<p>&nbsp;<\/p>\n<hr \/>\n<h3><\/h3>\n<h2>BELLUNO AGGIORNAMENTO ULSS1<\/h2>\n<p align=\"CENTER\"><span style=\"font-size: large;\"><b>Emergenza COVID<\/b><\/span><\/p>\n<p align=\"JUSTIFY\">Belluno. Le ultime 2 giornate di lavoro analitico non hanno messo in evidenza alcuna nuova positivit\u00e0 al Sars cov 2.<\/p>\n<p align=\"JUSTIFY\">Nel primo pomeriggio di oggi \u00e8 pervenuta la conferma di negativit\u00e0 per i quattro operatori di un\u2019azienda del territorio segnalati come sospetti positivi dal medico aziendale a seguito di controlli di routine. Vengono quindi chiusi i provvedimenti cautelativi adottati in prima istanza.<\/p>\n<h2><\/h2>\n<hr \/>\n<p><a class=\"dt-pswp-item\" href=\"https:\/\/www.radiopiu.net\/wordpress\/wp-content\/uploads\/2020\/08\/30138969-9848-461d-b517-a778866dec9f.jpg\" data-dt-img-description=\"\" data-large_image_width=\"480\" data-large_image_height=\"335\"><img loading=\"lazy\" decoding=\"async\" class=\"alignnone wp-image-153116 size-full\" src=\"https:\/\/www.radiopiu.net\/wordpress\/wp-content\/uploads\/2020\/08\/30138969-9848-461d-b517-a778866dec9f.jpg\" alt=\"\" width=\"480\" height=\"335\" srcset=\"https:\/\/www.radiopiu.net\/wordpress\/wp-content\/uploads\/2020\/08\/30138969-9848-461d-b517-a778866dec9f.jpg 480w, https:\/\/www.radiopiu.net\/wordpress\/wp-content\/uploads\/2020\/08\/30138969-9848-461d-b517-a778866dec9f-300x209.jpg 300w\" sizes=\"auto, (max-width: 480px) 100vw, 480px\" \/><\/a><\/p>\n<h2><strong>\u00a0\u00a0<\/strong><\/h2>\n<div class=\"page-title-head hgroup\">\n<blockquote>\n<h3 class=\"entry-title\">CON IL FINE SETTIMANA RALLENTA LA CONTA DEI POSITIVI, ALTRI 2 DECESSI NELLE 24 ORE. AGGIORNAMENTO COVID BELLUNO ZERO POSITIVI IN 48 ORE<\/h3>\n<\/blockquote>\n<\/div>\n<div class=\"page-title-breadcrumbs\">\n<p>di Mirko Mezzacasa<\/p>\n<\/div>\n<div>Il presidente Zaia torna in conferenza stampa a Marghera ma i numeri dei &#8220;seguaci&#8221; calano drasticamente, i no vax non condividono la sua linea e i commenti &#8220;Zaia con questo gioco ti giochi i voti&#8221; non sono mancati. Infatti l&#8217;ospite che ha parlato dei vaccini italiani non \u00e8 stato da tutti apprezzato. La sperimentazione coinvolte non solo lo Spallanzani di Roma ma anche il Veneto con l&#8217;Universit\u00e0 di Verona. A Marghera a presentare il progetto c&#8217;era il professor Pier Francesco Nocini con i luminari Stefano Milleri e Oliviero Olivieri. Saranno arruolati 90 volontari sani, 70 a Verona e 20 a Roma (che saranno rimborsati), l&#8217;inizio dopo ferragosto e durer\u00e0 sei mesi quindi entro la fine dell&#8217;anno si conosceranno i risultati. La prima sperimentazione su animali (topi) prosegue da 8 mesi con buoni esiti. Ieri altri 18 positivi, sale il numero degli attualmente positivi (1057) ma anche dei guariti-negativizzati (17.108), anche ieri 2 decessi e un ricovero in pi\u00f9 in terapia intensiva mentre in area non critica i pazienti scendono a 112 e 85 di loro non sono positivi. Sono 21 i pazienti negli ospedali di comunit\u00e0.<\/div>\n<h2><\/h2>\n<h2><strong>ULTIME 24 ORE<\/strong><\/h2>\n<p><strong>I NUMERI\u00a0 IN VENETO:<\/strong> TOTALE POSITIVI \u00a020242 (+18)\u00a0 ATTUALMENTE POSITIVI 1057 1045 (+12)\u00a0 DECESSI\u00a0 2077 (2) NEGATIVIZZATI 17108 (+4) RICOVERATI\u00a0 112 (-2 \u2013 27 POSITIVI 85 NEGATIVIZZATI), NEGLI OSPEDALI DI COMUNITA\u2019 RICOVERATI 20 (0 \u2013 5 POSITIVI,\u00a0 15 NEGATIVIZZATI), IN TERAPIA INTENSIVA 8 (+1 \u2013 5 POSITIVI, \u00a03 NEGATIVIZZATI). DIMESSI 3767 (+1) NEGLI OSPEDALI AREA NON CRITICA 320 (0) \u00a0<strong>I NUMERI IN PROVINCIA:<\/strong> TOTALE CONTAGI 1212 (0) , ATTUALMENTE POSITIVI 14 (-1) , DECEDUTI 113 (0), NEGATIVIZZATI 1085\u00a0 (+1) RICOVERATI IN OSPEDALE AL SAN MARTINO 0<\/p>\n<p>&nbsp;<\/p>\n<p>&nbsp;<\/p>\n<hr \/>\n<p>&nbsp;<\/p>\n<blockquote class=\"wp-embedded-content\" data-secret=\"5JBPRgXCiI\"><p><a href=\"https:\/\/www.radiopiu.net\/wordpress\/03-agosto\/\">CORONAVIRUS: AGGIORNAMENTO NAZIONALE 02 AGOSTO<\/a><\/p><\/blockquote>\n<p><iframe loading=\"lazy\" class=\"wp-embedded-content\" sandbox=\"allow-scripts\" security=\"restricted\" style=\"position: absolute; clip: rect(1px, 1px, 1px, 1px);\" title=\"&#8220;CORONAVIRUS: AGGIORNAMENTO NAZIONALE 02 AGOSTO&#8221; &#8212; Radio Pi\u00f9\" src=\"https:\/\/www.radiopiu.net\/wordpress\/03-agosto\/embed\/#?secret=5JBPRgXCiI\" data-secret=\"5JBPRgXCiI\" width=\"600\" height=\"338\" frameborder=\"0\" marginwidth=\"0\" marginheight=\"0\" scrolling=\"no\"><\/iframe><\/p>\n<hr \/>\n<p>&nbsp;<\/p>\n<p>&nbsp;<\/p>\n<blockquote class=\"wp-embedded-content\" data-secret=\"s0v2N9AKiY\"><p><a href=\"https:\/\/www.radiopiu.net\/wordpress\/03-agosto-2\/\">CON IL FINE SETTIMANA RALLENTA LA CONTA DEI POSITIVI, ALTRI 2 DECESSI NELLE 24 ORE. AGGIORNAMENTO COVID BELLUNO ZERO POSITIVI IN 48 ORE<\/a><\/p><\/blockquote>\n<p><iframe loading=\"lazy\" class=\"wp-embedded-content\" sandbox=\"allow-scripts\" security=\"restricted\" style=\"position: absolute; clip: rect(1px, 1px, 1px, 1px);\" title=\"&#8220;CON IL FINE SETTIMANA RALLENTA LA CONTA DEI POSITIVI, ALTRI 2 DECESSI NELLE 24 ORE. AGGIORNAMENTO COVID BELLUNO ZERO POSITIVI IN 48 ORE&#8221; &#8212; Radio Pi\u00f9\" src=\"https:\/\/www.radiopiu.net\/wordpress\/03-agosto-2\/embed\/#?secret=s0v2N9AKiY\" data-secret=\"s0v2N9AKiY\" width=\"600\" height=\"338\" frameborder=\"0\" marginwidth=\"0\" marginheight=\"0\" scrolling=\"no\"><\/iframe><\/p>\n<p>&nbsp;<\/p>\n<p>&nbsp;<\/p>\n<p>&nbsp;<\/p>\n<hr \/>\n<p>&nbsp;<\/p>\n<p>&nbsp;<\/p>\n<p><strong><a class=\"dt-pswp-item\" href=\"https:\/\/www.radiopiu.net\/wordpress\/wp-content\/uploads\/2015\/07\/Candaten4-800.jpg\" data-dt-img-description=\"\" data-large_image_width=\"800\" data-large_image_height=\"600\"><img loading=\"lazy\" decoding=\"async\" class=\"wp-image-8542 alignleft\" src=\"https:\/\/www.radiopiu.net\/wordpress\/wp-content\/uploads\/2015\/07\/Candaten4-800-300x225.jpg\" alt=\"\" width=\"151\" height=\"113\" \/><\/a>AGORDO<\/strong>\u00a0 Ad Agordo Proloco apre il punto informazioni Candaten.<\/p>\n<p><strong>DI GIANNI SANTOMASO\u00a0<\/strong><\/p>\n<audio class=\"wp-audio-shortcode\" id=\"audio-152966-5\" preload=\"none\" style=\"width: 100%;\" controls=\"controls\"><source type=\"audio\/mpeg\" src=\"https:\/\/www.radiopiu.net\/wordpress\/wp-content\/uploads\/2020\/08\/AGORDO-PROLOCO-GIANNI.mp3?_=5\" \/><a href=\"https:\/\/www.radiopiu.net\/wordpress\/wp-content\/uploads\/2020\/08\/AGORDO-PROLOCO-GIANNI.mp3\">https:\/\/www.radiopiu.net\/wordpress\/wp-content\/uploads\/2020\/08\/AGORDO-PROLOCO-GIANNI.mp3<\/a><\/audio>\n<blockquote><p>&nbsp;<\/p>\n<p>&nbsp;<\/p><\/blockquote>\n<hr \/>\n<p>&nbsp;<\/p>\n<blockquote>\n<h3>LA CONSEGNA DELLE BORSE DI STUDIO<\/h3>\n<\/blockquote>\n<p><strong><a class=\"dt-pswp-item\" href=\"https:\/\/www.radiopiu.net\/wordpress\/wp-content\/uploads\/2018\/03\/220px-Municipio_Santa_Giustina.jpg\" data-dt-img-description=\"\" data-large_image_width=\"220\" data-large_image_height=\"165\"><img loading=\"lazy\" decoding=\"async\" class=\"wp-image-44829 alignleft\" src=\"https:\/\/www.radiopiu.net\/wordpress\/wp-content\/uploads\/2018\/03\/220px-Municipio_Santa_Giustina.jpg\" alt=\"\" width=\"143\" height=\"107\" \/><\/a>\u00a0SANTA GIUSTINA<\/strong> Questa sera la consegna della borse di studio nel ricordo di Andrea Perot, ospite l&#8217;ingegner Marco Poloniato<\/p>\n<p><strong>DI DAMIANO TORMEN\u00a0<\/strong><\/p>\n<audio class=\"wp-audio-shortcode\" id=\"audio-152966-6\" preload=\"none\" style=\"width: 100%;\" controls=\"controls\"><source type=\"audio\/mpeg\" src=\"https:\/\/www.radiopiu.net\/wordpress\/wp-content\/uploads\/2020\/08\/DAMIANO-DOPPIO.mp3?_=6\" \/><a href=\"https:\/\/www.radiopiu.net\/wordpress\/wp-content\/uploads\/2020\/08\/DAMIANO-DOPPIO.mp3\">https:\/\/www.radiopiu.net\/wordpress\/wp-content\/uploads\/2020\/08\/DAMIANO-DOPPIO.mp3<\/a><\/audio>\n<p>&nbsp;<\/p>\n<p>&nbsp;<\/p>\n<hr \/>\n<p>&nbsp;<\/p>\n<blockquote>\n<h3>IMPARANDO AD ESSERE CITTADINI MODELLO<\/h3>\n<\/blockquote>\n<p><strong><a class=\"dt-pswp-item\" href=\"https:\/\/www.radiopiu.net\/wordpress\/wp-content\/uploads\/2019\/11\/LIMANA.jpg\" data-dt-img-description=\"\" data-large_image_width=\"367\" data-large_image_height=\"206\"><img loading=\"lazy\" decoding=\"async\" class=\"wp-image-105869 alignleft\" src=\"https:\/\/www.radiopiu.net\/wordpress\/wp-content\/uploads\/2019\/11\/LIMANA-300x168.jpg\" alt=\"\" width=\"170\" height=\"95\" srcset=\"https:\/\/www.radiopiu.net\/wordpress\/wp-content\/uploads\/2019\/11\/LIMANA-300x168.jpg 300w, https:\/\/www.radiopiu.net\/wordpress\/wp-content\/uploads\/2019\/11\/LIMANA.jpg 367w\" sizes=\"auto, (max-width: 170px) 100vw, 170px\" \/><\/a>\u00a0LIMANA<\/strong> I ragazzi spendono le loro vacanze estive rendendosi utili alla comunit\u00e0<\/p>\n<p><strong>DI DAMIANO TORMEN<\/strong><\/p>\n<audio class=\"wp-audio-shortcode\" id=\"audio-152966-7\" preload=\"none\" style=\"width: 100%;\" controls=\"controls\"><source type=\"audio\/mpeg\" src=\"https:\/\/www.radiopiu.net\/wordpress\/wp-content\/uploads\/2020\/08\/DAMIANO-CONTINUA.mp3?_=7\" \/><a href=\"https:\/\/www.radiopiu.net\/wordpress\/wp-content\/uploads\/2020\/08\/DAMIANO-CONTINUA.mp3\">https:\/\/www.radiopiu.net\/wordpress\/wp-content\/uploads\/2020\/08\/DAMIANO-CONTINUA.mp3<\/a><\/audio>\n<blockquote><p>&nbsp;<\/p>\n<p>&nbsp;<\/p><\/blockquote>\n<hr \/>\n<blockquote>\n<h3>PREMIO DORIGO, 2020. SVELATI I VINCITORI<\/h3>\n<\/blockquote>\n<p><strong><a class=\"dt-pswp-item\" href=\"https:\/\/www.radiopiu.net\/wordpress\/wp-content\/uploads\/2020\/08\/Premio-Dorigo-2020.-I-vincitori.jpg\" data-dt-img-description=\"\" data-large_image_width=\"1984\" data-large_image_height=\"1488\"><img loading=\"lazy\" decoding=\"async\" class=\"size-medium wp-image-153013 alignleft\" src=\"https:\/\/www.radiopiu.net\/wordpress\/wp-content\/uploads\/2020\/08\/Premio-Dorigo-2020.-I-vincitori-300x225.jpg\" alt=\"\" width=\"300\" height=\"225\" srcset=\"https:\/\/www.radiopiu.net\/wordpress\/wp-content\/uploads\/2020\/08\/Premio-Dorigo-2020.-I-vincitori-300x225.jpg 300w, https:\/\/www.radiopiu.net\/wordpress\/wp-content\/uploads\/2020\/08\/Premio-Dorigo-2020.-I-vincitori-1024x768.jpg 1024w, https:\/\/www.radiopiu.net\/wordpress\/wp-content\/uploads\/2020\/08\/Premio-Dorigo-2020.-I-vincitori-768x576.jpg 768w, https:\/\/www.radiopiu.net\/wordpress\/wp-content\/uploads\/2020\/08\/Premio-Dorigo-2020.-I-vincitori-1536x1152.jpg 1536w, https:\/\/www.radiopiu.net\/wordpress\/wp-content\/uploads\/2020\/08\/Premio-Dorigo-2020.-I-vincitori.jpg 1984w\" sizes=\"auto, (max-width: 300px) 100vw, 300px\" \/><\/a>BELLUNO <\/strong>Svelati i risultati della quarta edizione del Concorso nazionale di poesia \u201cPremio Maurizio Dorigo\u201d a tema \u201cLa tua terra e chi la abita\u201d. All&#8217;Unpli Belluno, che ide\u00f2 il premio nel 2013, si sono uniti oggi il Csv Belluno\/Comitato d&#8217;intesa con l&#8217;obiettivo di ricordare un\u2019importante figura, quella dell&#8217;indimenticato Maurizio Dorigo, giornalista, che ha conosciuto entrambe le realt\u00e0: \u00e8 stato infatti responsabile dell&#8217;ufficio stampa del Csv Belluno e direttore del periodico \u201cPro Loco Bellunesi\u201d, scomparso nel 2013 quando venne presentata la prima edizione.\u00a0Proseguito sino al 2015, il premio aveva visto un&#8217;interruzione prima di tornare quest&#8217;anno in una nuova veste, avvalendosi anche di importanti collaborazioni e patrocini: quelle di<span class=\"Apple-converted-space\">\u00a0 <\/span>Unpli Veneto, Csv net, Amici delle scuole in rete.\u00a0Si richiedeva di inviare una poesia sul tema \u201cLa tua terra e chi la abita\u201d, raccontando il proprio territorio con la pi\u00f9 ampia libert\u00e0 di pensiero. La premiazione si \u00e8 svolta domenica 2 agosto nell&#8217;ambito dell&#8217;assemblea provinciale delle Pro loco bellunesi.\u00a0Tre le sezioni in gara: quella generica aperta ai singoli e due per le scuole (secondaria di primo grado e secondaria di secondo grado).\u00a0A trionfare Massimo Celegato di Vicenza con la poesia \u201cLa terra che tu mi desti\u201d, seguito da Simone Censi di Corridonia (Macerata) con \u201cEvo\u201d e da Gloria Venturini di Lendinara (Rovigo) con \u201cMalinconie\u201d. Segnalazione speciale della giuria per Vellise Pilotti di Santa Giustina con \u201c9 ottobre 1963\u201d. Miglior lavoro di gruppo di una scuola secondaria di primo grado alla classe IIIC della scuola &#8220;Sebastiano Ricci&#8221; di Belluno seguita dalla professoressa Nadia Tatonetti; tra le poesie degli alunni, in particolare, \u00e8 stata segnalata \u201cCaleidoscopio\u201d di Federica Lovat. Miglior lavoro di gruppo di una secondaria di secondo grado al laboratorio di poesia del Liceo \u201cGiovanni Cotta&#8221; di Legnago (Verona) seguito dal professor Stefano Vicentini e, segnalato tra questi, il componimento \u201cCasa\u201d di Laura Nortilli della classe 5^ indirizzo linguistico. <a class=\"dt-pswp-item\" href=\"https:\/\/www.radiopiu.net\/wordpress\/wp-content\/uploads\/2020\/08\/Premio-Dorigo-2020.-Premiati-staff-e-giuria.jpg\" data-dt-img-description=\"\" data-large_image_width=\"1984\" data-large_image_height=\"1488\"><img loading=\"lazy\" decoding=\"async\" class=\"size-medium wp-image-153014 alignright\" src=\"https:\/\/www.radiopiu.net\/wordpress\/wp-content\/uploads\/2020\/08\/Premio-Dorigo-2020.-Premiati-staff-e-giuria-300x225.jpg\" alt=\"\" width=\"300\" height=\"225\" srcset=\"https:\/\/www.radiopiu.net\/wordpress\/wp-content\/uploads\/2020\/08\/Premio-Dorigo-2020.-Premiati-staff-e-giuria-300x225.jpg 300w, https:\/\/www.radiopiu.net\/wordpress\/wp-content\/uploads\/2020\/08\/Premio-Dorigo-2020.-Premiati-staff-e-giuria-1024x768.jpg 1024w, https:\/\/www.radiopiu.net\/wordpress\/wp-content\/uploads\/2020\/08\/Premio-Dorigo-2020.-Premiati-staff-e-giuria-768x576.jpg 768w, https:\/\/www.radiopiu.net\/wordpress\/wp-content\/uploads\/2020\/08\/Premio-Dorigo-2020.-Premiati-staff-e-giuria-1536x1152.jpg 1536w, https:\/\/www.radiopiu.net\/wordpress\/wp-content\/uploads\/2020\/08\/Premio-Dorigo-2020.-Premiati-staff-e-giuria.jpg 1984w\" sizes=\"auto, (max-width: 300px) 100vw, 300px\" \/><\/a>Soddisfatti gli organizzatori, che hanno visto la partecipazione di ben 211 lavori nella sezione generica, e 30 per le scuole provenienti dall&#8217;intero territorio nazionale in maniera capillare.\u00a0La giuria era formata dal presidente Espedito Pagnussat (Unpli Belluno), primo ideatore del premio, e da Elisa Corr\u00e0 (Comitato d&#8217;intesa), Nicola De Toffol (Csv Belluno), Simona Raddi (famiglia Dorigo), Concetta Spadaro (Amici Scuole in rete), Federico Brancaleone (segretario non votante).\u00a0Come da regolamento il primo classificato ha ricevuto 150 euro in buoni libro 100 il secondo, 50 il terzo, 50 il segnalato; 200 a testa in buoni libri per le scuole oltre al libro-omaggio delle Pro loco \u201cRiflessioni d&#8217;alta quota\u201d.<\/p>\n<p>&nbsp;<\/p>\n<p>&nbsp;<\/p>\n<hr \/>\n<p>&nbsp;<\/p>\n<h2 style=\"text-align: center;\">\u201cLAVORI IN CORSO\u201d ALL\u2019ISTITUTO COMPRENSIVO DI MEL E LENTIAI<\/h2>\n<blockquote><p><em>\u00a0l\u2019istituto comprensivo di Mel e Lentiai spiega a genitori e alunni come ripartire tra Covid e trasloco.<\/em><\/p><\/blockquote>\n<p><strong>BORGO VALBELLUNA<\/strong> Lavori in corso \u00e8 la sezione presente nel sito dell\u2019Istituto Comprensivo di Mel e Lentiai dove genitori e alunni potranno trovare tutti gli interventi che la scuola, in stretta collaborazione con l\u2019Amministrazione Comunale, sta mettendo in campo per garantire il rientro in sicurezza a settembre. Due i filoni principali d\u2019intervento nei quali Istituzione scolastica ed Ente locale sono impegnati: la riorganizzazione degli spazi scuola in base al distanziamento dettato dall\u2019emergenza Covid e la gestione del trasloco in seguito alla demolizione del plesso della scuola secondaria di primo grado di Mel. L\u2019intervento edilizio di demolizione del vecchio fabbricato consentir\u00e0 la costruzione del nuovo plesso che ospiter\u00e0 materne e primarie di Mel. Si tratta di un intervento complesso che oggi determina la riorganizzazione degli spazi per circa 200 alunni, ma che poi permetter\u00e0 di avere spazi didattici innovativi per pi\u00f9 di 300 bambini. Innumerevoli sono i settori e gli ambiti messi a dura prova dal Covid-19, ma in particolare la scuola si \u00e8 vista impegnata su pi\u00f9 fronti: non solo l\u2019impegnativo fare lezione a distanza, ma in alcuni casi il dover rintracciare ragazzi e famiglie, il fornire loro mezzi nel tentativo di tenere le classi unite almeno in modo virtuale; il tutto in un contesto digitale inadeguato e con la netta sensazione che la chiusura della scuola sia stata vissuta dalla politica come un effetto collaterale trascurabile a confronto dell\u2019emergenza sanitaria ed economica. Tutti i dettagli riguardo gli interventi attuali sono disponibili nel sito dell\u2019istituto alla pagina https:\/\/www.comprensivomel.it\/lavori-in-corso, mentre tutti gli interventi effettuati durante la fase di lockdown sono descritti alla pagina https:\/\/www.comprensivomel.it\/offerta-formativa\/didattica-a-distanza<\/p>\n\n\t\t\t<style type='text\/css'>\n\t\t\t\t#gallery-3 {\n\t\t\t\t\tmargin: auto;\n\t\t\t\t}\n\t\t\t\t#gallery-3 .gallery-item {\n\t\t\t\t\tfloat: left;\n\t\t\t\t\tmargin-top: 10px;\n\t\t\t\t\ttext-align: center;\n\t\t\t\t\twidth: 33%;\n\t\t\t\t}\n\t\t\t\t#gallery-3 img {\n\t\t\t\t\tborder: 2px solid #cfcfcf;\n\t\t\t\t}\n\t\t\t\t#gallery-3 .gallery-caption {\n\t\t\t\t\tmargin-left: 0;\n\t\t\t\t}\n\t\t\t\t\/* see gallery_shortcode() in wp-includes\/media.php *\/\n\t\t\t<\/style>\n\t\t<div id='gallery-3' class='dt-gallery-container gallery galleryid-152966 gallery-columns-3 gallery-size-thumbnail'><dl class='gallery-item'>\n\t\t\t\t<dt class='gallery-icon landscape'>\n\t\t\t\t\t<a class=\"rollover rollover-zoom dt-pswp-item\" title=\"aedeguamenti nuova sede secondaria\" data-dt-img-description=\"\" data-large_image_width=\"2560\" data-large_image_height=\"1912\"href='https:\/\/www.radiopiu.net\/wordpress\/wp-content\/uploads\/2020\/08\/aedeguamenti-nuova-sede-secondaria-scaled.jpg'><img loading=\"lazy\" decoding=\"async\" width=\"150\" height=\"150\" src=\"https:\/\/www.radiopiu.net\/wordpress\/wp-content\/uploads\/2020\/08\/aedeguamenti-nuova-sede-secondaria-150x150.jpg\" class=\"attachment-thumbnail size-thumbnail\" alt=\"\" \/><\/a>\n\t\t\t\t<\/dt><\/dl><dl class='gallery-item'>\n\t\t\t\t<dt class='gallery-icon landscape'>\n\t\t\t\t\t<a class=\"rollover rollover-zoom dt-pswp-item\" title=\"adeguamenti parcheggi secondaria mel\" data-dt-img-description=\"\" data-large_image_width=\"1600\" data-large_image_height=\"1201\"href='https:\/\/www.radiopiu.net\/wordpress\/wp-content\/uploads\/2020\/08\/adeguamenti-parcheggi-secondaria-mel.jpg'><img loading=\"lazy\" decoding=\"async\" width=\"150\" height=\"150\" src=\"https:\/\/www.radiopiu.net\/wordpress\/wp-content\/uploads\/2020\/08\/adeguamenti-parcheggi-secondaria-mel-150x150.jpg\" class=\"attachment-thumbnail size-thumbnail\" alt=\"\" \/><\/a>\n\t\t\t\t<\/dt><\/dl><dl class='gallery-item'>\n\t\t\t\t<dt class='gallery-icon landscape'>\n\t\t\t\t\t<a class=\"rollover rollover-zoom dt-pswp-item\" title=\"adeguamenti parcheggi secondaria\" data-dt-img-description=\"\" data-large_image_width=\"2560\" data-large_image_height=\"1912\"href='https:\/\/www.radiopiu.net\/wordpress\/wp-content\/uploads\/2020\/08\/adeguamenti-parcheggi-secondaria-scaled.jpg'><img loading=\"lazy\" decoding=\"async\" width=\"150\" height=\"150\" src=\"https:\/\/www.radiopiu.net\/wordpress\/wp-content\/uploads\/2020\/08\/adeguamenti-parcheggi-secondaria-150x150.jpg\" class=\"attachment-thumbnail size-thumbnail\" alt=\"\" \/><\/a>\n\t\t\t\t<\/dt><\/dl><br style=\"clear: both\" \/>\n\t\t\t<\/div>\n\n<p>&nbsp;<\/p>\n<p>&nbsp;<\/p>\n<hr \/>\n<p>&nbsp;<\/p>\n<blockquote>\n<h3>LE BORSE DI STUDIO IN RICORDO DI FALCO<\/h3>\n<\/blockquote>\n<p><strong><a class=\"dt-pswp-item\" href=\"https:\/\/www.radiopiu.net\/wordpress\/wp-content\/uploads\/2020\/08\/Foto-consegna-ricavato-libro-nel-2019.jpg\" data-dt-img-description=\"\" data-large_image_width=\"1600\" data-large_image_height=\"984\"><img loading=\"lazy\" decoding=\"async\" class=\"size-medium wp-image-153036 alignleft\" src=\"https:\/\/www.radiopiu.net\/wordpress\/wp-content\/uploads\/2020\/08\/Foto-consegna-ricavato-libro-nel-2019-300x185.jpg\" alt=\"\" width=\"300\" height=\"185\" srcset=\"https:\/\/www.radiopiu.net\/wordpress\/wp-content\/uploads\/2020\/08\/Foto-consegna-ricavato-libro-nel-2019-300x185.jpg 300w, https:\/\/www.radiopiu.net\/wordpress\/wp-content\/uploads\/2020\/08\/Foto-consegna-ricavato-libro-nel-2019-1024x630.jpg 1024w, https:\/\/www.radiopiu.net\/wordpress\/wp-content\/uploads\/2020\/08\/Foto-consegna-ricavato-libro-nel-2019-768x472.jpg 768w, https:\/\/www.radiopiu.net\/wordpress\/wp-content\/uploads\/2020\/08\/Foto-consegna-ricavato-libro-nel-2019-1536x945.jpg 1536w, https:\/\/www.radiopiu.net\/wordpress\/wp-content\/uploads\/2020\/08\/Foto-consegna-ricavato-libro-nel-2019.jpg 1600w\" sizes=\"auto, (max-width: 300px) 100vw, 300px\" \/><\/a>BELLUNO\u00a0<\/strong>Per ricordare gli amici Dario<i>, <\/i>Fabrizio<i>, <\/i>Marco e Stefano.<i> <\/i>Dolomiti Emergency Onlus, in collaborazione con il Suem 118 di Pieve di Cadore e il Corpo Nazionale Alpino e Speleologico \u2013 2^ Zona Delegazione Dolomiti Bellunesi, ha deciso di intitolare due borse di studio alla memoria dell\u2019equipaggio di Falco, a 11 anni dalla tragedia: era il primo pomeriggio del 22 agosto del 2009 quando l\u2019elicottero, nel corso di una ricognizione su di una frana creatasi a seguito di violente precipitazioni abbattutesi a Rio Gere, si schiant\u00f2 tra le rocce dopo aver urtato i cavi di una linea di media tensione. Morirono sul colpo Dario De Felip, 49 anni, pilota della ditta Inaer; Fabrizio Spaziani, 46 anni, medico del Suem 118, direttore della Scuola sanitaria del Soccorso alpino, volontario della Stazione Cnsas di Pieve di Cadore; Marco Zago, 42 anni, tecnico di bordo dell\u2019Inaer e tecnico del Soccorso alpino della stazione Cnsas di Belluno; Stefano Da Forno, 40 anni, tecnico di elisoccorso, direttore della Scuola regionale del Soccorso alpino e tecnico della stazione Cnsas di Feltre.\u00a0\u00ab<em>Il riconoscente ricordo di Dario, Fabrizio, Marco e Stefano \u00e8 pi\u00f9 che mai vivo in tutti noi\u00bb, sottolinea Laura Menegus, presidente di Dolomiti Emergency. \u00abL\u2019idea di una borsa di studio rivolta a laureandi e dottorandi che vogliano avvicinarsi al mondo dell\u2019elisoccorso e al Soccorso Alpino \u00e8 stata di Fabio Bristot \u201cRufus\u201d che, con Katia Tormen, ha scritto il racconto \u201cFalco I-Rems\u201d<\/em>\u00bb. Tormen e Bristot hanno devoluto a Dolomiti Emergency il ricavato del loro libro: un importo di 1.000 euro, a cui la Onlus presieduta da Menegus ne ha aggiunti altri 1.000, bandendo poi un concorso per l\u2019assegnazione di n. 2 borse di studio a favore di laureati, studiosi, studenti, ricercatori degli Atenei italiani.\u00a0Il premio \u00e8 riservato a quanti abbiano conseguito presso un qualsiasi Ateneo presente sul territorio italiano, con una tesi sull\u2019argomento sulla soluzione alla problematica degli ostacoli al volo per la navigazione aerea anche a bassa quota, il titolo di studio: in uno dei corsi di laurea magistrali e magistrali a ciclo unico; in un dottorato di ricerca; in un master post laurea. In particolare, verranno informate: le Facolt\u00e0 di Giurisprudenza che prevedono il corso di studi di diritto aeronautico o di diritto della navigazione; le Facolt\u00e0 di Ingegneria aero-spaziale, meccanica, delle costruzioni; elettrotecnica; informatica.<span class=\"Apple-converted-space\">\u00a0\u00a0<\/span>\u00ab<em>L\u2019argomento dell\u2019elisoccorso e degli ostacoli al volo fa da filo conduttore al libro \u201cFalco I-Rems\u201d, esplicitamente collegato a quanto accaduto alle pendici del Monte Cristallo\u00bb, ricorda Menegus. \u00abIl problema degli ostacoli al volo alla navigazione aerea \u00e8 causa e intimo motivo per cui Tormen e Bristot hanno scritto il libro. E come Dolomiti Emergency siamo molto impegnati su questo fronte: basti ricordare che nel novembre 2018 abbiamo organizzato un convegno a Roma, alla Camera dei deputati, per fare appello alla politica affinch\u00e9 si arrivi alla promulgazione di una legge a livello nazional<\/em>e\u00bb.\u00a0La domanda di partecipazione al concorso deve essere trasmessa, a pena di esclusione,entro le ore 12.00 del 31 luglio 2021 a mezzo pec a <a href=\"mailto:dolomitiemergency@pec.it\">dolomitiemergency@pec.it<\/a>. L\u2019importo del premio \u00e8 di 1.000 euro per ciascuna borsa di studio. Il premio sar\u00e0 assegnato in base al giudizio insindacabile espresso da una commissione composta da almeno tre membri e nominata dal Consiglio Direttivo di Dolomiti Emergency Onlus allo scadere della presentazione delle domande. Le\/I candidate\/i vincitrici\/vincitori riceveranno comunicazione a mezzo di posta elettronica, all\u2019indirizzo indicato nella domanda di partecipazione, del conferimento del premio e dell\u2019eventuale data della cerimonia di consegna, alla quale sono tenute\/i a partecipare.\u00a0L\u2019esito della selezione sar\u00e0 anche pubblicato sul sito web di Dolomiti Emergency Onlus. Sempre sul sito della Onlus (<a href=\"http:\/\/dolomitiemergency.it\">http:\/\/dolomitiemergency.it<\/a>) \u00e8 disponibile il bando con tutte le indicazioni e l\u2019elenco della documentazione necessaria per partecipare.<span class=\"Apple-converted-space\">\u00a0<\/span><\/p>\n<p>&nbsp;<\/p>\n<p>&nbsp;<\/p>\n<hr \/>\n<p>&nbsp;<\/p>\n<blockquote>\n<h3>VENERDI PROSSIMO A CENCENIGHE CLAUDIO PRA ILLUSTRA LA COMETA NEOWISE<\/h3>\n<\/blockquote>\n<p><a class=\"dt-pswp-item\" href=\"https:\/\/www.radiopiu.net\/wordpress\/wp-content\/uploads\/2020\/08\/NEOWISE-CLAUDIO-PRA.jpg\" data-dt-img-description=\"\" data-large_image_width=\"1579\" data-large_image_height=\"1112\"><img loading=\"lazy\" decoding=\"async\" class=\"size-medium wp-image-152975 alignleft\" src=\"https:\/\/www.radiopiu.net\/wordpress\/wp-content\/uploads\/2020\/08\/NEOWISE-CLAUDIO-PRA-300x211.jpg\" alt=\"\" width=\"300\" height=\"211\" srcset=\"https:\/\/www.radiopiu.net\/wordpress\/wp-content\/uploads\/2020\/08\/NEOWISE-CLAUDIO-PRA-300x211.jpg 300w, https:\/\/www.radiopiu.net\/wordpress\/wp-content\/uploads\/2020\/08\/NEOWISE-CLAUDIO-PRA-1024x721.jpg 1024w, https:\/\/www.radiopiu.net\/wordpress\/wp-content\/uploads\/2020\/08\/NEOWISE-CLAUDIO-PRA-768x541.jpg 768w, https:\/\/www.radiopiu.net\/wordpress\/wp-content\/uploads\/2020\/08\/NEOWISE-CLAUDIO-PRA-1536x1082.jpg 1536w, https:\/\/www.radiopiu.net\/wordpress\/wp-content\/uploads\/2020\/08\/NEOWISE-CLAUDIO-PRA.jpg 1579w\" sizes=\"auto, (max-width: 300px) 100vw, 300px\" \/><\/a><\/p>\n<p>&nbsp;<\/p>\n<p>&nbsp;<\/p>\n<p>&nbsp;<\/p>\n<p>&nbsp;<\/p>\n<p>&nbsp;<\/p>\n<p>&nbsp;<\/p>\n<p>di Claudio Pra<\/p>\n<audio class=\"wp-audio-shortcode\" id=\"audio-152966-8\" preload=\"none\" style=\"width: 100%;\" controls=\"controls\"><source type=\"audio\/mpeg\" src=\"https:\/\/www.radiopiu.net\/wordpress\/wp-content\/uploads\/2020\/08\/CLAUDIO-PRA-NEOWISE.mp3?_=8\" \/><a href=\"https:\/\/www.radiopiu.net\/wordpress\/wp-content\/uploads\/2020\/08\/CLAUDIO-PRA-NEOWISE.mp3\">https:\/\/www.radiopiu.net\/wordpress\/wp-content\/uploads\/2020\/08\/CLAUDIO-PRA-NEOWISE.mp3<\/a><\/audio>\n<p>&nbsp;<\/p>\n<p>&nbsp;<\/p>\n<hr \/>\n<p>&nbsp;<\/p>\n<blockquote>\n<h3>ANNULLATO IL GIRO DEL LAGO DI ALLEGHE<\/h3>\n<\/blockquote>\n<p><strong><a class=\"dt-pswp-item\" href=\"https:\/\/www.radiopiu.net\/wordpress\/wp-content\/uploads\/2018\/08\/giro-lago2.jpeg\" data-dt-img-description=\"\" data-large_image_width=\"558\" data-large_image_height=\"316\"><img loading=\"lazy\" decoding=\"async\" class=\"size-medium wp-image-57894 alignleft\" src=\"https:\/\/www.radiopiu.net\/wordpress\/wp-content\/uploads\/2018\/08\/giro-lago2-300x170.jpeg\" alt=\"\" width=\"300\" height=\"170\" srcset=\"https:\/\/www.radiopiu.net\/wordpress\/wp-content\/uploads\/2018\/08\/giro-lago2-300x170.jpeg 300w, https:\/\/www.radiopiu.net\/wordpress\/wp-content\/uploads\/2018\/08\/giro-lago2.jpeg 558w\" sizes=\"auto, (max-width: 300px) 100vw, 300px\" \/><\/a>ALLEGHE\u00a0<\/strong>Il Gruppo A.N.A. ALLEGHE &#8220;Monte Civetta&#8221; \u00e8 spiacente comunicare che il Consiglio Direttivo nell&#8217;ultima riunione di Gruppo ha deliberato la cancellazione del &#8220;GIRO DEL LAGO &#8211; 41^ EDIZIONE&#8221; in programma il 14 Agosto prossimo, a causa della pandemia di Codid-19 tuttora purtroppo ancora presente nel nostro Paese. Le stringenti regolamentazioni in vigore emanate dalle Autorit\u00e0 e non ultimo dalla nostra Sede Nazionale, non consentono l&#8217;effettuazione di un evento che richiama annualmente ad Alleghe migliaia di concorrenti, accompagnatori e turisti, con conseguenti inevitabili assembramenti. Diamo perci\u00f2 appuntamento a tutti, per l&#8217;effettuazione della &#8220;41 EDIZIONE DEL GIRO DEL LAGO&#8221;, al 14 agosto 2021, nella speranza che della pandemia rimanga solo un brutto ricordo e non pi\u00f9.<\/p>\n<p>&nbsp;<\/p>\n<p>&nbsp;<\/p>\n<hr \/>\n<p>&nbsp;<\/p>\n<blockquote>\n<h3>ESCURSIONE SUL SENTIERO DEI FOJAROI<\/h3>\n<\/blockquote>\n<p><strong><a class=\"dt-pswp-item\" href=\"https:\/\/www.radiopiu.net\/wordpress\/wp-content\/uploads\/2020\/08\/P1130492-scaled.jpg\" data-dt-img-description=\"\" data-large_image_width=\"2560\" data-large_image_height=\"1920\"><img loading=\"lazy\" decoding=\"async\" class=\"size-medium wp-image-153000 alignleft\" src=\"https:\/\/www.radiopiu.net\/wordpress\/wp-content\/uploads\/2020\/08\/P1130492-300x225.jpg\" alt=\"\" width=\"300\" height=\"225\" srcset=\"https:\/\/www.radiopiu.net\/wordpress\/wp-content\/uploads\/2020\/08\/P1130492-300x225.jpg 300w, https:\/\/www.radiopiu.net\/wordpress\/wp-content\/uploads\/2020\/08\/P1130492-1024x768.jpg 1024w, https:\/\/www.radiopiu.net\/wordpress\/wp-content\/uploads\/2020\/08\/P1130492-768x576.jpg 768w, https:\/\/www.radiopiu.net\/wordpress\/wp-content\/uploads\/2020\/08\/P1130492-1536x1152.jpg 1536w, https:\/\/www.radiopiu.net\/wordpress\/wp-content\/uploads\/2020\/08\/P1130492-2048x1536.jpg 2048w\" sizes=\"auto, (max-width: 300px) 100vw, 300px\" \/><\/a>BELLUNO\u00a0<\/strong>I fojaroi sono casolari con il tetto fatto di fascine di rami e foglie di faggio. Costituiscono un capolavoro di biotecnologia, del tutto originale, frutto dell\u2019ingegno dei pastori della Valle di Seren del Grappa. Ne esistono ancora pochi esemplari, alcuni dei quali potranno essere visitati nel corso di un\u2019escursione di circa 7 km e 400 m dislivello, organizzata dal Comune di Limana e Comitato di Valmorel e condotta da Anacleto Boranga, divulgatore e guida naturalistica ed ambientale. Verranno osservati pure vari interessanti aspetti riguardanti il modo di vivere, di abitare e di lavorare di un tempo. La partecipazione, prevede un contributo di partecipazione da versare alla partenza. Il gruppo non sar\u00e0 numeroso. Prenotazione obbligatoria ai nn 347 7619696 \u2013335 7291783 339 7003364 Ritrovo alle ore 8,00 di domenica 9 agosto al parcheggio antistante la scuola elementare di Limana.<\/p>\n<p>&nbsp;<\/p>\n<p>&nbsp;<\/p>\n<hr \/>\n<p>&nbsp;<\/p>\n<blockquote>\n<h3>MOSTRA DI SAVINO CONEDERA AL CAFFE&#8217; MINIERE DI AGORDO<\/h3>\n<\/blockquote>\n<p><strong><a class=\"dt-pswp-item\" href=\"https:\/\/www.radiopiu.net\/wordpress\/wp-content\/uploads\/2020\/08\/12f1d505-5668-42b8-8ad2-5336c07a910e.jpg\" data-dt-img-description=\"\" data-large_image_width=\"1352\" data-large_image_height=\"1040\"><img loading=\"lazy\" decoding=\"async\" class=\" wp-image-153010 alignleft\" src=\"https:\/\/www.radiopiu.net\/wordpress\/wp-content\/uploads\/2020\/08\/12f1d505-5668-42b8-8ad2-5336c07a910e-300x231.jpg\" alt=\"\" width=\"144\" height=\"111\" srcset=\"https:\/\/www.radiopiu.net\/wordpress\/wp-content\/uploads\/2020\/08\/12f1d505-5668-42b8-8ad2-5336c07a910e-300x231.jpg 300w, https:\/\/www.radiopiu.net\/wordpress\/wp-content\/uploads\/2020\/08\/12f1d505-5668-42b8-8ad2-5336c07a910e-1024x788.jpg 1024w, https:\/\/www.radiopiu.net\/wordpress\/wp-content\/uploads\/2020\/08\/12f1d505-5668-42b8-8ad2-5336c07a910e-768x591.jpg 768w, https:\/\/www.radiopiu.net\/wordpress\/wp-content\/uploads\/2020\/08\/12f1d505-5668-42b8-8ad2-5336c07a910e.jpg 1352w\" sizes=\"auto, (max-width: 144px) 100vw, 144px\" \/><\/a>AGORDO<\/strong> Sono esposti presso il Caff\u00e8 Miniere di Agordo i lavori di Savino Conedera. Una mostra che non ha una data precisa di fine e che sar\u00e0 visitabile durante l&#8217;apertura del locale.<\/p>\n<p>&nbsp;<\/p>\n<p>&nbsp;<\/p>\n<p>&nbsp;<\/p>\n<hr \/>\n<p>&nbsp;<\/p>\n<h2 style=\"text-align: center;\">FEDERICO AICARDI IN CONCERTO A &#8220;CASA EMILIA&#8221;<\/h2>\n<p><a class=\"dt-pswp-item\" href=\"https:\/\/www.radiopiu.net\/wordpress\/wp-content\/uploads\/2020\/08\/aicardi-locandina-1.jpg\" data-dt-img-description=\"\" data-large_image_width=\"960\" data-large_image_height=\"960\"><img loading=\"lazy\" decoding=\"async\" class=\" wp-image-153056 alignleft\" src=\"https:\/\/www.radiopiu.net\/wordpress\/wp-content\/uploads\/2020\/08\/aicardi-locandina-1-300x300.jpg\" alt=\"\" width=\"184\" height=\"184\" srcset=\"https:\/\/www.radiopiu.net\/wordpress\/wp-content\/uploads\/2020\/08\/aicardi-locandina-1-300x300.jpg 300w, https:\/\/www.radiopiu.net\/wordpress\/wp-content\/uploads\/2020\/08\/aicardi-locandina-1-150x150.jpg 150w, https:\/\/www.radiopiu.net\/wordpress\/wp-content\/uploads\/2020\/08\/aicardi-locandina-1-768x768.jpg 768w, https:\/\/www.radiopiu.net\/wordpress\/wp-content\/uploads\/2020\/08\/aicardi-locandina-1.jpg 960w\" sizes=\"auto, (max-width: 184px) 100vw, 184px\" \/><\/a><strong> SELVA DI CADORE<\/strong> Concerto d&#8217;autore domenica 9 agosto alle 15.40 sulla terrazza panoramica dell&#8217;Osteria Casa Emilia. \u00a0Federico Aicardi proporr\u00e0 uno show esclusivo, con le migliori canzoni di amati cantautori italici e non solo. Sar\u00e0 \u00a0accompagnato dalle chitarre del maestro Ettore Cimpincio e da altri super famosi ospiti. Lice\u00a0 con le migliori\u00a0 di\u00a0 Guccini,\u00a0 De Gregori, De Andr\u00e9, Dalla,\u00a0 Conte, Brunori\u00a0 e le immancabili\u00a0 nuove canzoni del cantautore. Nel corso del concerto verranno proposti gustosi piatti della tradizione emiliano-romagnola. INFO e PRENOTAZIONI: Martina Testori 338 4727059. In caso di MALTEMPO, l&#8217;evento si svolger\u00e0 all&#8217;interno del locale, nel rispetto della normativa di distanziamento attualmente vigente.<\/p>\n<p>&nbsp;<\/p>\n<p>&nbsp;<\/p>\n<hr \/>\n<p>&nbsp;<\/p>\n<blockquote class=\"wp-embedded-content\" data-secret=\"qEVubisM77\"><p><a href=\"https:\/\/www.radiopiu.net\/wordpress\/da-auronzo-a-padola-di-comelico-lungo-il-cammino-delle-dolomiti\/\">DA AURONZO A PADOLA DI COMELICO LUNGO IL CAMMINO DELLE DOLOMITI<\/a><\/p><\/blockquote>\n<p><iframe loading=\"lazy\" class=\"wp-embedded-content\" sandbox=\"allow-scripts\" security=\"restricted\" style=\"position: absolute; clip: rect(1px, 1px, 1px, 1px);\" title=\"&#8220;DA AURONZO A PADOLA DI COMELICO LUNGO IL CAMMINO DELLE DOLOMITI&#8221; &#8212; Radio Pi\u00f9\" src=\"https:\/\/www.radiopiu.net\/wordpress\/da-auronzo-a-padola-di-comelico-lungo-il-cammino-delle-dolomiti\/embed\/#?secret=qEVubisM77\" data-secret=\"qEVubisM77\" width=\"600\" height=\"338\" frameborder=\"0\" marginwidth=\"0\" marginheight=\"0\" scrolling=\"no\"><\/iframe><\/p>\n<p>&nbsp;<\/p>\n<hr \/>\n<div>\n<h3><\/h3>\n<h3><\/h3>\n<h3 class=\"photoswipe-wrapper\"><img loading=\"lazy\" decoding=\"async\" class=\"aligncenter wp-image-61958 size-full\" src=\"https:\/\/i2.wp.com\/www.radiopiu.net\/wordpress\/wp-content\/uploads\/2018\/09\/appuntamenti.jpeg?resize=800%2C100&amp;ssl=1\" sizes=\"auto, (max-width: 800px) 100vw, 800px\" srcset=\"https:\/\/i2.wp.com\/www.radiopiu.net\/wordpress\/wp-content\/uploads\/2018\/09\/appuntamenti.jpeg?w=800&amp;ssl=1 800w, https:\/\/i2.wp.com\/www.radiopiu.net\/wordpress\/wp-content\/uploads\/2018\/09\/appuntamenti.jpeg?resize=300%2C38&amp;ssl=1 300w, https:\/\/i2.wp.com\/www.radiopiu.net\/wordpress\/wp-content\/uploads\/2018\/09\/appuntamenti.jpeg?resize=768%2C96&amp;ssl=1 768w\" alt=\"\" width=\"800\" height=\"100\" \/><\/h3>\n<\/div>\n<blockquote>\n<h3><\/h3>\n<\/blockquote>\n<p><strong><a class=\"dt-pswp-item\" href=\"https:\/\/www.radiopiu.net\/wordpress\/wp-content\/uploads\/2020\/08\/116717205_624569541517588_770940947038488631_n.png\" data-dt-img-description=\"\" data-large_image_width=\"646\" data-large_image_height=\"908\"><img loading=\"lazy\" decoding=\"async\" class=\"size-medium wp-image-153114 alignleft\" src=\"https:\/\/www.radiopiu.net\/wordpress\/wp-content\/uploads\/2020\/08\/116717205_624569541517588_770940947038488631_n-213x300.png\" alt=\"\" width=\"213\" height=\"300\" srcset=\"https:\/\/www.radiopiu.net\/wordpress\/wp-content\/uploads\/2020\/08\/116717205_624569541517588_770940947038488631_n-213x300.png 213w, https:\/\/www.radiopiu.net\/wordpress\/wp-content\/uploads\/2020\/08\/116717205_624569541517588_770940947038488631_n.png 646w\" sizes=\"auto, (max-width: 213px) 100vw, 213px\" \/><\/a>CANALE D&#8217;AGORDO<\/strong> Nuova iniziativa del Museo Papa Luciani.<\/p>\n<p><em>&#8220;Alla scoperta di Canale d&#8217;Agordo&#8221;,\u00a0<\/em> prevede delle passeggiate guidate per le vie di Canale.<\/p>\n<p>&nbsp;<\/p>\n<p>&nbsp;<\/p>\n<p>&nbsp;<\/p>\n<p>&nbsp;<\/p>\n<p>&nbsp;<\/p>\n<p>&nbsp;<\/p>\n<p>&nbsp;<\/p>\n<p>&nbsp;<\/p>\n<p>&nbsp;<\/p>\n<hr \/>\n<p>&nbsp;<\/p>\n<p>&nbsp;<\/p>\n<blockquote>\n<h3>CINEMA SOTTO LE STELLE A SEDICO, MA NON SOLO CINEMA.<\/h3>\n<\/blockquote>\n<p class=\"photoswipe-wrapper\"><strong>SEDICO<\/strong> Con la Proloco di Sedico, i mercoled\u00ec sera a Villa Patt di Sedico.\u00a0 Per chi lo desidera c\u2019\u00e8 la possibilit\u00e0 di prenotare i biglietti online, al proposito riportiamo i link della varie serate, ingresso 5 euro adulti, 2 euro bambini con chiosco, pop corn e patatine. <strong>05\/08\/2020 LA PELLE DELL\u2019ORSO<\/strong>\u00a0Anni 50 domenico vive nelle Dolomiti, il padre consumato dal vino e dalla solitudine si mette sulle tracce dell\u2019orso che minaccia la tranquillit\u00e0 della valle, padre e figlio si immergono nei boschi sempre pi\u00f9 a fondo:\u00a0<a href=\"https:\/\/docs.google.com\/forms\/d\/e\/1FAIpQLSdlVyzeY3aBwq0XTiPi4LajY2jIdzDsRvaDIq7zSKIEWT8obA\/viewform\">CLICCA QUI<\/a>\u00a0\u00a0<strong>12\/08\/2020 BIANCO COME IL NERO \u2013 L\u2019AURORA<\/strong>\u00a0doppio appuntamento nel primo lo scenario della Grande Guerra durante il 1917 (l\u2019an de la fam) la gente di montagna cerca di resistere alla tragedia con l\u2019aiuto dei frati della certosa. In l\u2019Aurora una donna bella fuori ma malinconica dentro che si chiude in un mondo di immersioni in apnea e creazioni sartoriali nel laboratorio dove lavora:<a href=\"https:\/\/docs.google.com\/forms\/d\/e\/1FAIpQLSdXMb0Hr099eyzGSoVYTl8WpsZW3TKfCQXQAcF__f3NRouX5Q\/viewform\">\u00a0CLICCA QUI<\/a>\u00a0<strong>19\/08\/2020 ROCKETMAN<\/strong>\u00a0Un timido pianista di provincia costruisce la propria carriera e il proprio personaggio fino a divenire una delle pi\u00f9 note stelle della musica internazionale. Lui \u00e8 Reginald Dwight ovvero Elton John\u00a0<a href=\"https:\/\/docs.google.com\/forms\/d\/e\/1FAIpQLSf32PztPJJRQslTRKR5qlhJRoHr-LQLsAXpTy6U6XSL_Ykf-A\/viewform\">CLICCA QUI<\/a><\/p>\n<p>&nbsp;<\/p>\n<p>&nbsp;<\/p>\n<hr \/>\n<p>&nbsp;<\/p>\n<blockquote>\n<h3>SILVIA TESSARI IN CONCERTO<\/h3>\n<\/blockquote>\n<p><strong>FALCADE<\/strong>\u00a0Il 12 agosto alle 21 alla casa della giovent\u00f9 di Caviola \u201cInno alla gioia\u201d, concerto della pianista Silvia Tessari. Prenotazione obbligatoria via telefono (anche messaggio) al 347 8870898. In caso di raggiungimento del numero massimo consentito sar\u00e0 previsto un secondo concerto per lo stesso giorno alle 18.<\/p>\n<p>&nbsp;<\/p>\n<hr \/>\n<blockquote>\n<h3><\/h3>\n<h3>NEOWISE LA GRANDE COMETA DEL 2020<\/h3>\n<\/blockquote>\n<p><strong>CENCENIGHE<\/strong>\u00a0Venerdi 7 agosto alle 20.30 nella sala culturale del Municipio conferenza con audiovisivi di Claudio Pra, organizza la Biblioteca Comunale, Proloco, Comune di Cencenighe.<\/p>\n<p>&nbsp;<\/p>\n<hr \/>\n<blockquote>\n<h3><\/h3>\n<\/blockquote>\n<blockquote>\n<h3>EL CANAL DE AGORDO<\/h3>\n<\/blockquote>\n<p><strong>AGORDO<\/strong>\u00a0Scavare nel passato, storia ed archeologia da San Gottardo a Pont del Cristo. La mostra \u00e8 allestita al Museo mineralogico e paleontologico di via 5 maggio con ingresso libero. Fino al 6 settembre il venerdi, sabato e domenica dalle 10 alle 12.30 e dalle 16 alle 19. Info: archeoagordo.arca@gmail.com<\/p>\n<p>&nbsp;<\/p>\n<hr \/>\n<p>&nbsp;<\/p>\n<blockquote>\n<h2 class=\"tw-data-text tw-text-large XcVN5d tw-ta\" dir=\"ltr\" data-placeholder=\"Traduzione\"><span lang=\"en\">appointments recommended by radio pi\u00f9<\/span><\/h2>\n<\/blockquote>\n\n\t\t\t<style type='text\/css'>\n\t\t\t\t#gallery-4 {\n\t\t\t\t\tmargin: auto;\n\t\t\t\t}\n\t\t\t\t#gallery-4 .gallery-item {\n\t\t\t\t\tfloat: left;\n\t\t\t\t\tmargin-top: 10px;\n\t\t\t\t\ttext-align: center;\n\t\t\t\t\twidth: 16%;\n\t\t\t\t}\n\t\t\t\t#gallery-4 img {\n\t\t\t\t\tborder: 2px solid #cfcfcf;\n\t\t\t\t}\n\t\t\t\t#gallery-4 .gallery-caption {\n\t\t\t\t\tmargin-left: 0;\n\t\t\t\t}\n\t\t\t\t\/* see gallery_shortcode() in wp-includes\/media.php *\/\n\t\t\t<\/style>\n\t\t<div id='gallery-4' class='dt-gallery-container gallery galleryid-152966 gallery-columns-6 gallery-size-thumbnail'><dl class='gallery-item'>\n\t\t\t\t<dt class='gallery-icon landscape'>\n\t\t\t\t\t<a class=\"rollover rollover-zoom dt-pswp-item\" title=\"aicardi locandina\" data-dt-img-description=\"\" data-large_image_width=\"960\" data-large_image_height=\"960\"href='https:\/\/www.radiopiu.net\/wordpress\/wp-content\/uploads\/2020\/08\/aicardi-locandina.jpg'><img loading=\"lazy\" decoding=\"async\" width=\"150\" height=\"150\" src=\"https:\/\/www.radiopiu.net\/wordpress\/wp-content\/uploads\/2020\/08\/aicardi-locandina-150x150.jpg\" class=\"attachment-thumbnail size-thumbnail\" alt=\"\" srcset=\"https:\/\/www.radiopiu.net\/wordpress\/wp-content\/uploads\/2020\/08\/aicardi-locandina-150x150.jpg 150w, https:\/\/www.radiopiu.net\/wordpress\/wp-content\/uploads\/2020\/08\/aicardi-locandina-300x300.jpg 300w, https:\/\/www.radiopiu.net\/wordpress\/wp-content\/uploads\/2020\/08\/aicardi-locandina-768x768.jpg 768w, https:\/\/www.radiopiu.net\/wordpress\/wp-content\/uploads\/2020\/08\/aicardi-locandina.jpg 960w\" sizes=\"auto, (max-width: 150px) 100vw, 150px\" \/><\/a>\n\t\t\t\t<\/dt><\/dl><dl class='gallery-item'>\n\t\t\t\t<dt class='gallery-icon portrait'>\n\t\t\t\t\t<a class=\"rollover rollover-zoom dt-pswp-item\" title=\"yogaandraz\" data-dt-img-description=\"\" data-large_image_width=\"905\" data-large_image_height=\"1280\"href='https:\/\/www.radiopiu.net\/wordpress\/wp-content\/uploads\/2020\/07\/yogaandraz.jpg'><img loading=\"lazy\" decoding=\"async\" width=\"150\" height=\"150\" src=\"https:\/\/www.radiopiu.net\/wordpress\/wp-content\/uploads\/2020\/07\/yogaandraz-150x150.jpg\" class=\"attachment-thumbnail size-thumbnail\" alt=\"\" \/><\/a>\n\t\t\t\t<\/dt><\/dl><dl class='gallery-item'>\n\t\t\t\t<dt class='gallery-icon portrait'>\n\t\t\t\t\t<a class=\"rollover rollover-zoom dt-pswp-item\" title=\"RITROVARSI IN SINISTRA PIAVE locandina definitiva\" data-dt-img-description=\"\" data-large_image_width=\"1293\" data-large_image_height=\"2560\"href='https:\/\/www.radiopiu.net\/wordpress\/wp-content\/uploads\/2020\/07\/RITROVARSI-IN-SINISTRA-PIAVE-locandina-definitiva-scaled.jpg'><img loading=\"lazy\" decoding=\"async\" width=\"150\" height=\"150\" src=\"https:\/\/www.radiopiu.net\/wordpress\/wp-content\/uploads\/2020\/07\/RITROVARSI-IN-SINISTRA-PIAVE-locandina-definitiva-150x150.jpg\" class=\"attachment-thumbnail size-thumbnail\" alt=\"\" \/><\/a>\n\t\t\t\t<\/dt><\/dl><dl class='gallery-item'>\n\t\t\t\t<dt class='gallery-icon portrait'>\n\t\t\t\t\t<a class=\"rollover rollover-zoom dt-pswp-item\" title=\"82799889_285851282792527_7947034300049837793_n\" data-dt-img-description=\"\" data-large_image_width=\"678\" data-large_image_height=\"960\"href='https:\/\/www.radiopiu.net\/wordpress\/wp-content\/uploads\/2020\/07\/82799889_285851282792527_7947034300049837793_n.jpg'><img loading=\"lazy\" decoding=\"async\" width=\"150\" height=\"150\" src=\"https:\/\/www.radiopiu.net\/wordpress\/wp-content\/uploads\/2020\/07\/82799889_285851282792527_7947034300049837793_n-150x150.jpg\" class=\"attachment-thumbnail size-thumbnail\" alt=\"\" \/><\/a>\n\t\t\t\t<\/dt><\/dl><dl class='gallery-item'>\n\t\t\t\t<dt class='gallery-icon landscape'>\n\t\t\t\t\t<a class=\"rollover rollover-zoom dt-pswp-item\" title=\"987da034-0d4d-4831-a578-694c73f67a5b\" data-dt-img-description=\"\" data-large_image_width=\"1600\" data-large_image_height=\"1600\"href='https:\/\/www.radiopiu.net\/wordpress\/wp-content\/uploads\/2020\/07\/987da034-0d4d-4831-a578-694c73f67a5b.jpg'><img loading=\"lazy\" decoding=\"async\" width=\"150\" height=\"150\" src=\"https:\/\/www.radiopiu.net\/wordpress\/wp-content\/uploads\/2020\/07\/987da034-0d4d-4831-a578-694c73f67a5b-150x150.jpg\" class=\"attachment-thumbnail size-thumbnail\" alt=\"\" srcset=\"https:\/\/www.radiopiu.net\/wordpress\/wp-content\/uploads\/2020\/07\/987da034-0d4d-4831-a578-694c73f67a5b-150x150.jpg 150w, https:\/\/www.radiopiu.net\/wordpress\/wp-content\/uploads\/2020\/07\/987da034-0d4d-4831-a578-694c73f67a5b-300x300.jpg 300w, https:\/\/www.radiopiu.net\/wordpress\/wp-content\/uploads\/2020\/07\/987da034-0d4d-4831-a578-694c73f67a5b-1024x1024.jpg 1024w, https:\/\/www.radiopiu.net\/wordpress\/wp-content\/uploads\/2020\/07\/987da034-0d4d-4831-a578-694c73f67a5b-768x768.jpg 768w, https:\/\/www.radiopiu.net\/wordpress\/wp-content\/uploads\/2020\/07\/987da034-0d4d-4831-a578-694c73f67a5b-1536x1536.jpg 1536w, https:\/\/www.radiopiu.net\/wordpress\/wp-content\/uploads\/2020\/07\/987da034-0d4d-4831-a578-694c73f67a5b.jpg 1600w\" sizes=\"auto, (max-width: 150px) 100vw, 150px\" \/><\/a>\n\t\t\t\t<\/dt><\/dl><dl class='gallery-item'>\n\t\t\t\t<dt class='gallery-icon portrait'>\n\t\t\t\t\t<a class=\"rollover rollover-zoom dt-pswp-item\" title=\"fb0f2285-210f-4bba-8573-b8ff07a91fa8\" data-dt-img-description=\"\" data-large_image_width=\"726\" data-large_image_height=\"1024\"href='https:\/\/www.radiopiu.net\/wordpress\/wp-content\/uploads\/2020\/07\/fb0f2285-210f-4bba-8573-b8ff07a91fa8.jpg'><img loading=\"lazy\" decoding=\"async\" width=\"150\" height=\"150\" src=\"https:\/\/www.radiopiu.net\/wordpress\/wp-content\/uploads\/2020\/07\/fb0f2285-210f-4bba-8573-b8ff07a91fa8-150x150.jpg\" class=\"attachment-thumbnail size-thumbnail\" alt=\"\" \/><\/a>\n\t\t\t\t<\/dt><\/dl><br style=\"clear: both\" \/><dl class='gallery-item'>\n\t\t\t\t<dt class='gallery-icon portrait'>\n\t\t\t\t\t<a class=\"rollover rollover-zoom dt-pswp-item\" title=\"446199a0-ccb6-4daa-88f9-ee34f5a4944a\" data-dt-img-description=\"\" data-large_image_width=\"1080\" data-large_image_height=\"1350\"href='https:\/\/www.radiopiu.net\/wordpress\/wp-content\/uploads\/2020\/07\/446199a0-ccb6-4daa-88f9-ee34f5a4944a.jpg'><img loading=\"lazy\" decoding=\"async\" width=\"150\" height=\"150\" src=\"https:\/\/www.radiopiu.net\/wordpress\/wp-content\/uploads\/2020\/07\/446199a0-ccb6-4daa-88f9-ee34f5a4944a-150x150.jpg\" class=\"attachment-thumbnail size-thumbnail\" alt=\"\" \/><\/a>\n\t\t\t\t<\/dt><\/dl><dl class='gallery-item'>\n\t\t\t\t<dt class='gallery-icon portrait'>\n\t\t\t\t\t<a class=\"rollover rollover-zoom dt-pswp-item\" title=\"8decb5e4-5a09-4396-8808-991f536b16f0\" data-dt-img-description=\"\" data-large_image_width=\"1130\" data-large_image_height=\"1600\"href='https:\/\/www.radiopiu.net\/wordpress\/wp-content\/uploads\/2020\/07\/8decb5e4-5a09-4396-8808-991f536b16f0.jpg'><img loading=\"lazy\" decoding=\"async\" width=\"150\" height=\"150\" src=\"https:\/\/www.radiopiu.net\/wordpress\/wp-content\/uploads\/2020\/07\/8decb5e4-5a09-4396-8808-991f536b16f0-150x150.jpg\" class=\"attachment-thumbnail size-thumbnail\" alt=\"\" \/><\/a>\n\t\t\t\t<\/dt><\/dl><dl class='gallery-item'>\n\t\t\t\t<dt class='gallery-icon portrait'>\n\t\t\t\t\t<a class=\"rollover rollover-zoom dt-pswp-item\" title=\"LOCANDINA MOSTRA ARCA 2019 Patrocinio\" data-dt-img-description=\"\" data-large_image_width=\"1810\" data-large_image_height=\"2560\"href='https:\/\/www.radiopiu.net\/wordpress\/wp-content\/uploads\/2020\/07\/LOCANDINA-MOSTRA-ARCA-2020-scaled.jpg'><img loading=\"lazy\" decoding=\"async\" width=\"150\" height=\"150\" src=\"https:\/\/www.radiopiu.net\/wordpress\/wp-content\/uploads\/2020\/07\/LOCANDINA-MOSTRA-ARCA-2020-150x150.jpg\" class=\"attachment-thumbnail size-thumbnail\" alt=\"\" \/><\/a>\n\t\t\t\t<\/dt><\/dl><dl class='gallery-item'>\n\t\t\t\t<dt class='gallery-icon portrait'>\n\t\t\t\t\t<a class=\"rollover rollover-zoom dt-pswp-item\" title=\"0995c87e-41e6-46f0-81e9-380485c41502\" data-dt-img-description=\"\" data-large_image_width=\"1447\" data-large_image_height=\"2048\"href='https:\/\/www.radiopiu.net\/wordpress\/wp-content\/uploads\/2020\/07\/0995c87e-41e6-46f0-81e9-380485c41502.jpg'><img loading=\"lazy\" decoding=\"async\" width=\"150\" height=\"150\" src=\"https:\/\/www.radiopiu.net\/wordpress\/wp-content\/uploads\/2020\/07\/0995c87e-41e6-46f0-81e9-380485c41502-150x150.jpg\" class=\"attachment-thumbnail size-thumbnail\" alt=\"\" \/><\/a>\n\t\t\t\t<\/dt><\/dl><dl class='gallery-item'>\n\t\t\t\t<dt class='gallery-icon portrait'>\n\t\t\t\t\t<a class=\"rollover rollover-zoom dt-pswp-item\" title=\"4dd872a2-f52d-4a12-9746-816401dfe394\" data-dt-img-description=\"\" data-large_image_width=\"1131\" data-large_image_height=\"1600\"href='https:\/\/www.radiopiu.net\/wordpress\/wp-content\/uploads\/2020\/07\/4dd872a2-f52d-4a12-9746-816401dfe394.jpg'><img loading=\"lazy\" decoding=\"async\" width=\"150\" height=\"150\" src=\"https:\/\/www.radiopiu.net\/wordpress\/wp-content\/uploads\/2020\/07\/4dd872a2-f52d-4a12-9746-816401dfe394-150x150.jpg\" class=\"attachment-thumbnail size-thumbnail\" alt=\"\" \/><\/a>\n\t\t\t\t<\/dt><\/dl><dl class='gallery-item'>\n\t\t\t\t<dt class='gallery-icon portrait'>\n\t\t\t\t\t<a class=\"rollover rollover-zoom dt-pswp-item\" title=\"concerto Tessari\" data-dt-img-description=\"\" data-large_image_width=\"1239\" data-large_image_height=\"1754\"href='https:\/\/www.radiopiu.net\/wordpress\/wp-content\/uploads\/2020\/07\/concerto-Tessari.jpg'><img loading=\"lazy\" decoding=\"async\" width=\"150\" height=\"150\" src=\"https:\/\/www.radiopiu.net\/wordpress\/wp-content\/uploads\/2020\/07\/concerto-Tessari-150x150.jpg\" class=\"attachment-thumbnail size-thumbnail\" alt=\"\" \/><\/a>\n\t\t\t\t<\/dt><\/dl><br style=\"clear: both\" \/><dl class='gallery-item'>\n\t\t\t\t<dt class='gallery-icon portrait'>\n\t\t\t\t\t<a class=\"rollover rollover-zoom dt-pswp-item\" title=\"ALLA SCOPERTA DI CANALE\" data-dt-img-description=\"\" data-large_image_width=\"620\" data-large_image_height=\"873\"href='https:\/\/www.radiopiu.net\/wordpress\/wp-content\/uploads\/2020\/07\/ALLA-SCOPERTA-DI-CANALE-.jpg'><img loading=\"lazy\" decoding=\"async\" width=\"150\" height=\"150\" src=\"https:\/\/www.radiopiu.net\/wordpress\/wp-content\/uploads\/2020\/07\/ALLA-SCOPERTA-DI-CANALE--150x150.jpg\" class=\"attachment-thumbnail size-thumbnail\" alt=\"\" \/><\/a>\n\t\t\t\t<\/dt><\/dl><dl class='gallery-item'>\n\t\t\t\t<dt class='gallery-icon portrait'>\n\t\t\t\t\t<a class=\"rollover rollover-zoom dt-pswp-item\" title=\"trekking_fotografico_DEF\" data-dt-img-description=\"\" data-large_image_width=\"905\" data-large_image_height=\"1280\"href='https:\/\/www.radiopiu.net\/wordpress\/wp-content\/uploads\/2020\/07\/trekking_fotografico_DEF.png'><img loading=\"lazy\" decoding=\"async\" width=\"150\" height=\"150\" src=\"https:\/\/www.radiopiu.net\/wordpress\/wp-content\/uploads\/2020\/07\/trekking_fotografico_DEF-150x150.png\" class=\"attachment-thumbnail size-thumbnail\" alt=\"\" \/><\/a>\n\t\t\t\t<\/dt><\/dl><dl class='gallery-item'>\n\t\t\t\t<dt class='gallery-icon portrait'>\n\t\t\t\t\t<a class=\"rollover rollover-zoom dt-pswp-item\" title=\"Locandina eventi 2\" data-dt-img-description=\"\" data-large_image_width=\"905\" data-large_image_height=\"1280\"href='https:\/\/www.radiopiu.net\/wordpress\/wp-content\/uploads\/2020\/07\/Locandina-eventi-2.png'><img loading=\"lazy\" decoding=\"async\" width=\"150\" height=\"150\" src=\"https:\/\/www.radiopiu.net\/wordpress\/wp-content\/uploads\/2020\/07\/Locandina-eventi-2-150x150.png\" class=\"attachment-thumbnail size-thumbnail\" alt=\"\" \/><\/a>\n\t\t\t\t<\/dt><\/dl><dl class='gallery-item'>\n\t\t\t\t<dt class='gallery-icon portrait'>\n\t\t\t\t\t<a class=\"rollover rollover-zoom dt-pswp-item\" title=\"newsletter Week 4 Kids Summer\" data-dt-img-description=\"\" data-large_image_width=\"1280\" data-large_image_height=\"2560\"href='https:\/\/www.radiopiu.net\/wordpress\/wp-content\/uploads\/2020\/07\/newsletter-Week-4-Kids-Summer-scaled.jpg'><img loading=\"lazy\" decoding=\"async\" width=\"150\" height=\"150\" src=\"https:\/\/www.radiopiu.net\/wordpress\/wp-content\/uploads\/2020\/07\/newsletter-Week-4-Kids-Summer-150x150.jpg\" class=\"attachment-thumbnail size-thumbnail\" alt=\"\" \/><\/a>\n\t\t\t\t<\/dt><\/dl><dl class='gallery-item'>\n\t\t\t\t<dt class='gallery-icon landscape'>\n\t\t\t\t\t<a class=\"rollover rollover-zoom dt-pswp-item\" title=\"12f1d505-5668-42b8-8ad2-5336c07a910e\" data-dt-img-description=\"\" data-large_image_width=\"1352\" data-large_image_height=\"1040\"href='https:\/\/www.radiopiu.net\/wordpress\/wp-content\/uploads\/2020\/08\/12f1d505-5668-42b8-8ad2-5336c07a910e.jpg'><img loading=\"lazy\" decoding=\"async\" width=\"150\" height=\"150\" src=\"https:\/\/www.radiopiu.net\/wordpress\/wp-content\/uploads\/2020\/08\/12f1d505-5668-42b8-8ad2-5336c07a910e-150x150.jpg\" class=\"attachment-thumbnail size-thumbnail\" alt=\"\" \/><\/a>\n\t\t\t\t<\/dt><\/dl>\n\t\t\t\t<br style='clear: both' \/>\n\t\t\t<\/div>\n\n<p>&nbsp;<\/p>\n<hr \/>\n<p>&nbsp;<\/p>\n<h2>IERI ALLA RADIO<\/h2>\n<h2><a class=\"dt-pswp-item\" href=\"https:\/\/www.radiopiu.net\/wordpress\/wp-content\/uploads\/2020\/05\/DOLOMITI-BEER.png\" data-dt-img-description=\"\" data-large_image_width=\"812\" data-large_image_height=\"450\"><img loading=\"lazy\" decoding=\"async\" class=\"size-medium wp-image-139660 alignleft\" src=\"https:\/\/www.radiopiu.net\/wordpress\/wp-content\/uploads\/2020\/05\/DOLOMITI-BEER-300x166.png\" alt=\"\" width=\"300\" height=\"166\" srcset=\"https:\/\/www.radiopiu.net\/wordpress\/wp-content\/uploads\/2020\/05\/DOLOMITI-BEER-300x166.png 300w, https:\/\/www.radiopiu.net\/wordpress\/wp-content\/uploads\/2020\/05\/DOLOMITI-BEER-768x426.png 768w, https:\/\/www.radiopiu.net\/wordpress\/wp-content\/uploads\/2020\/05\/DOLOMITI-BEER.png 812w\" sizes=\"auto, (max-width: 300px) 100vw, 300px\" \/><\/a><span style=\"color: #800080;\">GIANLUCA ROSSI DI DOLOMITI WINE &amp; BEER SHOP<\/span><\/h2>\n<p>di Claudio Fontanive<\/p>\n<p><em><strong>IN COLLABORAZIONE CON GIORNALE &amp; CAFFE\u2019 DERSUT DI TAIBON AGORDINO<\/strong><\/em><\/p>\n<audio class=\"wp-audio-shortcode\" id=\"audio-152966-9\" preload=\"none\" style=\"width: 100%;\" controls=\"controls\"><source type=\"audio\/mpeg\" src=\"https:\/\/www.radiopiu.net\/wordpress\/wp-content\/uploads\/2020\/08\/dolomiti-wine-and-beer-3-agosto.mp3?_=9\" \/><a href=\"https:\/\/www.radiopiu.net\/wordpress\/wp-content\/uploads\/2020\/08\/dolomiti-wine-and-beer-3-agosto.mp3\">https:\/\/www.radiopiu.net\/wordpress\/wp-content\/uploads\/2020\/08\/dolomiti-wine-and-beer-3-agosto.mp3<\/a><\/audio>\n<p>&nbsp;<\/p>\n<hr \/>\n<p>&nbsp;<\/p>\n<h2><span style=\"color: #ff0000;\">DUE MINUTI UN LIBRO<\/span><\/h2>\n<blockquote class=\"wp-embedded-content\" data-secret=\"QF7RnvKQLN\"><p><a href=\"https:\/\/www.radiopiu.net\/wordpress\/tutto-chiede-salvezza-2\/\">TUTTO CHIEDE SALVEZZA<\/a><\/p><\/blockquote>\n<p><iframe loading=\"lazy\" class=\"wp-embedded-content\" sandbox=\"allow-scripts\" security=\"restricted\" style=\"position: absolute; clip: rect(1px, 1px, 1px, 1px);\" title=\"&#8220;TUTTO CHIEDE SALVEZZA&#8221; &#8212; Radio Pi\u00f9\" src=\"https:\/\/www.radiopiu.net\/wordpress\/tutto-chiede-salvezza-2\/embed\/#?secret=QF7RnvKQLN\" data-secret=\"QF7RnvKQLN\" width=\"600\" height=\"338\" frameborder=\"0\" marginwidth=\"0\" marginheight=\"0\" scrolling=\"no\"><\/iframe><\/p>\n<div>\n<p><strong>LE ALTRE PUNTATE<\/strong><\/p>\n<blockquote class=\"wp-embedded-content\" data-secret=\"el7HguAgTR\"><p><a href=\"https:\/\/www.radiopiu.net\/wordpress\/due-minuti-un-libro\/\">Due minuti un libro<\/a><\/p><\/blockquote>\n<p><iframe loading=\"lazy\" class=\"wp-embedded-content\" sandbox=\"allow-scripts\" security=\"restricted\" style=\"position: absolute; clip: rect(1px, 1px, 1px, 1px);\" title=\"&#8220;Due minuti un libro&#8221; &#8212; Radio Pi\u00f9\" src=\"https:\/\/www.radiopiu.net\/wordpress\/due-minuti-un-libro\/embed\/#?secret=el7HguAgTR\" data-secret=\"el7HguAgTR\" width=\"600\" height=\"338\" frameborder=\"0\" marginwidth=\"0\" marginheight=\"0\" scrolling=\"no\"><\/iframe><\/p>\n<p>&nbsp;<\/p>\n<p>&nbsp;<\/p>\n<p>&nbsp;<\/p>\n<hr \/>\n<p>&nbsp;<\/p>\n<h2><a class=\"dt-pswp-item\" href=\"https:\/\/www.radiopiu.net\/wordpress\/wp-content\/uploads\/2020\/06\/4f376fe2-d9cd-4dc8-b8ec-9bd773546a4e.jpg\" data-dt-img-description=\"\" data-large_image_width=\"960\" data-large_image_height=\"720\"><img loading=\"lazy\" decoding=\"async\" class=\"wp-image-146572 alignleft\" src=\"https:\/\/www.radiopiu.net\/wordpress\/wp-content\/uploads\/2020\/06\/4f376fe2-d9cd-4dc8-b8ec-9bd773546a4e-300x225.jpg\" alt=\"\" width=\"132\" height=\"99\" srcset=\"https:\/\/www.radiopiu.net\/wordpress\/wp-content\/uploads\/2020\/06\/4f376fe2-d9cd-4dc8-b8ec-9bd773546a4e-300x225.jpg 300w, https:\/\/www.radiopiu.net\/wordpress\/wp-content\/uploads\/2020\/06\/4f376fe2-d9cd-4dc8-b8ec-9bd773546a4e-768x576.jpg 768w, https:\/\/www.radiopiu.net\/wordpress\/wp-content\/uploads\/2020\/06\/4f376fe2-d9cd-4dc8-b8ec-9bd773546a4e.jpg 960w\" sizes=\"auto, (max-width: 132px) 100vw, 132px\" \/><\/a><\/h2>\n<h2><\/h2>\n<h2><span style=\"color: #ff9900;\">DON CESARE, IL PENSIERO DEL GIORNO. ALLA RADIO ALLE 7 DEL MATTINO E ALLE 19.30 DELLA SERA.<\/span><\/h2>\n<p>&nbsp;<\/p>\n<audio class=\"wp-audio-shortcode\" id=\"audio-152966-10\" preload=\"none\" style=\"width: 100%;\" controls=\"controls\"><source type=\"audio\/mpeg\" src=\"https:\/\/www.radiopiu.net\/wordpress\/wp-content\/uploads\/2020\/08\/CESARE-1.mp3?_=10\" \/><a href=\"https:\/\/www.radiopiu.net\/wordpress\/wp-content\/uploads\/2020\/08\/CESARE-1.mp3\">https:\/\/www.radiopiu.net\/wordpress\/wp-content\/uploads\/2020\/08\/CESARE-1.mp3<\/a><\/audio>\n<p>&nbsp;<\/p>\n<p>&nbsp;<\/p>\n<hr \/>\n<p>&nbsp;<\/p>\n<h2><span style=\"color: #808000;\">AGORDINOMERON&#8230;LA RACCOLTA<\/span><\/h2>\n<blockquote class=\"wp-embedded-content\" data-secret=\"vGQxEwy8UV\"><p><a href=\"https:\/\/www.radiopiu.net\/wordpress\/agordinomeron\/\">AGORDINOMERON, IL TERRITORIO SI RACCONTA Da un&#8217;idea di Gianni Santomaso<\/a><\/p><\/blockquote>\n<p><iframe loading=\"lazy\" class=\"wp-embedded-content\" sandbox=\"allow-scripts\" security=\"restricted\" style=\"position: absolute; clip: rect(1px, 1px, 1px, 1px);\" title=\"&#8220;AGORDINOMERON, IL TERRITORIO SI RACCONTA Da un&#8217;idea di Gianni Santomaso&#8221; &#8212; Radio Pi\u00f9\" src=\"https:\/\/www.radiopiu.net\/wordpress\/agordinomeron\/embed\/#?secret=vGQxEwy8UV\" data-secret=\"vGQxEwy8UV\" width=\"600\" height=\"338\" frameborder=\"0\" marginwidth=\"0\" marginheight=\"0\" scrolling=\"no\"><\/iframe><\/p>\n<p>&nbsp;<\/p>\n<p>&nbsp;<\/p>\n<hr \/>\n<p>&nbsp;<\/p>\n<h2><span style=\"color: #ff00ff;\">ZAINO DA VIAGGIO AL FEMMINILE DI PAOLA LANCIATO<\/span><\/h2>\n<h2>L&#8217;INTERA RACCOLTA<\/h2>\n<blockquote class=\"wp-embedded-content\" data-secret=\"j0tPPGPbTo\"><p><a href=\"https:\/\/www.radiopiu.net\/wordpress\/zaino-femminile-lanciato\/\">Zaino da viaggio al femminile<\/a><\/p><\/blockquote>\n<p><iframe loading=\"lazy\" class=\"wp-embedded-content\" sandbox=\"allow-scripts\" security=\"restricted\" style=\"position: absolute; clip: rect(1px, 1px, 1px, 1px);\" title=\"&#8220;Zaino da viaggio al femminile&#8221; &#8212; Radio Pi\u00f9\" src=\"https:\/\/www.radiopiu.net\/wordpress\/zaino-femminile-lanciato\/embed\/#?secret=j0tPPGPbTo\" data-secret=\"j0tPPGPbTo\" width=\"600\" height=\"338\" frameborder=\"0\" marginwidth=\"0\" marginheight=\"0\" scrolling=\"no\"><\/iframe><\/p>\n<hr \/>\n<p>&nbsp;<\/p>\n<h2><span style=\"color: #0000ff;\">I RACCONTI DI PAOLO SOPPELSA TRENTAQUATTRESIMA PUNTATA<\/span><\/h2>\n<p><strong>CENCENIGHE<\/strong><\/p>\n<p><em><strong>AUDIO<\/strong><\/em><\/p>\n<audio class=\"wp-audio-shortcode\" id=\"audio-152966-11\" preload=\"none\" style=\"width: 100%;\" controls=\"controls\"><source type=\"audio\/mpeg\" src=\"https:\/\/www.radiopiu.net\/wordpress\/wp-content\/uploads\/2020\/08\/PAOLO-SOPPELSA-CENCENIGHE.mp3?_=11\" \/><a href=\"https:\/\/www.radiopiu.net\/wordpress\/wp-content\/uploads\/2020\/08\/PAOLO-SOPPELSA-CENCENIGHE.mp3\">https:\/\/www.radiopiu.net\/wordpress\/wp-content\/uploads\/2020\/08\/PAOLO-SOPPELSA-CENCENIGHE.mp3<\/a><\/audio>\n<p>&nbsp;<\/p>\n<p><a class=\"dt-pswp-item\" href=\"https:\/\/www.radiopiu.net\/wordpress\/wp-content\/uploads\/2020\/08\/47f80f78-c1a2-4b93-a32a-cdb28885745b.jpg\" data-dt-img-description=\"\" data-large_image_width=\"734\" data-large_image_height=\"512\"><img loading=\"lazy\" decoding=\"async\" class=\"size-medium wp-image-152908 alignleft\" src=\"https:\/\/www.radiopiu.net\/wordpress\/wp-content\/uploads\/2020\/08\/47f80f78-c1a2-4b93-a32a-cdb28885745b-300x209.jpg\" alt=\"\" width=\"300\" height=\"209\" srcset=\"https:\/\/www.radiopiu.net\/wordpress\/wp-content\/uploads\/2020\/08\/47f80f78-c1a2-4b93-a32a-cdb28885745b-300x209.jpg 300w, https:\/\/www.radiopiu.net\/wordpress\/wp-content\/uploads\/2020\/08\/47f80f78-c1a2-4b93-a32a-cdb28885745b.jpg 734w\" sizes=\"auto, (max-width: 300px) 100vw, 300px\" \/><\/a>In quelle lontane estati trascorse a Cencenighe a volte salivo a piedi fino a San Tomaso per passare qualche ora dai nonni. Poi, solitamente dopo le cinque, mi mettevo in cammino e scendevo lungo la provinciale. Poco pi\u00f9 di due km di camminata, un po\u2019 meno se prendevo lo \u201cscurton\u201d delle Martinazze. La strada era il regno dei silenzi. A volte non incontravo nemmeno un\u2019auto durante il mio percorso. Se l\u2019ora era quella giusta, potevo sentire ad oltre un km l\u2019arrivo della corriera. Ascoltavo le frenate ritmate di Mario ed il cambio delle marce dopo il tornante di Fontanelle. Superato il bivio per Balestier mi accoglieva il vento. Dapprima leggero, poi mano a mano che mi avvicinavo alla curva delle \u201ccrepe\u201d diventava sempre pi\u00f9 forte. Un vento caldo quello che saliva dalle Cioipe. I larici sotto la strada muovevano i cimali mentre le foglie dei faggi cantavano una allegra musica estiva. Quando arrivavo alla curva la cima di Pape e le cime dello Spiz de Medod\u00ec mi davano il benvenuto. Mi piaceva fermarmi a guardare la strada che sale a Martin. Mi incuriosivano i primi tornanti che si arrampicano lungo la costa. Il nastro d\u2019asfalto saliva come una sorta di elica perfetta, simile a quella del cavatappi che pap\u00e0 usava per aprire le bottiglie delle grandi occasioni. Poi la strada appariva e scompariva nel \u201cBosc dal Forn\u201d. Pochi passi ancora e potevo vedere la statua di Sant\u2019 Antonio Abate collocata sulla cima del campanile. Da quel punto della provinciale, curiosamente si vede spuntare a fianco del \u201cCol de Pase\u201d la cupola a cipolla con il Santo Patrono di Cencenighe. E l\u2019ingannevole prospettiva li pone alla stessa impossibile quota, regalando una visuale che ancora oggi mi incuriosisce. Era un modo di vivere dove sembravano essere necessari due tempi distinti; quello della contemplazione e quello della confusione. Un vivere in due mondi opposti e lontani appena 2.3 km. Se San Tomaso era luogo di silenzi e meditazioni, \u201cCence\u201d era l\u2019esatto contrario in quei lontani mesi d\u2019estate. Una mezz\u2019ora scarsa di passeggiata per vedere ribaltato il modo di vivere. Se a San Tomaso il silenzio era pressoch\u00e9 assoluto, a Cencenighe il silenzio non c\u2019era mai. Nemmeno la notte, quando erano il canto del Biois e l\u2019orologio del campanile a tenermi compagnia. E pure il rombo di qualche macchina che saliva o scendeva dalla valle del Biois. \u201cCence\u201d era viva, frizzante, quasi caotica d\u2019estate. Ma un caotico divertente, carico di vita. Bastava aprire la porta di casa per ritrovarsi in compagnia di bambini ed anziani che con le loro corse ed i loro racconti rendevano quei momenti indimenticabili. Una sorta di passaggio del testimone fra generazioni diverse che intersecavano le proprie vite di fronte alla chiesa. Un paese che portava ancora le ultime ferite di quella tremenda alluvione del 1966 che aveva profondamente segnato l\u2019esistenza della gente. \u201cPrima de l\u2019aluvion\u2026dopo l\u2019aluvion\u201d. Una sorta di punto zero, un confine che divideva la vita di prima e quella di dopo. Quel 4 novembre del \u201966 fu lo spartiacque di due epoche diverse per un paese che seppe rinascere dalle sue ceneri. Ricordo ancora l\u2019argilla ancora presente in un angolo della cantina. \u201cLe kela de l\u2019aluvion\u201d mi diceva mio padre. Ed io ci costru\u00ec\u00ec dei rudimentali portacenere con quell\u2019argilla, che poi cucinai nella \u201ccosina economica\u201d. Poi, una mattina d&#8217;estate del 1988, arriv\u00f2 sotto casa una pala gommata e con quattro colpi rase al suolo l\u2019ultimo rudere di casa testimone \u201cde l\u2019aluvion\u201d. Definitivo e simbolico atto di una rinascita frutto della tenacia della gente agordina. Al posto del rudere venne creato un parcheggio da dove partivano sgasando le moto che si dirigevano in valle del Biois. Soprattutto al mattino, nel parcheggio era tutto un vociare di villeggianti che si fermavano a fare la spesa. Bar e negozi sempre pieni. Un\u2019allegria contagiosa che andava sfumando verso la fine di agosto. Per lasciare spazio ad una serena tranquillit\u00e0. La quiete dell\u2019autunno scendeva sul paese con il vento che faceva muovere la bandiera italiana posta sul pennone vicino al Monumento ai Caduti. Intorno alla met\u00e0 di novembre chiudevamo casa e San Tomaso diventava il solo approdo di quell\u2019eterno vagare sulla 203 Agordina. La casa di \u201cCence\u201d ci avrebbe atteso con pazienza fino al termine della primavera successiva. Quando sarei ritornato ad ascoltare le mie campane ed il mio Biois.<\/p>\n<h2><span style=\"color: #3366ff;\">LA RACCOLTA COMPLETA<\/span><\/h2>\n<blockquote class=\"wp-embedded-content\" data-secret=\"kABCoBLsLl\"><p><a href=\"https:\/\/www.radiopiu.net\/wordpress\/i-racconti-di-paolo-soppelsa\/\">I racconti di Paolo Soppelsa<\/a><\/p><\/blockquote>\n<p><iframe loading=\"lazy\" class=\"wp-embedded-content\" sandbox=\"allow-scripts\" security=\"restricted\" style=\"position: absolute; clip: rect(1px, 1px, 1px, 1px);\" title=\"&#8220;I racconti di Paolo Soppelsa&#8221; &#8212; Radio Pi\u00f9\" src=\"https:\/\/www.radiopiu.net\/wordpress\/i-racconti-di-paolo-soppelsa\/embed\/#?secret=kABCoBLsLl\" data-secret=\"kABCoBLsLl\" width=\"600\" height=\"338\" frameborder=\"0\" marginwidth=\"0\" marginheight=\"0\" scrolling=\"no\"><\/iframe><\/p>\n<p>&nbsp;<\/p>\n<hr \/>\n<p>&nbsp;<\/p>\n<p>&nbsp;<\/p>\n<h2><span style=\"color: #00ff00;\">SUL SITO DI RADIO PIU&#8217; LA VIDEO GALLERY<\/span><\/h2>\n<blockquote class=\"wp-embedded-content\" data-secret=\"2DefWZjIdU\"><p><a href=\"https:\/\/www.radiopiu.net\/wordpress\/ep-center-video-gallery\/\">EP CENTER video gallery<\/a><\/p><\/blockquote>\n<p><iframe loading=\"lazy\" class=\"wp-embedded-content\" sandbox=\"allow-scripts\" security=\"restricted\" style=\"position: absolute; clip: rect(1px, 1px, 1px, 1px);\" title=\"&#8220;EP CENTER video gallery&#8221; &#8212; Radio Pi\u00f9\" src=\"https:\/\/www.radiopiu.net\/wordpress\/ep-center-video-gallery\/embed\/#?secret=2DefWZjIdU\" data-secret=\"2DefWZjIdU\" width=\"600\" height=\"338\" frameborder=\"0\" marginwidth=\"0\" marginheight=\"0\" scrolling=\"no\"><\/iframe><\/p>\n<p>&nbsp;<\/p>\n<hr \/>\n<h3><\/h3>\n<p><strong class=\"photoswipe-wrapper\"><a class=\"dt-pswp-item pspw-wrap-ready\" href=\"https:\/\/i0.wp.com\/www.radiopiu.net\/wordpress\/wp-content\/uploads\/2018\/09\/viabilita.jpeg?ssl=1\" data-dt-img-description=\"\" data-large_image_width=\"800\" data-large_image_height=\"100\"><img loading=\"lazy\" decoding=\"async\" class=\"aligncenter wp-image-61954 size-full jetpack-lazy-image jetpack-lazy-image--handled\" src=\"https:\/\/i0.wp.com\/www.radiopiu.net\/wordpress\/wp-content\/uploads\/2018\/09\/viabilita.jpeg?resize=800%2C100&amp;ssl=1\" sizes=\"auto, (max-width: 800px) 100vw, 800px\" srcset=\"https:\/\/i0.wp.com\/www.radiopiu.net\/wordpress\/wp-content\/uploads\/2018\/09\/viabilita.jpeg?w=800&amp;ssl=1 800w, https:\/\/i0.wp.com\/www.radiopiu.net\/wordpress\/wp-content\/uploads\/2018\/09\/viabilita.jpeg?resize=300%2C38&amp;ssl=1 300w, https:\/\/i0.wp.com\/www.radiopiu.net\/wordpress\/wp-content\/uploads\/2018\/09\/viabilita.jpeg?resize=768%2C96&amp;ssl=1 768w\" alt=\"\" width=\"800\" height=\"100\" data-lazy-loaded=\"1\" \/><\/a><\/strong><\/p>\n<p>&nbsp;<\/p>\n<div class=\"page-title-head hgroup\">\n<p class=\"entry-title\">SELVA DI CADORE \u00a0FINO AL 7 AGOSTO DALLE 7 ALLE 18 \u00a0E DAL 24 AGOSTO AL 15 SETTEMBRE SEMPRE DALLE 7 ALLE 18 (FESTIVI E PRE FESTIVI ESCLUSI) SENSO UNICO ALTERNATO CON MOVIERI O SEMAFORO IN LOCALIT\u00c0 SOLATOR. DAL CHILOMETRO 4.400 AL CHILOMETRO 5.100<\/p>\n<\/div>\n<p>PROVINCIALE 641 DI PASSO FEDAIA, FINO AL 7 AGOSTO, INCLUSI SABATO, DOMENICA, FESTIVI E PREFESTIVI, SENSO UNICO IN LOCALIT\u00c0 ROCCA PIETORE PER SOSTITUZIONI BARRIERE LATERALI<\/p>\n<p>FINO AL 7 AGOSTO SABATO E DOMENICA COMPRESI LUNGO LA 641 DI PASSO FEDAIA IN LOCALIT\u00e0 CAPANNA BILL E COL DI ROCCA, SENSO UNICO ALTERNATO CON SEMAFORO<\/p>\n<p>STRADA PROVINCIALE 619 DI VIGO DI CADORE, FINO\u00a0 AL 7 AGOSTO, ESCLUSI SABATI E DOMENICHE, SENSO UNICO ALTERNATO REGOLATO DA IMPIANTO SEMAFORICO O MOVIERI PER MESSA IN SICUREZZA DELLA STRADA<\/p>\n<h2><\/h2>\n<p>&nbsp;<\/p>\n<p>&nbsp;<\/p>\n<p class=\"photoswipe-wrapper\"><a class=\"dt-pswp-item pspw-wrap-ready\" href=\"https:\/\/i0.wp.com\/www.radiopiu.net\/wordpress\/wp-content\/uploads\/2018\/09\/WhatsApp-Image-2018-09-20-at-16.04.06.jpeg?ssl=1\" data-dt-img-description=\"\" data-large_image_width=\"800\" data-large_image_height=\"100\"><img loading=\"lazy\" decoding=\"async\" class=\"aligncenter wp-image-61378 size-full jetpack-lazy-image jetpack-lazy-image--handled\" src=\"https:\/\/i0.wp.com\/www.radiopiu.net\/wordpress\/wp-content\/uploads\/2018\/09\/WhatsApp-Image-2018-09-20-at-16.04.06.jpeg?resize=800%2C100&amp;ssl=1\" sizes=\"auto, (max-width: 800px) 100vw, 800px\" srcset=\"https:\/\/i0.wp.com\/www.radiopiu.net\/wordpress\/wp-content\/uploads\/2018\/09\/WhatsApp-Image-2018-09-20-at-16.04.06.jpeg?w=800&amp;ssl=1 800w, https:\/\/i0.wp.com\/www.radiopiu.net\/wordpress\/wp-content\/uploads\/2018\/09\/WhatsApp-Image-2018-09-20-at-16.04.06.jpeg?resize=300%2C38&amp;ssl=1 300w, https:\/\/i0.wp.com\/www.radiopiu.net\/wordpress\/wp-content\/uploads\/2018\/09\/WhatsApp-Image-2018-09-20-at-16.04.06.jpeg?resize=768%2C96&amp;ssl=1 768w\" alt=\"\" width=\"800\" height=\"100\" data-lazy-loaded=\"1\" \/><\/a><\/p>\n<p>&nbsp;<\/p>\n<p><center><b>Martedi 4<\/b><\/center><b>Tempo atteso:\u00a0<\/b>Nottetempo e gran parte del mattino maltempo con cielo coperto e precipitazioni ancora piuttosto diffuse. Al pomeriggio attenuazione della copertura nuvolosa e fenomeni pi\u00f9 via via pi\u00f9 sparsi e discontinui. Nel tardo pomeriggio sera il tempo tender\u00e0 a migliorare con rasserenamenti. Clima decisamente pi\u00f9 fresco con valori ben al di sotto della media del periodo.<br \/>\n<b>Precipitazioni:\u00a0<\/b>Nottetempo ed il primo mattino probabilit\u00e0 molto alta (90\/100%) per precipitazioni diffuse, anche a carattere di rovescio o di temporale. Il calo termico riporter\u00e0 la neve sopra i 2800 m. Al mattino rovesci sparsi (60\/80%) e al pomeriggio fenomeni sempre pi\u00f9 residui (30\/50%) su Dolomiti e (50\/70%) su Prealpi; in esaurimento a partire da nord. Tra luned\u00ec e marted\u00ec le piogge saranno molto significative con apporti assai variabili, mediamente 40-60 mm, localmente anche fino sui 100-120 mm\/48h qualora ci fossero ripetuti forti rovesci sugli stessi settori.<br \/>\n<b>Temperature:\u00a0<\/b>In ulteriore diminuzione, con minime osservate alla sera. Sono previste punte di 19\/21\u00b0C nei fondovalle prealpini e di 15\/17\u00b0C a 1000\/1200 m. Su Prealpi a 1500 m min 9\u00b0C max 11\u00b0C, a 2000 m min 6\u00b0C max 8\u00b0C. Su Dolomiti a 2000 m min 5\u00b0C max 7\u00b0C, a 3000 m min 0\u00b0C max 1\u00b0C.<br \/>\n<b>Venti:\u00a0<\/b>Deboli di direzione variabile nelle valli, con qualche episodio di Foehn in alcune valli dolomitiche; in quota tesi\/forti da nord-est, in attenuazione alla sera, a 10-30 km\/h a 2000 m e 30-50 km\/h a 3000 m.<\/p>\n<hr \/>\n<p><center><b>Mercoledi 5<\/b><\/center><b>Tempo atteso:\u00a0<\/b>Netto miglioramento del tempo con sole, cielo terso, aria limpida ed ottima visibilit\u00e0 al mattino. Nella seconda parte del giorno cielo sereno o poco nuvoloso per qualche modesta attivit\u00e0 cumuliforme, pi\u00f9 presente sulle Prealpi, dove l&#8217;insidia convettiva potr\u00e0 dar luogo a qualche isolato fenomeno. Clima assai fresco all&#8217;alba, poi il sole mitigher\u00e0 molto il clima diurno.<br \/>\n<b>Precipitazioni:\u00a0<\/b>Assenti (0%), salvo locali rovesci sulla fascia prealpina al pomeriggio (20%).<br \/>\n<b>Temperature:\u00a0<\/b>Minime in calo con clima fresco all&#8217;alba, massime in generale ripresa a tutte le quote. Sono previste punte di 24\/25\u00b0C nei fondovalle prealpini e di 21\/22\u00b0C a 1000\/1200 m. Su Prealpi a 1500 m min 8\u00b0C max 16\u00b0C, a 2000 m min 5\u00b0C max 13\u00b0C. Su Dolomiti a 2000 m min 4\u00b0C max 12\u00b0C, a 3000 m min -1\u00b0C max 4\u00b0C.<br \/>\n<b>Venti:\u00a0<\/b>Nelle valli generalmente deboli per brezze, localmente e a tratti moderati; in quota perlopi\u00f9 deboli da nord-est, a tratti moderati sulle cime pi\u00f9 alte, a 5-15 km\/h a 2000 m e 15-20 km\/h a 3000 m.<\/p>\n<hr \/>\n<p><center><b>Giovedi 6<\/b><\/center>Tempo ben soleggiato con cielo terso, aria limpida ed ottima visibilit\u00e0 al mattino. Al pomeriggio riduzione del soleggiamento per attivit\u00e0 cumuliforme perlopi\u00f9 modesta, localmente moderata e in grado di dare luogo a a qualche locale rovescio o temporale. Tale rischio sar\u00e0 contenuto e limitato nel tempo e nello spazio. Temperature in generale ripresa, specie le massime, e il clima torner\u00e0 a essere estivo. Venti deboli da nord-est in quota e brezze nelle valli.<\/p>\n<hr \/>\n<p><center><b>Venerdi 7<\/b><\/center>Tempo ben soleggiato con cielo terso, aria limpida ed ottima visibilit\u00e0 al mattino. Al pomeriggio sole e modesti cumuli. Temperature senza notevoli variazioni o in leggero aumento con clima prettamente estivo. Venti deboli da est in quota e brezze nelle valli. Previsore: R.L.Th<\/p>\n<p>&nbsp;<\/p>\n<hr \/>\n<p>&nbsp;<\/p>\n<p><iframe loading=\"lazy\" title=\"Spot Buttalibene TV\" width=\"1200\" height=\"675\" src=\"https:\/\/www.youtube.com\/embed\/fjHWpfyAevE?feature=oembed\" frameborder=\"0\" allow=\"accelerometer; autoplay; clipboard-write; encrypted-media; gyroscope; picture-in-picture\" allowfullscreen><\/iframe><\/p>\n<hr \/>\n<p>&nbsp;<\/p>\n<p class=\"photoswipe-wrapper\"><a class=\"dt-pswp-item pspw-wrap-ready\" href=\"https:\/\/i1.wp.com\/www.radiopiu.net\/wordpress\/wp-content\/uploads\/2018\/09\/sport.jpg?ssl=1\" data-dt-img-description=\"\" data-large_image_width=\"800\" data-large_image_height=\"100\"><img loading=\"lazy\" decoding=\"async\" class=\"wp-image-60761 size-full aligncenter\" src=\"https:\/\/i1.wp.com\/www.radiopiu.net\/wordpress\/wp-content\/uploads\/2018\/09\/sport.jpg?resize=800%2C100&amp;ssl=1\" sizes=\"auto, (max-width: 800px) 100vw, 800px\" srcset=\"https:\/\/i1.wp.com\/www.radiopiu.net\/wordpress\/wp-content\/uploads\/2018\/09\/sport.jpg?w=800&amp;ssl=1 800w, https:\/\/i1.wp.com\/www.radiopiu.net\/wordpress\/wp-content\/uploads\/2018\/09\/sport.jpg?resize=300%2C38&amp;ssl=1 300w, https:\/\/i1.wp.com\/www.radiopiu.net\/wordpress\/wp-content\/uploads\/2018\/09\/sport.jpg?resize=768%2C96&amp;ssl=1 768w\" alt=\"\" width=\"800\" height=\"100\" data-recalc-dims=\"1\" \/><\/a><\/p>\n<\/div>\n<div class=\"page\" title=\"Page 1\">\n<div class=\"section\">\n<div class=\"layoutArea\">\n<div class=\"column\">\n<p>&nbsp;<\/p>\n<blockquote>\n<h3><\/h3>\n<h3><\/h3>\n<\/blockquote>\n<table width=\"100%\">\n<tbody>\n<tr>\n<td><strong><a class=\"dt-pswp-item\" href=\"https:\/\/www.radiopiu.net\/wordpress\/wp-content\/uploads\/2020\/08\/2dc8c28c-00c4-4f15-ac77-9a404de8b784.jpg\" data-dt-img-description=\"\" data-large_image_width=\"765\" data-large_image_height=\"625\"><img loading=\"lazy\" decoding=\"async\" class=\"wp-image-153072 alignleft\" src=\"https:\/\/www.radiopiu.net\/wordpress\/wp-content\/uploads\/2020\/08\/2dc8c28c-00c4-4f15-ac77-9a404de8b784-300x245.jpg\" alt=\"\" width=\"170\" height=\"139\" srcset=\"https:\/\/www.radiopiu.net\/wordpress\/wp-content\/uploads\/2020\/08\/2dc8c28c-00c4-4f15-ac77-9a404de8b784-300x245.jpg 300w, https:\/\/www.radiopiu.net\/wordpress\/wp-content\/uploads\/2020\/08\/2dc8c28c-00c4-4f15-ac77-9a404de8b784.jpg 765w\" sizes=\"auto, (max-width: 170px) 100vw, 170px\" \/><\/a>JOHN PARCO NOMINATO NUOVO DIRETTORE ESECUTIVO DELLO SVILUPPO<br \/>\nDELL&#8217;HOCKEY GIOVANILE<br \/>\nIl canadese naturalizzato italiano, classe &#8217;71, ha firmato un contratto biennale e lavorer\u00e0 a stretto contatto con tutte le societ\u00e0 del territorio per rendere operativi i progetti dedicati alla crescita dei giovani. Rinnovato e potenziato anche il contratto con il consulente Bendelin mentre De Bettin diventa allenatore full time dell&#8217;Under 20<\/strong><\/td>\n<\/tr>\n<\/tbody>\n<\/table>\n<blockquote>\n<h3><\/h3>\n<h3>CAMPO DI SOVERZENE: RINNOVATA PER ALTRI 5 ANNI LA CONVENZIONE<\/h3>\n<\/blockquote>\n<h3><strong style=\"font-size: 14px;\"><a class=\"dt-pswp-item\" href=\"https:\/\/www.radiopiu.net\/wordpress\/wp-content\/uploads\/2020\/08\/Enrico_Collarin_e_Gianni_Burigo.jpg\" data-dt-img-description=\"\" data-large_image_width=\"1120\" data-large_image_height=\"841\"><img loading=\"lazy\" decoding=\"async\" class=\"size-medium wp-image-153020 alignleft\" src=\"https:\/\/www.radiopiu.net\/wordpress\/wp-content\/uploads\/2020\/08\/Enrico_Collarin_e_Gianni_Burigo-300x225.jpg\" alt=\"\" width=\"300\" height=\"225\" srcset=\"https:\/\/www.radiopiu.net\/wordpress\/wp-content\/uploads\/2020\/08\/Enrico_Collarin_e_Gianni_Burigo-300x225.jpg 300w, https:\/\/www.radiopiu.net\/wordpress\/wp-content\/uploads\/2020\/08\/Enrico_Collarin_e_Gianni_Burigo-1024x769.jpg 1024w, https:\/\/www.radiopiu.net\/wordpress\/wp-content\/uploads\/2020\/08\/Enrico_Collarin_e_Gianni_Burigo-768x577.jpg 768w, https:\/\/www.radiopiu.net\/wordpress\/wp-content\/uploads\/2020\/08\/Enrico_Collarin_e_Gianni_Burigo.jpg 1120w\" sizes=\"auto, (max-width: 300px) 100vw, 300px\" \/><\/a>PONTE NELLE ALPI\u00a0<\/strong>\u00a0<span style=\"font-size: 14px; font-weight: normal;\">Il Ponte nelle Alpi continuer\u00e0 ad allenarsi al campo di Soverzene: sar\u00e0 cos\u00ec quest\u2019anno. E sar\u00e0 cos\u00ec fino a luglio 2025. Perch\u00e9 \u00e8 stata rinnovata la convenzione per l\u2019utilizzo del manto erboso da parte delle squadre granata. Dopo alcuni incontri avvenuti negli ultimi mesi, il presidente Enrico Collarin e il sindaco Gianni Burigo hanno sottoscritto un nuovo accordo: \u00ab\u00c8 il segno degli ottimi rapporti che, da sempre, intercorrono tra la nostra societ\u00e0 e l\u2019amministrazione comunale di Soverzene &#8211; afferma Collarin -. Proprio a Soverzene svolgeremo una buona fetta della preparazione estiva con le nostre formazioni. E il campo sar\u00e0 la nostra \u201ccasa\u201d in occasione dei campionati provinciali Juniores e Giovanissimi. Per noi si tratta di una sede fondamentale, a cui teniamo molto\u00bb. A maggior ragione dopo i problemi che il passaggio della tempesta Vaia ha causato alla struttura di Soccher: \u00abNon a caso si \u00e8 deciso di potenziare l\u2019area sportiva di Soverzene, con alcuni investimenti co-finanziati dal Comune guidato dal sindaco Burigo. Un Comune presente, disponibile e veloce ad accogliere le nostre esigenze\u00bb. Non solo calcio: all\u2019orizzonte si profila la possibilit\u00e0 di rendere pi\u00f9 funzionale il campo da tennis. Dove, a partire da settembre, verr\u00e0 organizzato un corso specifico, grazie alla Polisportiva Ponte nelle Alpi con la collaborazione del Circolo Tennis Polpet.<\/span><\/h3>\n<\/div>\n<\/div>\n<\/div>\n<\/div>\n","protected":false},"excerpt":{"rendered":"<p>PER RICEVERE QUESTO NOTIZIARIO DIRETTAMENTE SUL TUO CELLULARE ISCRIVITI AL CANALE TELEGRAM\u00a0\u201cRADIO PIU\u00a0 INFORMAZIONE ATTENZIONE: LA NUOVA APP PER IOS-IPHONE https:\/\/apps.apple.com\/it\/app\/radio-pi%C3%B9-emittente-agordina\/id1515939845 ATTENZIONE: LA NUOVA APP RADIO\u00a0 PER ANDROID https:\/\/play.google.com\/store\/apps\/details?id=net.radiopiu.iniko \u00a0\u00a0\u00a0\u00a0 &nbsp; USCITA AUTONOMA IN VIA LUNGARDO A BELLUNO BELLUNO Nessun ferito e qualche disagio alla viabilit\u00e0 limitati grazie all&#8217;intervento della Polizia locale. L&#8217;autonoma fuoriuscita di&hellip;<\/p>\n","protected":false},"author":4,"featured_media":153082,"comment_status":"closed","ping_status":"closed","sticky":false,"template":"","format":"standard","meta":{"_monsterinsights_skip_tracking":false,"_monsterinsights_sitenote_active":false,"_monsterinsights_sitenote_note":"","_monsterinsights_sitenote_category":0,"footnotes":""},"categories":[1,86,49],"tags":[],"class_list":["post-152966","post","type-post","status-publish","format-standard","has-post-thumbnail","hentry","category-senza-categoria","category-gr","category-news-18","category-1","category-86","category-49","description-off"],"img_url":"https:\/\/www.radiopiu.net\/wordpress\/wp-content\/uploads\/2020\/08\/7c013d3c-f877-424e-9268-b98fdfa71a93.jpg","_links":{"self":[{"href":"https:\/\/www.radiopiu.net\/wordpress\/wp-json\/wp\/v2\/posts\/152966","targetHints":{"allow":["GET"]}}],"collection":[{"href":"https:\/\/www.radiopiu.net\/wordpress\/wp-json\/wp\/v2\/posts"}],"about":[{"href":"https:\/\/www.radiopiu.net\/wordpress\/wp-json\/wp\/v2\/types\/post"}],"author":[{"embeddable":true,"href":"https:\/\/www.radiopiu.net\/wordpress\/wp-json\/wp\/v2\/users\/4"}],"replies":[{"embeddable":true,"href":"https:\/\/www.radiopiu.net\/wordpress\/wp-json\/wp\/v2\/comments?post=152966"}],"version-history":[{"count":0,"href":"https:\/\/www.radiopiu.net\/wordpress\/wp-json\/wp\/v2\/posts\/152966\/revisions"}],"wp:featuredmedia":[{"embeddable":true,"href":"https:\/\/www.radiopiu.net\/wordpress\/wp-json\/wp\/v2\/media\/153082"}],"wp:attachment":[{"href":"https:\/\/www.radiopiu.net\/wordpress\/wp-json\/wp\/v2\/media?parent=152966"}],"wp:term":[{"taxonomy":"category","embeddable":true,"href":"https:\/\/www.radiopiu.net\/wordpress\/wp-json\/wp\/v2\/categories?post=152966"},{"taxonomy":"post_tag","embeddable":true,"href":"https:\/\/www.radiopiu.net\/wordpress\/wp-json\/wp\/v2\/tags?post=152966"}],"curies":[{"name":"wp","href":"https:\/\/api.w.org\/{rel}","templated":true}]}}