{"id":153012,"date":"2020-08-03T11:17:36","date_gmt":"2020-08-03T09:17:36","guid":{"rendered":"https:\/\/www.radiopiu.net\/wordpress\/?p=153012"},"modified":"2020-08-03T11:17:36","modified_gmt":"2020-08-03T09:17:36","slug":"premio-dorigo-2020-svelati-i-vincitori","status":"publish","type":"post","link":"https:\/\/www.radiopiu.net\/wordpress\/premio-dorigo-2020-svelati-i-vincitori\/","title":{"rendered":"PREMIO DORIGO, 2020. SVELATI I VINCITORI"},"content":{"rendered":"<p><strong><a class=\"dt-pswp-item\" href=\"https:\/\/www.radiopiu.net\/wordpress\/wp-content\/uploads\/2020\/08\/Premio-Dorigo-2020.-I-vincitori.jpg\" data-dt-img-description=\"\" data-large_image_width=\"1984\" data-large_image_height=\"1488\"><img loading=\"lazy\" decoding=\"async\" class=\"size-medium wp-image-153013 alignleft\" src=\"https:\/\/www.radiopiu.net\/wordpress\/wp-content\/uploads\/2020\/08\/Premio-Dorigo-2020.-I-vincitori-300x225.jpg\" alt=\"\" width=\"300\" height=\"225\" srcset=\"https:\/\/www.radiopiu.net\/wordpress\/wp-content\/uploads\/2020\/08\/Premio-Dorigo-2020.-I-vincitori-300x225.jpg 300w, https:\/\/www.radiopiu.net\/wordpress\/wp-content\/uploads\/2020\/08\/Premio-Dorigo-2020.-I-vincitori-1024x768.jpg 1024w, https:\/\/www.radiopiu.net\/wordpress\/wp-content\/uploads\/2020\/08\/Premio-Dorigo-2020.-I-vincitori-768x576.jpg 768w, https:\/\/www.radiopiu.net\/wordpress\/wp-content\/uploads\/2020\/08\/Premio-Dorigo-2020.-I-vincitori-1536x1152.jpg 1536w, https:\/\/www.radiopiu.net\/wordpress\/wp-content\/uploads\/2020\/08\/Premio-Dorigo-2020.-I-vincitori.jpg 1984w\" sizes=\"auto, (max-width: 300px) 100vw, 300px\" \/><\/a>BELLUNO <\/strong>Svelati i risultati della quarta edizione del Concorso nazionale di poesia \u201cPremio Maurizio Dorigo\u201d a tema \u201cLa tua terra e chi la abita\u201d.<span class=\"Apple-converted-space\">\u00a0<\/span>All&#8217;Unpli Belluno, che ide\u00f2 il premio nel 2013, si sono uniti oggi il Csv Belluno\/Comitato d&#8217;intesa con l&#8217;obiettivo di ricordare un\u2019importante figura, quella dell&#8217;indimenticato Maurizio Dorigo, giornalista, che ha conosciuto entrambe le realt\u00e0: \u00e8 stato infatti responsabile dell&#8217;ufficio stampa del Csv Belluno e direttore del periodico \u201cPro Loco Bellunesi\u201d, scomparso nel 2013 quando venne presentata la prima edizione.\u00a0Proseguito sino al 2015, il premio aveva visto un&#8217;interruzione prima di tornare quest&#8217;anno in una nuova veste, avvalendosi anche di importanti collaborazioni e patrocini: quelle di<span class=\"Apple-converted-space\">\u00a0 <\/span>Unpli Veneto, Csv net, Amici delle scuole in rete.\u00a0Si richiedeva di inviare una poesia sul tema \u201cLa tua terra e chi la abita\u201d, raccontando il proprio territorio con la pi\u00f9 ampia libert\u00e0 di pensiero. La premiazione si \u00e8 svolta domenica 2 agosto nell&#8217;ambito dell&#8217;assemblea provinciale delle Pro loco bellunesi.\u00a0Tre le sezioni in gara: quella generica aperta ai singoli e due per le scuole (secondaria di primo grado e secondaria di secondo grado).\u00a0A trionfare Massimo Celegato di Vicenza con la poesia \u201cLa terra che tu mi desti\u201d, seguito da Simone Censi di Corridonia (Macerata) con \u201cEvo\u201d e da Gloria Venturini di Lendinara (Rovigo) con \u201cMalinconie\u201d. Segnalazione speciale della giuria per Vellise Pilotti di Santa Giustina con \u201c9 ottobre 1963\u201d.<span class=\"Apple-converted-space\">\u00a0<\/span>Miglior lavoro di gruppo di una scuola secondaria di primo grado alla classe IIIC della scuola &#8220;Sebastiano Ricci&#8221; di Belluno seguita dalla professoressa Nadia Tatonetti; tra le poesie degli alunni, in particolare, \u00e8 stata segnalata \u201cCaleidoscopio\u201d di Federica Lovat. Miglior lavoro di gruppo di una secondaria di secondo grado al laboratorio di poesia del Liceo \u201cGiovanni Cotta&#8221; di Legnago (Verona) seguito dal professor Stefano Vicentini e, segnalato tra questi, il componimento \u201cCasa\u201d di Laura Nortilli della classe 5^ indirizzo linguistico. <a class=\"dt-pswp-item\" href=\"https:\/\/www.radiopiu.net\/wordpress\/wp-content\/uploads\/2020\/08\/Premio-Dorigo-2020.-Premiati-staff-e-giuria.jpg\" data-dt-img-description=\"\" data-large_image_width=\"1984\" data-large_image_height=\"1488\"><img loading=\"lazy\" decoding=\"async\" class=\"size-medium wp-image-153014 alignright\" src=\"https:\/\/www.radiopiu.net\/wordpress\/wp-content\/uploads\/2020\/08\/Premio-Dorigo-2020.-Premiati-staff-e-giuria-300x225.jpg\" alt=\"\" width=\"300\" height=\"225\" srcset=\"https:\/\/www.radiopiu.net\/wordpress\/wp-content\/uploads\/2020\/08\/Premio-Dorigo-2020.-Premiati-staff-e-giuria-300x225.jpg 300w, https:\/\/www.radiopiu.net\/wordpress\/wp-content\/uploads\/2020\/08\/Premio-Dorigo-2020.-Premiati-staff-e-giuria-1024x768.jpg 1024w, https:\/\/www.radiopiu.net\/wordpress\/wp-content\/uploads\/2020\/08\/Premio-Dorigo-2020.-Premiati-staff-e-giuria-768x576.jpg 768w, https:\/\/www.radiopiu.net\/wordpress\/wp-content\/uploads\/2020\/08\/Premio-Dorigo-2020.-Premiati-staff-e-giuria-1536x1152.jpg 1536w, https:\/\/www.radiopiu.net\/wordpress\/wp-content\/uploads\/2020\/08\/Premio-Dorigo-2020.-Premiati-staff-e-giuria.jpg 1984w\" sizes=\"auto, (max-width: 300px) 100vw, 300px\" \/><\/a>Soddisfatti gli organizzatori, che hanno visto la partecipazione di ben 211 lavori nella sezione generica, e 30 per le scuole provenienti dall&#8217;intero territorio nazionale in maniera capillare.\u00a0La giuria era formata dal presidente Espedito Pagnussat (Unpli Belluno), primo ideatore del premio, e da Elisa Corr\u00e0 (Comitato d&#8217;intesa), Nicola De Toffol (Csv Belluno), Simona Raddi (famiglia Dorigo), Concetta Spadaro (Amici Scuole in rete), Federico Brancaleone (segretario non votante).\u00a0Come da regolamento il primo classificato ha ricevuto 150 euro in buoni libro 100 il secondo, 50 il terzo, 50 il segnalato; 200 a testa in buoni libri per le scuole oltre al libro-omaggio delle Pro loco \u201cRiflessioni d&#8217;alta quota\u201d.<\/p>\n","protected":false},"excerpt":{"rendered":"<p>BELLUNO Svelati i risultati della quarta edizione del Concorso nazionale di poesia \u201cPremio Maurizio Dorigo\u201d a tema \u201cLa tua terra e chi la abita\u201d.\u00a0All&#8217;Unpli Belluno, che ide\u00f2 il premio nel 2013, si sono uniti oggi il Csv Belluno\/Comitato d&#8217;intesa con l&#8217;obiettivo di ricordare un\u2019importante figura, quella dell&#8217;indimenticato Maurizio Dorigo, giornalista, che ha conosciuto entrambe le&hellip;<\/p>\n","protected":false},"author":4,"featured_media":153014,"comment_status":"closed","ping_status":"closed","sticky":false,"template":"","format":"standard","meta":{"_monsterinsights_skip_tracking":false,"_monsterinsights_sitenote_active":false,"_monsterinsights_sitenote_note":"","_monsterinsights_sitenote_category":0,"footnotes":""},"categories":[49],"tags":[],"class_list":["post-153012","post","type-post","status-publish","format-standard","has-post-thumbnail","hentry","category-news-18","category-49","description-off"],"img_url":"https:\/\/www.radiopiu.net\/wordpress\/wp-content\/uploads\/2020\/08\/Premio-Dorigo-2020.-Premiati-staff-e-giuria.jpg","_links":{"self":[{"href":"https:\/\/www.radiopiu.net\/wordpress\/wp-json\/wp\/v2\/posts\/153012","targetHints":{"allow":["GET"]}}],"collection":[{"href":"https:\/\/www.radiopiu.net\/wordpress\/wp-json\/wp\/v2\/posts"}],"about":[{"href":"https:\/\/www.radiopiu.net\/wordpress\/wp-json\/wp\/v2\/types\/post"}],"author":[{"embeddable":true,"href":"https:\/\/www.radiopiu.net\/wordpress\/wp-json\/wp\/v2\/users\/4"}],"replies":[{"embeddable":true,"href":"https:\/\/www.radiopiu.net\/wordpress\/wp-json\/wp\/v2\/comments?post=153012"}],"version-history":[{"count":0,"href":"https:\/\/www.radiopiu.net\/wordpress\/wp-json\/wp\/v2\/posts\/153012\/revisions"}],"wp:featuredmedia":[{"embeddable":true,"href":"https:\/\/www.radiopiu.net\/wordpress\/wp-json\/wp\/v2\/media\/153014"}],"wp:attachment":[{"href":"https:\/\/www.radiopiu.net\/wordpress\/wp-json\/wp\/v2\/media?parent=153012"}],"wp:term":[{"taxonomy":"category","embeddable":true,"href":"https:\/\/www.radiopiu.net\/wordpress\/wp-json\/wp\/v2\/categories?post=153012"},{"taxonomy":"post_tag","embeddable":true,"href":"https:\/\/www.radiopiu.net\/wordpress\/wp-json\/wp\/v2\/tags?post=153012"}],"curies":[{"name":"wp","href":"https:\/\/api.w.org\/{rel}","templated":true}]}}