{"id":153222,"date":"2020-08-04T15:28:50","date_gmt":"2020-08-04T13:28:50","guid":{"rendered":"https:\/\/www.radiopiu.net\/wordpress\/?p=153222"},"modified":"2020-08-04T16:37:41","modified_gmt":"2020-08-04T14:37:41","slug":"trauma-toracico-per-la-donna-ferita-nellincidente-di-caracoi-colpa-della-retromarcia","status":"publish","type":"post","link":"https:\/\/www.radiopiu.net\/wordpress\/trauma-toracico-per-la-donna-ferita-nellincidente-di-caracoi-colpa-della-retromarcia\/","title":{"rendered":"TRAUMA TORACICO PER LA DONNA FERITA NELL&#8217;INCIDENTE DI CARACOI, COLPA DELLA RETROMARCIA"},"content":{"rendered":"<p><strong><a class=\"dt-pswp-item\" href=\"https:\/\/www.radiopiu.net\/wordpress\/wp-content\/uploads\/2020\/08\/salt_20200804_162142_803_resized.jpg\" data-dt-img-description=\"\" data-large_image_width=\"1182\" data-large_image_height=\"886\"><img loading=\"lazy\" decoding=\"async\" class=\" wp-image-153277 alignleft\" src=\"https:\/\/www.radiopiu.net\/wordpress\/wp-content\/uploads\/2020\/08\/salt_20200804_162142_803_resized-300x225.jpg\" alt=\"\" width=\"203\" height=\"152\" srcset=\"https:\/\/www.radiopiu.net\/wordpress\/wp-content\/uploads\/2020\/08\/salt_20200804_162142_803_resized-300x225.jpg 300w, https:\/\/www.radiopiu.net\/wordpress\/wp-content\/uploads\/2020\/08\/salt_20200804_162142_803_resized-1024x768.jpg 1024w, https:\/\/www.radiopiu.net\/wordpress\/wp-content\/uploads\/2020\/08\/salt_20200804_162142_803_resized-768x576.jpg 768w, https:\/\/www.radiopiu.net\/wordpress\/wp-content\/uploads\/2020\/08\/salt_20200804_162142_803_resized.jpg 1182w\" sizes=\"auto, (max-width: 203px) 100vw, 203px\" \/><\/a>ROCCA PIETORE<\/strong> Una retromarcia mal riuscita alla base dell&#8217;incidente che avrebbe potuto avere conseguenze molto pi\u00f9 gravi considerato che l&#8217;auto si \u00e8 rovescita pi\u00f9 volte, ha colpito degli alberi per poi fermarsi su un tratto pianeggiante nel bosco. Si pu\u00f2 solo immaginare la paura per la\u00a0 veneziana di 59 anni al volante della Land Rover Discovery a Caracoi (sopra Santa Maria delle Grazie) bivio per Bramezza. L&#8217;allarme ai Pompieri di Caprile e Rocca Pietore, permanenti di Agordo, Soccorso Alpino Val Pettorina ed Alleghe alle 11.45 momento in cui l&#8217;elicottero del Suem di Pieve di Cadore \u00e8 decollato in direzione di Rocca Pietore. A dare l&#8217;allarme dei testimoni che poi hanno aiutato ad uscire dell&#8217;abitacolo la donna alla guida, G.K., 59 anni, di Venezia. Sbarcati con un verricello di 60 metri, tecnico di elisoccorso ed equipe medica hanno subito prestato le prime cure all&#8217;infortunata, che ha riportato un\u00a0 trauma toracico. Imbarellata, la donna \u00e8 stata recuperata sempre con un verricello per essere trasportata all&#8217;ospedale di Belluno.<\/p>\n<p><strong>FOTO VIGILI DEL FUOCO CAPRILE-ROCCA PIETORE<\/strong><\/p>\n\n\t\t\t<style type='text\/css'>\n\t\t\t\t#gallery-1 {\n\t\t\t\t\tmargin: auto;\n\t\t\t\t}\n\t\t\t\t#gallery-1 .gallery-item {\n\t\t\t\t\tfloat: left;\n\t\t\t\t\tmargin-top: 10px;\n\t\t\t\t\ttext-align: center;\n\t\t\t\t\twidth: 33%;\n\t\t\t\t}\n\t\t\t\t#gallery-1 img {\n\t\t\t\t\tborder: 2px solid #cfcfcf;\n\t\t\t\t}\n\t\t\t\t#gallery-1 .gallery-caption {\n\t\t\t\t\tmargin-left: 0;\n\t\t\t\t}\n\t\t\t\t\/* see gallery_shortcode() in wp-includes\/media.php *\/\n\t\t\t<\/style>\n\t\t<div id='gallery-1' class='dt-gallery-container gallery galleryid-153222 gallery-columns-3 gallery-size-thumbnail'><dl class='gallery-item'>\n\t\t\t\t<dt class='gallery-icon landscape'>\n\t\t\t\t\t<a class=\"rollover rollover-zoom dt-pswp-item\" title=\"117182308_965336770561071_5549336883187537137_n\" data-dt-img-description=\"\" data-large_image_width=\"960\" data-large_image_height=\"720\"href='https:\/\/www.radiopiu.net\/wordpress\/wp-content\/uploads\/2020\/08\/117182308_965336770561071_5549336883187537137_n.jpg'><img loading=\"lazy\" decoding=\"async\" width=\"150\" height=\"150\" src=\"https:\/\/www.radiopiu.net\/wordpress\/wp-content\/uploads\/2020\/08\/117182308_965336770561071_5549336883187537137_n-150x150.jpg\" class=\"attachment-thumbnail size-thumbnail\" alt=\"\" \/><\/a>\n\t\t\t\t<\/dt><\/dl><dl class='gallery-item'>\n\t\t\t\t<dt class='gallery-icon landscape'>\n\t\t\t\t\t<a class=\"rollover rollover-zoom dt-pswp-item\" title=\"117170722_965336893894392_1003818848341947453_n\" data-dt-img-description=\"\" data-large_image_width=\"960\" data-large_image_height=\"720\"href='https:\/\/www.radiopiu.net\/wordpress\/wp-content\/uploads\/2020\/08\/117170722_965336893894392_1003818848341947453_n.jpg'><img loading=\"lazy\" decoding=\"async\" width=\"150\" height=\"150\" src=\"https:\/\/www.radiopiu.net\/wordpress\/wp-content\/uploads\/2020\/08\/117170722_965336893894392_1003818848341947453_n-150x150.jpg\" class=\"attachment-thumbnail size-thumbnail\" alt=\"\" \/><\/a>\n\t\t\t\t<\/dt><\/dl><dl class='gallery-item'>\n\t\t\t\t<dt class='gallery-icon landscape'>\n\t\t\t\t\t<a class=\"rollover rollover-zoom dt-pswp-item\" title=\"116710658_965336823894399_7591485241993146778_n\" data-dt-img-description=\"\" data-large_image_width=\"960\" data-large_image_height=\"720\"href='https:\/\/www.radiopiu.net\/wordpress\/wp-content\/uploads\/2020\/08\/116710658_965336823894399_7591485241993146778_n.jpg'><img loading=\"lazy\" decoding=\"async\" width=\"150\" height=\"150\" src=\"https:\/\/www.radiopiu.net\/wordpress\/wp-content\/uploads\/2020\/08\/116710658_965336823894399_7591485241993146778_n-150x150.jpg\" class=\"attachment-thumbnail size-thumbnail\" alt=\"\" \/><\/a>\n\t\t\t\t<\/dt><\/dl><br style=\"clear: both\" \/>\n\t\t\t<\/div>\n\n<blockquote>\n<h2>LE STRADE PER BRAMEZZA E CARACOI NOTE IN MUNICIPIO<\/h2>\n<\/blockquote>\n<p><strong><a class=\"dt-pswp-item\" href=\"https:\/\/www.radiopiu.net\/wordpress\/wp-content\/uploads\/2020\/08\/116710658_965336823894399_7591485241993146778_n.jpg\" data-dt-img-description=\"\" data-large_image_width=\"960\" data-large_image_height=\"720\"><img loading=\"lazy\" decoding=\"async\" class=\"wp-image-153199 alignleft\" src=\"https:\/\/www.radiopiu.net\/wordpress\/wp-content\/uploads\/2020\/08\/116710658_965336823894399_7591485241993146778_n-300x225.jpg\" alt=\"\" width=\"164\" height=\"123\" srcset=\"https:\/\/www.radiopiu.net\/wordpress\/wp-content\/uploads\/2020\/08\/116710658_965336823894399_7591485241993146778_n-300x225.jpg 300w, https:\/\/www.radiopiu.net\/wordpress\/wp-content\/uploads\/2020\/08\/116710658_965336823894399_7591485241993146778_n-768x576.jpg 768w, https:\/\/www.radiopiu.net\/wordpress\/wp-content\/uploads\/2020\/08\/116710658_965336823894399_7591485241993146778_n.jpg 960w\" sizes=\"auto, (max-width: 164px) 100vw, 164px\" \/><\/a>ROCCA PIETORE<\/strong> Dopo Vaia 2018 le emergenze sono continue, una dopo l&#8217;altra. L&#8217;ultima l&#8217;incidente di oggi a Caracoi verso Bramezza. Il sindaco di Rocca Pietore facendo riferimento al sinistro &#8211; in un punto dove la Provincia aveva messo in cantiere un intervento in fase di ultimazione &#8211; dichiara le sue preoccupazioni per una strada che ha necessit\u00e0 di manutezioni importanti e per questo sono stati stanziati importanti importi anche per una viabilit\u00e0 di servizio. <em>&#8220;Stiamo per approntare un intervento d&#8217;urgenza&#8221;<\/em> spiega il primo cittadino<em> &#8220;Ma la macchina burocratica \u00e8 complessa, auspico la comprensione dei mie concittadini&#8221;<\/em><\/p>\n<audio class=\"wp-audio-shortcode\" id=\"audio-153222-1\" preload=\"none\" style=\"width: 100%;\" controls=\"controls\"><source type=\"audio\/mpeg\" src=\"https:\/\/www.radiopiu.net\/wordpress\/wp-content\/uploads\/2020\/08\/ANDREA-DB.mp3?_=1\" \/><a href=\"https:\/\/www.radiopiu.net\/wordpress\/wp-content\/uploads\/2020\/08\/ANDREA-DB.mp3\">https:\/\/www.radiopiu.net\/wordpress\/wp-content\/uploads\/2020\/08\/ANDREA-DB.mp3<\/a><\/audio>\n<p>&nbsp;<\/p>\n<p>&nbsp;<\/p>\n","protected":false},"excerpt":{"rendered":"<p>ROCCA PIETORE Una retromarcia mal riuscita alla base dell&#8217;incidente che avrebbe potuto avere conseguenze molto pi\u00f9 gravi considerato che l&#8217;auto si \u00e8 rovescita pi\u00f9 volte, ha colpito degli alberi per poi fermarsi su un tratto pianeggiante nel bosco. Si pu\u00f2 solo immaginare la paura per la\u00a0 veneziana di 59 anni al volante della Land Rover&hellip;<\/p>\n","protected":false},"author":1,"featured_media":153276,"comment_status":"closed","ping_status":"closed","sticky":false,"template":"","format":"standard","meta":{"_monsterinsights_skip_tracking":false,"_monsterinsights_sitenote_active":false,"_monsterinsights_sitenote_note":"","_monsterinsights_sitenote_category":0,"footnotes":""},"categories":[1,49],"tags":[],"class_list":["post-153222","post","type-post","status-publish","format-standard","has-post-thumbnail","hentry","category-senza-categoria","category-news-18","category-1","category-49","description-off"],"img_url":"https:\/\/www.radiopiu.net\/wordpress\/wp-content\/uploads\/2020\/08\/salt_20200804_162201_392_resized.jpg","_links":{"self":[{"href":"https:\/\/www.radiopiu.net\/wordpress\/wp-json\/wp\/v2\/posts\/153222","targetHints":{"allow":["GET"]}}],"collection":[{"href":"https:\/\/www.radiopiu.net\/wordpress\/wp-json\/wp\/v2\/posts"}],"about":[{"href":"https:\/\/www.radiopiu.net\/wordpress\/wp-json\/wp\/v2\/types\/post"}],"author":[{"embeddable":true,"href":"https:\/\/www.radiopiu.net\/wordpress\/wp-json\/wp\/v2\/users\/1"}],"replies":[{"embeddable":true,"href":"https:\/\/www.radiopiu.net\/wordpress\/wp-json\/wp\/v2\/comments?post=153222"}],"version-history":[{"count":0,"href":"https:\/\/www.radiopiu.net\/wordpress\/wp-json\/wp\/v2\/posts\/153222\/revisions"}],"wp:featuredmedia":[{"embeddable":true,"href":"https:\/\/www.radiopiu.net\/wordpress\/wp-json\/wp\/v2\/media\/153276"}],"wp:attachment":[{"href":"https:\/\/www.radiopiu.net\/wordpress\/wp-json\/wp\/v2\/media?parent=153222"}],"wp:term":[{"taxonomy":"category","embeddable":true,"href":"https:\/\/www.radiopiu.net\/wordpress\/wp-json\/wp\/v2\/categories?post=153222"},{"taxonomy":"post_tag","embeddable":true,"href":"https:\/\/www.radiopiu.net\/wordpress\/wp-json\/wp\/v2\/tags?post=153222"}],"curies":[{"name":"wp","href":"https:\/\/api.w.org\/{rel}","templated":true}]}}