{"id":153261,"date":"2020-08-04T16:13:43","date_gmt":"2020-08-04T14:13:43","guid":{"rendered":"https:\/\/www.radiopiu.net\/wordpress\/?p=153261"},"modified":"2020-08-04T16:13:43","modified_gmt":"2020-08-04T14:13:43","slug":"maltempo-in-veneto-gia-tre-dichiarazioni-di-stato-di-crisi-firmate-dal-presidente-della-regione","status":"publish","type":"post","link":"https:\/\/www.radiopiu.net\/wordpress\/maltempo-in-veneto-gia-tre-dichiarazioni-di-stato-di-crisi-firmate-dal-presidente-della-regione\/","title":{"rendered":"MALTEMPO IN VENETO. GIA\u2019 TRE DICHIARAZIONI DI STATO DI CRISI FIRMATE DAL PRESIDENTE DELLA REGIONE"},"content":{"rendered":"<p>&nbsp;<\/p>\n<p>&nbsp;<\/p>\n<p><strong><a class=\"dt-pswp-item\" href=\"https:\/\/www.radiopiu.net\/wordpress\/wp-content\/uploads\/2020\/08\/3f34fd3e-e2ad-4426-8fe0-5df58ade9816.jpg\" data-dt-img-description=\"\" data-large_image_width=\"1200\" data-large_image_height=\"1600\"><img loading=\"lazy\" decoding=\"async\" class=\"wp-image-153260 alignleft\" src=\"https:\/\/www.radiopiu.net\/wordpress\/wp-content\/uploads\/2020\/08\/3f34fd3e-e2ad-4426-8fe0-5df58ade9816-225x300.jpg\" alt=\"\" width=\"132\" height=\"176\" srcset=\"https:\/\/www.radiopiu.net\/wordpress\/wp-content\/uploads\/2020\/08\/3f34fd3e-e2ad-4426-8fe0-5df58ade9816-225x300.jpg 225w, https:\/\/www.radiopiu.net\/wordpress\/wp-content\/uploads\/2020\/08\/3f34fd3e-e2ad-4426-8fe0-5df58ade9816-768x1024.jpg 768w, https:\/\/www.radiopiu.net\/wordpress\/wp-content\/uploads\/2020\/08\/3f34fd3e-e2ad-4426-8fe0-5df58ade9816-1152x1536.jpg 1152w, https:\/\/www.radiopiu.net\/wordpress\/wp-content\/uploads\/2020\/08\/3f34fd3e-e2ad-4426-8fe0-5df58ade9816.jpg 1200w\" sizes=\"auto, (max-width: 132px) 100vw, 132px\" \/><\/a>VENEZIA<\/strong> Il maltempo ha determinato negli ultimi giorni ripetute situazioni tali da indurre il Presidente della Regione del Veneto a dichiarare pi\u00f9 volte lo Stato di Crisi per eccezionali avversit\u00e0 atmosferiche. Lo stato di crisi \u00e8 stato dichiarato, fino al termine della fase meteorologica avversa, per i danni riportati nei territori delle province di Belluno, Rovigo, Treviso, Verona e Vicenza. Lo stato di crisi \u00e8 stato inoltre decretato dal Governatore del Veneto altre due volte: la prima per le eccezionali avversit\u00e0 atmosferiche verificatesi il 21 e il 23 luglio 2020 nelle province di Belluno e Vicenza; la seconda per le avversit\u00e0 atmosferiche del 29 luglio nel comune di Auronzo di Cadore, e per quelle del 30 luglio nel comune di Canale d\u2019Agordo.<\/p>\n<p><strong>NELLE FOTO<\/strong> la situazione alla diga Enel di Ombretta.<\/p>\n<p><a class=\"dt-pswp-item\" href=\"https:\/\/www.radiopiu.net\/wordpress\/wp-content\/uploads\/2020\/08\/81abb3ad-e921-4b41-9121-53a6322cb29a.jpg\" data-dt-img-description=\"\" data-large_image_width=\"1200\" data-large_image_height=\"1600\"><img loading=\"lazy\" decoding=\"async\" class=\"alignnone  wp-image-153259\" src=\"https:\/\/www.radiopiu.net\/wordpress\/wp-content\/uploads\/2020\/08\/81abb3ad-e921-4b41-9121-53a6322cb29a-225x300.jpg\" alt=\"\" width=\"170\" height=\"226\" srcset=\"https:\/\/www.radiopiu.net\/wordpress\/wp-content\/uploads\/2020\/08\/81abb3ad-e921-4b41-9121-53a6322cb29a-225x300.jpg 225w, https:\/\/www.radiopiu.net\/wordpress\/wp-content\/uploads\/2020\/08\/81abb3ad-e921-4b41-9121-53a6322cb29a-768x1024.jpg 768w, https:\/\/www.radiopiu.net\/wordpress\/wp-content\/uploads\/2020\/08\/81abb3ad-e921-4b41-9121-53a6322cb29a-1152x1536.jpg 1152w, https:\/\/www.radiopiu.net\/wordpress\/wp-content\/uploads\/2020\/08\/81abb3ad-e921-4b41-9121-53a6322cb29a.jpg 1200w\" sizes=\"auto, (max-width: 170px) 100vw, 170px\" \/><\/a><a class=\"dt-pswp-item\" href=\"https:\/\/www.radiopiu.net\/wordpress\/wp-content\/uploads\/2020\/08\/12f955f8-604e-4b98-8f40-5dffa7a5e923.jpg\" data-dt-img-description=\"\" data-large_image_width=\"1024\" data-large_image_height=\"768\"><img loading=\"lazy\" decoding=\"async\" class=\"alignnone  wp-image-153258\" src=\"https:\/\/www.radiopiu.net\/wordpress\/wp-content\/uploads\/2020\/08\/12f955f8-604e-4b98-8f40-5dffa7a5e923-300x225.jpg\" alt=\"\" width=\"303\" height=\"227\" srcset=\"https:\/\/www.radiopiu.net\/wordpress\/wp-content\/uploads\/2020\/08\/12f955f8-604e-4b98-8f40-5dffa7a5e923-300x225.jpg 300w, https:\/\/www.radiopiu.net\/wordpress\/wp-content\/uploads\/2020\/08\/12f955f8-604e-4b98-8f40-5dffa7a5e923-768x576.jpg 768w, https:\/\/www.radiopiu.net\/wordpress\/wp-content\/uploads\/2020\/08\/12f955f8-604e-4b98-8f40-5dffa7a5e923.jpg 1024w\" sizes=\"auto, (max-width: 303px) 100vw, 303px\" \/><\/a><\/p>\n","protected":false},"excerpt":{"rendered":"<p>&nbsp; &nbsp; VENEZIA Il maltempo ha determinato negli ultimi giorni ripetute situazioni tali da indurre il Presidente della Regione del Veneto a dichiarare pi\u00f9 volte lo Stato di Crisi per eccezionali avversit\u00e0 atmosferiche. Lo stato di crisi \u00e8 stato dichiarato, fino al termine della fase meteorologica avversa, per i danni riportati nei territori delle province&hellip;<\/p>\n","protected":false},"author":1,"featured_media":153259,"comment_status":"closed","ping_status":"closed","sticky":false,"template":"","format":"standard","meta":{"_monsterinsights_skip_tracking":false,"_monsterinsights_sitenote_active":false,"_monsterinsights_sitenote_note":"","_monsterinsights_sitenote_category":0,"footnotes":""},"categories":[49],"tags":[],"class_list":["post-153261","post","type-post","status-publish","format-standard","has-post-thumbnail","hentry","category-news-18","category-49","description-off"],"img_url":"https:\/\/www.radiopiu.net\/wordpress\/wp-content\/uploads\/2020\/08\/81abb3ad-e921-4b41-9121-53a6322cb29a.jpg","_links":{"self":[{"href":"https:\/\/www.radiopiu.net\/wordpress\/wp-json\/wp\/v2\/posts\/153261","targetHints":{"allow":["GET"]}}],"collection":[{"href":"https:\/\/www.radiopiu.net\/wordpress\/wp-json\/wp\/v2\/posts"}],"about":[{"href":"https:\/\/www.radiopiu.net\/wordpress\/wp-json\/wp\/v2\/types\/post"}],"author":[{"embeddable":true,"href":"https:\/\/www.radiopiu.net\/wordpress\/wp-json\/wp\/v2\/users\/1"}],"replies":[{"embeddable":true,"href":"https:\/\/www.radiopiu.net\/wordpress\/wp-json\/wp\/v2\/comments?post=153261"}],"version-history":[{"count":0,"href":"https:\/\/www.radiopiu.net\/wordpress\/wp-json\/wp\/v2\/posts\/153261\/revisions"}],"wp:featuredmedia":[{"embeddable":true,"href":"https:\/\/www.radiopiu.net\/wordpress\/wp-json\/wp\/v2\/media\/153259"}],"wp:attachment":[{"href":"https:\/\/www.radiopiu.net\/wordpress\/wp-json\/wp\/v2\/media?parent=153261"}],"wp:term":[{"taxonomy":"category","embeddable":true,"href":"https:\/\/www.radiopiu.net\/wordpress\/wp-json\/wp\/v2\/categories?post=153261"},{"taxonomy":"post_tag","embeddable":true,"href":"https:\/\/www.radiopiu.net\/wordpress\/wp-json\/wp\/v2\/tags?post=153261"}],"curies":[{"name":"wp","href":"https:\/\/api.w.org\/{rel}","templated":true}]}}