{"id":153312,"date":"2020-08-05T05:53:36","date_gmt":"2020-08-05T03:53:36","guid":{"rendered":"https:\/\/www.radiopiu.net\/wordpress\/?p=153312"},"modified":"2020-08-05T10:00:02","modified_gmt":"2020-08-05T08:00:02","slug":"i-temi-della-sicurezza-al-centro-dellattenzione-in-prefettura","status":"publish","type":"post","link":"https:\/\/www.radiopiu.net\/wordpress\/i-temi-della-sicurezza-al-centro-dellattenzione-in-prefettura\/","title":{"rendered":"I TEMI DELLA SICUREZZA AL CENTRO DELL\u2019ATTENZIONE IN PREFETTURA"},"content":{"rendered":"<p><strong>BELLUNO<\/strong> Al via i lavori per la realizzazione della nuova sede della sala operativa integrata di protezione civile. Rinnovate le linee guida per lo svolgimento delle pubbliche manifestazioni Si sono tenute oggi, al Palazzo del Governo, presiedute dal Prefetto dott.ssa Adriana Cogode, due riunioni sui temi legati alla sicurezza e, in particolare, sulla realizzazione della nuova sala operativa integrata di protezione civile e sulle misure di security e safety da adottare in occasione di eventi di rilievo. Al primo incontro hanno preso parte, l\u2019Assessore Regionale alla Protezione Civile, Gianpaolo Bottacin, il Direttore Interregionale dei Vigili del Fuoco, Loris Munaro, il Direttore dell\u2019Agenzia del Demanio Veneto, Edoardo Maggini, ed il Consigliere provinciale con delega alla difesa del suolo, Massimo Bortoluzzi. Nel corso della riunione \u00e8 stato illustrato il progetto del nuovo fabbricato in cui sar\u00e0 ospitata la sala provinciale di Protezione Civile, all\u2019interno dell\u2019area dove \u00e8 presente la nuova sede dei Vigili del Fuoco. In particolare, sar\u00e0 realizzata una nuova struttura prefabbricata, in sostituzione di un vecchio capannone che sar\u00e0 demolito, che diventer\u00e0 la vera e propria \u201ccasa\u201d della protezione civile bellunese e consentir\u00e0 di affrontare con ancor maggiore efficacia, grazie all\u2019impiego di moderne soluzioni tecnologiche, le eventuali emergenze che dovessero verificarsi in questo territorio. La realizzazione di una struttura dove sar\u00e0 possibile gestire situazioni emergenziali, secondo le valutazioni condivise ai livelli istituzionali centrali regionali e locali, si rivela assolutamente necessaria e strategica, non solo per le svariate tipologie di rischio a cui \u00e8 esposto il territorio bellunese, ma anche in vista delle esigenze di protezione civile e di sicurezza che la provincia dovr\u00e0 fronteggiare nei prossimi importanti eventi sportivi che si terranno a Cortina. L\u2019intervento, che rientra tra quelli del post emergenza VAIA e sar\u00e0 pertanto seguito dal soggetto attuatore nominato dal Commissario Delegato Presidente della Regione Veneto dott. Luca Zaia, nella persona dell\u2019ing. Loris Munaro, Direttore Interregionale dei Vigili del Fuoco e Comandante reggente di Belluno, sar\u00e0 realizzato grazie anche al generoso contributo raccolto, a livello regionale, da CGIl, CISL, e UIL e da Confindustria Veneto. Una volta completata la realizzazione dell\u2019immobile, rispetto alla quale \u00e8 stato da tutti garantito l\u2019impegno a ridurre quanto pi\u00f9 possibile i tempi, gli attori istituzionali del sistema regionale e provinciale di protezione civile stipuleranno un\u2019apposita intesa per la gestione e l\u2019allestimento della sala e per il suo funzionamento.<\/p>\n<p>A seguire, si \u00e8 poi svolta una riunione del Comitato Provinciale per l\u2019Ordine e la Sicurezza Pubblica con i\u00a0 rappresentanti delle Forze dell\u2019Ordine, del Comune e della Provincia di Belluno. Tra i temi all\u2019ordine del giorno, quello delle misure da adottare in occasione di manifestazioni pubbliche. Al riguardo, si \u00e8 convenuto di fornire ai Sindaci rinnovate indicazioni sulle misure di safety e security che devono essere assicurate dagli organizzatori degli eventi per il loro corretto svolgimento. Tale esigenza \u00e8 resa necessaria, da un lato, dall\u2019attuale situazione di emergenza epidemiologica che impone un\u2019attenta valutazione \u2013 sotto i profili sopra richiamati \u2013 delle iniziative assunte per il contenimento del contagio, tra le quali particolare rilievo assume il divieto di assembramenti. Sotto altro profilo, sar\u00e0 richiamata l\u2019attenzione dei primi cittadini sull\u2019esigenza di dare un rinnovato impulso all\u2019attivit\u00e0 delle commissioni di vigilanza sui locali di pubblico spettacolo quali sedi privilegiate per l\u2019esame delle misure organizzative adottate a tutela della pubblica incolumit\u00e0, anche in funzione di un raccordo, se necessario, nell\u2019ambito del Comitato Provinciale per l\u2019Ordine e la Sicurezza Pubblica. Proprio a tale proposito, si \u00e8 preso atto della prossima edizione del Rally del Nevegal e della relativa pianificazione descritta ai presenti dai rappresentanti del Comitato organizzativo, i quali hanno previsto lo svolgimento della manifestazione a porte chiuse e nel rispetto delle disposizioni anticontagio.<\/p>\n<p>Infine il tavolo prefettizio ha affrontato anche il tema della presenza dei lupi, cui recentemente la stampa, gli amministratori locali e gli agricoltori\/allevatori hanno dato ampio risalto anche a causa di recenti, ripetute aggressioni agli animali domestici. In assenza di precise norme sul contenimento o su altre iniziative possibili trattandosi di specie protette, si \u00e8 convenuto di seguire l\u2019evolversi della situazione e di attenzionare sul tema gli organi competenti<\/p>\n","protected":false},"excerpt":{"rendered":"<p>BELLUNO Al via i lavori per la realizzazione della nuova sede della sala operativa integrata di protezione civile. Rinnovate le linee guida per lo svolgimento delle pubbliche manifestazioni Si sono tenute oggi, al Palazzo del Governo, presiedute dal Prefetto dott.ssa Adriana Cogode, due riunioni sui temi legati alla sicurezza e, in particolare, sulla realizzazione della&hellip;<\/p>\n","protected":false},"author":1,"featured_media":75516,"comment_status":"closed","ping_status":"closed","sticky":false,"template":"","format":"standard","meta":{"_monsterinsights_skip_tracking":false,"_monsterinsights_sitenote_active":false,"_monsterinsights_sitenote_note":"","_monsterinsights_sitenote_category":0,"footnotes":""},"categories":[49],"tags":[],"class_list":["post-153312","post","type-post","status-publish","format-standard","has-post-thumbnail","hentry","category-news-18","category-49","description-off"],"img_url":"https:\/\/www.radiopiu.net\/wordpress\/wp-content\/uploads\/2019\/02\/prefettura.jpeg","_links":{"self":[{"href":"https:\/\/www.radiopiu.net\/wordpress\/wp-json\/wp\/v2\/posts\/153312","targetHints":{"allow":["GET"]}}],"collection":[{"href":"https:\/\/www.radiopiu.net\/wordpress\/wp-json\/wp\/v2\/posts"}],"about":[{"href":"https:\/\/www.radiopiu.net\/wordpress\/wp-json\/wp\/v2\/types\/post"}],"author":[{"embeddable":true,"href":"https:\/\/www.radiopiu.net\/wordpress\/wp-json\/wp\/v2\/users\/1"}],"replies":[{"embeddable":true,"href":"https:\/\/www.radiopiu.net\/wordpress\/wp-json\/wp\/v2\/comments?post=153312"}],"version-history":[{"count":0,"href":"https:\/\/www.radiopiu.net\/wordpress\/wp-json\/wp\/v2\/posts\/153312\/revisions"}],"wp:featuredmedia":[{"embeddable":true,"href":"https:\/\/www.radiopiu.net\/wordpress\/wp-json\/wp\/v2\/media\/75516"}],"wp:attachment":[{"href":"https:\/\/www.radiopiu.net\/wordpress\/wp-json\/wp\/v2\/media?parent=153312"}],"wp:term":[{"taxonomy":"category","embeddable":true,"href":"https:\/\/www.radiopiu.net\/wordpress\/wp-json\/wp\/v2\/categories?post=153312"},{"taxonomy":"post_tag","embeddable":true,"href":"https:\/\/www.radiopiu.net\/wordpress\/wp-json\/wp\/v2\/tags?post=153312"}],"curies":[{"name":"wp","href":"https:\/\/api.w.org\/{rel}","templated":true}]}}