{"id":153348,"date":"2020-08-05T05:53:50","date_gmt":"2020-08-05T03:53:50","guid":{"rendered":"https:\/\/www.radiopiu.net\/wordpress\/?p=153348"},"modified":"2020-08-05T06:01:29","modified_gmt":"2020-08-05T04:01:29","slug":"oggi-e-festa-a-la-valle-agordina","status":"publish","type":"post","link":"https:\/\/www.radiopiu.net\/wordpress\/oggi-e-festa-a-la-valle-agordina\/","title":{"rendered":"OGGI E&#8217; FESTA A LA VALLE AGORDINA"},"content":{"rendered":"<div class=\"section\">\n<div class=\"layoutArea\">\n<div class=\"column\">\n<blockquote><p>di John Francis Della Pietra<\/p>\n<p><em> Madonna della neve: Nevic\u00f2 a Roma in tempi di pandemia ed essa pass\u00f2 cosi l&#8217;allora papa come ringraziamento costru\u00ec una chiesa a lei dedicata a Roma.\u00a0 Pian piano si diffuse la fede in lei quass\u00f9 tra i monti.\u00a0 Invocata a protezione ed ausilio da tutti noi popolo delle Alpi.\u00a0<\/em><\/p><\/blockquote>\n<p><strong><img loading=\"lazy\" decoding=\"async\" class=\"alignleft\" src=\"https:\/\/www.radiopiu.net\/wordpress\/wp-content\/uploads\/2019\/07\/LA-VALLE.jpg\" width=\"202\" height=\"151\" \/>LA VALLE<\/strong>\u00a0 Con i complimenti ai volontari del paese perche&#8217; nonostante le restrizioni da covid19 hanno voluto non far passare inossercato il giorno del 5 agosto. oggi infatti \u00e8 festa a La Valle e la Proloco \u00e8 in prima linea per far vivere una giornata diversa ai paesani ed ospiti.<\/p>\n<p><strong>DON CESARE<\/strong> nello spazio del giorno ricorda la dedicazione della chiesa che risale al 1708<\/p>\n<audio class=\"wp-audio-shortcode\" id=\"audio-153348-1\" preload=\"none\" style=\"width: 100%;\" controls=\"controls\"><source type=\"audio\/mpeg\" src=\"https:\/\/www.radiopiu.net\/wordpress\/wp-content\/uploads\/2020\/08\/CESARE-2.mp3?_=1\" \/><a href=\"https:\/\/www.radiopiu.net\/wordpress\/wp-content\/uploads\/2020\/08\/CESARE-2.mp3\">https:\/\/www.radiopiu.net\/wordpress\/wp-content\/uploads\/2020\/08\/CESARE-2.mp3<\/a><\/audio>\n<p><strong>GIORNI DI FESTA CON LA PROLOCO<\/strong><\/p>\n<p><a class=\"dt-pswp-item\" href=\"https:\/\/www.radiopiu.net\/wordpress\/wp-content\/uploads\/2020\/08\/116378077_3427633580588953_962549055424715281_o.jpg\" data-dt-img-description=\"\" data-large_image_width=\"960\" data-large_image_height=\"355\"><img loading=\"lazy\" decoding=\"async\" class=\"alignnone size-medium wp-image-153350\" src=\"https:\/\/www.radiopiu.net\/wordpress\/wp-content\/uploads\/2020\/08\/116378077_3427633580588953_962549055424715281_o-300x111.jpg\" alt=\"\" width=\"300\" height=\"111\" srcset=\"https:\/\/www.radiopiu.net\/wordpress\/wp-content\/uploads\/2020\/08\/116378077_3427633580588953_962549055424715281_o-300x111.jpg 300w, https:\/\/www.radiopiu.net\/wordpress\/wp-content\/uploads\/2020\/08\/116378077_3427633580588953_962549055424715281_o-768x284.jpg 768w, https:\/\/www.radiopiu.net\/wordpress\/wp-content\/uploads\/2020\/08\/116378077_3427633580588953_962549055424715281_o.jpg 960w\" sizes=\"auto, (max-width: 300px) 100vw, 300px\" \/><\/a><\/p>\n<p><strong>IN PIAZZA SAN MICHIEL<\/strong><\/p>\n<p><a class=\"dt-pswp-item\" href=\"https:\/\/www.radiopiu.net\/wordpress\/wp-content\/uploads\/2020\/08\/117386232_3455781994440778_1514953681964228017_o.jpg\" data-dt-img-description=\"\" data-large_image_width=\"960\" data-large_image_height=\"958\"><img loading=\"lazy\" decoding=\"async\" class=\" wp-image-153351 alignleft\" src=\"https:\/\/www.radiopiu.net\/wordpress\/wp-content\/uploads\/2020\/08\/117386232_3455781994440778_1514953681964228017_o-300x300.jpg\" alt=\"\" width=\"161\" height=\"161\" srcset=\"https:\/\/www.radiopiu.net\/wordpress\/wp-content\/uploads\/2020\/08\/117386232_3455781994440778_1514953681964228017_o-300x300.jpg 300w, https:\/\/www.radiopiu.net\/wordpress\/wp-content\/uploads\/2020\/08\/117386232_3455781994440778_1514953681964228017_o-150x150.jpg 150w, https:\/\/www.radiopiu.net\/wordpress\/wp-content\/uploads\/2020\/08\/117386232_3455781994440778_1514953681964228017_o-768x766.jpg 768w, https:\/\/www.radiopiu.net\/wordpress\/wp-content\/uploads\/2020\/08\/117386232_3455781994440778_1514953681964228017_o.jpg 960w\" sizes=\"auto, (max-width: 161px) 100vw, 161px\" \/><\/a>lo stand Pro Loco: <span class=\"_5mfr\"><span class=\"_6qdm\">&#x274e;<\/span><\/span> tessere Pro Loco 2020 <span class=\"_5mfr\"><span class=\"_6qdm\">&#x274e;<\/span><\/span> cartine sentieri La Valle Agordina <span class=\"_5mfr\"><span class=\"_6qdm\">&#x274e;<\/span><\/span> libro \u201cLa vita deve salire\u201d di C. Laveder &#8211; riedito 2018 <span class=\"_5mfr\"><span class=\"_6qdm\">&#x274e;<\/span><\/span>\u00a0mascherine\u00a0<a class=\"_58cn\" href=\"https:\/\/www.facebook.com\/hashtag\/prolocolaval?__eep__=6&amp;source=feed_text&amp;epa=HASHTAG&amp;__xts__%5B0%5D=68.ARDDT64tqMcW4j2gT-7IIg4tm0HrmfahcX26-Gyz2kCakuQgaT6kA0D0koXWNkI9LW-SGhY8fJ-TM2tOxGeCUJ_uOji2amu9Ug2RIUtbVkhAo9oO6e-XinDjR3BwdlX11fYKL4SW4q-FJX_rWWDzAJyA1cEmkkMcY_vE5WlMgEf1XiOmy9pZpChdduNNbWBwCrEF7FsWvem6ePm7s8qRb4Q60DqQlKzpdn5QMiP8axgq_bjR-SVmEHHyQhsC4QRgmaSZg4wIQVNr6Evfd0-KHjmT0bdHmQYBDsUNbH9vYN66OVXAfXyWMAgtj2QQa7UWaqqaGoK5Q_Y2Fn5PMz7AJDivkg&amp;__tn__=%2ANK-R\" data-ft=\"{&quot;type&quot;:104,&quot;tn&quot;:&quot;*N&quot;}\"><span class=\"_5afx\"><span class=\"_58cl _5afz\" aria-label=\"hashtag\">#<\/span><span class=\"_58cm\">prolocolaval<\/span><\/span><\/a> <span class=\"_5mfr\"><span class=\"_6qdm\">&#x274e;<\/span><\/span> punto ristoro<\/p>\n<table class=\"_4dmd _4eok uiGrid _51mz\" cellspacing=\"0\" cellpadding=\"0\">\n<tbody>\n<tr class=\"_51mx\">\n<td class=\"_5px7 _51m-\"><\/td>\n<td class=\"_4dmi _51m-\">\n<div class=\"_4dmj\">\n<div class=\"_4dmk\"><a id=\"js_1u\" href=\"https:\/\/www.facebook.com\/events\/630822811183894\/?acontext=%7B%22source%22%3A5%2C%22action_history%22%3A[%7B%22surface%22%3A%22page%22%2C%22mechanism%22%3A%22main_list%22%2C%22extra_data%22%3A%22%5C%22[]%5C%22%22%7D]%2C%22has_source%22%3Atrue%7D\" data-hovercard=\"\/ajax\/hovercard\/event.php?id=630822811183894\" aria-describedby=\"u_3w_1\" aria-owns=\"js_1t\"><span class=\" _50f7\">El Merc\u00e0 de l&#8217;Ist\u00e0 \/ Sagra Madona de la N\u00e9if 2020<\/span><\/a><\/div>\n<div class=\"_4dml fsm fwn fcg\"><span class=\"_2-xx\">Oggi alle ore 09:00<\/span><span aria-hidden=\"true\"> \u00b7\u00a0<\/span><\/div>\n<\/div>\n<\/td>\n<\/tr>\n<\/tbody>\n<\/table>\n<p>TROVERETE i porta-dispenser gel igienizzante mani EL MERCA\u0300 DE L\u2019ISTA\u0300 special edition.<span class=\"_5mfr\"><span class=\"_6qdm\">&#x274e;<\/span><\/span>\u00a0Ricordatevi che per <a class=\"dt-pswp-item\" href=\"https:\/\/www.radiopiu.net\/wordpress\/wp-content\/uploads\/2020\/08\/116583316_3451515871534057_1668588361352423751_o.jpg\" data-dt-img-description=\"\" data-large_image_width=\"960\" data-large_image_height=\"960\"><img loading=\"lazy\" decoding=\"async\" class=\"size-medium wp-image-153352 alignright\" src=\"https:\/\/www.radiopiu.net\/wordpress\/wp-content\/uploads\/2020\/08\/116583316_3451515871534057_1668588361352423751_o-300x300.jpg\" alt=\"\" width=\"300\" height=\"300\" srcset=\"https:\/\/www.radiopiu.net\/wordpress\/wp-content\/uploads\/2020\/08\/116583316_3451515871534057_1668588361352423751_o-300x300.jpg 300w, https:\/\/www.radiopiu.net\/wordpress\/wp-content\/uploads\/2020\/08\/116583316_3451515871534057_1668588361352423751_o-150x150.jpg 150w, https:\/\/www.radiopiu.net\/wordpress\/wp-content\/uploads\/2020\/08\/116583316_3451515871534057_1668588361352423751_o-768x768.jpg 768w, https:\/\/www.radiopiu.net\/wordpress\/wp-content\/uploads\/2020\/08\/116583316_3451515871534057_1668588361352423751_o.jpg 960w\" sizes=\"auto, (max-width: 300px) 100vw, 300px\" \/><\/a>accedere all\u2019area della Mostra Mercato si dovranno rispettare alcune semplici regole:<span class=\"_5mfr\"><span class=\"_6qdm\">&#x2796;<\/span><\/span> igienizzare le mani <span class=\"text_exposed_show\"><span class=\"_5mfr\"><span class=\"_6qdm\">&#x2796;<\/span><\/span> indossare la mascherina <span class=\"_5mfr\"><span class=\"_6qdm\">&#x2796;<\/span><\/span> rispettare le distanze.<\/span> 60 espositori a EL MERC\u00c0 DE L\u2019IST\u00c0 2020.\u00a0<span class=\"_5mfr\"><span class=\"_6qdm\">&#x274e;<\/span><\/span> Aziende Agricole\u00a0<span class=\"_5mfr\"><span class=\"_6qdm\">&#x274e;<\/span><\/span> Artigiani <span class=\"_5mfr\"><span class=\"_6qdm\">&#x274e;<\/span><\/span> Hobbisti Tutte eccellenze del territorio agordino, bellunese e veneto.<\/p>\n<div class=\"text_exposed_show\"><\/div>\n<\/div>\n<\/div>\n<\/div>\n<div><\/div>\n<div><\/div>\n<div class=\"section\">\n<div class=\"layoutArea\">\n<div class=\"column\">\n<p>&nbsp;<\/p>\n<p>&nbsp;<\/p>\n<\/div>\n<\/div>\n<\/div>\n","protected":false},"excerpt":{"rendered":"<p>di John Francis Della Pietra Madonna della neve: Nevic\u00f2 a Roma in tempi di pandemia ed essa pass\u00f2 cosi l&#8217;allora papa come ringraziamento costru\u00ec una chiesa a lei dedicata a Roma.\u00a0 Pian piano si diffuse la fede in lei quass\u00f9 tra i monti.\u00a0 Invocata a protezione ed ausilio da tutti noi popolo delle Alpi.\u00a0 LA&hellip;<\/p>\n","protected":false},"author":1,"featured_media":93156,"comment_status":"closed","ping_status":"closed","sticky":false,"template":"","format":"standard","meta":{"_monsterinsights_skip_tracking":false,"_monsterinsights_sitenote_active":false,"_monsterinsights_sitenote_note":"","_monsterinsights_sitenote_category":0,"footnotes":""},"categories":[49],"tags":[],"class_list":["post-153348","post","type-post","status-publish","format-standard","has-post-thumbnail","hentry","category-news-18","category-49","description-off"],"img_url":"https:\/\/www.radiopiu.net\/wordpress\/wp-content\/uploads\/2019\/07\/LA-VALLE.jpg","_links":{"self":[{"href":"https:\/\/www.radiopiu.net\/wordpress\/wp-json\/wp\/v2\/posts\/153348","targetHints":{"allow":["GET"]}}],"collection":[{"href":"https:\/\/www.radiopiu.net\/wordpress\/wp-json\/wp\/v2\/posts"}],"about":[{"href":"https:\/\/www.radiopiu.net\/wordpress\/wp-json\/wp\/v2\/types\/post"}],"author":[{"embeddable":true,"href":"https:\/\/www.radiopiu.net\/wordpress\/wp-json\/wp\/v2\/users\/1"}],"replies":[{"embeddable":true,"href":"https:\/\/www.radiopiu.net\/wordpress\/wp-json\/wp\/v2\/comments?post=153348"}],"version-history":[{"count":0,"href":"https:\/\/www.radiopiu.net\/wordpress\/wp-json\/wp\/v2\/posts\/153348\/revisions"}],"wp:featuredmedia":[{"embeddable":true,"href":"https:\/\/www.radiopiu.net\/wordpress\/wp-json\/wp\/v2\/media\/93156"}],"wp:attachment":[{"href":"https:\/\/www.radiopiu.net\/wordpress\/wp-json\/wp\/v2\/media?parent=153348"}],"wp:term":[{"taxonomy":"category","embeddable":true,"href":"https:\/\/www.radiopiu.net\/wordpress\/wp-json\/wp\/v2\/categories?post=153348"},{"taxonomy":"post_tag","embeddable":true,"href":"https:\/\/www.radiopiu.net\/wordpress\/wp-json\/wp\/v2\/tags?post=153348"}],"curies":[{"name":"wp","href":"https:\/\/api.w.org\/{rel}","templated":true}]}}