{"id":153359,"date":"2020-08-05T05:31:43","date_gmt":"2020-08-05T03:31:43","guid":{"rendered":"https:\/\/www.radiopiu.net\/wordpress\/?p=153359"},"modified":"2020-08-05T07:19:41","modified_gmt":"2020-08-05T05:19:41","slug":"ciao-carlo","status":"publish","type":"post","link":"https:\/\/www.radiopiu.net\/wordpress\/ciao-carlo\/","title":{"rendered":"CIAO CARLO, IL MUSICISTA ARRANGIATORE DEI SPRINGAORT"},"content":{"rendered":"<p><strong><a class=\"dt-pswp-item\" href=\"https:\/\/www.radiopiu.net\/wordpress\/wp-content\/uploads\/2020\/08\/117200154_1767350936746708_5523893494120930489_o-1.jpg\" data-dt-img-description=\"\" data-large_image_width=\"960\" data-large_image_height=\"927\"><img loading=\"lazy\" decoding=\"async\" class=\" wp-image-153364 alignleft\" src=\"https:\/\/www.radiopiu.net\/wordpress\/wp-content\/uploads\/2020\/08\/117200154_1767350936746708_5523893494120930489_o-1-300x290.jpg\" alt=\"\" width=\"184\" height=\"178\" srcset=\"https:\/\/www.radiopiu.net\/wordpress\/wp-content\/uploads\/2020\/08\/117200154_1767350936746708_5523893494120930489_o-1-300x290.jpg 300w, https:\/\/www.radiopiu.net\/wordpress\/wp-content\/uploads\/2020\/08\/117200154_1767350936746708_5523893494120930489_o-1-768x742.jpg 768w, https:\/\/www.radiopiu.net\/wordpress\/wp-content\/uploads\/2020\/08\/117200154_1767350936746708_5523893494120930489_o-1.jpg 960w\" sizes=\"auto, (max-width: 184px) 100vw, 184px\" \/><\/a>CANALE D&#8217;AGORDO<\/strong> Ieri l&#8217;ultimo saluto al marito, padre,\u00a0 broker e musicista Carlo Arcieri spentosi dopo una breve malattia a 74 anni. Il paese del pap\u00e0 lo ricorder\u00e0 per tante sue passioni, in primis la musica. Con il figlio Marco (gi\u00e0 vicesindaco con Rinaldo De Rocco), Silvio De Pra e Nevio Battain era uno degli &#8220;Springaort&#8221; il complesso che ha proposto canzoni in dialetto sulla musica country, noi a RADIO PIU lo ricorderemo per la canzone della radio &#8220;il maggiolone&#8221; in occasione dei 20 anni dell&#8217;emittente nel 2003 nel giorno di\u00a0 Santa Cecilia patrona dei musicisti. Alla famiglia un messaggio di cordoglio da tutta la redazione<\/p>\n<p>&nbsp;<\/p>\n","protected":false},"excerpt":{"rendered":"<p>CANALE D&#8217;AGORDO Ieri l&#8217;ultimo saluto al marito, padre,\u00a0 broker e musicista Carlo Arcieri spentosi dopo una breve malattia a 74 anni. Il paese del pap\u00e0 lo ricorder\u00e0 per tante sue passioni, in primis la musica. Con il figlio Marco (gi\u00e0 vicesindaco con Rinaldo De Rocco), Silvio De Pra e Nevio Battain era uno degli &#8220;Springaort&#8221;&hellip;<\/p>\n","protected":false},"author":1,"featured_media":153363,"comment_status":"closed","ping_status":"closed","sticky":false,"template":"","format":"standard","meta":{"_monsterinsights_skip_tracking":false,"_monsterinsights_sitenote_active":false,"_monsterinsights_sitenote_note":"","_monsterinsights_sitenote_category":0,"footnotes":""},"categories":[104,49],"tags":[],"class_list":["post-153359","post","type-post","status-publish","format-standard","has-post-thumbnail","hentry","category-evidenza_3","category-news-18","category-104","category-49","description-off"],"img_url":"https:\/\/www.radiopiu.net\/wordpress\/wp-content\/uploads\/2020\/08\/117172039_1767351266746675_4786358619808705264_o-1.jpg","_links":{"self":[{"href":"https:\/\/www.radiopiu.net\/wordpress\/wp-json\/wp\/v2\/posts\/153359","targetHints":{"allow":["GET"]}}],"collection":[{"href":"https:\/\/www.radiopiu.net\/wordpress\/wp-json\/wp\/v2\/posts"}],"about":[{"href":"https:\/\/www.radiopiu.net\/wordpress\/wp-json\/wp\/v2\/types\/post"}],"author":[{"embeddable":true,"href":"https:\/\/www.radiopiu.net\/wordpress\/wp-json\/wp\/v2\/users\/1"}],"replies":[{"embeddable":true,"href":"https:\/\/www.radiopiu.net\/wordpress\/wp-json\/wp\/v2\/comments?post=153359"}],"version-history":[{"count":0,"href":"https:\/\/www.radiopiu.net\/wordpress\/wp-json\/wp\/v2\/posts\/153359\/revisions"}],"wp:featuredmedia":[{"embeddable":true,"href":"https:\/\/www.radiopiu.net\/wordpress\/wp-json\/wp\/v2\/media\/153363"}],"wp:attachment":[{"href":"https:\/\/www.radiopiu.net\/wordpress\/wp-json\/wp\/v2\/media?parent=153359"}],"wp:term":[{"taxonomy":"category","embeddable":true,"href":"https:\/\/www.radiopiu.net\/wordpress\/wp-json\/wp\/v2\/categories?post=153359"},{"taxonomy":"post_tag","embeddable":true,"href":"https:\/\/www.radiopiu.net\/wordpress\/wp-json\/wp\/v2\/tags?post=153359"}],"curies":[{"name":"wp","href":"https:\/\/api.w.org\/{rel}","templated":true}]}}