{"id":153429,"date":"2020-08-05T11:04:26","date_gmt":"2020-08-05T09:04:26","guid":{"rendered":"https:\/\/www.radiopiu.net\/wordpress\/?p=153429"},"modified":"2020-08-05T11:04:26","modified_gmt":"2020-08-05T09:04:26","slug":"belluno-6-800-auto-euro-0-ancora-in-circolazione","status":"publish","type":"post","link":"https:\/\/www.radiopiu.net\/wordpress\/belluno-6-800-auto-euro-0-ancora-in-circolazione\/","title":{"rendered":"BELLUNO: 6.800 AUTO EURO 0 ANCORA IN CIRCOLAZIONE"},"content":{"rendered":"<p><a class=\"dt-pswp-item\" href=\"https:\/\/www.radiopiu.net\/wordpress\/wp-content\/uploads\/2020\/08\/Auto-vecchia_bassa.jpg\" data-dt-img-description=\"old abandoned car\" data-large_image_width=\"537\" data-large_image_height=\"300\"><img loading=\"lazy\" decoding=\"async\" class=\"wp-image-153430 size-medium alignleft\" src=\"https:\/\/www.radiopiu.net\/wordpress\/wp-content\/uploads\/2020\/08\/Auto-vecchia_bassa-300x168.jpg\" alt=\"\" width=\"300\" height=\"168\" srcset=\"https:\/\/www.radiopiu.net\/wordpress\/wp-content\/uploads\/2020\/08\/Auto-vecchia_bassa-300x168.jpg 300w, https:\/\/www.radiopiu.net\/wordpress\/wp-content\/uploads\/2020\/08\/Auto-vecchia_bassa.jpg 537w\" sizes=\"auto, (max-width: 300px) 100vw, 300px\" \/><\/a><strong>MILANO <\/strong>Dal primo agosto sono scattati gli incentivi statali per l\u2019acquisto di autovetture Euro 6, una novit\u00e0 importante che potrebbe aiutare a svecchiare un parco auto veneto che non gode di ottima salute; secondo l\u2019elaborazione di <a href=\"https:\/\/www.facile.it\/\">Facile.it<\/a>, realizzata su dati ufficiali del Ministero delle Infrastrutture e dei Trasporti* aggiornati al 31 dicembre 2019, nei registri della motorizzazione veneta risultano ancora registrate 177.505 automobili Euro 0, corrispondenti al 5,58% del totale vetture ad uso privato in circolazione.\u00a0A livello nazionale, la regione si posiziona pi\u00f9 o meno a met\u00e0 classifica, mentre se si guarda al rapporto percentuale il Veneto risulta essere la seconda area pi\u00f9 virtuosa del Paese, subito dopo il Trentino-Alto Adige.\u00a0Il quadro peggiora, per\u00f2, se si allarga l\u2019analisi sino agli Euro 3; in totale, le auto private Euro 0-1-2-3 presenti nell\u2019Archivio Nazionale dei Veicoli della Motorizzazione registrate nella regione sono ancora pi\u00f9 di 854mila. Se \u00e8 vero che tra questi potrebbero esserci mezzi s\u00ec iscritti ma, di fatto, non pi\u00f9 circolanti, preoccupa comunque sapere che il 27% della auto potenzialmente in strada in Veneto ha 15 anni o pi\u00f9 di anzianit\u00e0, considerando che le vetture Euro 3 sono uscite di produzione nel 2005 e quelle Euro 0 addirittura nel 1992. Anche in questo caso la regione si posiziona tra le migliori del Paese, con un valore nettamente inferiore alla media nazionale del 34,1%.\u00a0Come sono distribuite a livello provinciale queste autovetture? Se si guarda ai valori assoluti, la maglia nera della regione spetta alla provincia di Verona che, da sola, conta 35.933 auto private Euro 0 ancora immatricolate (5,76% del totale); alle spalle di Verona si trova la provincia di Treviso, dove le vetture appartenenti a questa categoria sono 34.489 (5,78%), seguita da quelle di Vicenza, che conta 33.204 autovetture Euro 0 (5,73%), e di Padova (33.164 veicoli, 5,46%). Continuando a scorrere la graduatoria troviamo le province di Venezia e Rovigo, dove le vetture appartenenti a questa categoria sono, rispettivamente, 24.092 (5,02%) e 9.785; Rovigo risulta essere l\u2019area veneta con la pi\u00f9 alta percentuale di veicoli Euro 0 sul totale parco auto registrato (6,13%). Chiude la classifica veneta la provincia di Belluno, che conta circa 6.838 autovetture Euro 0 ancora immatricolate (5,06%).\u00a0Se si contano non solo le autovetture Euro 0, ma anche quelle Euro 1-2-3, la graduatoria vede al primo posto la provincia di Rovigo; qui il 29,77% delle autovetture appartiene ad una categoria inferiore a quella Euro 4. Subito dopo si trova la provincia di Vicenza (28,22%), seguita da quelle di Treviso (27,52%), Verona (26,42%) e Padova (26,11%).<span class=\"Apple-converted-space\">\u00a0\u00a0<\/span>Chiudono la classifica veneta le province di Belluno (25,64%) e Venezia (25,31%). <a class=\"dt-pswp-item\" href=\"https:\/\/www.radiopiu.net\/wordpress\/wp-content\/uploads\/2020\/08\/Schermata-2020-08-05-alle-11.02.45.png\" data-dt-img-description=\"\" data-large_image_width=\"1190\" data-large_image_height=\"638\"><img loading=\"lazy\" decoding=\"async\" class=\" wp-image-153431 alignright\" src=\"https:\/\/www.radiopiu.net\/wordpress\/wp-content\/uploads\/2020\/08\/Schermata-2020-08-05-alle-11.02.45-300x161.png\" alt=\"\" width=\"455\" height=\"244\" srcset=\"https:\/\/www.radiopiu.net\/wordpress\/wp-content\/uploads\/2020\/08\/Schermata-2020-08-05-alle-11.02.45-300x161.png 300w, https:\/\/www.radiopiu.net\/wordpress\/wp-content\/uploads\/2020\/08\/Schermata-2020-08-05-alle-11.02.45-1024x549.png 1024w, https:\/\/www.radiopiu.net\/wordpress\/wp-content\/uploads\/2020\/08\/Schermata-2020-08-05-alle-11.02.45-768x412.png 768w, https:\/\/www.radiopiu.net\/wordpress\/wp-content\/uploads\/2020\/08\/Schermata-2020-08-05-alle-11.02.45.png 1190w\" sizes=\"auto, (max-width: 455px) 100vw, 455px\" \/><\/a>In troppi continuano a circolare con auto vecchie pensando di risparmiare, ma autovetture che hanno 15 o pi\u00f9 anni alle spalle, oltre ad essere dannose per l\u2019ambiente e, potenzialmente, meno sicure sulle strade, hanno anche inevitabili conseguenze negative sul portafogli, con costi maggiori non solo su manutenzione e carburante, ma anche sull\u2019RC auto.\u00a0A conferma dell\u2019aumento del costo dell\u2019RC auto, Facile.it ha messo a confronto il premio richiesto per assicurare una city car di cilindrata 1.200 cc, Euro 3 immatricolata nel 2005 con quello necessario per assicurare lo stesso modello d\u2019auto, nella sua versione pi\u00f9 recente, Euro 6 e immatricolata nel 2020. Secondo le simulazioni* di Facile.it, la miglior tariffa disponibile online per assicurare l\u2019auto vecchia \u00e8 sino al 156% pi\u00f9 alta rispetto a quella necessaria per tutelare il veicolo nuovo.\u00a0La buona notizia \u00e8 che, con un numero cos\u00ec ampio di auto estremamente vecchie, saranno molti gli italiani che potranno usufruire dei nuovi incentivi statali previsti chi acquista un\u2019autovettura Euro 6. Per poter usufruire del massimo bonus, che tenendo in considerazione tutte le agevolazioni nazionali pu\u00f2 arrivare in alcuni casi fino a 10.000 euro, \u00e8 necessario rottamare proprio un veicolo Euro 3 o inferiore\u2026. modelli che, a quanto pare, in Italia non scarseggiano.<\/p>\n<p>&nbsp;<\/p>\n","protected":false},"excerpt":{"rendered":"<p>MILANO Dal primo agosto sono scattati gli incentivi statali per l\u2019acquisto di autovetture Euro 6, una novit\u00e0 importante che potrebbe aiutare a svecchiare un parco auto veneto che non gode di ottima salute; secondo l\u2019elaborazione di Facile.it, realizzata su dati ufficiali del Ministero delle Infrastrutture e dei Trasporti* aggiornati al 31 dicembre 2019, nei registri&hellip;<\/p>\n","protected":false},"author":4,"featured_media":153430,"comment_status":"closed","ping_status":"closed","sticky":false,"template":"","format":"standard","meta":{"_monsterinsights_skip_tracking":false,"_monsterinsights_sitenote_active":false,"_monsterinsights_sitenote_note":"","_monsterinsights_sitenote_category":0,"footnotes":""},"categories":[49],"tags":[],"class_list":["post-153429","post","type-post","status-publish","format-standard","has-post-thumbnail","hentry","category-news-18","category-49","description-off"],"img_url":"https:\/\/www.radiopiu.net\/wordpress\/wp-content\/uploads\/2020\/08\/Auto-vecchia_bassa.jpg","_links":{"self":[{"href":"https:\/\/www.radiopiu.net\/wordpress\/wp-json\/wp\/v2\/posts\/153429","targetHints":{"allow":["GET"]}}],"collection":[{"href":"https:\/\/www.radiopiu.net\/wordpress\/wp-json\/wp\/v2\/posts"}],"about":[{"href":"https:\/\/www.radiopiu.net\/wordpress\/wp-json\/wp\/v2\/types\/post"}],"author":[{"embeddable":true,"href":"https:\/\/www.radiopiu.net\/wordpress\/wp-json\/wp\/v2\/users\/4"}],"replies":[{"embeddable":true,"href":"https:\/\/www.radiopiu.net\/wordpress\/wp-json\/wp\/v2\/comments?post=153429"}],"version-history":[{"count":0,"href":"https:\/\/www.radiopiu.net\/wordpress\/wp-json\/wp\/v2\/posts\/153429\/revisions"}],"wp:featuredmedia":[{"embeddable":true,"href":"https:\/\/www.radiopiu.net\/wordpress\/wp-json\/wp\/v2\/media\/153430"}],"wp:attachment":[{"href":"https:\/\/www.radiopiu.net\/wordpress\/wp-json\/wp\/v2\/media?parent=153429"}],"wp:term":[{"taxonomy":"category","embeddable":true,"href":"https:\/\/www.radiopiu.net\/wordpress\/wp-json\/wp\/v2\/categories?post=153429"},{"taxonomy":"post_tag","embeddable":true,"href":"https:\/\/www.radiopiu.net\/wordpress\/wp-json\/wp\/v2\/tags?post=153429"}],"curies":[{"name":"wp","href":"https:\/\/api.w.org\/{rel}","templated":true}]}}