{"id":153436,"date":"2020-08-06T05:45:45","date_gmt":"2020-08-06T03:45:45","guid":{"rendered":"https:\/\/www.radiopiu.net\/wordpress\/?p=153436"},"modified":"2020-08-06T06:03:28","modified_gmt":"2020-08-06T04:03:28","slug":"si-rafforza-limpegno-della-prefettura-nella-prevenzione-delle-ingerenze-illecite-nelleconomia-legale-sottoscritta-con-i-comuni-di-belluno-auronzo-di-cadore-alleghe-borca-di-cador","status":"publish","type":"post","link":"https:\/\/www.radiopiu.net\/wordpress\/si-rafforza-limpegno-della-prefettura-nella-prevenzione-delle-ingerenze-illecite-nelleconomia-legale-sottoscritta-con-i-comuni-di-belluno-auronzo-di-cadore-alleghe-borca-di-cador\/","title":{"rendered":"SI RAFFORZA L\u2019IMPEGNO DELLA PREFETTURA NELLA PREVENZIONE DELLE INGERENZE ILLECITE NELL\u2019ECONOMIA LEGALE. SOTTOSCRITTA CON I COMUNI DI BELLUNO, AURONZO DI CADORE, ALLEGHE, BORCA DI CADORE, CORTINA D\u2019AMPEZZO, FALCADE, LIVINALLONGO DEL COL DI LANA, SAN VITO DI CADORE, SELVA DI CADORE, VAL DI ZOLDO, CONFCOMMERCIO E FEDERALBERGHI UN\u2019INTESA PER LA LEGALIT\u00c0"},"content":{"rendered":"<p><strong><a class=\"dt-pswp-item\" href=\"https:\/\/www.radiopiu.net\/wordpress\/wp-content\/uploads\/2020\/03\/Adriana-Cogode.jpg\" data-dt-img-description=\"\" data-large_image_width=\"280\" data-large_image_height=\"300\"><img loading=\"lazy\" decoding=\"async\" class=\"size-full wp-image-121833 alignleft\" src=\"https:\/\/www.radiopiu.net\/wordpress\/wp-content\/uploads\/2020\/03\/Adriana-Cogode.jpg\" alt=\"\" width=\"280\" height=\"300\" \/><\/a>BELLUNO\u00a0<\/strong>Il Prefetto, Adriana Cogode, i Sindaci di Belluno, Auronzo di Cadore, Alleghe, Borca di Cadore, Cortina d\u2019Ampezzo, Falcade, Livinallongo del Col di Lana, San Vito di Cadore, Selva di Cadore, Val di Zoldo ed il Presidente di Confcommercio Belluno hanno sottoscritto oggi, nel Palazzo del Governo, l\u2019 \u201c<i>Intesa per la legalit\u00e0 ,lo sviluppo del settore ricettivo \u2013 alberghiero e nelle attivit\u00e0 economico &#8211; commerciali e la prevenzione dei tentativi di infiltrazione criminale\u201d\u00a0<\/i>L\u2019accordo ha come obiettivo quello di realizzare un\u2019efficace \u201cbarriera\u201d alle possibili attenzioni delle consorterie criminali in un settore \u2013 quello turistico ricettivo \u2013 particolarmente colpito dall\u2019emergenza epidemiologica COVID \u2013 19 e nel quale \u00e8 pertanto ancor pi\u00f9 avvertita la necessit\u00e0 di impedire che organizzazioni criminali, pur estranee al contesto bellunese, possano reinvestire i propri illeciti profitti in questo territorio nei settori di attivit\u00e0 particolarmente attrattivi come il settore turistico alberghiero, la cui integrit\u00e0 va preservata per uno sviluppo sano e legale.\u00a0Attraverso l\u2019intesa viene potenziato il sistema di cautele previste dall\u2019ordinamento antimafia, rafforzando altres\u00ec lo scambio informativo tra tutti i soggetti istituzionali coinvolti nel progetto per intercettare, anche attraverso analisi e monitoraggio dei passaggi proprietari o di gestione, eventuali fenomeni di riciclaggio, usura,<span class=\"Apple-converted-space\">\u00a0 <\/span>estorsione o anche interferenze da parte di soggetti controindicati sul piano antimafia nella libera attivit\u00e0 imprenditoriale e commerciale.\u00a0In particolare, i Comuni aderenti sottoporranno alla verifica antimafia, nella forma rigorosa dell\u2019informazione antimafia, le SCIA (segnalazioni certificate di inizio di attivit\u00e0) di nuova apertura e, al contempo, la Prefettura, anche attraverso il Gruppo Interforze, eseguir\u00e0 gli accertamenti previsti dalla vigente normativa, ai fini di un attento monitoraggio per il rilascio della documentazione liberatoria antimafia.\u00a0All\u2019intesa hanno aderito anche Confcommercio Belluno e Federalberghi le quali si sono impegnate a diffonderne i contenuti presso i propri associati, anche mediante la redazione di apposito materiale informativo.\u00a0Grande soddisfazione per la definizione dell\u2019accordo \u00e8 stata espressa dal Prefetto. \u201c<i>L\u2019intesa sottoscritta oggi <\/i>\u2013 ha sottolineato il Prefetto \u2013<i> \u00e8 il secondo tassello di un progetto di prevenzione avviato per tutelare il tessuto economico bellunese colpito dalla grave emergenza epidemiologica da COVID \u2013 19. L\u2019accordo raggiunto, oltre a confermare la capacit\u00e0 delle istituzioni bellunesi di fare squadra, rafforza le difese del sistema in un settore, quello turistico ricettivo, strategico per la nostra provincia e rispetto al quale massima \u00e8 l\u2019attenzione di tutte le istituzioni, nazionali e locali, fortemente impegnate per preservarlo da ingerenze illecite<\/i>\u201d.<\/p>\n","protected":false},"excerpt":{"rendered":"<p>BELLUNO\u00a0Il Prefetto, Adriana Cogode, i Sindaci di Belluno, Auronzo di Cadore, Alleghe, Borca di Cadore, Cortina d\u2019Ampezzo, Falcade, Livinallongo del Col di Lana, San Vito di Cadore, Selva di Cadore, Val di Zoldo ed il Presidente di Confcommercio Belluno hanno sottoscritto oggi, nel Palazzo del Governo, l\u2019 \u201cIntesa per la legalit\u00e0 ,lo sviluppo del settore&hellip;<\/p>\n","protected":false},"author":4,"featured_media":133575,"comment_status":"closed","ping_status":"closed","sticky":false,"template":"","format":"standard","meta":{"_monsterinsights_skip_tracking":false,"_monsterinsights_sitenote_active":false,"_monsterinsights_sitenote_note":"","_monsterinsights_sitenote_category":0,"footnotes":""},"categories":[49],"tags":[],"class_list":["post-153436","post","type-post","status-publish","format-standard","has-post-thumbnail","hentry","category-news-18","category-49","description-off"],"img_url":"https:\/\/www.radiopiu.net\/wordpress\/wp-content\/uploads\/2020\/04\/PREFETTURA-BELLUNO.jpeg","_links":{"self":[{"href":"https:\/\/www.radiopiu.net\/wordpress\/wp-json\/wp\/v2\/posts\/153436","targetHints":{"allow":["GET"]}}],"collection":[{"href":"https:\/\/www.radiopiu.net\/wordpress\/wp-json\/wp\/v2\/posts"}],"about":[{"href":"https:\/\/www.radiopiu.net\/wordpress\/wp-json\/wp\/v2\/types\/post"}],"author":[{"embeddable":true,"href":"https:\/\/www.radiopiu.net\/wordpress\/wp-json\/wp\/v2\/users\/4"}],"replies":[{"embeddable":true,"href":"https:\/\/www.radiopiu.net\/wordpress\/wp-json\/wp\/v2\/comments?post=153436"}],"version-history":[{"count":0,"href":"https:\/\/www.radiopiu.net\/wordpress\/wp-json\/wp\/v2\/posts\/153436\/revisions"}],"wp:featuredmedia":[{"embeddable":true,"href":"https:\/\/www.radiopiu.net\/wordpress\/wp-json\/wp\/v2\/media\/133575"}],"wp:attachment":[{"href":"https:\/\/www.radiopiu.net\/wordpress\/wp-json\/wp\/v2\/media?parent=153436"}],"wp:term":[{"taxonomy":"category","embeddable":true,"href":"https:\/\/www.radiopiu.net\/wordpress\/wp-json\/wp\/v2\/categories?post=153436"},{"taxonomy":"post_tag","embeddable":true,"href":"https:\/\/www.radiopiu.net\/wordpress\/wp-json\/wp\/v2\/tags?post=153436"}],"curies":[{"name":"wp","href":"https:\/\/api.w.org\/{rel}","templated":true}]}}