{"id":153481,"date":"2020-08-05T15:53:56","date_gmt":"2020-08-05T13:53:56","guid":{"rendered":"https:\/\/www.radiopiu.net\/wordpress\/?p=153481"},"modified":"2020-08-05T15:53:56","modified_gmt":"2020-08-05T13:53:56","slug":"progetto-valorizzazione-e-promozione-turistica-e-commerciale","status":"publish","type":"post","link":"https:\/\/www.radiopiu.net\/wordpress\/progetto-valorizzazione-e-promozione-turistica-e-commerciale\/","title":{"rendered":"PROGETTO VALORIZZAZIONE E PROMOZIONE TURISTICA E COMMERCIALE"},"content":{"rendered":"<p><strong><img loading=\"lazy\" decoding=\"async\" class=\"alignleft\" src=\"https:\/\/www.radiopiu.net\/wordpress\/wp-content\/uploads\/2020\/08\/7638a3cd-6a23-451e-bc8d-4562838f3f25.jpg\" width=\"227\" height=\"170\" \/><\/strong><\/p>\n<p>&nbsp;<\/p>\n<p>&nbsp;<\/p>\n<p><strong>FELTRE<\/strong> Dai Fondi dei Comuni di Confine arriveranno 500 mila euro dell&#8217;annualit\u00e0 2020 per nuovi investimenti in ambito sociale e culturale. Gi\u00e0 a Natale si vedranno le novit\u00e0 e gli allestimenti artistici<\/p>\n<p><strong>di Moreno Gioli<\/strong><\/p>\n<audio class=\"wp-audio-shortcode\" id=\"audio-153481-1\" preload=\"none\" style=\"width: 100%;\" controls=\"controls\"><source type=\"audio\/mpeg\" src=\"https:\/\/www.radiopiu.net\/wordpress\/wp-content\/uploads\/2020\/08\/gioli.mp3?_=1\" \/><a href=\"https:\/\/www.radiopiu.net\/wordpress\/wp-content\/uploads\/2020\/08\/gioli.mp3\">https:\/\/www.radiopiu.net\/wordpress\/wp-content\/uploads\/2020\/08\/gioli.mp3<\/a><\/audio>\n<p><strong>Manuel Sacchet, Presidente del\u00a0 consiglio comunale\u00a0<\/strong><\/p>\n<audio class=\"wp-audio-shortcode\" id=\"audio-153481-2\" preload=\"none\" style=\"width: 100%;\" controls=\"controls\"><source type=\"audio\/mpeg\" src=\"https:\/\/www.radiopiu.net\/wordpress\/wp-content\/uploads\/2020\/08\/scahet.mp3?_=2\" \/><a href=\"https:\/\/www.radiopiu.net\/wordpress\/wp-content\/uploads\/2020\/08\/scahet.mp3\">https:\/\/www.radiopiu.net\/wordpress\/wp-content\/uploads\/2020\/08\/scahet.mp3<\/a><\/audio>\n<p><strong>L&#8217;assessore Alessandro Del Bianco<\/strong><\/p>\n<audio class=\"wp-audio-shortcode\" id=\"audio-153481-3\" preload=\"none\" style=\"width: 100%;\" controls=\"controls\"><source type=\"audio\/mpeg\" src=\"https:\/\/www.radiopiu.net\/wordpress\/wp-content\/uploads\/2020\/08\/del-bianco.mp3?_=3\" \/><a href=\"https:\/\/www.radiopiu.net\/wordpress\/wp-content\/uploads\/2020\/08\/del-bianco.mp3\">https:\/\/www.radiopiu.net\/wordpress\/wp-content\/uploads\/2020\/08\/del-bianco.mp3<\/a><\/audio>\n<p><strong>L&#8217;assessore Irma Visalli<\/strong><\/p>\n<audio class=\"wp-audio-shortcode\" id=\"audio-153481-4\" preload=\"none\" style=\"width: 100%;\" controls=\"controls\"><source type=\"audio\/mpeg\" src=\"https:\/\/www.radiopiu.net\/wordpress\/wp-content\/uploads\/2020\/08\/visalli.mp3?_=4\" \/><a href=\"https:\/\/www.radiopiu.net\/wordpress\/wp-content\/uploads\/2020\/08\/visalli.mp3\">https:\/\/www.radiopiu.net\/wordpress\/wp-content\/uploads\/2020\/08\/visalli.mp3<\/a><\/audio>\n<p>&nbsp;<\/p>\n<p>&nbsp;<\/p>\n","protected":false},"excerpt":{"rendered":"<p>&nbsp; &nbsp; FELTRE Dai Fondi dei Comuni di Confine arriveranno 500 mila euro dell&#8217;annualit\u00e0 2020 per nuovi investimenti in ambito sociale e culturale. Gi\u00e0 a Natale si vedranno le novit\u00e0 e gli allestimenti artistici di Moreno Gioli Manuel Sacchet, Presidente del\u00a0 consiglio comunale\u00a0 L&#8217;assessore Alessandro Del Bianco L&#8217;assessore Irma Visalli &nbsp; &nbsp;<\/p>\n","protected":false},"author":1,"featured_media":153480,"comment_status":"closed","ping_status":"closed","sticky":false,"template":"","format":"standard","meta":{"_monsterinsights_skip_tracking":false,"_monsterinsights_sitenote_active":false,"_monsterinsights_sitenote_note":"","_monsterinsights_sitenote_category":0,"footnotes":""},"categories":[1,49],"tags":[],"class_list":["post-153481","post","type-post","status-publish","format-standard","has-post-thumbnail","hentry","category-senza-categoria","category-news-18","category-1","category-49","description-off"],"img_url":"https:\/\/www.radiopiu.net\/wordpress\/wp-content\/uploads\/2020\/08\/7638a3cd-6a23-451e-bc8d-4562838f3f25.jpg","_links":{"self":[{"href":"https:\/\/www.radiopiu.net\/wordpress\/wp-json\/wp\/v2\/posts\/153481","targetHints":{"allow":["GET"]}}],"collection":[{"href":"https:\/\/www.radiopiu.net\/wordpress\/wp-json\/wp\/v2\/posts"}],"about":[{"href":"https:\/\/www.radiopiu.net\/wordpress\/wp-json\/wp\/v2\/types\/post"}],"author":[{"embeddable":true,"href":"https:\/\/www.radiopiu.net\/wordpress\/wp-json\/wp\/v2\/users\/1"}],"replies":[{"embeddable":true,"href":"https:\/\/www.radiopiu.net\/wordpress\/wp-json\/wp\/v2\/comments?post=153481"}],"version-history":[{"count":0,"href":"https:\/\/www.radiopiu.net\/wordpress\/wp-json\/wp\/v2\/posts\/153481\/revisions"}],"wp:featuredmedia":[{"embeddable":true,"href":"https:\/\/www.radiopiu.net\/wordpress\/wp-json\/wp\/v2\/media\/153480"}],"wp:attachment":[{"href":"https:\/\/www.radiopiu.net\/wordpress\/wp-json\/wp\/v2\/media?parent=153481"}],"wp:term":[{"taxonomy":"category","embeddable":true,"href":"https:\/\/www.radiopiu.net\/wordpress\/wp-json\/wp\/v2\/categories?post=153481"},{"taxonomy":"post_tag","embeddable":true,"href":"https:\/\/www.radiopiu.net\/wordpress\/wp-json\/wp\/v2\/tags?post=153481"}],"curies":[{"name":"wp","href":"https:\/\/api.w.org\/{rel}","templated":true}]}}