{"id":153571,"date":"2020-08-06T06:32:54","date_gmt":"2020-08-06T04:32:54","guid":{"rendered":"https:\/\/www.radiopiu.net\/wordpress\/?p=153571"},"modified":"2020-08-06T06:32:54","modified_gmt":"2020-08-06T04:32:54","slug":"vandali-a-tambre-colpevole-cercasi-gia-pronta-la-denuncia","status":"publish","type":"post","link":"https:\/\/www.radiopiu.net\/wordpress\/vandali-a-tambre-colpevole-cercasi-gia-pronta-la-denuncia\/","title":{"rendered":"VANDALI A TAMBRE, COLPEVOLE CERCASI GIA&#8217; PRONTA LA DENUNCIA"},"content":{"rendered":"<p><a class=\"dt-pswp-item\" href=\"https:\/\/www.radiopiu.net\/wordpress\/wp-content\/uploads\/2020\/08\/117230959_160513192323875_4438639058515041108_n.jpg\" data-dt-img-description=\"\" data-large_image_width=\"720\" data-large_image_height=\"960\"><img loading=\"lazy\" decoding=\"async\" class=\"size-medium wp-image-153572 alignleft\" src=\"https:\/\/www.radiopiu.net\/wordpress\/wp-content\/uploads\/2020\/08\/117230959_160513192323875_4438639058515041108_n-225x300.jpg\" alt=\"\" width=\"225\" height=\"300\" srcset=\"https:\/\/www.radiopiu.net\/wordpress\/wp-content\/uploads\/2020\/08\/117230959_160513192323875_4438639058515041108_n-225x300.jpg 225w, https:\/\/www.radiopiu.net\/wordpress\/wp-content\/uploads\/2020\/08\/117230959_160513192323875_4438639058515041108_n.jpg 720w\" sizes=\"auto, (max-width: 225px) 100vw, 225px\" \/><\/a><strong>TAMBRE<\/strong>Ieri\u00a0 sera il Sindaco Oscar Facchin e il Consigliere Ueli Costa si sono recati al parco giochi di Pian De Dora per un sopralluogo. Vi hanno trovato una decina di giovani e a questi il Sindaco si \u00e8 rivolto mettendo in evidenza che il parco giochi \u00e8 un luogo di tranquillit\u00e0 per tutti, in primis famiglie e bambini, \u00e8 un po\u2019 il biglietto da visita per Tambre e merita di essere rispettato da ciascuno come fosse il giardino di casa propria. Il Sindaco ha dato il suo numero di telefono affinch\u00e9 chi ha commesso il danno alla fontana si faccia vivo entro questa\u00a0 sera, per evitare cos\u00ec la denuncia ai carabinieri che potrebbe partire gi\u00e0 domani\u00a0 mattina. Non \u00e8 piacevole ricorrere a queste scelte, anche perch\u00e9 le sanzioni sono pesanti.<\/p>\n<blockquote><p><em>Ci si augura che le esortazioni a rispettare il bene pubblico e contribuire a rendere Tambre un luogo accogliente per tutti, possano fare presa sulla coscienza e la sensibilit\u00e0 di questi ragazzi.<\/em><\/p><\/blockquote>\n","protected":false},"excerpt":{"rendered":"<p>TAMBREIeri\u00a0 sera il Sindaco Oscar Facchin e il Consigliere Ueli Costa si sono recati al parco giochi di Pian De Dora per un sopralluogo. Vi hanno trovato una decina di giovani e a questi il Sindaco si \u00e8 rivolto mettendo in evidenza che il parco giochi \u00e8 un luogo di tranquillit\u00e0 per tutti, in primis&hellip;<\/p>\n","protected":false},"author":1,"featured_media":153572,"comment_status":"closed","ping_status":"closed","sticky":false,"template":"","format":"standard","meta":{"_monsterinsights_skip_tracking":false,"_monsterinsights_sitenote_active":false,"_monsterinsights_sitenote_note":"","_monsterinsights_sitenote_category":0,"footnotes":""},"categories":[49],"tags":[],"class_list":["post-153571","post","type-post","status-publish","format-standard","has-post-thumbnail","hentry","category-news-18","category-49","description-off"],"img_url":"https:\/\/www.radiopiu.net\/wordpress\/wp-content\/uploads\/2020\/08\/117230959_160513192323875_4438639058515041108_n.jpg","_links":{"self":[{"href":"https:\/\/www.radiopiu.net\/wordpress\/wp-json\/wp\/v2\/posts\/153571","targetHints":{"allow":["GET"]}}],"collection":[{"href":"https:\/\/www.radiopiu.net\/wordpress\/wp-json\/wp\/v2\/posts"}],"about":[{"href":"https:\/\/www.radiopiu.net\/wordpress\/wp-json\/wp\/v2\/types\/post"}],"author":[{"embeddable":true,"href":"https:\/\/www.radiopiu.net\/wordpress\/wp-json\/wp\/v2\/users\/1"}],"replies":[{"embeddable":true,"href":"https:\/\/www.radiopiu.net\/wordpress\/wp-json\/wp\/v2\/comments?post=153571"}],"version-history":[{"count":0,"href":"https:\/\/www.radiopiu.net\/wordpress\/wp-json\/wp\/v2\/posts\/153571\/revisions"}],"wp:featuredmedia":[{"embeddable":true,"href":"https:\/\/www.radiopiu.net\/wordpress\/wp-json\/wp\/v2\/media\/153572"}],"wp:attachment":[{"href":"https:\/\/www.radiopiu.net\/wordpress\/wp-json\/wp\/v2\/media?parent=153571"}],"wp:term":[{"taxonomy":"category","embeddable":true,"href":"https:\/\/www.radiopiu.net\/wordpress\/wp-json\/wp\/v2\/categories?post=153571"},{"taxonomy":"post_tag","embeddable":true,"href":"https:\/\/www.radiopiu.net\/wordpress\/wp-json\/wp\/v2\/tags?post=153571"}],"curies":[{"name":"wp","href":"https:\/\/api.w.org\/{rel}","templated":true}]}}