{"id":153643,"date":"2020-08-08T00:02:33","date_gmt":"2020-08-07T22:02:33","guid":{"rendered":"https:\/\/www.radiopiu.net\/wordpress\/?p=153643"},"modified":"2020-08-08T08:18:43","modified_gmt":"2020-08-08T06:18:43","slug":"danni-notevoli-in-val-ombretta-scoperti-punti-pericolosi","status":"publish","type":"post","link":"https:\/\/www.radiopiu.net\/wordpress\/danni-notevoli-in-val-ombretta-scoperti-punti-pericolosi\/","title":{"rendered":"DANNI NOTEVOLI IN VAL OMBRETTA, &#8220;SCOPERTI&#8221; PUNTI PERICOLOSI"},"content":{"rendered":"<p>&nbsp;<\/p>\n<p><strong>ROCCA PIETORE<\/strong> Oggi sopralluogo\u00a0 dell&#8217;amministrazione comunale con il sindaco Andrea De Bernardin e il geometra Antonio Palma dei Servizi Forestali Regionali che sta seguendo i ripristini sul torrente Ombretta. Notevoli i danni dopo il nubifragio dello scorso sabato che ha &#8220;sconvolto&#8221; e danneggiato\u00a0 una delle pi\u00f9 belle vallate dolomitiche.<\/p>\n<p><strong>IL PUNTO CON IL SINDACO ANDREA DE BERNARDIN<\/strong><\/p>\n<audio class=\"wp-audio-shortcode\" id=\"audio-153643-1\" preload=\"none\" style=\"width: 100%;\" controls=\"controls\"><source type=\"audio\/mpeg\" src=\"https:\/\/www.radiopiu.net\/wordpress\/wp-content\/uploads\/2020\/08\/andrea-de-bernardin.mp3?_=1\" \/><a href=\"https:\/\/www.radiopiu.net\/wordpress\/wp-content\/uploads\/2020\/08\/andrea-de-bernardin.mp3\">https:\/\/www.radiopiu.net\/wordpress\/wp-content\/uploads\/2020\/08\/andrea-de-bernardin.mp3<\/a><\/audio>\n<p>&nbsp;<\/p>\n\n\t\t\t<style type='text\/css'>\n\t\t\t\t#gallery-1 {\n\t\t\t\t\tmargin: auto;\n\t\t\t\t}\n\t\t\t\t#gallery-1 .gallery-item {\n\t\t\t\t\tfloat: left;\n\t\t\t\t\tmargin-top: 10px;\n\t\t\t\t\ttext-align: center;\n\t\t\t\t\twidth: 33%;\n\t\t\t\t}\n\t\t\t\t#gallery-1 img {\n\t\t\t\t\tborder: 2px solid #cfcfcf;\n\t\t\t\t}\n\t\t\t\t#gallery-1 .gallery-caption {\n\t\t\t\t\tmargin-left: 0;\n\t\t\t\t}\n\t\t\t\t\/* see gallery_shortcode() in wp-includes\/media.php *\/\n\t\t\t<\/style>\n\t\t<div id='gallery-1' class='dt-gallery-container gallery galleryid-153643 gallery-columns-3 gallery-size-thumbnail'><dl class='gallery-item'>\n\t\t\t\t<dt class='gallery-icon landscape'>\n\t\t\t\t\t<a class=\"rollover rollover-zoom dt-pswp-item\" title=\"0315ea66-615a-425a-ad23-69fdb632e45b\" data-dt-img-description=\"\" data-large_image_width=\"1599\" data-large_image_height=\"1200\"href='https:\/\/www.radiopiu.net\/wordpress\/wp-content\/uploads\/2020\/08\/0315ea66-615a-425a-ad23-69fdb632e45b.jpg'><img loading=\"lazy\" decoding=\"async\" width=\"150\" height=\"150\" src=\"https:\/\/www.radiopiu.net\/wordpress\/wp-content\/uploads\/2020\/08\/0315ea66-615a-425a-ad23-69fdb632e45b-150x150.jpg\" class=\"attachment-thumbnail size-thumbnail\" alt=\"\" \/><\/a>\n\t\t\t\t<\/dt><\/dl><dl class='gallery-item'>\n\t\t\t\t<dt class='gallery-icon landscape'>\n\t\t\t\t\t<a class=\"rollover rollover-zoom dt-pswp-item\" title=\"edc4e9dc-0a51-48a2-ae9d-81b127794371\" data-dt-img-description=\"\" data-large_image_width=\"1599\" data-large_image_height=\"1200\"href='https:\/\/www.radiopiu.net\/wordpress\/wp-content\/uploads\/2020\/08\/edc4e9dc-0a51-48a2-ae9d-81b127794371.jpg'><img loading=\"lazy\" decoding=\"async\" width=\"150\" height=\"150\" src=\"https:\/\/www.radiopiu.net\/wordpress\/wp-content\/uploads\/2020\/08\/edc4e9dc-0a51-48a2-ae9d-81b127794371-150x150.jpg\" class=\"attachment-thumbnail size-thumbnail\" alt=\"\" \/><\/a>\n\t\t\t\t<\/dt><\/dl><dl class='gallery-item'>\n\t\t\t\t<dt class='gallery-icon landscape'>\n\t\t\t\t\t<a class=\"rollover rollover-zoom dt-pswp-item\" title=\"0d9a7d22-ec2d-42c9-abae-4797e7f7f047\" data-dt-img-description=\"\" data-large_image_width=\"1599\" data-large_image_height=\"1200\"href='https:\/\/www.radiopiu.net\/wordpress\/wp-content\/uploads\/2020\/08\/0d9a7d22-ec2d-42c9-abae-4797e7f7f047.jpg'><img loading=\"lazy\" decoding=\"async\" width=\"150\" height=\"150\" src=\"https:\/\/www.radiopiu.net\/wordpress\/wp-content\/uploads\/2020\/08\/0d9a7d22-ec2d-42c9-abae-4797e7f7f047-150x150.jpg\" class=\"attachment-thumbnail size-thumbnail\" alt=\"\" \/><\/a>\n\t\t\t\t<\/dt><\/dl><br style=\"clear: both\" \/>\n\t\t\t<\/div>\n\n<p><strong>IL SINDACO: <em>&#8220;COME ERA IN PROGRAMMA DA QUALCHE SETTIMANA, OGGI I INIZIA IL LAVORO PROVVISORIO DI ASFALTATURA DELLA STRADA PER CARACOI. ANTICIPER\u00c0, COME GI\u00c0 PI\u00d9 VOLTE DETTO, LAVORI PI\u00d9 CONSISTENTI PER CENTINAIA DI MIGLIAIA DI EURO. IL TUTTO NON HA A CHE FARE N\u00c9 CON LE SPIACEVOLI OFFESE (DA QUERELA) CHE MI HANNO FATTO SUI SOCIAL GLI &#8220;AMICI BUONTEMPONI&#8221; N\u00c9 CON LO SPIACEVOLE INCIDENTE OCCORSO ALLA SIGNORA L&#8217;ALTRO GIORNO, ALLA QUALE AUGURO UNA PRONTA GUARIGIONE&#8221;.<\/em><\/strong><\/p>\n<p><strong>Da Caracoi riceviamo a pubblichiamo <em>&#8220;Temiamo che le asfaltature arrivino solo fino a Caracoi Agoin&#8230; E non anche sull&#8217;ultimo tratto&#8221;.<\/em><\/strong><\/p>\n","protected":false},"excerpt":{"rendered":"<p>&nbsp; ROCCA PIETORE Oggi sopralluogo\u00a0 dell&#8217;amministrazione comunale con il sindaco Andrea De Bernardin e il geometra Antonio Palma dei Servizi Forestali Regionali che sta seguendo i ripristini sul torrente Ombretta. Notevoli i danni dopo il nubifragio dello scorso sabato che ha &#8220;sconvolto&#8221; e danneggiato\u00a0 una delle pi\u00f9 belle vallate dolomitiche. IL PUNTO CON IL SINDACO&hellip;<\/p>\n","protected":false},"author":1,"featured_media":153646,"comment_status":"closed","ping_status":"closed","sticky":false,"template":"","format":"standard","meta":{"_monsterinsights_skip_tracking":false,"_monsterinsights_sitenote_active":false,"_monsterinsights_sitenote_note":"","_monsterinsights_sitenote_category":0,"footnotes":""},"categories":[49],"tags":[],"class_list":["post-153643","post","type-post","status-publish","format-standard","has-post-thumbnail","hentry","category-news-18","category-49","description-off"],"img_url":"https:\/\/www.radiopiu.net\/wordpress\/wp-content\/uploads\/2020\/08\/0315ea66-615a-425a-ad23-69fdb632e45b.jpg","_links":{"self":[{"href":"https:\/\/www.radiopiu.net\/wordpress\/wp-json\/wp\/v2\/posts\/153643","targetHints":{"allow":["GET"]}}],"collection":[{"href":"https:\/\/www.radiopiu.net\/wordpress\/wp-json\/wp\/v2\/posts"}],"about":[{"href":"https:\/\/www.radiopiu.net\/wordpress\/wp-json\/wp\/v2\/types\/post"}],"author":[{"embeddable":true,"href":"https:\/\/www.radiopiu.net\/wordpress\/wp-json\/wp\/v2\/users\/1"}],"replies":[{"embeddable":true,"href":"https:\/\/www.radiopiu.net\/wordpress\/wp-json\/wp\/v2\/comments?post=153643"}],"version-history":[{"count":0,"href":"https:\/\/www.radiopiu.net\/wordpress\/wp-json\/wp\/v2\/posts\/153643\/revisions"}],"wp:featuredmedia":[{"embeddable":true,"href":"https:\/\/www.radiopiu.net\/wordpress\/wp-json\/wp\/v2\/media\/153646"}],"wp:attachment":[{"href":"https:\/\/www.radiopiu.net\/wordpress\/wp-json\/wp\/v2\/media?parent=153643"}],"wp:term":[{"taxonomy":"category","embeddable":true,"href":"https:\/\/www.radiopiu.net\/wordpress\/wp-json\/wp\/v2\/categories?post=153643"},{"taxonomy":"post_tag","embeddable":true,"href":"https:\/\/www.radiopiu.net\/wordpress\/wp-json\/wp\/v2\/tags?post=153643"}],"curies":[{"name":"wp","href":"https:\/\/api.w.org\/{rel}","templated":true}]}}